{"id":11705,"date":"2012-09-26T17:53:36","date_gmt":"2012-09-26T15:53:36","guid":{"rendered":"https:\/\/www.freiburg-schwarzwald.de\/blog\/?p=11705"},"modified":"2012-09-26T18:04:20","modified_gmt":"2012-09-26T16:04:20","slug":"zahnarztpraxis-kappel-kinder","status":"publish","type":"post","link":"https:\/\/www.freiburg-schwarzwald.de\/blog\/zahnarztpraxis-kappel-kinder\/","title":{"rendered":"Zahnarztpraxis Kappel &#8211; Kinder"},"content":{"rendered":"<p>\u201eWir behandeln Ihr Kind als w\u00e4re es unser eigenes!\u201c Der so formulierte Anspruch sitzt. Weckt enorme Erwartungen. Doch die <a title=\"Zahnarzt\" href=\"https:\/\/www.freiburg-schwarzwald.de\/blog\/business\/gesund\/zahnarzt\/\">Zahn\u00e4rztin<\/a> Dr. Egle Voss meint diesen Satz mit ihrer Kollegin Dr. Annekatrin Metzger und den drei Mitarbeiterinnen sehr ernst. Und deshalb l\u00e4dt sie am kommenden Samstag, dem 29. September von 14 bis 18 Uhr zu einem \u201eEltern-Kind-Infotag\u201c in ihre Praxisr\u00e4ume in <a title=\"Kappel\" href=\"https:\/\/www.freiburg-schwarzwald.de\/blog\/regio\/freiburg\/kappel\/\">Freiburg-Kappel<\/a>, Caspar-Schrenk-Weg 2 ein. \u201eDabei sollen\u201c, so erhofft sich die sympathische und fr\u00f6hliche Zahn\u00e4rztin, in Chile geboren und mit gro\u00dfm\u00fctterlichen Wurzeln in Litauen, \u201edie Kinder und auch ihre Eltern die Angst vorm Zahnarzt verlieren.\u201c Es sei n\u00e4mlich fatal, dass Mama und Papa ihre eigenen Zahnarzterfahrungen vor den Kindern nicht verbergen w\u00fcrden.<!--more--><\/p>\n<p>Und so sind die vier Stunden am Samstagnachmittag besonders daf\u00fcr da, dass die Kinder sowohl die R\u00e4ume mit ihren Ger\u00e4ten als auch die Mitarbeiterinnen der \u201eZahnarztpraxis Kappel\u201c kennenlernen. \u201eSie sollen uns anders erleben, als ihnen das bisher erz\u00e4hlt wurde.\u201c Zweimal, um 14 und um 17 Uhr, gibt es gezielte F\u00fchrungen durch die Praxis. Um 15 Uhr wird eine Logop\u00e4din \u00fcber ihre Arbeit und Ziele informieren. Es gibt in der Praxis und vorm Haus ein gro\u00dfes Spiel- und Malangebot. Eine Rutsche wird f\u00fcr viel Freude bei den Kids sorgen. Und selbstverst\u00e4ndlich sei auch f\u00fcr das leibliche Wohl der G\u00e4ste gesorgt, erkl\u00e4rt Egle Voss und f\u00fcgt verschmitzt hinzu: \u201eAber mit etwas Gesundem!\u201c Deshalb ist ihr, der studierten Zahn\u00e4rztin mit dem Schwerpunkt Paradontologie, die sich u.a. bestens auf Parodontitisbehandlung versteht, auch die Prophylaxe so wichtig. \u201eWir halten viel von dem Satz, dass Vorsorgen besser sei als heilen\u201c, bekennt Egle Voss, \u201edeshalb wollen wir schon bei Kindern den Grundstein legen f\u00fcr eine lebenslange Mundgesundheit ohne Karies oder Zahnfleischerkrankungen und einer idealen Zahnstellung.\u201c Als Mitarbeiterin der \u201eArbeitsgemeinschaft f\u00fcr Zahngesundheit\u201c arbeitet sie bei den j\u00e4hrlichen zahn\u00e4rztlichen Kontrollen in 14 Kinderg\u00e4rten in Freiburg mit. Seit zwei Jahren betreibt Egle Voss die \u201eZahnarztpraxis Kappel\u201c. Vor einem Jahr kam Annekatrin Metzger aus Kirchzarten dazu. Da die eine Spezialisierung in Kinderzahnheilkunde hat und alle Frauen in der Praxis Kinder m\u00f6gen, liegt sicher ein Schwerpunkt in der Behandlung von Kindern. Doch selbstverst\u00e4ndlich sind Menschen jeden Alters in Kappel willkommen. Und wenn Kinder schon keine Angst haben dorthin zu gehen, sollten sich die Eltern und Gro\u00dfeltern doch auch nicht zieren. Wenigstens sollten sie am Samstag mit zum \u201eInfotag\u201c nach Kappel gehen \u2026 Mehr ist im Internet unter <a href=\"https:\/\/www.zahnarztpraxis-kappel.de\">www.zahnarztpraxis-kappel.de<\/a> \u00a0zu finden.<\/p>\n<div id=\"attachment_11706\" style=\"width: 190px\" class=\"wp-caption alignnone\"><a href=\"https:\/\/www.freiburg-schwarzwald.de\/blog\/zahnarztpraxis-kappel-kinder\/zahnarzt-kappel1209\/\" rel=\"attachment wp-att-11706\"><img loading=\"lazy\" decoding=\"async\" aria-describedby=\"caption-attachment-11706\" class=\"size-thumbnail wp-image-11706\" title=\"zahnarzt-kappel1209\" src=\"https:\/\/www.freiburg-schwarzwald.de\/blog\/wp-content\/uploads\/2012\/09\/zahnarzt-kappel1209-180x123.jpg\" alt=\"\" width=\"180\" height=\"123\" srcset=\"https:\/\/www.freiburg-schwarzwald.de\/blog\/wp-content\/uploads\/2012\/09\/zahnarzt-kappel1209-180x123.jpg 180w, https:\/\/www.freiburg-schwarzwald.de\/blog\/wp-content\/uploads\/2012\/09\/zahnarzt-kappel1209.jpg 640w\" sizes=\"auto, (max-width: 180px) 100vw, 180px\" \/><\/a><p id=\"caption-attachment-11706\" class=\"wp-caption-text\">Zaharztpraxis Freiburg-Kappel 9\/2012<\/p><\/div>\n<p>Was kann es Sch\u00f6neres als lachende Menschen in einer Zahnarztpraxis geben: Die Patientin Patricia Maier (M.) wird bestens betreut von Dr. Egle Voss, Dr. Annekatrin Metzger und Julia Hen\u00dfler (v.l.), die f\u00fcr Verwaltung und Organisation zust\u00e4ndig ist.\u00a0Foto: Gerhard L\u00fcck<\/p>\n<p>Gerhard L\u00fcck, 26.9.2012, <a href=\"https:\/\/www.dreisamtaeler.de\">www.dreisamtaeler.de<\/a><\/p>\n","protected":false},"excerpt":{"rendered":"<p>\u201eWir behandeln Ihr Kind als w\u00e4re es unser eigenes!\u201c Der so formulierte Anspruch sitzt. Weckt enorme Erwartungen. Doch die Zahn\u00e4rztin Dr. Egle Voss meint diesen Satz mit ihrer Kollegin Dr. Annekatrin Metzger und den drei Mitarbeiterinnen sehr ernst. Und deshalb &hellip; <a href=\"https:\/\/www.freiburg-schwarzwald.de\/blog\/zahnarztpraxis-kappel-kinder\/\">Weiterlesen <span class=\"meta-nav\">&rarr;<\/span><\/a><\/p>\n","protected":false},"author":4,"featured_media":0,"comment_status":"open","ping_status":"closed","sticky":false,"template":"","format":"standard","meta":{"footnotes":""},"categories":[158,61],"tags":[348],"class_list":["post-11705","post","type-post","status-publish","format-standard","hentry","category-gesund","category-kinder","tag-medizin"],"_links":{"self":[{"href":"https:\/\/www.freiburg-schwarzwald.de\/blog\/wp-json\/wp\/v2\/posts\/11705","targetHints":{"allow":["GET"]}}],"collection":[{"href":"https:\/\/www.freiburg-schwarzwald.de\/blog\/wp-json\/wp\/v2\/posts"}],"about":[{"href":"https:\/\/www.freiburg-schwarzwald.de\/blog\/wp-json\/wp\/v2\/types\/post"}],"author":[{"embeddable":true,"href":"https:\/\/www.freiburg-schwarzwald.de\/blog\/wp-json\/wp\/v2\/users\/4"}],"replies":[{"embeddable":true,"href":"https:\/\/www.freiburg-schwarzwald.de\/blog\/wp-json\/wp\/v2\/comments?post=11705"}],"version-history":[{"count":0,"href":"https:\/\/www.freiburg-schwarzwald.de\/blog\/wp-json\/wp\/v2\/posts\/11705\/revisions"}],"wp:attachment":[{"href":"https:\/\/www.freiburg-schwarzwald.de\/blog\/wp-json\/wp\/v2\/media?parent=11705"}],"wp:term":[{"taxonomy":"category","embeddable":true,"href":"https:\/\/www.freiburg-schwarzwald.de\/blog\/wp-json\/wp\/v2\/categories?post=11705"},{"taxonomy":"post_tag","embeddable":true,"href":"https:\/\/www.freiburg-schwarzwald.de\/blog\/wp-json\/wp\/v2\/tags?post=11705"}],"curies":[{"name":"wp","href":"https:\/\/api.w.org\/{rel}","templated":true}]}}