{"id":117022,"date":"2023-11-06T11:56:57","date_gmt":"2023-11-06T10:56:57","guid":{"rendered":"https:\/\/www.freiburg-schwarzwald.de\/blog\/?p=117022"},"modified":"2023-11-06T12:37:53","modified_gmt":"2023-11-06T11:37:53","slug":"migrantengewalt-eingedeutscht","status":"publish","type":"post","link":"https:\/\/www.freiburg-schwarzwald.de\/blog\/migrantengewalt-eingedeutscht\/","title":{"rendered":"Migrantengewalt eingedeutscht"},"content":{"rendered":"<p>Seit der <a href=\"https:\/\/www.freiburg-schwarzwald.de\/blog\/global\/deutschland\/grenzoeffnung2015\/\">Grenz\u00f6ffnung<\/a> 9\/2015 nehmen <a href=\"https:\/\/www.freiburg-schwarzwald.de\/blog\/selbsthilfe\/soziales\/justiz\/messerstecher\/\">Messerstechereien<\/a>, <a href=\"https:\/\/www.freiburg-schwarzwald.de\/blog\/selbsthilfe\/krise\/sexuellermissbrauch\/vergewaltigung\/\">Vergewaltigungen<\/a> von Frauen kontinuierlich zu. Nun wird die Herkunft der T\u00e4ter in den Statistiken nicht mehr erfasst &#8211; angeblich um <a href=\"https:\/\/www.freiburg-schwarzwald.de\/blog\/engagement\/rassismus\/\">Rassismus<\/a> und <a href=\"https:\/\/www.freiburg-schwarzwald.de\/blog\/kultur\/kulturkampf\/migranten-deutsche\/\">Ausl\u00e4nderfeindlichkeit<\/a> zu verhindern. Die von Migranten mitgebrachte <a href=\"https:\/\/www.freiburg-schwarzwald.de\/blog\/global\/integration\/fluechtlinge-kriminalitaet\/\">Gewaltkriminalit\u00e4t<\/a> wird zur deutschen <a href=\"https:\/\/www.freiburg-schwarzwald.de\/blog\/selbsthilfe\/krise\/gewalt\/kriminalitaet\/\">Kriminalit\u00e4t<\/a>.<!--more--><\/p>\n<p>Seit dem <a href=\"https:\/\/www.freiburg-schwarzwald.de\/blog\/hamas-beginnt-krieg-mit-israel\/\">\u00dcberfall der Hamas<\/a>\u00a0auf Israel am <a href=\"https:\/\/www.freiburg-schwarzwald.de\/blog\/global\/israel\/israel7-10-2023\/\">7.10.2023<\/a> (also \u00fcber drei Wochen vor Beginn der Bodenoffensive) nehmen <a href=\"https:\/\/www.freiburg-schwarzwald.de\/blog\/religion\/juden\/antisemitismus\/\">Antisemitismus<\/a> und <a href=\"https:\/\/www.freiburg-schwarzwald.de\/blog\/religion\/juden\/judenhass2021\/\">Judenhass<\/a> auf den Strassen pl\u00f6tzlich zu. Nun wird der importierte <a href=\"https:\/\/www.freiburg-schwarzwald.de\/blog\/religion\/islam\/islam-antisemitismus\/\">muslimische Antisemitismus<\/a> in den Statistiken zum inl\u00e4ndischen Antisemitismus erkl\u00e4rt. Damit wird Deutschland weltweit wieder als Land der Antisemiten und Judenhasser dargestellt.<\/p>\n<p>In den internationalen Medien fragt man sich besorgt: Weshalb kommt es in Deutschland zu einem so rasanten Anstieg von Gewaltkriminalit\u00e4t und Antisemitismus im \u00f6ffentlichen Raum? Warum f\u00fchren Deutsche nach Jahren des R\u00fcckgangs der Gewaltdelikte pl\u00f6tzlich so zahlreich \u00dcberf\u00e4lle mit Messern (bis hin zum Mord) und schwerste Sexualstraftaten gegen Frauen (Vergewaltigungen auch in Gruppen) aus? Wie ist zu erkl\u00e4ren, da\u00df die deutsche Bev\u00f6lkerung (wieder) dem uns\u00e4glichen Judenhass fr\u00f6nt?<\/p>\n<p>Deutschland gilt als <a href=\"https:\/\/www.freiburg-schwarzwald.de\/blog\/selbsthilfe\/krise\/gewalt\/kriminalstatistik\/\">Statistikweltmeister<\/a>, bei dem Daten nach allen nur denkbaren Merkmalen differenziert ausgewiesen werden. Nur beim Merkmal der Nationalit\u00e4t von Straft\u00e4tern hapert es. Hier weigert sich die links-gr\u00fcne <a href=\"https:\/\/www.freiburg-schwarzwald.de\/blog\/engagement\/zukunft\/demokratie\/ampel\/\">Ampel-Regierung<\/a>, in den Statistiken zur Gewaltkriminalit\u00e4t sowie zum Antisemitismus das Merkmal &#8222;Herkunft&#8220; getrennt zu erfassen und zu publizieren.<br \/>\nDies ist eine f\u00fcr die innere Sicherheit im \u00f6ffentlichen Raum und den inneren Frieden bedenkliche Ma\u00dfnahme. Denn <em><strong>durch dieses Unterdr\u00fccken der konkreten Zuweisungen werden auch die M\u00f6glichkeiten zur Gefahrenabwehr sowie Pr\u00e4vention unterdr\u00fcckt.<\/strong><\/em> &#8222;Wenn beispielsweise junge Frauen nichts mehr dar\u00fcber erfahren, aus welcher bestimmten muslimisch-arabischen Ecke \u00fcberproportional Sexualverbrechen begangen werden, dann trifft jene Kr\u00e4fte, welche diese Verschleierung bef\u00f6rdern, eine Mitschuld ebenso, wie die T\u00e4ter noch ermuntert werden, wenn ihnen die Regeln und Werte des Gastlandes nicht in aller Deutlichkeit und Konsequenz erkl\u00e4rt werden&#8220; (1).<br \/>\nWenn in den Strassen vermehrt das unfassbare &#8222;Juden ins Gas&#8220; ert\u00f6nt, dann mu\u00df doch kommuniziert werden, wer dies br\u00fcllt: Deutsche Braune oder radikale Muslime? Da hilft es doch nichts, als Reaktion einfach der Aktion &#8222;<a href=\"https:\/\/www.freiburg-schwarzwald.de\/blog\/kultur\/medien\/kampf-gegen-rechts\/\">Kampf gegen Rechts<\/a>&#8220; den Millionenetat nochmals zu erh\u00f6hen. Da mu\u00df gegen den leider von so vielen Muslimen laut verbreitete Judenhass vorgegangen werden &#8211; auch in Moscheen (2), auch in Islam-Verb\u00e4nden, auch in Schulen.<\/p>\n<p>Zudem geben Zeitungen oft bei deutscher T\u00e4terschaft den Namen mit Hans G. oder Peter M. an, w\u00e4hrend bei Migranten auf die Angabe von Ahmed B. oder Mohammad S. verzichtet wird. Im Grunde eine Diskriminierung der Deutschen. Es darf keine <a href=\"https:\/\/www.freiburg-schwarzwald.de\/blog\/gute-taeter-und-boese-taeter\/\">guten und b\u00f6sen T\u00e4ter<\/a> geben. Und auch keine <a href=\"https:\/\/www.freiburg-schwarzwald.de\/blog\/global\/integration\/fluechtlinge-kriminalitaet\/opfer\/\">zweierlei Opfer<\/a>.<br \/>\nKriminologen wie Soziologen fordern: Personen ohne und mit <a href=\"https:\/\/www.freiburg-schwarzwald.de\/blog\/global\/migration\/migrationshintergrund\/\">Migrationshintergrund<\/a> m\u00fcssen gleich behandelt werden. Dies gilt f\u00fcr die Medien ebenso wie f\u00fcr die Strafverfolgungsbeh\u00f6rden (<a href=\"https:\/\/www.freiburg-schwarzwald.de\/blog\/selbsthilfe\/soziales\/justiz\/kuscheljustiz\/\">Kuscheljustiz<\/a>).<br \/>\n.<br \/>\nDie gro\u00dfe Frage: Wer hat ein Interesse, kriminelles Verhalten von Migranten zu vertuschen und kriminelles Verhalten von Deutschen bzw. Nicht-Migranten hervorzuheben?<br \/>\nWer versp\u00fcrt so viel <a href=\"https:\/\/www.freiburg-schwarzwald.de\/blog\/engagement\/zukunft\/selbsthass\/\">Hass<\/a> und Abneigung gegen die <a href=\"https:\/\/www.freiburg-schwarzwald.de\/blog\/global\/deutschland\/deutsche-kultur\/\">deutsche Kultur<\/a> bzw. gegen alles Deutsche, dass er alles irgendwie schlechte und kriminelle Verhalten den Einheimischen anlasten m\u00f6chte?<br \/>\nUnd wozu dieser Hass? Cui bono?<br \/>\nH\u00e4ngt das mit &#8222;Vaterlandsliebe fand ich stets zum Kotzen&#8220; (Habeck) zusammen?<br \/>\nIst man in Frankreich, Italien oder Griechenland unterwegs, dann versp\u00fcrt man keinerlei Fzanzosenhass, Italienerhass oder Griechenhass. Anders hierzulande, wo der <a href=\"https:\/\/www.freiburg-schwarzwald.de\/blog\/global\/deutschland\/deutschenhass\/\">Deutschenhass<\/a> en vogue ist.<br \/>\n.<br \/>\nSchweigende Mehrheiten gibt es all\u00fcberall, auch unter den Menschen mit Migrationshintergrund. Die schweigende Mehrheit der Migranten m\u00f6chte hierzulande in Frieden leben und arbeiten, um so die Vorz\u00fcge der freiheitlich-demokratischen Grundordnung zu genie\u00dfen und zu ihrem Erhalt beizutragen. Auch deshalb haben Migranten ein Anrecht auf Gleichbehandlung mit den Deutschen hierzulande.<br \/>\n6.11.2023<br \/>\n.<br \/>\nEnde von Artikel &#8222;Migrantengewalt eingedeutscht&#8220;<br \/>\n==========================================================<br \/>\nBeginn von Anlagen (1) &#8211;<br \/>\n.<br \/>\n.<br \/>\n<strong>(1) Deutschland ist f\u00fcr den zugewanderten muslimisch-arabischen Antisemitismus verantwortlich<\/strong><br \/>\nDiese Debatte war erwartbar, aber das macht sie nicht weniger grotesk: So, wie die Herkunftsl\u00e4nder von Kriminellen nicht mehr explizit genannt werden d\u00fcrfen, soll es sich demn\u00e4chst mit Antisemitismus verhalten. Im ZDF wurde es gestern Abend immerhin noch diskutiert: Gestern waren bei Markus Lanz der in Tel Aviv geborene Publizist Michael Wolffsohn zu Gast, die im Iran geborene Journalistin Gilda Sahebi und der in Deutschland geborene FDP-Vize Johannes Vogel.<br \/>\n&#8230;.<br \/>\nFrau Sahebi vertrat hier die Auffassung, dass man den importierten Antisemitismus nicht mehr explizit als den von Zuwanderern betrachten d\u00fcrfe, sondern dass dieser im Moment der Zuwanderung zu einem deutschen Antisemitismus werde. &#8230; \u201eWenn wir sagen, wir sind ein Einwanderungsland und diese Menschen kommen hierher, dann ist das unser Problem. Dann m\u00fcssen wir mit dem Antisemitismus umgehen.\u201c<br \/>\nMit anderen Worten: Frau Sahebi erwartet von Deutschland, wenn wir diese Einwanderer wollen, dann wird der Antisemitismus dieser Einwanderer von einem arabisch-muslimischen zu einem deutschen Problem.<br \/>\nLanz emp\u00f6rt: \u201eNein wirklich nicht!\u201c Bizarre Nachfrage von Sahebi: \u201eWessen Problem ist es denn dann?\u201c Lanz fast schon verdattert \u00fcber diese Frage:<br \/>\n\u201eJa, also okay, dann sagen wir einfach, gut, dann ist das so, und dann ist das jetzt euer Problem. Entschuldigung, es gibt auch, wenn man irgendwo in ein Land kommt, es gibt auch eine Bringschuld.\u201c<br \/>\nFazit: Wenn es so eine Sendung vor Millionen Zuschauern braucht, um zu debattieren,<em><strong> ob ein zugewanderter Antisemitismus im Moment der Zuwanderung zu einem deutschen Antisemitismus wird, dann ist dieses Land an einem Punkt der Selbstaufgabe angekommen<\/strong><\/em>, wo eine Korrektur dieses ausufernden Irrsinns kaum noch reparabel erscheint.<br \/>\n&#8230; Alles vom 1.11.2023 bitte lesen auf<br \/>\n<a href=\"https:\/\/www.alexander-wallasch.de\/kultur\/deutschland-ist-fuer-den-zugewanderten-muslimisch-arabischen-antisemitismus-verantwortlich\">https:\/\/www.alexander-wallasch.de\/kultur\/deutschland-ist-fuer-den-zugewanderten-muslimisch-arabischen-antisemitismus-verantwortlich<\/a><br \/>\n.<br \/>\nEinige Kommentare:<br \/>\n&#8222;Es gibt kein vergleichbares Verh\u00e4ltnis zwischen Pal\u00e4stinensern und Deutschen, so wie es keines zwischen Deutschen und Yanomami-Indianern gibt. &#8220; Ja! Das ist ein wichtiger Punkt&#8230; Ost<br \/>\n.<br \/>\n(Importierter Antisemitismus) &#8230;Import setzt einen Wunsch Deutschlands nach dieser muslimischen Zuwanderung voraus. Der allerdings existiert wesentlich nur in einer links-gr\u00fcnen bzw. antideutschen Ideologie.&#8220; Da sagen sowohl die letzten Wahl-,als auch die aktuellen Umfrageergebnisse anderes aus. Noch immer w\u00fcrden ca.80% der W\u00e4hler, f\u00fcr die Parteien stimmen, die diese Politik zu verantworten haben. Die Nichtw\u00e4hler stimmen schweigend zu. T.Sch.<br \/>\n.<br \/>\nF\u00fcr den umtriebigen Herrn Lanz gilt die Weisheit des Arthur Schnitzler (1862-1931):<br \/>\n<em>&#8222;Ein neuer Gedanke &#8211; <\/em><br \/>\n<em>das ist meist eine uralte Banalit\u00e4t in dem Augenblick, <\/em><br \/>\n<em>da wir die Wahrheit an uns selbst erfahren.&#8220;<\/em> B.R.<br \/>\nEnde Kommentare<br \/>\n.<br \/>\n.<\/p>\n<p><strong>(2) Antisemitismus in DITIB-Moscheen endlich verbieten<\/strong><br \/>\nAls Chef der t\u00fcrkischen Religionsbeh\u00f6rde Diyanet ist Ali Erbas die oberste religi\u00f6se Islam-Autorit\u00e4t der deutschen DITIB. Damit ist Erbas auch Dienstherr der ca 1000 Imame Moscheen, die der\u00a0<a href=\"https:\/\/www.freiburg-schwarzwald.de\/blog\/global\/tuerkei\/ditib\/\">DITIB<\/a>\u00a0in Deutschland geh\u00f6ren. Wenn der Chef Judenhass und Antisemitismus verk\u00fcndet, dann ist die Wahrscheinlichkeit gro\u00df, dass die ihm unterstehenden Imame diesen Hass auch in den Moscheen predigen.<\/p>\n<p>Eren G\u00fcvercin @erenguevercin<br \/>\n\u201eJerusalem geh\u00f6rt den Muslimen. Pal\u00e4stina u Gaza sind Heimatl\u00e4nder der Muslime und werden es bis ans Ende der Zeit bleiben. Das zionistische Israel begeht in Gaza einen V\u00f6lkermord mit seinen Angriffen, die auf einem schmutzigen und perversen Glauben basieren.\u201c Ali Erbas\/Diyanet<br \/>\n30. Okt 2023<br \/>\n<a href=\"https:\/\/twitter.com\/erenguevercin\/status\/1719018394895184294\">https:\/\/twitter.com\/erenguevercin\/status\/1719018394895184294<\/a><\/p>\n<p>Volker Beck (Gr\u00fcne), dessen Partei seit Jahren die muslimische Migration begr\u00fc\u00dft und somit auch den importierten Antisemitismus in Kauf nimmt, hat deshalb die Innenministerin Nancy Faeser aufgefordert, den \u201cweit \u00fcber 1000 Imamen dieses Herrn die Aufenthaltserlaubnis zu entziehen\u201d:<br \/>\nVolker Beck @Volker_Beck<br \/>\nIch habe @NancyFaeser aufgefordert, den weit \u00fcber 1000 Imamen dieses Herrn die Aufenthaltserlaubnis zu entziehen .<br \/>\n9:46 nachm. \u00b7 30. Okt. 2023<br \/>\n<a href=\"https:\/\/twitter.com\/Volker_Beck\/status\/1719093389235286413\">https:\/\/twitter.com\/Volker_Beck\/status\/1719093389235286413<\/a><\/p>\n<p>Ein \u00fcberf\u00e4llige Ma\u00dfnahme. Antisemitismus hat in Deutschland keinen Platz, auch nicht der Islam-Antisemitismus. I Deutschland laben 1,5 Mio T\u00fcrken, von denen 67 % Erdogan gew\u00e4hlt haben. Und f\u00fcr Pr\u00e4sident Erdogan und die ihm unterstellte Religionsbeh\u00f6rde mitsamt DITIB ist Antisemitismus eine Art von oberstem Gebot. Der deutsche Staat darf vor diesem importierten Antisemitismus nicht <a href=\"https:\/\/www.freiburg-schwarzwald.de\/blog\/engagement\/zukunft\/demokratie\/staatsversagen\/staat-kapituliert\/\">kapitulieren<\/a>.<br \/>\n2.11.2023<\/p>\n","protected":false},"excerpt":{"rendered":"<p>Seit der Grenz\u00f6ffnung 9\/2015 nehmen Messerstechereien, Vergewaltigungen von Frauen kontinuierlich zu. Nun wird die Herkunft der T\u00e4ter in den Statistiken nicht mehr erfasst &#8211; angeblich um Rassismus und Ausl\u00e4nderfeindlichkeit zu verhindern. Die von Migranten mitgebrachte Gewaltkriminalit\u00e4t wird zur deutschen Kriminalit\u00e4t.<\/p>\n","protected":false},"author":2,"featured_media":0,"comment_status":"open","ping_status":"closed","sticky":false,"template":"","format":"standard","meta":{"footnotes":""},"categories":[18,52,210,155,60,13,157,19],"tags":[520,732,421,420,622,334],"class_list":["post-117022","post","type-post","status-publish","format-standard","hentry","category-bildung","category-einewelt","category-gewalt","category-integration","category-jugend","category-kultur","category-oeffentlicher-raum","category-religion","tag-frieden","tag-gewalt","tag-islam","tag-juden","tag-migration","tag-strasse"],"_links":{"self":[{"href":"https:\/\/www.freiburg-schwarzwald.de\/blog\/wp-json\/wp\/v2\/posts\/117022","targetHints":{"allow":["GET"]}}],"collection":[{"href":"https:\/\/www.freiburg-schwarzwald.de\/blog\/wp-json\/wp\/v2\/posts"}],"about":[{"href":"https:\/\/www.freiburg-schwarzwald.de\/blog\/wp-json\/wp\/v2\/types\/post"}],"author":[{"embeddable":true,"href":"https:\/\/www.freiburg-schwarzwald.de\/blog\/wp-json\/wp\/v2\/users\/2"}],"replies":[{"embeddable":true,"href":"https:\/\/www.freiburg-schwarzwald.de\/blog\/wp-json\/wp\/v2\/comments?post=117022"}],"version-history":[{"count":5,"href":"https:\/\/www.freiburg-schwarzwald.de\/blog\/wp-json\/wp\/v2\/posts\/117022\/revisions"}],"predecessor-version":[{"id":117038,"href":"https:\/\/www.freiburg-schwarzwald.de\/blog\/wp-json\/wp\/v2\/posts\/117022\/revisions\/117038"}],"wp:attachment":[{"href":"https:\/\/www.freiburg-schwarzwald.de\/blog\/wp-json\/wp\/v2\/media?parent=117022"}],"wp:term":[{"taxonomy":"category","embeddable":true,"href":"https:\/\/www.freiburg-schwarzwald.de\/blog\/wp-json\/wp\/v2\/categories?post=117022"},{"taxonomy":"post_tag","embeddable":true,"href":"https:\/\/www.freiburg-schwarzwald.de\/blog\/wp-json\/wp\/v2\/tags?post=117022"}],"curies":[{"name":"wp","href":"https:\/\/api.w.org\/{rel}","templated":true}]}}