{"id":11701,"date":"2012-09-26T17:47:15","date_gmt":"2012-09-26T15:47:15","guid":{"rendered":"https:\/\/www.freiburg-schwarzwald.de\/blog\/?p=11701"},"modified":"2012-09-26T17:47:15","modified_gmt":"2012-09-26T15:47:15","slug":"blumen-kaufmehl-kirchzarten","status":"publish","type":"post","link":"https:\/\/www.freiburg-schwarzwald.de\/blog\/blumen-kaufmehl-kirchzarten\/","title":{"rendered":"Blumen Kaufmehl Kirchzarten"},"content":{"rendered":"<p>Blumen Kaufmehl als F\u00fcnf-Sterne-Florist ausgezeichnet \u2013 Familienbetrieb in dritter Generation. Im Jahre 1922 gr\u00fcndete Julius Kaufmehl in Kirchzartens H\u00f6fener Stra\u00dfe 17 \u2013 damals gab\u2019s den Stra\u00dfennamen noch nicht, da war es \u201eKirchzarten Haus Nr. 162\u201c \u2013 eine <a title=\"Garten-Kunst\" href=\"https:\/\/www.freiburg-schwarzwald.de\/blog\/natur\/garten\/garten-kunst\/\">G\u00e4rtnerei<\/a>. Blumenbinderei und Grabpflege sowie Samenhandlung und <a title=\"Gemuesebau\" href=\"https:\/\/www.freiburg-schwarzwald.de\/blog\/natur\/landwirt\/gemuesebau\/\">Gem\u00fcsebetrieb<\/a> waren die Schwerpunkte des Familienbetriebs, der Ende der 60er Jahre von Herbert Kaufmehl \u00fcbernommen wurde. Seit 1991 liegt die Verantwortung der im <a title=\"Dreisamtal\" href=\"https:\/\/www.freiburg-schwarzwald.de\/blog\/regio\/tal\/dreisamtal\/\">Dreisamtal<\/a> angesehenen <a title=\"Garten\" href=\"https:\/\/www.freiburg-schwarzwald.de\/blog\/natur\/garten\/\">G\u00e4rtnerei<\/a> bei Manfred Kaufmehl \u2013 und damit in der dritten Familiengeneration.<!--more--><\/p>\n<p>W\u00e4hrend Blumenbinderei und Grabpflege auch heute noch zu den Schwerpunkten von \u201eBlumen Kaufmhel\u201c geh\u00f6ren, wurden Samenhandlung und Gem\u00fcsebetrieb in den 70er Jahren aufgegeben. Die Aufzucht von Salat- und Gem\u00fcsepflanzen z\u00e4hlt aber nach wie vor zu Kaufmehls Angebot. \u201eUnsere besondere Kompetenz liegt heute im Bereich der Floristik jeglicher Art\u201c, beschreibt Manfred Kaufmehl die Kernkompetenzen, \u201esowie von Zierpflanzen, Beet- und Balkonpflanzen. Unsere langj\u00e4hrigen Kunden sch\u00e4tzen an uns besonders die Qualit\u00e4t unserer Produkte, den Service und die Freundlichkeit unserer Mitarbeiter.\u201c \u201eBlumen-Kaufmehl\u201c arbeitet \u00fcbrigens auch im Verbund der Badischen G\u00e4rtnereibetriebe bei der Grabpflege am Giersberg-Friedhof mit. \u201eWeil wir ein starkes Fleurop-Mitglied mit gro\u00dfer Auswahl und hoher Qualit\u00e4t sind\u201c, freut sich Kaufmehl, \u201ewurden wir im August von Fleurop als einer von drei Betrieben im Gro\u00dfraum Freiburg als F\u00fcnf-Sterne-Florist ausgezeichnet.\u201c Im Kreise aller Mitarbeitenden feierte \u201eBlumen Kaufmehl\u201c jetzt das 90-j\u00e4hrige Bestehen des Betriebes. Der \u201eDreisamt\u00e4ler\u201c gratuliert herzlich zum Jubil\u00e4um!<\/p>\n<div id=\"attachment_11702\" style=\"width: 190px\" class=\"wp-caption alignnone\"><a href=\"https:\/\/www.freiburg-schwarzwald.de\/blog\/blumen-kaufmehl-kirchzarten\/kaufmehl1209\/\" rel=\"attachment wp-att-11702\"><img loading=\"lazy\" decoding=\"async\" aria-describedby=\"caption-attachment-11702\" class=\"size-thumbnail wp-image-11702\" title=\"kaufmehl1209\" src=\"https:\/\/www.freiburg-schwarzwald.de\/blog\/wp-content\/uploads\/2012\/09\/kaufmehl1209-180x135.jpg\" alt=\"\" width=\"180\" height=\"135\" srcset=\"https:\/\/www.freiburg-schwarzwald.de\/blog\/wp-content\/uploads\/2012\/09\/kaufmehl1209-180x135.jpg 180w, https:\/\/www.freiburg-schwarzwald.de\/blog\/wp-content\/uploads\/2012\/09\/kaufmehl1209.jpg 640w\" sizes=\"auto, (max-width: 180px) 100vw, 180px\" \/><\/a><p id=\"caption-attachment-11702\" class=\"wp-caption-text\">Blumen Kaufmehl in Kirchzarten - Jubilaeum 2012<\/p><\/div>\n<p>Bei der Jubil\u00e4umsfeier wurden die langj\u00e4hrigen Mitarbeiter im Beisein aller Festg\u00e4ste mit Blumen geehrt: Christine Braun (34 J.), Gisela Henschelmann (\u00fcber 40 J.), Franziska Saier-Rebmann (27 J.), Hedwig Sobeck (42 J.), Wolfgang Schweizer (35 J.) und Gisela Rinderle (31 J.) (vorne v.l., Firmenzugeh\u00f6rigkeit in Klammern). Eingerahmt werden alle von der Seniorchefin Helga Kaufmehl (l.) und vom Inhaber Manfred Kaufmehl (r.).<\/p>\n<p>Gerhard L\u00fcck, 26.9.2012, <a href=\"https:\/\/www.dreisamtaeler.de\">www.dreisamtaeler.de<\/a><\/p>\n<p>&nbsp;<\/p>\n","protected":false},"excerpt":{"rendered":"<p>Blumen Kaufmehl als F\u00fcnf-Sterne-Florist ausgezeichnet \u2013 Familienbetrieb in dritter Generation. Im Jahre 1922 gr\u00fcndete Julius Kaufmehl in Kirchzartens H\u00f6fener Stra\u00dfe 17 \u2013 damals gab\u2019s den Stra\u00dfennamen noch nicht, da war es \u201eKirchzarten Haus Nr. 162\u201c \u2013 eine G\u00e4rtnerei. Blumenbinderei und &hellip; <a href=\"https:\/\/www.freiburg-schwarzwald.de\/blog\/blumen-kaufmehl-kirchzarten\/\">Weiterlesen <span class=\"meta-nav\">&rarr;<\/span><\/a><\/p>\n","protected":false},"author":4,"featured_media":0,"comment_status":"open","ping_status":"closed","sticky":false,"template":"","format":"standard","meta":{"footnotes":""},"categories":[140,22],"tags":[274,329,146],"class_list":["post-11701","post","type-post","status-publish","format-standard","hentry","category-garten","category-handwerk","tag-blumen","tag-jubilaeum","tag-schulgarten"],"_links":{"self":[{"href":"https:\/\/www.freiburg-schwarzwald.de\/blog\/wp-json\/wp\/v2\/posts\/11701","targetHints":{"allow":["GET"]}}],"collection":[{"href":"https:\/\/www.freiburg-schwarzwald.de\/blog\/wp-json\/wp\/v2\/posts"}],"about":[{"href":"https:\/\/www.freiburg-schwarzwald.de\/blog\/wp-json\/wp\/v2\/types\/post"}],"author":[{"embeddable":true,"href":"https:\/\/www.freiburg-schwarzwald.de\/blog\/wp-json\/wp\/v2\/users\/4"}],"replies":[{"embeddable":true,"href":"https:\/\/www.freiburg-schwarzwald.de\/blog\/wp-json\/wp\/v2\/comments?post=11701"}],"version-history":[{"count":0,"href":"https:\/\/www.freiburg-schwarzwald.de\/blog\/wp-json\/wp\/v2\/posts\/11701\/revisions"}],"wp:attachment":[{"href":"https:\/\/www.freiburg-schwarzwald.de\/blog\/wp-json\/wp\/v2\/media?parent=11701"}],"wp:term":[{"taxonomy":"category","embeddable":true,"href":"https:\/\/www.freiburg-schwarzwald.de\/blog\/wp-json\/wp\/v2\/categories?post=11701"},{"taxonomy":"post_tag","embeddable":true,"href":"https:\/\/www.freiburg-schwarzwald.de\/blog\/wp-json\/wp\/v2\/tags?post=11701"}],"curies":[{"name":"wp","href":"https:\/\/api.w.org\/{rel}","templated":true}]}}