{"id":11658,"date":"2012-09-26T15:44:38","date_gmt":"2012-09-26T13:44:38","guid":{"rendered":"https:\/\/www.freiburg-schwarzwald.de\/blog\/?p=11658"},"modified":"2012-09-26T15:47:25","modified_gmt":"2012-09-26T13:47:25","slug":"naturparkmarkt-todtnau-mit-dem-schwarzwaldverein-30-9","status":"publish","type":"post","link":"https:\/\/www.freiburg-schwarzwald.de\/blog\/naturparkmarkt-todtnau-mit-dem-schwarzwaldverein-30-9\/","title":{"rendered":"Naturparkmarkt Todtnau mit dem Schwarzwaldverein 30.9."},"content":{"rendered":"<p>Der Naturpark<a title=\"Markt\" href=\"https:\/\/www.freiburg-schwarzwald.de\/blog\/business\/markt\/\">markt<\/a> Todtnau, Sonntag, den 30.09.2012, ab 11:00 Uhr, steht unter dem Motto \u201eWandern mit dem <a title=\"Wandervereine\" href=\"https:\/\/www.freiburg-schwarzwald.de\/blog\/vereine\/wandervereine\/\">Schwarzwaldverein<\/a>\u201c. Die Ortsgruppe Todtnau feiert ihr 125-j\u00e4hriges Bestehen. Im Jahre 1887 wurde die Ortsgruppe im Volksbr\u00e4uhaus in der Schwarzwaldhalle mit 50 Todtnauer B\u00fcrgern gegr\u00fcndet. In diesen zur\u00fcckliegenden 125 Jahren wurden Dutzende von <a title=\"Wandern\" href=\"https:\/\/www.freiburg-schwarzwald.de\/blog\/sport\/wandern\/\">Wanderwegen<\/a> mit z.T. Br\u00fccken und Stegen erschlossen, umfangreiche Markierungsarbeiten durchgef\u00fchrt, Wege gepflegt, Waldanlagen aufgestellt, Wegweisern und Sitzb\u00e4nke installiert und das von den Mitgliedern in Tausenden von Arbeitsstunden <a title=\"Engagement\" href=\"https:\/\/www.freiburg-schwarzwald.de\/blog\/engagement\/\">ehrenamtlich<\/a> <!--more-->und mit viel Engagement. Der Schwarzwaldverein Todtnau (seit 1989 e.V.) bietet und organisiert jedes Jahr eine F\u00fclle von interessanten Wanderungen, die nicht nur von den Mitgliedern, sondern auch von der Bev\u00f6lkerung und G\u00e4sten sehr gerne angenommen werden.<\/p>\n<p>Auch die regelm\u00e4\u00dfigen Angebote f\u00fcr Senioren-Wanderungen (die beliebten Donnerstag-Nachmittag-Wanderungen) werden erfreulicherweise von vielen Mitb\u00fcrgern besucht. Zum Wohlbefinden und dem Fitness-Trend gem\u00e4\u00df nehmen kleinere oder gr\u00f6\u00dfere Wandergruppen immer h\u00e4ufiger das Wandern als Bewegung in der Natur wahr. Das sind Aktivit\u00e4ten, die haupts\u00e4chlich zu den Freizeitangeboten des Schwarzwaldvereins passen. Der Wanderer l\u00f6st sich aus der Hast des Alltags, entdeckt Flora und Fauna und findet zum Gespr\u00e4ch mit seinen Mitmenschen. Wer regelm\u00e4\u00dfig wandert, legt ein Gesundheitskapital an, das hohe Zinsen f\u00fcr das Alter tr\u00e4gt.<\/p>\n<p>Die Sch\u00f6nheit unserer z.T. wildromantischen Landschaft ist allgemein bekannt. In wundersch\u00f6nen Wandergebieten in der nahen und fernen Nachbarschaft, l\u00e4dt der Schwarzwaldverein Todtnau e.V., der ca. 165 km markierte Wanderwege betreut, zu herrlichen Wanderungen f\u00fcr jedes Alter und jede Jahreszeit ein.<\/p>\n<p>Unterst\u00fctzen Sie den Schwarzwaldverein. Werden Sie Mitglied!<\/p>\n<p>Der Naturparkmarkt in Todtnau bietet regionale Produkte in einer angenehmen Atmosph\u00e4re auf dem Marktplatz und den Stra\u00dfen. Schauen und Schlendern lohnt sich beim Markt mit zum Beispiel einem alten Handwerksstand \u201eGlasblasen\u201c, \u201eT\u00f6pfern\u201c und \u201eB\u00fcrstenmachen\u201c, Wildspezialit\u00e4ten aus eigener Jagd, Badischer Wein- und Sektstand, verschiedenen schwarzw\u00e4lder Speck- und Wurtswaren, lokalem Brot, Honig und Met , verschiedene Schnaps- und Edelbr\u00e4nde, Seifen aus Kuh-, Ziegen und Eselmilch, handgemachte Lederatikel sowie Schmuck und Deko aus Stein und Holz. F\u00fcr Klein und Gro\u00df ist viel geboten beim Barfu\u00dfpfad. Der Handel l\u00e4dt alle Besucher zum verkaufsoffenen Sonntag ein.<\/p>\n","protected":false},"excerpt":{"rendered":"<p>Der Naturparkmarkt Todtnau, Sonntag, den 30.09.2012, ab 11:00 Uhr, steht unter dem Motto \u201eWandern mit dem Schwarzwaldverein\u201c. Die Ortsgruppe Todtnau feiert ihr 125-j\u00e4hriges Bestehen. Im Jahre 1887 wurde die Ortsgruppe im Volksbr\u00e4uhaus in der Schwarzwaldhalle mit 50 Todtnauer B\u00fcrgern gegr\u00fcndet. &hellip; <a href=\"https:\/\/www.freiburg-schwarzwald.de\/blog\/naturparkmarkt-todtnau-mit-dem-schwarzwaldverein-30-9\/\">Weiterlesen <span class=\"meta-nav\">&rarr;<\/span><\/a><\/p>\n","protected":false},"author":4,"featured_media":0,"comment_status":"open","ping_status":"closed","sticky":false,"template":"","format":"standard","meta":{"footnotes":""},"categories":[54,249,427,67],"tags":[739,380],"class_list":["post-11658","post","type-post","status-publish","format-standard","hentry","category-ehrenamt","category-hock","category-markt","category-naturschutz","tag-markt","tag-wanderweg"],"_links":{"self":[{"href":"https:\/\/www.freiburg-schwarzwald.de\/blog\/wp-json\/wp\/v2\/posts\/11658","targetHints":{"allow":["GET"]}}],"collection":[{"href":"https:\/\/www.freiburg-schwarzwald.de\/blog\/wp-json\/wp\/v2\/posts"}],"about":[{"href":"https:\/\/www.freiburg-schwarzwald.de\/blog\/wp-json\/wp\/v2\/types\/post"}],"author":[{"embeddable":true,"href":"https:\/\/www.freiburg-schwarzwald.de\/blog\/wp-json\/wp\/v2\/users\/4"}],"replies":[{"embeddable":true,"href":"https:\/\/www.freiburg-schwarzwald.de\/blog\/wp-json\/wp\/v2\/comments?post=11658"}],"version-history":[{"count":0,"href":"https:\/\/www.freiburg-schwarzwald.de\/blog\/wp-json\/wp\/v2\/posts\/11658\/revisions"}],"wp:attachment":[{"href":"https:\/\/www.freiburg-schwarzwald.de\/blog\/wp-json\/wp\/v2\/media?parent=11658"}],"wp:term":[{"taxonomy":"category","embeddable":true,"href":"https:\/\/www.freiburg-schwarzwald.de\/blog\/wp-json\/wp\/v2\/categories?post=11658"},{"taxonomy":"post_tag","embeddable":true,"href":"https:\/\/www.freiburg-schwarzwald.de\/blog\/wp-json\/wp\/v2\/tags?post=11658"}],"curies":[{"name":"wp","href":"https:\/\/api.w.org\/{rel}","templated":true}]}}