{"id":116028,"date":"2023-10-12T15:08:59","date_gmt":"2023-10-12T13:08:59","guid":{"rendered":"https:\/\/www.freiburg-schwarzwald.de\/blog\/?p=116028"},"modified":"2023-10-27T14:10:08","modified_gmt":"2023-10-27T12:10:08","slug":"land-fuer-frieden","status":"publish","type":"post","link":"https:\/\/www.freiburg-schwarzwald.de\/blog\/land-fuer-frieden\/","title":{"rendered":"Land f\u00fcr Frieden"},"content":{"rendered":"<p>Die Ost- bzw. <a href=\"https:\/\/www.freiburg-schwarzwald.de\/blog\/engagement\/zukunft\/demokratie\/entspannungspolitik\/\">Entspannungspolitik<\/a> von Willy Brandt handelte gem\u00e4\u00df dem Prinzip &#8222;Land f\u00fcr Frieden&#8220;: Deutschland gibt seine <a href=\"https:\/\/www.freiburg-schwarzwald.de\/blog\/erinnerung-dresden-13-2-1944\/\">Ostgebiete<\/a> ab und erreicht damit Frieden. Ganz im Gegensatz dazu funktioniert &#8222;Land f\u00fcr Frieden&#8220; in Nahost nicht. Im Jahr 2005 gibt <a href=\"https:\/\/www.freiburg-schwarzwald.de\/blog\/global\/israel\/israel2020\/\">Israel<\/a> unter Ariel Scharon den Gaza-Streifen ab, <!--more-->um \u00fcber einen selbst\u00e4ndigen Stadtstaat Frieden zu erreichen. Doch dies mi\u00dflingt laut dem Historiker <a href=\"https:\/\/www.freiburg-schwarzwald.de\/blog\/wolffsohn-juedische-geschichte\/\">Michael Wolffsohn<\/a> (1), da die im <a href=\"https:\/\/www.freiburg-schwarzwald.de\/blog\/global\/israel\/gaza\/\">Gaza<\/a> herrschende <a href=\"https:\/\/www.freiburg-schwarzwald.de\/blog\/global\/israel\/israel-hamas\/\">Hamas<\/a> den Terror dem Frieden vorzieht.<br \/>\n.<br \/>\nMit dem R\u00fcckzug der Israelis verbunden war die Hoffnung, Gaza k\u00f6nnte sich als Stadtstaat zu einem nah\u00f6stlichen <a href=\"https:\/\/www.freiburg-schwarzwald.de\/blog\/global\/ostasien\/\">Singapur<\/a> entwickeln und in Folge dessen auch die Lage in den <a href=\"https:\/\/www.freiburg-schwarzwald.de\/blog\/global\/israel\/palaestina\/\">Westbanks<\/a> einer friedlichen L\u00f6sung n\u00e4her bringen. Auch in dieser Hoffnung hat allein die EU \u00fcber 8,5 Milliarden Euro \u00fcberwiesen. Doch der <a href=\"https:\/\/www.freiburg-schwarzwald.de\/blog\/hamas-beginnt-krieg-mit-israel\/\">Hamas-\u00dcberfall<\/a> vom 7.10.2023 hat diese Friedenshoffnung j\u00e4h zerschlagen. Gaza zu einer terroristischen Festung zu machen, war und ist allein die Entscheidung islamischen Hamas. Die Hamas hat den Gazastreifen seit 2005 zu einem St\u00fctzpunkt des <a href=\"https:\/\/www.freiburg-schwarzwald.de\/blog\/religion\/islam\/islam-terror\/\">Terrors<\/a> ausgebaut. Niemand glaubt mehr der L\u00fcge, Gaza sei ein Gef\u00e4ngnis f\u00fcr Pal\u00e4stinenser. Solange die Hamas im Gaza-Streifen herrscht, ist Frieden fast undenkbar.<\/p>\n<p>Der 7. Oktober 20223 stellt Medien und Politik in Deutschland auf den Pr\u00fcfstand. Die Zeiten der unverbindlichen Smalltalks sind vorbei. Realistisches Handeln ist angesagt:<\/p>\n<p>A) Die <a href=\"https:\/\/www.freiburg-schwarzwald.de\/blog\/kultur\/medien\/mainstream\/\">Mainstream-Medien<\/a> m\u00fcssen endlich ihre Aufgabe als <a href=\"https:\/\/www.freiburg-schwarzwald.de\/blog\/kultur\/medien\/vierte-gewalt\/\">Vierte Gewalt<\/a> in der Demokratie wiederentdecken und zu ausgewogener wie kritischer Berichterstattung zur\u00fcckkehren. Der niederl\u00e4ndische Schriftsteller Leon de Winter kritisiert die Berichterstattung zum Hamas-\u00dcberfall (2): Ein &#8222;perverser Eiertanz der falschen Ausgewogenheit&#8220; der Medien, wenn von &#8222;Militanten&#8220; und &#8222;Bewaffneten&#8220; anstelle von &#8222;Terroristen&#8220; und &#8222;M\u00f6rdern&#8220; gesprochen wird, die Babys die K\u00f6pfe abschneiden und auf Toten herumtrampeln.<\/p>\n<p>B) Deutschland braucht in dieser turbulenten Zeit politische F\u00fchrung. Auch Olaf Scholz hat das Statement von Angela Merkel <a href=\"https:\/\/www.freiburg-schwarzwald.de\/blog\/israel-staatsraison-deutschland\/\">&#8222;Die Sicherheit von Israel ist f\u00fcr Deutschland Staatsr\u00e4son&#8220;<\/a> \u00fcbernommen. <a href=\"https:\/\/www.freiburg-schwarzwald.de\/blog\/israel-staatsraison-nur-verbal\/\">&#8222;Staatsr\u00e4son&#8220;<\/a> f\u00fcr ein Land Israel, das gerade angegriffen und mit Krieg \u00fcberzogen wird. Da mu\u00df sich der Bundeskanzler von den hohlen Phrasen seiner Reden und dem Dauerl\u00e4cheln verabschieden und klar und eindeutig F\u00fchrung zeigen. Klaus-R\u00fcdiger Mai (3) skizziert eine Rede, die von Scholz gehalten werden mu\u00df.<\/p>\n<p>C) Die deutsche <a href=\"https:\/\/www.freiburg-schwarzwald.de\/blog\/global\/migration\/migrationspolitik\/\">Migrationspolitik<\/a> mu\u00df sich von ihren <a href=\"https:\/\/www.freiburg-schwarzwald.de\/blog\/engagement\/zukunft\/ideologie\/\">ideologie<\/a>-gest\u00fctzten Wunschvorstellungen verabschieden und an den Realit\u00e4ten der Migration und an den eigenen <a href=\"https:\/\/www.freiburg-schwarzwald.de\/blog\/global\/deutschland\/deutsche-interessen\/\">deutschen Interessen<\/a> orientieren. <a href=\"https:\/\/www.freiburg-schwarzwald.de\/blog\/engagement\/zukunft\/sarrazin\/\">Thilo Sarrazin<\/a> hat dazu einen 6-Punkte-Plan ver\u00f6ffentlicht (4), an dem die Politik als grobe Leitlinie wohl kaum herumkommt. Man kann Sarrazin m\u00f6gen oder nicht, aber im R\u00fcckblick haben sich &#8211; so die Historiker &#8211; alle seine bisherigen Analysen (leider) erf\u00fcllt.<\/p>\n<p>D) Die F\u00ednanzierung des Hamas-Terrors ist sofort zu stoppen (5). Marco Gallina erl\u00e4utert (5), da\u00df diese auch \u00fcber das <a href=\"https:\/\/www.freiburg-schwarzwald.de\/blog\/global\/israel\/gaza\/\">Pal\u00e4stinenserfl\u00fcchtlingswerk<\/a> <a href=\"https:\/\/www.freiburg-schwarzwald.de\/blog\/eine-unendliche-geschichte\/\">UNRWA<\/a> erfolgte, in dessen Schulen Hamas-nahe Lehrer mit menschenrechtsfeindlichen B\u00fcchern (&#8222;From the river to the sea&#8220;, d.h. im Klartext &#8222;<a href=\"https:\/\/www.freiburg-schwarzwald.de\/blog\/drecks-jude-medien-schweigen\/\">Juden ins Meer<\/a>&#8220; bzw. &#8222;Israel vernichten&#8220;) die pal\u00e4stinensischen Kinder zu dem ungeheuerlichen Hass erziehen, der sich jetzt in den Massakern vom 7.10.2023 entlud.<br \/>\n.<br \/>\nE) Kein Jubel in Deutschlands Strassen f\u00fcr den Hamas-Terror<br \/>\nDer allergr\u00f6\u00dfte Teil hier lebenden Muslime verurteilt den Terror der Hamas, aber leider sind viel zu wenige bereit, sich \u00f6ffentlich vom Hamas-Terror zu distanzieren. Dies gilt auch f\u00fcr die <a href=\"https:\/\/www.freiburg-schwarzwald.de\/blog\/religion\/islam\/islam-organisationen\/\">Islam-Organisationen<\/a>. So schweigt <a href=\"https:\/\/www.freiburg-schwarzwald.de\/blog\/global\/tuerkei\/ditib\/\">Ditib<\/a>, und der <a href=\"https:\/\/www.freiburg-schwarzwald.de\/blog\/religion\/islam\/islam-politik\/\">ZdM<\/a> (Aiman Mazyek) war nur nach Dr\u00e4ngen zu einer eher vagen Stellungnahme bereit.<br \/>\nIn Deutschland leben ungef\u00e4hr 100.000 Juden und 8 Millionen Muslime. Auch aufgrund dieses Zahlenverh\u00e4ltnisses ist es f\u00fcr den<a href=\"https:\/\/www.freiburg-schwarzwald.de\/blog\/global\/deutschland\/consent-of-the-governed\/\"> Inneren Frieden<\/a> von Bedeutung, da\u00df auch die friedliebenden Muslime sich klar f\u00fcr das j\u00fcdische Leben der Minderheit aussprechen. Wie sehr der Innere Frieden bedroht ist, zeigen die zahlreichen Hass-Demos der Hamas-Anh\u00e4nger in den Strassen. Das BKA nennt \u00fcber 500 gewaltbereite Pal\u00e4stinenser im Land. Es ist eine Schande f\u00fcr Deutschland, wenn seit dem \u00dcberfall auf Israel am 7.10.2023 Tag f\u00fcr Tag im \u00f6ffentlichen Raum f\u00fcr Mord und Terror gegen Juden gejubelt wird und sich dagegen kaum Kritik und Entr\u00fcstung regt.<br \/>\n.<br \/>\nDer 7. Oktober 2023 wird in den internationalen Medien als der &#8222;<a href=\"https:\/\/www.freiburg-schwarzwald.de\/blog\/hamas-beginnt-krieg-mit-israel\/\">11. September Israels<\/a>&#8220; bezeichnet. Ein medialer Hinweis darauf, da\u00df der \u00dcberfall der Hamas weltweite Folgen hat &#8211; denen sich sogar das besserwisserische und moralisch \u00fcberlegene Deutschland nicht entziehen kann. Dabei kommt der <a href=\"https:\/\/www.freiburg-schwarzwald.de\/blog\/scholz-pazifisten-aus-der-hoelle\/\">Bundeskanzler<\/a> nicht herum, sich an sein Statement &#8222;Die Sicherheit von Israel ist f\u00fcr Deutschland Staatsr\u00e4son&#8220; zu erinnern und zu handeln. Denn &#8222;Staatsr\u00e4son&#8220; gilt nicht nur in politischen Sch\u00f6nwetterperioden, sondern auch in Kriegs- und Krisenzeiten.<br \/>\n.<br \/>\nIsrael braucht keine Panzer und Raketen (wir k\u00f6nnten eh nur Helme liefern) und auch keine Kondolenz-Reden. Die eigentliche Aufgabe der &#8222;Staatsraison&#8220;-geleiteten Politik stellt sich im Inneren: Israel braucht eine andere deutsche Innenpolitik, die das Versagen eingesteht und Schlu\u00df macht mit den bisherigen Mi\u00dfst\u00e4nden wie z.B.<br \/>\n&#8211; Jude als Schimpfwort im Schulhof ist allt\u00e4glich &#8211; &#8222;ist ja nicht so gemeint&#8220;.<br \/>\n&#8211; Kippa nicht auf der Strasse tragen &#8211; &#8222;zur eigenen Sicherheit&#8220;.<br \/>\n&#8211; den Davidstern am Revers verstecken &#8211;\u00a0 um &#8222;Muslime nicht zu beleidigen und reizen&#8220;<br \/>\n&#8211; den islamischen Judenhass als &#8222;Ausdruck fremder Kulturen&#8220; tolerieren.<br \/>\nAnna Diouf (6) erkl\u00e4rt, wie gro\u00df die innenpolitische Umkehr ist:<br \/>\n&#8222;Machen wir uns nichts vor: Selbst wenn der eine oder andere Verein verboten wird \u2013 Deutschland kann keine \u00fcberzeugende L\u00f6sung f\u00fcr dieses Problem vorweisen. <em><strong>Wir stehen dem Hass, wir stehen dem Ressentiment und der Gewaltbereitschaft fassungs- und hilflos gegen\u00fcber. Man hat zu lange zugesehen, wie sich Parallelwelten konstituierten, und kann ihnen aufgrund der eigenen inneren Zerrissenheit auch nichts entgegensetzen.<\/strong> <\/em>Jede Kritik war jahrelang sofort als \u201erechts\u201c und \u201erechtsextrem\u201c verworfen worden &#8230;<br \/>\nDie notwendigen Sicherheitsvorkehrungen vor j\u00fcdischen Einrichtungen, die doch f\u00fcr jedermann ein sichtbares Zeichen daf\u00fcr sind, dass Juden in Deutschland nicht selbstverst\u00e4ndlich unbehelligt leben k\u00f6nnen: All das schien nicht dringlich genug. Ein muslimisches Milieu, das sich gleichzeitig in der eigenen Opfermentalit\u00e4t suhlt, und mit hoher Effizienz eigene Anspr\u00fcche durchsetzt, steht einer Mentalit\u00e4t gegen\u00fcber, die Menschen anderer Kulturkreise grunds\u00e4tzlich nicht ernstnimmt, und vor allem als Projektionsfl\u00e4che ben\u00fctzt. Ein Mindset, das von der universalen G\u00fcltigkeit des eigenen Pazifismus auch dann noch \u00fcberzeugt ist, wenn man die Faust des Anderen bereits im Gesicht sp\u00fcrt.&#8220;<br \/>\n.<br \/>\nDer Terror der Hamas als der verl\u00e4ngerte brutale Arm der Mullahs im <a href=\"https:\/\/www.freiburg-schwarzwald.de\/blog\/global\/iran\/\">Iran<\/a> bleibt nicht in Israel, seine Wellenausschl\u00e4ge kommen auch zu uns. Aktuelles Beispiel: Der Verein Makkabi Berlin <a href=\"https:\/\/tus-makkabi.de\/\">https:\/\/tus-makkabi.de\/<\/a> musste den <a href=\"https:\/\/www.freiburg-schwarzwald.de\/blog\/sport\/sportlern\/fussball\/\">Spielbetrieb komplett einstellen<\/a> wegen Gef\u00e4hrung von Training und Spielen. Es ist das deutsche <a href=\"https:\/\/www.freiburg-schwarzwald.de\/blog\/engagement\/zukunft\/demokratie\/staatsversagen\/\">Staatsversagen<\/a>, das dem Verein das Ballspielen seit dem Hamas-\u00dcberfall am 7.10.2023 unm\u00f6glich macht. Traurig.<br \/>\n12.10.2023<br \/>\n.<br \/>\nEnde von Beitrag &#8222;Land f\u00fcr Frieden&#8220;<br \/>\n============================================================<br \/>\nBeginn von Anlagen (1) &#8211; (6)<\/p>\n<p>.<\/p>\n<p><strong>(1) Die Pal\u00e4stinenser ziehen den Terror vor. Das Modell Land f\u00fcr Frieden ist im Nahen Osten gescheitert<\/strong><br \/>\nNicht Israel ist f\u00fcr die Lage im Gazastreifen verantwortlich. Es ist die Hamas, die ihre Bev\u00f6lkerung in Geiselhaft h\u00e4lt und auf Gewalt setzt.<br \/>\n&#8230; Alles vom 10.10.2023 von Michael Wolffsohn bitte lesen auf<br \/>\n<a href=\"https:\/\/www.nzz.ch\/feuilleton\/nicht-israel-ist-fuer-die-lage-im-gazastreifen-verantwortlich-sondern-die-hamas-ld.1760054\">https:\/\/www.nzz.ch\/feuilleton\/nicht-israel-ist-fuer-die-lage-im-gazastreifen-verantwortlich-sondern-die-hamas-ld.1760054<\/a><br \/>\n.<br \/>\n.<br \/>\n<strong>(2) Leon de Winter zu Israels Dilemma:<\/strong><br \/>\n<strong>Das Land muss sich gegen monstr\u00f6se Verbrecher verteidigen, ohne dabei selber monstr\u00f6s zu werden<\/strong><br \/>\nDer brutale Angriff aus dem Gazastreifen \u00fcberrascht nur jene, die sich Illusionen hingegeben haben. Die Hamas und dahinter Iran haben schon immer zur Vernichtung Israels und der Juden aufgerufen.<br \/>\n&#8230;<br \/>\nW\u00e4hrend am vergangenen Samstag pal\u00e4stinensische Terroristen damit besch\u00e4ftigt waren, ganze Familien in ihren eigenen H\u00e4usern und Strassen zu verst\u00fcmmeln, zu vergewaltigen, zu ermorden und zu enthaupten, befassten sich westliche Medien mit der Frage, wie man eine m\u00f6glichst ausgewogene Berichterstattung \u00fcber das Blutbad gestalten k\u00f6nnte. Manche Redaktoren fanden, das m\u00fcsse in einen gr\u00f6sseren Zusammenhang gestellt werden, und so entstand in den Mainstream-Medien ein perverser Eiertanz der falschen Ausgewogenheit. Wie haben sie das gemacht? Indem sie die Berichte \u00fcber die Bestialit\u00e4t und drei entscheidende Tatsachen unterdr\u00fcckten.<br \/>\nEs begann damit, Begriffe wie Terrorist, M\u00f6rder und Vergewaltiger zu streichen. Die Hamas-M\u00f6rder wurden zu Militanten, K\u00e4mpfern oder Bewaffneten. Und was haben die Medien mit der Bestialit\u00e4t getan?<br \/>\nAm Samstag wurden j\u00fcdische M\u00e4dchen und Frauen massenhaft vergewaltigt, gefoltert und ermordet, \u00e4ltere Menschen und Kinder wurden massakriert. Sie wurden auf die gleiche Weise massakriert, wie vor nicht allzu langer Zeit die Einsatzgruppen der Nazis Juden abschlachteten. Was die Hamas-Terroristen von den Einsatzgruppen unterscheidet, ist die \u00f6ffentliche Feier der Massaker im Gazastreifen. Die Nazis bem\u00fchten sich, ihr teuflisches Werk zu verbergen, weil selbst unter ihnen irgendwo die Einsicht umherirrte, dass das, was sie taten, ein Verbrechen gegen die tiefste ethische Ordnung im Kosmos war. Aber die pal\u00e4stinensischen Terroristen feiern Vergewaltigungen, feiern die Dem\u00fctigung von lebenden und toten Juden, feiern die Angst im Gesicht der Geisel. Und weltweit werden sie von Menschen mit der gleichen psychopathischen Veranlagung bewundert.<br \/>\nDiese Terroristen geraten in einen Blutrausch, indem sie ihre Opfer buchst\u00e4blich in St\u00fccke reissen. Im syrischen B\u00fcrgerkrieg werden Gefangene und Opfer versehrt, wie es auch im iranisch-irakischen Krieg geschah. Die Dem\u00fctigung des Feindes muss total sein, genauso wie der Sieg oder die Niederlage total sein muss: mit dem Abschlachten aller, die zum Feind geh\u00f6ren. So werden die D\u00f6rfer und Regionen der Unterworfenen bis auf das letzte Kind liquidiert. So werden alte, junge, m\u00e4nnliche und weibliche Juden von orgiastischen pal\u00e4stinensischen Terroristen abgeschlachtet; und diese werden f\u00fcr das T\u00f6ten der Unterworfenen gefeiert.<br \/>\nIm Oktober 2000 haben sich zwei israelische Soldaten in Ramallah verirrt. Sie wurden ergriffen und verpr\u00fcgelt, getreten und erstochen. Einer der Pal\u00e4stinenser, die daran beteiligt waren, zeigte im Triumph seine blutigen H\u00e4nde der Menge, die vor dem Haus wartete, in dem das Massaker stattfand. Er wurde beklatscht. Einer der toten Israeli wurde nach draussen geworfen, sein K\u00f6rper zerfetzt, verbrannt, sein Kopf zu Brei zertrampelt. Unter Jubel wurden die Leichen durch die Strassen geschleift. Was sich am Samstag in Gaza abspielte, war die massenhafte Wiederholung dieses archaischen Stammesrituals an jedem Juden, den die Terroristen in die Finger bekamen.<br \/>\nViele Medien behielten die gr\u00f6sseren Zusammenh\u00e4nge im Auge, so dass die Bestialit\u00e4ten kaum in den Blickpunkt gerieten.<br \/>\nEbenfalls nicht in den Fokus geriet die Tatsache (Nummer eins), dass der Gazastreifen seit 2005 ein unabh\u00e4ngiger Stadtstaat ohne Juden oder israelische Soldaten ist. Die Entscheidung, Gaza zu einer terroristischen Festung zu machen, ist die Entscheidung von Islamisten, die es nicht n\u00f6tig haben, ein nah\u00f6stliches Singapur zu errichten, wo doch Gaza ideal zwischen Israel und \u00c4gypten liegt und sch\u00f6ne Str\u00e4nde oder bunte M\u00e4rkte hat. Das tyrannische Gef\u00e4ngnis Gaza wurde von der Hamas und nicht von Israel errichtet.<br \/>\nDie Hamas hat den Gazastreifen seit 2005, nach dem vollst\u00e4ndigen R\u00fcckzug Israels, zu einem St\u00fctzpunkt des Terrors ausgebaut. Es glaube niemand die L\u00fcge, Gaza sei ein Gef\u00e4ngnis f\u00fcr jeden Pal\u00e4stinenser. Wer die richtigen Verbindungen hat, geht \u00fcber \u00c4gypten in den Urlaub und bereist die Welt. Die reiche und korrupte Oberschicht lebt dort in riesigen Villen, besucht luxuri\u00f6se Einkaufszentren und geniesst die Strandrestaurants. Schauen Sie sich die Tweets von @imshin an, der den extremen Reichtum in Gaza in seinen Videos aufdeckt.<br \/>\nEine weitere Tatsache (Nummer zwei), die viele Medien nicht m\u00f6gen und deshalb verschwiegen, ist die schiere Bosheit, von der die Hamas angetrieben wird. Die Hamas will nicht nur die Juden Israels t\u00f6ten, sondern alle Juden auf der Welt. Davon sprechen die Hamas-Terroristen schon so lange, wie es die Hamas gibt. F\u00fcr sie ist das Land Israel ein ausschliesslich islamisches Land, in dem die Muslime herrschen sollten und nicht die Juden.<br \/>\n1929 t\u00f6teten Araber siebzig Juden in Hebron, da gab es kein Israel, kein angeblich gepl\u00fcndertes Land, Pal\u00e4stina war britisches Mandatsgebiet. Schon damals entz\u00fcndeten sich die arabischen Gem\u00fcter an Berichten, dass die Juden die Zerst\u00f6rung des Tempelbergs planten. Die Hamas widmet sich noch immer dieser Art von Aufwiegelung. Der Hass ihrer Anh\u00e4nger gilt den Juden, von denen sie sich gedem\u00fctigt f\u00fchlen. Zugleich sagt ihnen ihre Tradition, dass diese Juden minderwertige Nachkommen von Affen und Schweinen und die erbittertsten Feinde des Propheten sind. Darum sollten die Juden vom Angesicht der Erde verschwinden.<br \/>\nEine dritte Tatsache, die manche westlichen Medien nicht gerne ihrem Publikum pr\u00e4sentieren, betrifft die Art und Weise, wie viele Pal\u00e4stinenser die Juden in Israel charakterisieren: Jeder Israeli sei ein Siedler, behaupten sie. Wenn das so ist, gibt es kein legitimes Israel und keinen legitimen israelischen B\u00fcrger. Jeder Jude ist also ein berechtigtes Ziel, das verst\u00fcmmelt werden muss, um sich f\u00fcr die Dem\u00fctigungen zu r\u00e4chen, die der pal\u00e4stinensische Muslim seit hundert Jahren erleiden muss, nachdem er von den Juden angeblich um Land, H\u00e4user und Wohlstand gebracht worden ist.<br \/>\nDie meisten Pal\u00e4stinenser werden also niemals die Existenz eines j\u00fcdischen Staates akzeptieren. Denn damit m\u00fcssten sie anerkennen, dass heiliges islamisches Land erfolgreich von Juden kontrolliert werden kann. Das ist in ihrem religi\u00f6sen Universum, das mit dem ihrer Juden hassenden iranischen Herren identisch ist, undenkbar.<br \/>\nDer Westen sollte sich nicht in Illusionen verlieren: Die apokalyptischen Ambitionen Irans umfassen die ganze Welt. Auch Christen, Hindus, Buddhisten und Ungl\u00e4ubige m\u00fcssen vernichtet oder unterworfen werden.<br \/>\nWir erleben eine orgiastische Explosion von Gewalt, eine m\u00f6rderische Lust, die kulturell, stammesm\u00e4ssig und religi\u00f6s sanktioniert ist, wie zu Zeiten des Propheten. Wohlwollende und sogenannt fortschrittliche israelische Juden wie auch die vielen talentierten und sanften Schriftsteller, die im Westen so beliebt sind, hatten sich gegen alle Vernunft der Illusion hingegeben, es gehe bei dem Streit um Land. Nein. Dies ist eine vormoderne Region, in der Israel zu \u00fcberleben versucht und dazu das Dilemma l\u00f6sen muss, wie man sich gegen monstr\u00f6se Verbrecher verteidigt, ohne zugleich selber monstr\u00f6s zu werden.<br \/>\nEin Grossteil der Medien verbreitet die L\u00fcge, dass Israeli und Hamas-Terroristen gleichwertig seien. Es gibt keine Gleichwertigkeit zwischen Licht und Dunkelheit.<br \/>\nDie Hamas kann keinen Frieden schliessen, weil der Krieg ihr Wesen ausmacht. Es gibt nur eine L\u00f6sung: Der St\u00e4rkere gewinnt.<br \/>\n10.10.2023 von Leon de Winter bitte lesen auf<br \/>\n<a href=\"https:\/\/www.facobook.com\">https:\/\/www.facobook.com<\/a> bzw. vom 9.10.2023 auf<br \/>\n<a href=\"https:\/\/www.nzz.ch\/feuilleton\/angriff-auf-israel-die-hamas-macht-kein-hehl-aus-ihren-bestialischen-motiven-ld.1759944\">https:\/\/www.nzz.ch\/feuilleton\/angriff-auf-israel-die-hamas-macht-kein-hehl-aus-ihren-bestialischen-motiven-ld.1759944<\/a><br \/>\n18.10.2023 auf<br \/>\n<a href=\"https:\/\/www.publicomag.com\/2023\/10\/israels-dilemma-das-land-muss-sich-gegen-monstroese-verbrecher-verteidigen-ohne-selbst-monstroes-zu-werden\/\">https:\/\/www.publicomag.com\/2023\/10\/israels-dilemma-das-land-muss-sich-gegen-monstroese-verbrecher-verteidigen-ohne-selbst-monstroes-zu-werden\/<\/a><\/p>\n<p>.<br \/>\n.<br \/>\n<strong>(3) Eine Rede, die der Bundeskanzler am Montag h\u00e4tte halten m\u00fcssen<\/strong><br \/>\nMorgen (12.10.2023) will der Bundeskanzler im Bundestag eine Rede halten. Es w\u00e4re gut, richtig und wichtig gewesen, wenn Olaf Scholz bereits am Montagnachmittag vor die Presse gegangen w\u00e4re und eine Ansprache an die deutschen B\u00fcrger, an die Nation gehalten h\u00e4tte. Sie h\u00e4tte nicht lang sein m\u00fcssen. Diese Rede wurde nicht gehalten.<br \/>\n&#8230;<br \/>\nIm Wesentlichen h\u00e4tte die Rede folgende Punkte enthalten m\u00fcssen:<\/p>\n<p><em>Am Samstag hat die Hamas mit gro\u00dfer Grausamkeit Israel angegriffen, mit zahllosen Raketen israelische Ortschaften beschossen, sind Terroristen der Hamas auf israelisches Territorium vorgedrungen, haben Jagd auf Zivilisten gemacht, Zivilisten ermordet, verschleppt, vergewaltigt. Unter den Opfern befinden sich auch deutsche Staatsb\u00fcrger.<\/em><br \/>\n<em>Ich habe heute das Sicherheitskabinett zusammengerufen. Folgende Entscheidungen wurden getroffen.<\/em><br \/>\n<em>Das Ausw\u00e4rtige Amt und das Verteidigungsministerium organisieren, dass ab morgen die deutschen Staatsb\u00fcrger aus Israel ausgeflogen werden. Eine Arbeitsgruppe im Au\u00dfenministerium unterst\u00fctzt die deutsche Botschaft in Israel. Wir richten Sonder- und Notrufleitungen ein. Koste es, was es wolle, wir holen unsere Leute ab Dienstag nach Hause.<\/em><br \/>\n<em>Das Innenministerium und die Dienste erh\u00f6hen den Terrorschutz und unterbinden antisemitische Kundgebungen. An den Grenzen wird der station\u00e4re Grenzschutz eingerichtet, die Einreise nach Deutschland kontrolliert und konsequent reduziert. Deutschland wird zudem den Schutz der Au\u00dfengrenzen wirksam unterst\u00fctzen und die Finanzierung der sogenannten Seenotrettung einstellen.<\/em><br \/>\n<em>Die Dienste suchen nach unseren verschleppten Landsleuten. Die Justiz nimmt die Ermittlungen wegen Verbrechens gegen die Menschlichkeit, wegen Mord, wegen Vergewaltigung, wegen Freiheitsberaubung gegen die Hamas und auch gegen ihre Unterst\u00fctzer in Deutschland auf.<\/em><\/p>\n<p><em>Die Zahlungen an pal\u00e4stinensische Organisationen werden mit sofortiger Wirkung bis auf weiteres gestoppt, zumindest solange nicht zweifelsfrei nachgewiesen ist, dass deutsche F\u00f6rderungen weder unmittelbar noch mittelbar den Terror und die Hamas finanzieren.<\/em><br \/>\n<em>Die n\u00e4chsten Schritte erfolgen in enger Abstimmung mit unseren franz\u00f6sischen Freunden und unseren amerikanischen Partnern.<\/em><br \/>\n<em>Deutschland steht fest an der Seite Israels.<\/em><\/p>\n<p>Mehr h\u00e4tte es nicht bedurft, kein rhetorisches Pathos, kein rhetorischer Bombast, sondern die \u00dcbernahme von F\u00fchrung und Orientierung, statt gro\u00dfer Worte praktisches Handeln.<br \/>\n&#8230; Alles vom 11.10.2023 von Klaus-R\u00fcdiger Mai bitte lesen auf<br \/>\n<a href=\"https:\/\/www.tichyseinblick.de\/meinungen\/rede-bundeskanzler-olaf-scholz-israel\/\">https:\/\/www.tichyseinblick.de\/meinungen\/rede-bundeskanzler-olaf-scholz-israel\/<\/a><br \/>\n.<br \/>\n.<\/p>\n<p><strong>(4) Sarrazins 6-Punkte-Plan gegen diese gef\u00e4hrliche Migration<\/strong><br \/>\nDie Bilder aus vielen europ\u00e4ischen Gro\u00dfst\u00e4dten schockieren: In Berlin, London oder Rotterdam versammelten sich in diesen Tagen tausende Terror-Sympathisanten, um die Angriffe auf Israel zu bejubeln. Antisemitische Sprechch\u00f6re hallten \u00fcber \u00f6ffentliche Pl\u00e4tze in Deutschland. Nun muss auch der letzte Gutgl\u00e4ubige einsehen, dass die hiesige Integrationspolitik krachend gescheitert ist. \u00dcber Jahrzehnte haben sich hierzulande muslimische Parallelgesellschaften gebildet, die f\u00fcr sich leben. Doch wer vor diesen Parallelgesellschaften warnte, wurde beschimpft und ausgegrenzt.<br \/>\n&#8230;<br \/>\nEin funktionierendes System der Einwanderungsbegrenzung muss nach umfangreichen und entsprechenden Rechts\u00e4nderungen auf nationaler sowie internationaler Ebene folgende Elemente umfassen:<br \/>\n1. Asylverfahren au\u00dferhalb Europas<br \/>\nEs ben\u00f6tigt ausreichende Kapazit\u00e4ten in Aufnahmelagern der UNHCR au\u00dferhalb Europas. Diese Kapazit\u00e4ten m\u00fcssen ausk\u00f6mmlich finanziert werden.<br \/>\n2. Transitr\u00e4ume und Verk\u00fcrzung der Asylverfahren auf vier bis sechs Wochen<br \/>\nAlle k\u00fcnftigen Asylverfahren werden in den Fl\u00fcchtlingslagern beziehungsweise speziell zu schaffenden Transitr\u00e4umen durchgef\u00fchrt. Die Verfahrensdauer wird auf vier bis sechs Wochen verk\u00fcrzt. Gegen ergangene Bescheide kann nur beschr\u00e4nkt beziehungsweise gar nicht in Berufung gegangen werden.<br \/>\n3. Seegrenzen \u00fcberwachen<br \/>\nDie Seegrenzen der EU m\u00fcssen wirksam \u00fcberwacht und alle aufgebrachten Boote mit Asylbewerbern und illegalen Einwanderern an Bord unverz\u00fcglich an den Ausgangspunkt ihrer Seereise verbracht werden.<br \/>\n4. Abgelehnte Asylbewerber ausnahmslos abschieben<br \/>\nAusreisepflichtige Asylbewerber werden ausnahmslos in ihre Herkunftsl\u00e4nder abgeschoben. Daf\u00fcr braucht es Abkommen mit den Herkunftsl\u00e4ndern, unter Umst\u00e4nden muss dies aber auch gegen deren Willen unter milit\u00e4rischem Schutz stattfinden.<br \/>\n5. Kein Bargeld \u00ad\u2013 nur noch Sachleistungen<br \/>\nAsylbewerber erhalten Sachleistungen statt Geldzahlungen.<br \/>\n6. Nur noch Kontigentfl\u00fcchtlinge<br \/>\nAls Fl\u00fcchtlinge werden ausschlie\u00dflich Kontigentfl\u00fcchtlinge aus au\u00dfereurop\u00e4ischen Fl\u00fcchtlingslagern aufgenommen.<br \/>\n&#8230; Alles vom 11.10.2023 bitte lesen auf<br \/>\n<a href=\"https:\/\/www.nius.de\/Kommentar\/das-muss-jetzt-geschehen-sarrazins-6-punkte-plan-gegen-diese-gefaehrliche-migration\/e49e8e64-0af7-4b40-a1e7-484585a220d9\">https:\/\/www.nius.de\/Kommentar\/das-muss-jetzt-geschehen-sarrazins-6-punkte-plan-gegen-diese-gefaehrliche-migration\/e49e8e64-0af7-4b40-a1e7-484585a220d9<\/a><br \/>\n.<br \/>\n.<br \/>\n<strong>(5) Deutschland hat den Hamas-Terror querfinanziert \u2013 und wollte nicht h\u00f6ren<\/strong><br \/>\n<strong>Die unheimliche deutsche Liebe zum UNRWA<\/strong><br \/>\nAus ideologischer Engstirnigkeit und internationaler Profilierungssucht heraus unterst\u00fctzt Deutschland seit Jahren das Pal\u00e4stinenserfl\u00fcchtlingswerk <a href=\"https:\/\/www.freiburg-schwarzwald.de\/blog\/global\/israel\/palaestina\/\">UNRWA<\/a> trotz dessen Hamas-Verbindungen \u2013 und hat entgegen zahlreicher Warnungen und Kritik diese Kooperation immer weiter ausgebaut.<br \/>\nDie Bundesregierung hat den Terror in Israel querfinanziert. Das klingt hart. Deutlich h\u00e4rter muss man sagen: Sie ist gewarnt worden. Nicht nur in dieser Legislatur \u2013 sondern auch in der Legislatur davor. Die SPD, die schon in fr\u00fcheren Koalitionen ihre Verbundenheit zu Pal\u00e4stina sehr offen gezeigt hat, hat diese an der Kanzlerspitze lediglich fortgef\u00fchrt. Dass auch die CDU ihren Anteil daran hat, versucht sie aktuell zu vertuschen. Dabei muss klar sein: Der Au\u00dfenminister mag Maas, Gabriel oder Steinmeier gehei\u00dfen haben. Die Bundeskanzlerin war jedoch die letzten 16 Jahre Angela Merkel.<br \/>\nIm Zentrum dieser Querfinanzierung steht nicht zuletzt das UNRWA, das pal\u00e4stinensische Fl\u00fcchtlingswerk der Vereinten Nationen. Zur Erinnerung: Es handelt sich um jene Einrichtung, wo antisemitische B\u00fccher kursierten; Hamas-freundliche und Israel-feindliche Lehrer ihre Sch\u00fcler indoktrinierten; Mitarbeiter sich \u00fcber erfolgreiche Anschl\u00e4ge freuten und Hitler verherrlichten; Hamas-Raketen versteckt wurden; und Mitglieder der Hamas auch direkt arbeiteten. W\u00e4hrend andere Fl\u00fcchtlingswerke Fl\u00fcchtlinge ansiedeln, hat diese \u201etempor\u00e4re\u201c, seit 1946 bestehende Organisation vor allem die Aufgabe, den Fl\u00fcchtlingsstatus zu perpetuieren. Aus den einst rund 700.000 Arabern, f\u00fcr die das Werk sorgen sollte, sind qua Geburtsrecht mittlerweile rund 6 Millionen geworden.<br \/>\n&#8230;<br \/>\nEU-B\u00fcrokraten finanzierten die Pal\u00e4stinenser mit 8,3 Milliarden Euro<br \/>\nWas nicht sein darf, kann auch nicht sein: In den UNRWA-Schulen gelten schlie\u00dflich die Werte und Grunds\u00e4tze der Vereinten Nationen! Die Bundesregierung gab demnach keine richtige Antwort, \u00e4u\u00dferte sich weder zu den B\u00fcchern noch zu den Kontrollmechanismen. Ihr war schlichtweg egal, wohin das Geld floss, solange man damit ein Zeichen gegen Donald Trump und f\u00fcr die moralische Stellung Deutschlands in der Welt setzen konnte. Wichtig war lediglich: Es musste viel Geld an das UNRWA flie\u00dfen. In einer anderen Frage der AfD-Bundestagsabgeordneten stellte das Ausw\u00e4rtige Amt eine Liste der \u00dcberweisungen zusammen (Stand 2018):<br \/>\n2005: 2.885.000 Euro<br \/>\n2006: 3.764.111 Euro<br \/>\n2007: 8.225.566 Euro<br \/>\n2008: 9.519.341 Euro<br \/>\n2009: 10.261.303 Euro<br \/>\n2010: 10.990.289 Euro<br \/>\n2011: 9.581.777 Euro<br \/>\n2012: 22.599.392 Euro<br \/>\n2013: 38.624.206 Euro<br \/>\n2014: 60.247.993 Euro<br \/>\n2015: 37.305.04 Euro<br \/>\n2016: 65.392.467 Euro<br \/>\n2017: 79.612.305 Euro<br \/>\n&#8230;<br \/>\nM\u00f6gliche Unterst\u00fctzung von Hamas-Mitgliedern, Hamas-Sympathisanten und die Duldung der Heranziehung von potenziellem Hamas-Nachwuchs \u2013 eine zu vernachl\u00e4ssigende Randerscheinung, wenn man damit Donald Trump desavouieren kann. So funktioniert deutsche Au\u00dfenpolitik, so weit denken die sozialdemokratischen Strategen. Dass ein antisemitisches Schulbuch von vor zehn Jahren den Terroristen von heute mit herangez\u00fcchtet hat, passt offenbar nicht in diese ideologische Engstirnigkeit und internationale Profilierungssucht.<br \/>\n&#8230; Alles vom 11.10.2023 von Marco Gallina bitte lesen auf<br \/>\n<a href=\"https:\/\/www.tichyseinblick.de\/meinungen\/deutschland-hat-den-hamas-terror-querfinanziert-und-wollte-nicht-hoeren\/\">https:\/\/www.tichyseinblick.de\/meinungen\/deutschland-hat-den-hamas-terror-querfinanziert-und-wollte-nicht-hoeren\/<\/a><br \/>\n.<br \/>\n.<br \/>\n<strong>(6) Deutsche Staatsr\u00e4son: Deutschlands Verantwortung gegen\u00fcber Israel<\/strong><br \/>\nSeit dem Terror-Angriff der Hamas auf Israel h\u00e4tte die Bundesregierung die Gelegenheit zu zeigen, was genau sie unter der Sicherheit Israels als deutsche Staatsr\u00e4son versteht. Nicht nur au\u00dfenpolitisch: W\u00e4hrend Zahlungen an die Pal\u00e4stinenser selbstverst\u00e4ndlich auf den Pr\u00fcfstand m\u00fcssen, stellt sich die eigentliche Aufgabe im Innern.<br \/>\n&#8230;.<br \/>\nDurch fast alle Parteien hindurch, \u00fcber alle gesellschaftspolitischen Akteure hinweg muss sich die deutsche \u00d6ffentlichkeit einem unverzeihlichen Vers\u00e4umnis stellen: Jahrzehntelang hat man sich damit begn\u00fcgt, die aus dem Holocaust resultierende Verantwortung gegen\u00fcber Israel und j\u00fcdischem Leben mit Gedenkveranstaltungen und wortgewaltiger Rhetorik einzul\u00f6sen \u2013 mit besten Absichten, keine Frage. Eine Gedenkkultur, die sich auf die Nachfahren von T\u00e4tern konzentriert, entfaltet jedoch zwangsl\u00e4ufig schon nach wenigen Generationen kaum noch Wirkung \u2013 v\u00f6llig ungeeignet ist diese Art und Weise der Verantwortungs\u00fcbernahme, um Menschen mit Migrationshintergrund zu sensibilisieren, und die \u201eStaatsr\u00e4son\u201c Israel im Selbstverst\u00e4ndnis der Menschen zu verankern.<br \/>\n<em><strong>Was aber bringt eine Staatsr\u00e4son, die im Bewusstsein des Volkes in seiner gegenw\u00e4rtigen Gestalt \u00fcberhaupt keinen Halt findet?<\/strong><\/em> Man hat zugelassen, dass in Deutschland eine signifikante Anzahl an Mitb\u00fcrgern mit Migrationshintergrund tiefsitzende antisemitische Ressentiments pflegt, die in migrantischen Echokammern nicht hinterfragt werden. Konservative zeigten zumeist kein gesteigertes Interesse daran, die sich langsam verfestigenden sozialen Ghettos aufzubrechen, und belie\u00dfen es mit Hinweis auf die \u201eBringschuld\u201c von Migranten dabei, sich \u00fcber mangelnde Integration lediglich zu beklagen.<br \/>\nLinke Kreise indes haben dieses Gedankengut bereitwillig befeuert und legitimiert \u2013 konnte man doch das ewige schlechte Gewissen am besten beruhigen, indem man muslimischen Opfererz\u00e4hlungen das Wort redete und dieser Bev\u00f6lkerungsgruppe jegliche Eigenverantwortung absprach.<br \/>\nDas Ergebnis dieser desinteressierten und inkompetenten Politik sehen wir nun auf den Stra\u00dfen deutscher Gro\u00dfst\u00e4dte: Propal\u00e4stinensische Demonstrationen, Gruppierungen, die S\u00fc\u00dfigkeiten verteilen, um das Massaker an israelischen B\u00fcrgern zu feiern, Menschen, die in Interviews v\u00f6llig freim\u00fctig und sichtlich stolz davon erz\u00e4hlen, wie sie den Anschlag der Hamas \u201ezuhause gefeiert\u201c h\u00e4tten.<br \/>\n&#8230; Alles vom 12.10.2023 von Anna Diouf bitte lesen auf<br \/>\n<a href=\"https:\/\/www.tichyseinblick.de\/meinungen\/deutschland-verantwortung-israel-staatsraeson\/\">https:\/\/www.tichyseinblick.de\/meinungen\/deutschland-verantwortung-israel-staatsraeson\/<\/a><\/p>\n","protected":false},"excerpt":{"rendered":"<p>Die Ost- bzw. Entspannungspolitik von Willy Brandt handelte gem\u00e4\u00df dem Prinzip &#8222;Land f\u00fcr Frieden&#8220;: Deutschland gibt seine Ostgebiete ab und erreicht damit Frieden. Ganz im Gegensatz dazu funktioniert &#8222;Land f\u00fcr Frieden&#8220; in Nahost nicht. Im Jahr 2005 gibt Israel unter &hellip; <a href=\"https:\/\/www.freiburg-schwarzwald.de\/blog\/land-fuer-frieden\/\">Weiterlesen <span class=\"meta-nav\">&rarr;<\/span><\/a><\/p>\n","protected":false},"author":2,"featured_media":0,"comment_status":"open","ping_status":"closed","sticky":false,"template":"","format":"standard","meta":{"footnotes":""},"categories":[18,195,14,155,13],"tags":[520,84,420],"class_list":["post-116028","post","type-post","status-publish","format-standard","hentry","category-bildung","category-eu","category-global","category-integration","category-kultur","tag-frieden","tag-israel","tag-juden"],"_links":{"self":[{"href":"https:\/\/www.freiburg-schwarzwald.de\/blog\/wp-json\/wp\/v2\/posts\/116028","targetHints":{"allow":["GET"]}}],"collection":[{"href":"https:\/\/www.freiburg-schwarzwald.de\/blog\/wp-json\/wp\/v2\/posts"}],"about":[{"href":"https:\/\/www.freiburg-schwarzwald.de\/blog\/wp-json\/wp\/v2\/types\/post"}],"author":[{"embeddable":true,"href":"https:\/\/www.freiburg-schwarzwald.de\/blog\/wp-json\/wp\/v2\/users\/2"}],"replies":[{"embeddable":true,"href":"https:\/\/www.freiburg-schwarzwald.de\/blog\/wp-json\/wp\/v2\/comments?post=116028"}],"version-history":[{"count":5,"href":"https:\/\/www.freiburg-schwarzwald.de\/blog\/wp-json\/wp\/v2\/posts\/116028\/revisions"}],"predecessor-version":[{"id":116565,"href":"https:\/\/www.freiburg-schwarzwald.de\/blog\/wp-json\/wp\/v2\/posts\/116028\/revisions\/116565"}],"wp:attachment":[{"href":"https:\/\/www.freiburg-schwarzwald.de\/blog\/wp-json\/wp\/v2\/media?parent=116028"}],"wp:term":[{"taxonomy":"category","embeddable":true,"href":"https:\/\/www.freiburg-schwarzwald.de\/blog\/wp-json\/wp\/v2\/categories?post=116028"},{"taxonomy":"post_tag","embeddable":true,"href":"https:\/\/www.freiburg-schwarzwald.de\/blog\/wp-json\/wp\/v2\/tags?post=116028"}],"curies":[{"name":"wp","href":"https:\/\/api.w.org\/{rel}","templated":true}]}}