{"id":115690,"date":"2023-09-28T10:25:01","date_gmt":"2023-09-28T08:25:01","guid":{"rendered":"https:\/\/www.freiburg-schwarzwald.de\/blog\/?p=115690"},"modified":"2026-07-30T21:44:05","modified_gmt":"2026-07-30T19:44:05","slug":"buerger-audiatur-et-altera-pars","status":"publish","type":"post","link":"https:\/\/www.freiburg-schwarzwald.de\/blog\/buerger-audiatur-et-altera-pars\/","title":{"rendered":"B\u00fcrger: Audiatur et altera pars"},"content":{"rendered":"<p>&#8222;Audiatur et altera pars&#8220; bzw. <a href=\"https:\/\/www.freiburg-schwarzwald.de\/blog\/auch-die-andere-seite-anhoeren\/\">&#8222;Man h\u00f6re auch die andere Meinung&#8220;<\/a> &#8211; dieses Prinzip gilt f\u00fcr jeden B\u00fcrger in der Demokratie und sollte von Medien, Politik, staatlichen und <a href=\"https:\/\/www.freiburg-schwarzwald.de\/blog\/vereine\/ngo\/\">NGO<\/a>-Institutionen (z.B. <a href=\"https:\/\/www.freiburg-schwarzwald.de\/blog\/bildung\/politische-bildung\/\">BpB<\/a>) gef\u00f6rdert werden. Was aber leider nicht mehr geschieht. Die <a href=\"https:\/\/www.freiburg-schwarzwald.de\/blog\/kultur\/medien\/mainstream\/\">Mainstreammedien<\/a> kommen ihrer Aufgabe als <a href=\"https:\/\/www.freiburg-schwarzwald.de\/blog\/kultur\/medien\/vierte-gewalt\/\">Vierte Gewalt<\/a> kaum noch nach, <!--more-->die Exekutive zu kritisieren und damit zwischen Auftraggeber (Volk als Souver\u00e4n) und Beauftragtem (Staat bzw. Regierung als Dienstleister) zu vermitteln. Die reichweitenstarken Medien (\u00d6RR wie Private) sind mehr oder weniger zum Sprachrohr der Regierungsmeinung geworden, \u00fcber <a href=\"https:\/\/www.freiburg-schwarzwald.de\/blog\/engagement\/zukunft\/demokratie\/freiheit\/abweichende-meinung\/\">abweichende Meinungen<\/a> (Rechts bzw. Opposition) wird nur sp\u00e4rlich berichtet, die <a href=\"https:\/\/www.freiburg-schwarzwald.de\/blog\/kultur\/medien\/einseitigkeit\/\">Einseitigkeit<\/a> herrscht und macht das Informationsgeschehen auch so monoton und langweilig.<br \/>\nDen <a href=\"https:\/\/www.freiburg-schwarzwald.de\/blog\/kultur\/medien\/medien-afd\/\">AfD-Boykott<\/a> in <a href=\"https:\/\/www.freiburg-schwarzwald.de\/blog\/kultur\/medien\/talkshow\/\">Talkshows<\/a> von ARD und ZDF zeigen folgende Zahlen: Im Jahr 2022 wurden Politiker bei Anne Will, Sandra Maischberger, Markus Lanz, Maybritt Illner und HartAberFair wie folgt eingeladen: SPD 129 mal, CDU\/CSU 125, Gr\u00fcne 100, FDP 67, Linke 34 und AfD 2. Der AfD-Anteil betr\u00e4gt somit nur 0,4 Prozent. Dabei werden die GEZ-Medien vom Steuergeld aller B\u00fcrger finanziert, um alle ausgewogen und objektiv zu informieren. Von fairem <a href=\"https:\/\/www.freiburg-schwarzwald.de\/blog\/kultur\/medien\/meinungsfreiheit\/meinungsstreit\/\">Meinungsstreit<\/a> kann im \u00d6RR leider \u00fcberhaupt keine Rede mehr sein.<br \/>\n.<br \/>\n<strong>Informiere Dich stets \u00fcber beide Seiten \u201eAudiatur et altera pars\u201c:<\/strong><br \/>\n<strong><a href=\"https:\/\/www.spiegel.de\">https:\/\/www.spiegel.de<\/a> (Mainstream-Medien) sowie<\/strong><br \/>\n<strong><a href=\"https:\/\/www.freiedenker.de\">https:\/\/www.freiedenker.de<\/a> (Alternative Medien)<\/strong><br \/>\n.<br \/>\nNachdem die <a href=\"https:\/\/www.freiburg-schwarzwald.de\/blog\/vereine\/partei\/cdu\/cdu-opposition\/\">CDU<\/a> unter Merkel nach links abgedriftet ist, ist die AfD die einzige Partei, die die politische Rechte bzw. den Rechtskonservatismus im Bundestag vertritt. Der AfD-Anteil von 0,4 Prozent in Talkshows des \u00d6RR wird mit der Gleichsetzung von rechts und rechtsextrem begr\u00fcndet &#8211; eine dem demokratischen Pluralismus widersprechende Gleichung. Denn: \u201e<a href=\"https:\/\/www.freiburg-schwarzwald.de\/blog\/wo-links-ist-da-ist-auch-rechts\/\">Wo es links gibt, ist auch rechts<\/a>\u201c (R\u00fcdiger Safranski). Dabei gilt immer \u201eLinks ist nicht linksextrem\u201c sowie \u201erechts ist nicht rechtsextrem\u201c. Demokratie lebt von der Streit- bzw. <a href=\"https:\/\/www.freiburg-schwarzwald.de\/blog\/kultur\/medien\/diskussionskultur\/diskussionskultur2023\/\">Diskussionskultur<\/a> zwischen linker und rechter Meinung, vom Pluralismus, um Argumente auszutauschen und den Kompromi\u00df zu suchen. Aus diesem Grunde ist es erforderlich, die fr\u00fchere Links-rechts-Ausgewogenheit in der deutschen Medienlandschaft wieder herzustellen.<br \/>\n.<br \/>\nDer m\u00fcndige B\u00fcrger hat es also schwer mit &#8222;Audiatur et altera pars&#8220;, er mu\u00df sich \u00fcber das rechte und konservative Meinungsspektrum m\u00fchsam \u00fcber die <a href=\"https:\/\/www.freiburg-schwarzwald.de\/blog\/kultur\/medien\/neue-medien\/\">neuen Medien<\/a>, das Internet bzw. die ausl\u00e4ndische Presse informieren: z.B. NZZ.ch, Weltwoche.ch, <a href=\"https:\/\/www.freiburg-schwarzwald.de\/blog\/presseclub-oder-kontrafunk\/\">Kontrafunk.ch<\/a>, AUF1, Servus TV, die zahlreichen englischsprachigen Medien.<\/p>\n<p>J\u00fcngstes Beispiel: Die <a href=\"https:\/\/www.freiburg-schwarzwald.de\/blog\/vereine\/partei\/afd\/\">AfD<\/a> wird immer st\u00e4rker, \u00fcber das Programm der rechtskonservativen Partei wird der B\u00fcrger in den gro\u00dfen Medien nicht detailliert, ausgewogen und wertungsfrei informiert. Nun hat der Sender AUF1 die Chefs der beiden konservativen Oppositionsparteien in \u00d6sterreich und Deutschland, FP\u00d6-Obmann Herbert Kickl und AfD-Bundessprecherin Dr. Alice Weidel zu einem fast 1 1\/2-st\u00fcndigen Interview eingeladen (1).<br \/>\n<a href=\"https:\/\/youtu.be\/mcdWaHB6asw?si=wxag-w36dnLbPvle\">https:\/\/youtu.be\/mcdWaHB6asw?si=wxag-w36dnLbPvle<\/a><br \/>\n<a href=\"https:\/\/www.youtube.com\/watch?v=mcdWaHB6asw\">https:\/\/www.youtube.com\/watch?v=mcdWaHB6asw<\/a><br \/>\nDas Erfreuliche (2): Beide k\u00f6nnen ausreden und in Ruhe ihre politischen Leitlinien darlegen.<br \/>\nDer <a href=\"https:\/\/www.freiburg-schwarzwald.de\/blog\/global\/oesterreich\/\">\u00d6sterreicher<\/a> Herbert Kickl sieht das gr\u00f6\u00dfte Problem in der Vertrauenskrise der B\u00fcrger in die Politik: Die Bev\u00f6lkerung macht &#8222;in immer k\u00fcrzerer Zeit immer mehr schlechte Erfahrungen mit den Politikern&#8220;, die verk\u00fcnden: &#8222;Wir glauben, da\u00df wir in der Lage sind, Dich vor Dir selbst zu sch\u00fctzen&#8220;. Nudging und Framing.<br \/>\nF\u00fcr die Deutsche Alice Weidel die Hauptsorge: &#8222;Wir Deutschen haben die Art, von einem Extrem ins andere Extrem zu fallen&#8220; und sie nennt dazu drei erschreckende Zahlen als Ergebnis der Regierungsarbeit von <a href=\"https:\/\/www.freiburg-schwarzwald.de\/blog\/engagement\/zukunft\/demokratie\/ampel\/\">Ampel<\/a> und <a href=\"https:\/\/www.freiburg-schwarzwald.de\/blog\/global\/deutschland\/merkel-deutschland\/\">Merkel<\/a>-Koalitionen:<br \/>\n1) 48 % der deutschen B\u00fcrger haben ein Jahreseinkommen von unter 30.000 Euro brutto.<br \/>\n2) 50 % haben keinerlei Immobilienbesitz.<br \/>\n3) 25 % der Rentner sind auf Grundsicherung angewiesen.<br \/>\nBeide rechtskonservative Politiker konstatieren \u00fcbereinstimmend: Unser Wohlstand wird abgebrannt (3) durch die drei Antriebe von <a href=\"https:\/\/www.freiburg-schwarzwald.de\/blog\/kultur\/kulturverlust\/woke\/\">Woke<\/a> &#8222;Machtgier, Gewinnstreben und Ideologie&#8220; (Kickl). Das Wohl und der Wille (4) der B\u00fcrger scheinen f\u00fcr die Machthaber in Wien und Berlin nachrangig zu sein. Die R\u00fcckkopplung der Entscheidungen an das Volk als Souver\u00e4n unterbleibt, es findet ein Kampf gegen die eigene Bev\u00f6lkerung statt. Eine Legitimitation durch <a href=\"https:\/\/www.freiburg-schwarzwald.de\/blog\/engagement\/zukunft\/angst\/angstgesellschaft\/\">Angst<\/a> kennzeichnet die derzeitige Politik zu Corona, Krieg und Klima. Und Angst macht den Staatsb\u00fcrger zum <a href=\"https:\/\/www.freiburg-schwarzwald.de\/blog\/kritik-und-abweichende-meinung\/\">kritikunf\u00e4higen<\/a>, willf\u00e4hrigen <a href=\"https:\/\/www.freiburg-schwarzwald.de\/blog\/global\/deutschland\/gesellschaft\/untertan\/\">Untertan<\/a> &#8211; gut f\u00fcr die Machthaber, schlecht f\u00fcr die freiheitlich-demokratische Grundordnung.<\/p>\n<p>Man mu\u00df dem Konservatismus nicht zugeneigt sein. Und man mu\u00df die rechtskonservativen Parteien AfD und FP\u00d6 nicht m\u00f6gen. Gleichwohl sollte man sich als m\u00fcndiger B\u00fcrger unserer Demokratie \u00fcber deren politischen Programme sachlich informieren. Das Interview auf AUF1 <a href=\"https:\/\/www.youtube.com\/watch?v=mcdWaHB6asw\">https:\/\/www.youtube.com\/watch?v=mcdWaHB6asw<\/a> bietet dazu eine gute Gelegenheit. Solange es bei Youtube noch verf\u00fcgbar ist.<br \/>\n28.9.2023<br \/>\n.<br \/>\nEnde von Beitrag &#8222;B\u00fcrger: Audiatur et altera pars&#8220;<br \/>\n========================================================<br \/>\nBeginn von Anlagen (1) &#8211; (4)<br \/>\n.<\/p>\n<p><strong>(1) Meilenstein \u2013 Interview bei AUF1 aktuell: Kickl (FP\u00d6) &amp; Weidel (AfD)<\/strong><br \/>\n<strong>Premiere im deutschsprachigen Fernsehen<\/strong><br \/>\nAlice Weidel (AfD) und Herbert Kickl (FP\u00d6) erstmals im Doppelinterview! Bei Stefan Magnet, AUF1! Und erstmals d\u00fcrfen die beiden im Fernsehen auch wirklich ihre Argumente vorbringen und frei sprechen\u2026! Was l\u00e4uft hier wirklich falsch? K\u00f6nnen Wahlen \u00fcberhaupt etwas ver\u00e4ndern und was w\u00fcrden AFD und FP\u00d6 tun, um dieses Land zu retten? Gibt es \u00fcberhaupt noch Rettung? Es geht um die grunds\u00e4tzliche Frage, betonen beide: Wird es in Zukunft wieder eine Politik f\u00fcr die eigene Bev\u00f6lkerung geben oder wird weiter gegen das Volk regiert.<br \/>\n&#8230; Alles vom 22.9.2023 bitte lesen auf<br \/>\n<a href=\"https:\/\/www.mediagnose.de\/2023\/09\/22\/meilenstein-interview-bei-auf1-aktuell-kickl-fpoe-weidel-afd\/\">https:\/\/www.mediagnose.de\/2023\/09\/22\/meilenstein-interview-bei-auf1-aktuell-kickl-fpoe-weidel-afd\/<\/a><br \/>\n.<\/p>\n<p><strong>(2) Kickl &amp; Weidel: Wende zum Guten wird ein harter Kampf!<\/strong><br \/>\n&#8230; Alles vom<br \/>\n<a href=\"https:\/\/auf1.tv\/das-grosse-interview\/kickl-weidel-wende-zum-guten-wird-ein-harter-kampf#\">https:\/\/auf1.tv\/das-grosse-interview\/kickl-weidel-wende-zum-guten-wird-ein-harter-kampf#<\/a><br \/>\n<a href=\"https:\/\/t.me\/auf1tv\">https:\/\/t.me\/auf1tv<\/a><br \/>\n.<br \/>\nEinige Kommentare:<br \/>\nGanz toll gemacht endlich mal k\u00f6nnten beide Politiker ausreden ohne st\u00e4ndig unterbrochen zu werden .<br \/>\nDanke Herr Magnet f\u00fcr diese G\u00e4ste und ihrer Zur\u00fcckhaltung, eine Sendung wie man sie in den letzten Jahren nicht mehr erlebt hat. M.T.<br \/>\n.<br \/>\nEndlich mal Politiker, die ganze S\u00e4tze vollst\u00e4ndig aussprechen, selbstst\u00e4ndig denken k\u00f6nnen. Sto<br \/>\n.<br \/>\nDanke, eine ganz hervorragende Gespr\u00e4chsrunde. Besonders hat mir gefallen, dass ich Frau Dr. Weidel einmal in Ruhe zu h\u00f6ren konnte. Dies ist bei uns kaum m\u00f6glich. Im Bundestag oder bei dem \u00d6RR wird ihr immer reingesprochen, das Wort abgeschnitten oder die S\u00e4tze verdreht. Hei<br \/>\n.<br \/>\nEndlich ein Gespr\u00e4ch, in welchem nicht st\u00e4ndig unterbrochen wird. Angenehm! Das Buch &#8222;Inside Corona&#8220;, welches Frau Weidel erw\u00e4hnte, stammt von Thomas R\u00f6per (rr ist nicht links oder rechts, sondern hat einfach einen gesunden Menschenverstand.) Danke an Herrn Magnet f\u00fcr seine unerm\u00fcdliche Arbeit! mar<br \/>\nEnde Kommentare<br \/>\n.<br \/>\n.<br \/>\n<strong>(3) Die Sonntagsrunde mit Burkhard M\u00fcller-Ullrich: Politische Kontorsionisten<\/strong><br \/>\nWolfgang Koydl, Journalist bei der \u201eWeltwoche\u201c, Josef Kraus, Publizist und ehemaliger Pr\u00e4sident des Deutschen Lehrerverbands, und Prof. Werner Patzelt, emeritierter Politikwissenschaftler der TU Dresden und jetzt Forschungsdirektor des Mathias Corvinus Collegium in Br\u00fcssel, diskutieren mit Burkhard M\u00fcller-Ullrich &#8230; (auch \u00fcber das Interview Kickl\/Weidel)<br \/>\n&#8230; Alles vom 24.9.2023 bitte lesen auf<br \/>\n<a href=\"https:\/\/kontrafunk.radio\/de\/sendung-nachhoeren\/politik-und-zeitgeschehen\/die-sonntagsrunde\/die-sonntagsrunde-mit-burkhard-mueller-ullrich-politische-kontorsionisten\">https:\/\/kontrafunk.radio\/de\/sendung-nachhoeren\/politik-und-zeitgeschehen\/die-sonntagsrunde\/die-sonntagsrunde-mit-burkhard-mueller-ullrich-politische-kontorsionisten<\/a><br \/>\n.<\/p>\n<p><strong>(4) Angriffskrieg \u2013 ein heute unentwegt benutztes Wort<\/strong><br \/>\n&#8230; Beim Ersten Weltkrieg, beim Zweiten Weltkrieg, beim Sechs-Tage-Krieg, bei den vielen Kriegen der USA in Lateinamerika, beim Irak-Krieg, beim Vietnamkrieg, beim Jugoslawien-Krieg \u2013 immer kam man mit dem Wort Krieg alleine aus. Jetzt also Angriffskrieg. Offensichtlich soll damit der Verursacher festgezurrt werden. Mit dem st\u00e4ndigen Gebrauch des Wortes \u201eAngriffskrieg\u201c Russlands soll deutlich gemacht werden, dass Russland diesen Krieg begonnen habe und an ihm schuld sei.<br \/>\n.<br \/>\nDas ist in diesem Fall eigenartig, weil gerade der Ukraine-Krieg eine <a href=\"https:\/\/www.freiburg-schwarzwald.de\/blog\/global\/ukraine\/vorgeschichte\/\">Vorgeschichte<\/a> hat, die die Benutzung des Wortes Angriffskrieg als fragw\u00fcrdig erscheinen l\u00e4sst. Beim Beschuss der <a href=\"https:\/\/www.freiburg-schwarzwald.de\/blog\/global\/ukraine\/donbass\/\">Ost-Ukraine<\/a> durch die ukrainische Armee in der Zeit nach 2015 sind bekannterma\u00dfen weit \u00fcber 10.000 Menschen get\u00f6tet und viele verwundet worden. Das war eine der Ursachen f\u00fcr die Angriffskrieg genannte Invasion Russlands vom 24. Februar 2022.<br \/>\nWir notieren: Fast noch besser als die westliche Kriegsmaschinerie funktioniert die westliche Propagandamaschinerie.<br \/>\n&#8230; Alles vom 27.9.2023 von Albrecht M\u00fcller bitte lesen auf<br \/>\n<a href=\"https:\/\/www.nachdenkseiten.de\/?p=104412\">https:\/\/www.nachdenkseiten.de\/?p=104412<\/a><\/p>\n","protected":false},"excerpt":{"rendered":"<p>&#8222;Audiatur et altera pars&#8220; bzw. &#8222;Man h\u00f6re auch die andere Meinung&#8220; &#8211; dieses Prinzip gilt f\u00fcr jeden B\u00fcrger in der Demokratie und sollte von Medien, Politik, staatlichen und NGO-Institutionen (z.B. BpB) gef\u00f6rdert werden. Was aber leider nicht mehr geschieht. Die &hellip; <a href=\"https:\/\/www.freiburg-schwarzwald.de\/blog\/buerger-audiatur-et-altera-pars\/\">Weiterlesen <span class=\"meta-nav\">&rarr;<\/span><\/a><\/p>\n","protected":false},"author":2,"featured_media":0,"comment_status":"open","ping_status":"closed","sticky":false,"template":"","format":"standard","meta":{"footnotes":""},"categories":[18,181,36,162,13,98,80,157,171,172],"tags":[281,633,749,682,626,525,703],"class_list":["post-115690","post","type-post","status-publish","format-standard","hentry","category-bildung","category-buergerbeteiligung","category-engagement","category-internet","category-kultur","category-literatur","category-medien","category-oeffentlicher-raum","category-verbraucher","category-zukunft","tag-burgerinitiativen","tag-demokratie","tag-diskussionskultur","tag-freiheit","tag-partei","tag-politik","tag-volk"],"_links":{"self":[{"href":"https:\/\/www.freiburg-schwarzwald.de\/blog\/wp-json\/wp\/v2\/posts\/115690","targetHints":{"allow":["GET"]}}],"collection":[{"href":"https:\/\/www.freiburg-schwarzwald.de\/blog\/wp-json\/wp\/v2\/posts"}],"about":[{"href":"https:\/\/www.freiburg-schwarzwald.de\/blog\/wp-json\/wp\/v2\/types\/post"}],"author":[{"embeddable":true,"href":"https:\/\/www.freiburg-schwarzwald.de\/blog\/wp-json\/wp\/v2\/users\/2"}],"replies":[{"embeddable":true,"href":"https:\/\/www.freiburg-schwarzwald.de\/blog\/wp-json\/wp\/v2\/comments?post=115690"}],"version-history":[{"count":5,"href":"https:\/\/www.freiburg-schwarzwald.de\/blog\/wp-json\/wp\/v2\/posts\/115690\/revisions"}],"predecessor-version":[{"id":152099,"href":"https:\/\/www.freiburg-schwarzwald.de\/blog\/wp-json\/wp\/v2\/posts\/115690\/revisions\/152099"}],"wp:attachment":[{"href":"https:\/\/www.freiburg-schwarzwald.de\/blog\/wp-json\/wp\/v2\/media?parent=115690"}],"wp:term":[{"taxonomy":"category","embeddable":true,"href":"https:\/\/www.freiburg-schwarzwald.de\/blog\/wp-json\/wp\/v2\/categories?post=115690"},{"taxonomy":"post_tag","embeddable":true,"href":"https:\/\/www.freiburg-schwarzwald.de\/blog\/wp-json\/wp\/v2\/tags?post=115690"}],"curies":[{"name":"wp","href":"https:\/\/api.w.org\/{rel}","templated":true}]}}