{"id":115578,"date":"2023-09-15T10:50:04","date_gmt":"2023-09-15T08:50:04","guid":{"rendered":"https:\/\/www.freiburg-schwarzwald.de\/blog\/?p=115578"},"modified":"2023-09-15T10:55:06","modified_gmt":"2023-09-15T08:55:06","slug":"erntedank-schwarzwaldbauern","status":"publish","type":"post","link":"https:\/\/www.freiburg-schwarzwald.de\/blog\/erntedank-schwarzwaldbauern\/","title":{"rendered":"Erntedank Schwarzwaldbauern"},"content":{"rendered":"<p><a href=\"https:\/\/www.freiburg-schwarzwald.de\/blog\/natur\/landwirt\/weinbau\/vollernter\/\">Ernten<\/a> werden zum Lotteriespiel, hat der Bundeslandwirtschaftsminister in seinem Erntebericht 2023 betont. Ja, die Wetterextreme nehmen zu, aber Ernten war immer schon ein Wettlauf mit dem Wetter, der mit technischer Schlagkraft \u00fcberwunden geglaubt war. <!--more-->Heute sind Ernten Teil des <a href=\"https:\/\/www.freiburg-schwarzwald.de\/blog\/natur\/landwirt\/agrar-global\/\">globalen Wettbewerbs<\/a>, mit denen schon vor der Ernte damit an B\u00f6rsen spekuliert wird. Doch diese Spekulationen werden in keinem Ernteberichten erw\u00e4hnt, obwohl sie den Wert der Ernte bestimmen.<br \/>\n.<br \/>\nErst auf den zweiten Blick f\u00e4llt auf, dass Ernteberichte auf <a href=\"https:\/\/www.freiburg-schwarzwald.de\/blog\/natur\/ernaehrung\/getreide\/\">Getreide<\/a> konzentriert sind und <a href=\"https:\/\/www.freiburg-schwarzwald.de\/blog\/natur\/landwirt\/weide\/\">Gr\u00fcnland<\/a> fast nie vorkommt. Was zur pauschalen Debatte um die <a href=\"https:\/\/www.freiburg-schwarzwald.de\/blog\/natur\/tiere\/rinder\/\">Tierhaltung<\/a> hierzulande passt. Wie die <a href=\"https:\/\/www.freiburg-schwarzwald.de\/blog\/natur\/landwirt\/\">B\u00e4uerinnen und Bauern<\/a> verunsichert, weil sie auf Stallbau konzentriert ist und die Betreuung der Tiere \u00fcberhaupt nicht erw\u00e4hnt, hat sich bei unserer Mitgliederversammlung des <a href=\"https:\/\/www.freiburg-schwarzwald.de\/blog\/natur\/landwirt\/schwarzwaldbauern\/\">Forums Schwarzwaldbauern<\/a> am 29. August 2023 offenbart:<br \/>\n<a href=\"https:\/\/forumproschwarzwaldbauern.de\/die-diskussion-um-landwirtschaft-erden\/\">https:\/\/forumproschwarzwaldbauern.de\/die-diskussion-um-landwirtschaft-erden\/<\/a><br \/>\nWas zur \u00dcberwindung des diskutierten Wettbewerbs um Teller, Trog und Tank notwendig w\u00e4re, damit Gras und Kuh auch im <a href=\"https:\/\/www.freiburg-schwarzwald.de\/blog\/regio\/hochschwarzwald\/\">Schwarzwald<\/a> Zukunft haben, hat uns Professor Haiger beim letzten Erntedankgespr\u00e4ch erkl\u00e4rt: <a href=\"https:\/\/forumproschwarzwaldbauern.de\/ernte-optimieren-tatt-maximieren\/\">https:\/\/forumproschwarzwaldbauern.de\/ernte-optimieren-tatt-maximieren\/<\/a><\/p>\n<p>Das neue Zauberwort zum Umbau der <a href=\"https:\/\/www.freiburg-schwarzwald.de\/blog\/natur\/landwirt\/kleinbauern\/\">Landwirtschaft<\/a> hei\u00dft \u201eregenerativ\u201c. Deshalb haben wir zum diesj\u00e4hrigen Erntedankgespr\u00e4ch den Experten eingeladen, der Regeneration lange vor der \u00f6ffentlichen Debatte thematisiert hat. Dazu laden wir herzlich ein zum Thema: <em>&#8222;Regeneration statt Degeneration &#8211; Die Ernte neu denken!&#8220;<\/em><br \/>\nDer Biologe und G\u00e4rtner Michael Beleites besch\u00e4ftigt sich unerm\u00fcdlich mit der Frage, wie wir aus der Wettbewerbsfalle rauskommen und der Ersch\u00f6pfung entgehen. Schon vor 9 Jahren war hat er uns beim Aschermittwochsgespr\u00e4ch die Augen ge\u00f6ffnet \u00fcber die verzerrte Ost-West-Diskussion.<\/p>\n<p>Zur Erinnerung: <a href=\"https:\/\/forumproschwarzwaldbauern.de\/leit-bild-oder-leid-bild\/\">https:\/\/forumproschwarzwaldbauern.de\/leit-bild-oder-leid-bild\/<\/a><br \/>\nMichael Beleites hat die Wettbewerbs-Logik dort erforscht, wo sie herkommt &#8211; in der Biologie. Sein Befund: Nicht Kampf und Konkurrenz leiten die Naturprozesse, sondern Kooperation und \u00f6kologische Integration, die er Umweltresonanz nennt. Damit richtet er den statt auf das Gewinnen im Verdr\u00e4ngungswettbewerb.<br \/>\nDie Denkanst\u00f6\u00dfe dieses Vordenkers sollte sich niemand entgehen lassen. Bitte auch weitersagen und Interessierte mitbringen!<br \/>\nMit herzlichen Gr\u00fc\u00dfen<br \/>\nDer Vorstand Reimund Kuner, Erika Obergefell und Siegfried J\u00e4ckle<br \/>\n15.9.2023 , <a href=\"https:\/\/www.sforum.eu\">https:\/\/www.sforum.eu<\/a> , spittelhof@t-online.de<\/p>\n","protected":false},"excerpt":{"rendered":"<p>Ernten werden zum Lotteriespiel, hat der Bundeslandwirtschaftsminister in seinem Erntebericht 2023 betont. Ja, die Wetterextreme nehmen zu, aber Ernten war immer schon ein Wettlauf mit dem Wetter, der mit technischer Schlagkraft \u00fcberwunden geglaubt war.<\/p>\n","protected":false},"author":2,"featured_media":0,"comment_status":"open","ping_status":"closed","sticky":false,"template":"","format":"standard","meta":{"footnotes":""},"categories":[18,14,180,249,201,67,11,101],"tags":[786,277,716,587,415,419,423],"class_list":["post-115578","post","type-post","status-publish","format-standard","hentry","category-bildung","category-global","category-hochschwarzwald","category-hock","category-landwirt","category-naturschutz","category-regio","category-tiere","tag-agrar","tag-bauer","tag-bauernhof","tag-blackforest","tag-ernte","tag-getreide","tag-lebensmittel"],"_links":{"self":[{"href":"https:\/\/www.freiburg-schwarzwald.de\/blog\/wp-json\/wp\/v2\/posts\/115578","targetHints":{"allow":["GET"]}}],"collection":[{"href":"https:\/\/www.freiburg-schwarzwald.de\/blog\/wp-json\/wp\/v2\/posts"}],"about":[{"href":"https:\/\/www.freiburg-schwarzwald.de\/blog\/wp-json\/wp\/v2\/types\/post"}],"author":[{"embeddable":true,"href":"https:\/\/www.freiburg-schwarzwald.de\/blog\/wp-json\/wp\/v2\/users\/2"}],"replies":[{"embeddable":true,"href":"https:\/\/www.freiburg-schwarzwald.de\/blog\/wp-json\/wp\/v2\/comments?post=115578"}],"version-history":[{"count":3,"href":"https:\/\/www.freiburg-schwarzwald.de\/blog\/wp-json\/wp\/v2\/posts\/115578\/revisions"}],"predecessor-version":[{"id":115581,"href":"https:\/\/www.freiburg-schwarzwald.de\/blog\/wp-json\/wp\/v2\/posts\/115578\/revisions\/115581"}],"wp:attachment":[{"href":"https:\/\/www.freiburg-schwarzwald.de\/blog\/wp-json\/wp\/v2\/media?parent=115578"}],"wp:term":[{"taxonomy":"category","embeddable":true,"href":"https:\/\/www.freiburg-schwarzwald.de\/blog\/wp-json\/wp\/v2\/categories?post=115578"},{"taxonomy":"post_tag","embeddable":true,"href":"https:\/\/www.freiburg-schwarzwald.de\/blog\/wp-json\/wp\/v2\/tags?post=115578"}],"curies":[{"name":"wp","href":"https:\/\/api.w.org\/{rel}","templated":true}]}}