{"id":115474,"date":"2023-09-11T13:47:21","date_gmt":"2023-09-11T11:47:21","guid":{"rendered":"https:\/\/www.freiburg-schwarzwald.de\/blog\/?p=115474"},"modified":"2023-09-13T20:08:03","modified_gmt":"2023-09-13T18:08:03","slug":"migrantengewalt-gegen-csd","status":"publish","type":"post","link":"https:\/\/www.freiburg-schwarzwald.de\/blog\/migrantengewalt-gegen-csd\/","title":{"rendered":"Migrantengewalt gegen CSD"},"content":{"rendered":"<p>Mehrere <a href=\"https:\/\/www.freiburg-schwarzwald.de\/blog\/global\/migration\/migration2021\/\">Migranten<\/a>, darunter zwei <a href=\"https:\/\/www.freiburg-schwarzwald.de\/blog\/global\/migration\/migration-afghanistan\/\">Afghanen<\/a> im Alter von 16- und 20 Jahren, haben Teilnehmer des <a href=\"https:\/\/www.freiburg-schwarzwald.de\/blog\/regenbogen-flagge-und-kult\/\">Christopher Street Days<\/a>\u00a0in Halle attackiert und z.T. schwer verletzt. Dies war zu erwarten, da das Weltbild der <a href=\"https:\/\/www.freiburg-schwarzwald.de\/blog\/selbsthilfe\/frauen\/gender\/lgbtq\/\">LGBTQ<\/a>-Community kaum zu dem der zumeist aus islam-gepr\u00e4gten L\u00e4ndern kommenden Migranten passt, <!--more-->in denen <a href=\"https:\/\/www.freiburg-schwarzwald.de\/blog\/selbsthilfe\/soziales\/homosexualitaet\/\">homosexuelle<\/a> und queere Menschen eher als feindlich eingestuft werden.<br \/>\n.<br \/>\nLeider verheimlichen die Medien die Probleme zwischen Migration und LGBTQ, in dem sie z.B. schreiben &#8222;Halle: CSD-Teilnehmer*in bei queer\u00adfeindlichem Angriff schwer verletzt. CSD-Teilnehmer*\u00adinnen und weiteren Quellen zufolge kamen die St\u00f6rungen w\u00e4hrend der Demo aus der rechtsextremen Szene. \u201c (Queer). Die Attacke von Halle z\u00e4hlt in den Statistiken somit als <a href=\"https:\/\/www.freiburg-schwarzwald.de\/blog\/engagement\/zukunft\/demokratie\/extremismus\/rechtsextremismus\/\">rechtsextreme<\/a> Gewalt. Oder aber man verschweigt mit &#8222;M\u00e4nner attackieren Teilnehmer des Christopher Street Day\u201c (DIE ZEIT) die migrantische Herkunft einfach komplett. &#8222;Ein Mann&#8220; bzw. &#8222;M\u00e4nner&#8220; als Synonyme zu &#8222;Migranten&#8220;?<\/p>\n<p>Wie auch immer: Will man die sich aufbauenden gesellschaftlichen Spannungen und Probleme zwischen Migration und linker bzw. <a href=\"https:\/\/www.freiburg-schwarzwald.de\/blog\/kultur\/kulturverlust\/woke\/\">woker<\/a> Ideologie abbauen, dann m\u00fcssen die Beteiligten explizit benannt werden.<br \/>\nDie zumeist auf der <a href=\"https:\/\/www.freiburg-schwarzwald.de\/blog\/selbsthilfe\/krise\/gewalt\/strassenschlacht\/\">Strasse<\/a> ausgetragene Gewalt von <a href=\"https:\/\/www.freiburg-schwarzwald.de\/blog\/global\/integration\/muslime\/\">muslimischen<\/a> Migranten gegen LGBTQ darf ebensowenig geduldet werden wie deren Gewalt gegen <a href=\"https:\/\/www.freiburg-schwarzwald.de\/blog\/judenfeindlichkeit-nach-2015\/\">Juden<\/a>. In beidem werden noch gro\u00dfe Defizite in den Integrationsbem\u00fchungen sichtbar.<br \/>\n11.9.2023<\/p>\n<p>Ende von Beitrag &#8222;Migrantengewalt gegen CSD&#8220;<br \/>\n=================================================<br \/>\nBeginn von Anlagen (1) &#8211; (5)<\/p>\n<p>.<br \/>\n.<br \/>\n<strong>(1) Angreifer oder Angreifende (Migranten) gegen Teilnehmende (CSD)<\/strong><br \/>\n&#8222;Angreifer haben beim Christopher Street Day in Halle mehrere Teilnehmende verletzt &#8211; eine Person schwer&#8220; (https:\/\/www.zeit.de vom 10.9.2023 , 16.15 Uhr)<br \/>\nDenn es muss \u201eTeilnehmende\u201d hei\u00dfen \u2013 als sie verletzt wurden, nahmen sie ja noch teil! Aber warum spricht die Gazette dann nicht auch von \u201eAngreifenden\u201d? Angreifende verletzten Teilnehmende: Fraug\u00f6ttinsakra \u2013 wie oft muss man das denn noch erkl\u00e4ren?<br \/>\n&#8230; Alles vom 11.9.2023 bitte lesen auf<br \/>\n<a href=\"https:\/\/www.klonovsky.de\/2023\/09\/11-september-2023\/\">https:\/\/www.klonovsky.de\/2023\/09\/11-september-2023\/<\/a><br \/>\n.<\/p>\n<p><strong>(2) CSD-Teilnehmer von Pr\u00fcgel-Mob schwer verletzt<\/strong><br \/>\n\u201eNach ersten Ermittlungen der Polizei wurde am Abend nach dem Umzug eine Gruppe am Sch\u00fclershof von vier fremden M\u00e4nnern angesprochen und \u00fcbel beschimpft. (\u2026) Es fielen homophobe Beleidigungen. Dann pr\u00fcgelten die M\u00e4nner los! \u201aDie Personen mit s\u00fcdl\u00e4ndischem Erscheinungsbild attackierten in der Folge die Gruppe mit Schl\u00e4gen und Tritten\u2019, erkl\u00e4rte eine Polizeisprecherin. Dabei wurde ein 41-j\u00e4hriger Mann so schwer verletzt, dass er danach in ein Krankenhaus gebracht werden musste. Drei weitere Opfer wurden vor Ort vom Rettungsdienst behandelt. Noch in Tatortn\u00e4he konnten Beamte zwei der mutma\u00dflichen Schl\u00e4ger stellen. Es handelt sich dabei um zwei Afghanen im Alter von 16 und 20 Jahren.\u201d<br \/>\n&#8230; Alles vom 10.9.2023 bitte lesen auf<br \/>\n<a href=\"https:\/\/www.bild.de\/regional\/sachsen-anhalt\/sachsen-anhalt-news\/christopher-street-day-csd-in-halle-teilnehmer-von-pruegel-mob-schwer-verletzt-85360576.bild.html\">https:\/\/www.bild.de\/regional\/sachsen-anhalt\/sachsen-anhalt-news\/christopher-street-day-csd-in-halle-teilnehmer-von-pruegel-mob-schwer-verletzt-85360576.bild.html<\/a><br \/>\n.<br \/>\n.<br \/>\n<strong>(3) Tabu: Massive Migrantengewalt gegen Homosexuelle<\/strong><br \/>\n<strong>Brutale Attacke beim CSD in Halle \u2013 was Sie nicht erfahren sollen<\/strong><br \/>\nEs ist eine der vielen Sollbruchstellen und deshalb auch Tabus im rot-gr\u00fcnen Taka-Tuka-Land, auch bekannt als \u201ebestes Deutschland aller Zeiten\u201c: Dass die Massenmigration aus archaischen L\u00e4ndern mit einem f\u00fcr unsere Verh\u00e4ltnisse sehr r\u00fcckst\u00e4ndigen Menschenbild zu massiven Konflikten mit hier propagierten Tendenzen wie etwa der Verherrlichung von LGBTQ (das neue Q steht f\u00fcr \u201equeere\u201c Menschen) f\u00fchren muss. Das passt gar nicht zur vorherrschenden \u201ewoken\u201c Ideologie, denn nach der sind ja alle, die sich nicht f\u00fcr die neue \u201esexuelle Vielfalt\u201c begeistern k\u00f6nnen, b\u00f6se Rechte und mithin \u201eNazis\u201c. F\u00fcr Migranten, die per se die Guten sind, schlie\u00dft sich so eine Klassifizierung dagegen kategorisch aus.<br \/>\nInsofern ist es nicht verwunderlich, dass nach einem brutalen \u00dcberfall auf Teilnehmer des \u201eChristopher Street Day\u201c im sachsen-anhaltinischen Halle am Samstag in den meisten Medien nur im Kleingedruckten darauf hingewiesen wird, wer die T\u00e4ter waren: S\u00fcdl\u00e4nder bzw. Migranten. Unter den Tatverd\u00e4chtigen sind mindestens zwei afghanische Asylbewerber. Sie sollen mehrere Teilnehmer zusammengeschlagen haben. In einer normal funktionieren Medienlandschaft w\u00e4re die Schlagzeile, dass Schutzsuchende Vertreter sexueller Minderheiten brutal maltr\u00e4tieren.<br \/>\n&#8230;<br \/>\nEs ist ein Treppenwitz der Geschichte, dass diejenigen, die sich am lautesten f\u00fcr mehr Migration einsetzen, in der Mehrheit einer Ideologie anh\u00e4ngen, die der Weltanschauung der meisten Migranten diametral entgegengesetzt ist. Man br\u00e4uchte nur eins und eins zusammenzuz\u00e4hlen, um zu verstehen, welche Konflikte diese Sollbruchstelle mit sich bringt. Doch stattdessen wird die Realit\u00e4t ausgeblendet. Und diejenigen werden angegriffen, die das Problem beim Namen nennen. Lange ist das noch nie gut gegangen.<br \/>\n&#8230; Alles vom 11.9.2023 bitte lesen auf<br \/>\n<a href=\"https:\/\/reitschuster.de\/post\/tabu-massive-migrantengewalt-gegen-homosexuelle\/\">https:\/\/reitschuster.de\/post\/tabu-massive-migrantengewalt-gegen-homosexuelle\/<\/a><br \/>\n.<br \/>\n.<br \/>\n<strong>(4) Amadeu Antonio Stiftung muss sich korrigieren: T\u00e4ter beim CSD-Halle keine Rechtsextremen, sondern Afghanen<\/strong><br \/>\nAls in Halle vier CSD-Teilnehmer attackiert wurden, war die mediale Emp\u00f6rung gro\u00df: Die Rede war von rechtsextremer Queerfeindlichkeit. Nachdem herauskam, dass die T\u00e4ter Afghanen waren, wurde es ruhig um das Thema.<br \/>\n&#8230;<br \/>\nErster Impuls: Rechtsextrem!<br \/>\nSchon w\u00e4hrend diese Ermittlungen gerade erst liefen, verbreitete sich das Ger\u00fccht, die T\u00e4ter seien zwei Rechtsextreme gewesen. Passe ja super ins Bild: Der b\u00f6se Rechtsextreme aus Sachsen greift auf einem CSD einen queeren Mann an. So lie\u00df sich die staatlich gef\u00f6rderte Amadeu Antonio Stiftung dazu hinrei\u00dfen, zu dem Fall zu twittern: <em>\u201eNeues Ausma\u00df queerfeindlicher Gewalt: Beim CSD Halle wird ein 41-J\u00e4hriger getreten, geschlagen und schwer verletzt. In D\u00f6beln wird das Fest mit Butters\u00e4ure attackiert. Die T\u00e4ter Rechtsextreme, die Polizei nicht in der Lage, Teilnehmer*innen zu sch\u00fctzen.\u201c<\/em><br \/>\nDas setzte die von Staatsgeld finanzierte Stiftung schon in die Welt als noch nichts zu den T\u00e4tern klar war.<br \/>\nUnd nicht viel Zeit verging, da kam heraus: Die T\u00e4ter waren eben keine Rechtsextremen, sondern zwei afghanische Migranten. Darauf reagiert die Stiftung gestern mit ein wenig Einsicht. Auf Twitter schrieb die Stiftung: <em>\u201eWir haben einen Tweet zum schweren queerfeindlichen Angriff beim CSD Halle gel\u00f6scht. Wir haben den Vorfall falsch eingeordnet &amp; wurden darauf aufmerksam gemacht, dass es sich bei den Verd\u00e4chtigen um 2 Afghanen handelt. Jeder queerfeindliche Angriff muss verfolgt &amp; geahndet werden.\u201c<\/em><br \/>\n&#8230; Alles vom 12.9.2023 bitte lesen auf<br \/>\n<a href=\"https:\/\/apollo-news.net\/amadeu-antonio-stiftung-muss-sich-korrigieren-taeter-beim-csd-halle-keine-rechtsextremen-sondern-afghanen\">https:\/\/apollo-news.net\/amadeu-antonio-stiftung-muss-sich-korrigieren-taeter-beim-csd-halle-keine-rechtsextremen-sondern-afghanen<\/a>\/<br \/>\n.<\/p>\n<p><strong>(5) Afghanen \u00fcberfallen CSD-Teilehmer in Halle<\/strong><br \/>\n<strong>Jagd auf Frauen, Clan-Kriminalit\u00e4t und Messerstechereien sind das neue Normal auf deutschen Stra\u00dfen<\/strong><br \/>\nMitgliederstarke Clans, schl\u00e4gernde Jugendbanden und psychotische Asylbewerber, die ganze Orte terrorisieren &#8211; mit Messern, F\u00e4usten und Schusswaffen. Die Beh\u00f6rden sind hilflos angesichts zunehmender Gewaltkriminalit\u00e4t der neuen Mitbewohner, die andere Werte durchsetzen wollen &#8211; auch in sexueller Orientierung.<br \/>\n&#8230;<br \/>\nWorauf beruhte der neue Angriff nun? War es schlichte Uninformiertheit der Afghanen \u00fcber die hiesigen Gebr\u00e4uche? F\u00fchlten sie sich von der massiven Pr\u00e4senz bi-, homo- und transsexueller Menschen auf der Stra\u00dfe \u00fcbert\u00f6lpelt? Oder gingen sie planvoll vor, wollten vielleicht gar ein Zeichen f\u00fcr ihre Lebensart und ihre Werte setzen und dieselbe verbal und auch mit k\u00f6rperlicher Gewalt durchsetzen? Das d\u00fcrfte sich ein deutscher Staat nicht gefallen lassen, denn in diesem Land m\u00fcssen unsere gesetzlich festgelegten Regeln gelten. Viele Verantwortungstr\u00e4ger \u2013 egal ob in Politik, Polizei oder Justiz \u2013 retten sich auf die andere M\u00f6glichkeit hinaus und unterstellen den Zuwanderern reine Anpassungs- oder Anlaufschwierigkeiten.<br \/>\n&#8230; Alles vom 13.9.2023 bitte lesen auf<br \/>\n<a href=\"https:\/\/www.tichyseinblick.de\/daili-es-sentials\/gewalt-und-chaos-auf-deutschen-strassen-verstetigen-sich\/\">https:\/\/www.tichyseinblick.de\/daili-es-sentials\/gewalt-und-chaos-auf-deutschen-strassen-verstetigen-sich\/<\/a><\/p>\n<p>&nbsp;<\/p>\n","protected":false},"excerpt":{"rendered":"<p>Mehrere Migranten, darunter zwei Afghanen im Alter von 16- und 20 Jahren, haben Teilnehmer des Christopher Street Days\u00a0in Halle attackiert und z.T. schwer verletzt. Dies war zu erwarten, da das Weltbild der LGBTQ-Community kaum zu dem der zumeist aus islam-gepr\u00e4gten &hellip; <a href=\"https:\/\/www.freiburg-schwarzwald.de\/blog\/migrantengewalt-gegen-csd\/\">Weiterlesen <span class=\"meta-nav\">&rarr;<\/span><\/a><\/p>\n","protected":false},"author":2,"featured_media":0,"comment_status":"open","ping_status":"closed","sticky":false,"template":"","format":"standard","meta":{"footnotes":""},"categories":[52,210,155,60,63,157],"tags":[749,732,725,622,334],"class_list":["post-115474","post","type-post","status-publish","format-standard","hentry","category-einewelt","category-gewalt","category-integration","category-jugend","category-krise","category-oeffentlicher-raum","tag-diskussionskultur","tag-gewalt","tag-integration","tag-migration","tag-strasse"],"_links":{"self":[{"href":"https:\/\/www.freiburg-schwarzwald.de\/blog\/wp-json\/wp\/v2\/posts\/115474","targetHints":{"allow":["GET"]}}],"collection":[{"href":"https:\/\/www.freiburg-schwarzwald.de\/blog\/wp-json\/wp\/v2\/posts"}],"about":[{"href":"https:\/\/www.freiburg-schwarzwald.de\/blog\/wp-json\/wp\/v2\/types\/post"}],"author":[{"embeddable":true,"href":"https:\/\/www.freiburg-schwarzwald.de\/blog\/wp-json\/wp\/v2\/users\/2"}],"replies":[{"embeddable":true,"href":"https:\/\/www.freiburg-schwarzwald.de\/blog\/wp-json\/wp\/v2\/comments?post=115474"}],"version-history":[{"count":5,"href":"https:\/\/www.freiburg-schwarzwald.de\/blog\/wp-json\/wp\/v2\/posts\/115474\/revisions"}],"predecessor-version":[{"id":115519,"href":"https:\/\/www.freiburg-schwarzwald.de\/blog\/wp-json\/wp\/v2\/posts\/115474\/revisions\/115519"}],"wp:attachment":[{"href":"https:\/\/www.freiburg-schwarzwald.de\/blog\/wp-json\/wp\/v2\/media?parent=115474"}],"wp:term":[{"taxonomy":"category","embeddable":true,"href":"https:\/\/www.freiburg-schwarzwald.de\/blog\/wp-json\/wp\/v2\/categories?post=115474"},{"taxonomy":"post_tag","embeddable":true,"href":"https:\/\/www.freiburg-schwarzwald.de\/blog\/wp-json\/wp\/v2\/tags?post=115474"}],"curies":[{"name":"wp","href":"https:\/\/api.w.org\/{rel}","templated":true}]}}