{"id":11478,"date":"2012-09-25T14:37:17","date_gmt":"2012-09-25T12:37:17","guid":{"rendered":"https:\/\/www.freiburg-schwarzwald.de\/blog\/?p=11478"},"modified":"2012-10-01T11:02:31","modified_gmt":"2012-10-01T09:02:31","slug":"marktplatz-inklusion-am-rathausplatz","status":"publish","type":"post","link":"https:\/\/www.freiburg-schwarzwald.de\/blog\/marktplatz-inklusion-am-rathausplatz\/","title":{"rendered":"Marktplatz Inklusion am Rathausplatz"},"content":{"rendered":"<p>Der Bundeskongress <a title=\"Werkstaetten\" href=\"https:\/\/www.freiburg-schwarzwald.de\/blog\/selbsthilfe\/behinderung\/werkstaetten\/\">Werkst\u00e4tten-Tag 2012<\/a>\u00a0l\u00e4dt ein\u00a0zum \u201eMarktplatz Inklusion\u201c auf dem Freiburger Rathausplatz. Menschen mit <a title=\"Behinderung\" href=\"https:\/\/www.freiburg-schwarzwald.de\/blog\/selbsthilfe\/behinderung\/\">Behinderung<\/a> pr\u00e4sentieren dort ihre Arbeit plus Caf\u00e9bar, Gutsele-Produktion, Kelterei und Saftbar. Selbst Hand anlegen kann man bei der Mitmach-Aktion \u201e Freiburger B\u00e4chleboot\u201c. Zwischen den St\u00e4nden ist ein Figurenwald inszeniert mit Infos zu den Arbeitspl\u00e4tzen in Werkst\u00e4tten f\u00fcr behinderte Menschen &#8211; z.B. der <a title=\"Caritas\" href=\"https:\/\/www.freiburg-schwarzwald.de\/blog\/religion\/kirchen\/caritas\/\">Caritas<\/a>. Das kulturelle Zentrum ist der B\u00fchnentruck mit Livemusik-Programm und Pantomime von K\u00fcnstlern mit Behinderung.\u00a0T\u00e4glich vom 26. \u2013 28.09.2012 am Freiburger Rathausplatz <!--more--><br \/>\nAlle vier Jahre ist es wieder soweit \u2013 dann veranstaltet die Bundesarbeitsgemeinschaft der Werkst\u00e4tten f\u00fcr\u00a0 behinderte Menschen (BAG:WfbM) ihren Bundeskongress, den Werkst\u00e4tten-Tag. Das Motto des Werkst\u00e4tten-Tag 2012 lautet \u201eMa\u00dfarbeit f\u00fcr alle \u2013 Wandel. Chancen. Verantwortung\u201c. Der Kongress setzt ein eindeutiges Zeichen f\u00fcr eine zukunftsgewandte Weiterentwicklung der Werkst\u00e4tten. Das Programm des Werkst\u00e4tten:Tages 2012 spiegelt die Vielfalt der aktuellen Werkstattthemen wider. Mehr als 2.000 Besucher werden erwartet. Vor diesem Hintergrund veranstaltet die Landesarbeitsgemeinschaft der Werkst\u00e4tten f\u00fcr behinderte Menschen Baden-W\u00fcrttemberg e.V. (LAG:WfbM) gemeinsam mit der Landesarbeitsgemeinschaft der Werkstattr\u00e4te (LAG WR) den Marktplatz INKLUSION. Vom 26. \u2013 28.09.2012 m\u00f6chten wir allen Beteiligten des Werkst\u00e4tten-Tages sowie den B\u00fcrgern und Passanten Freiburgs die Vielf\u00e4ltigkeit der Arbeitsm\u00f6glichkeiten f\u00fcr Menschen mit Behinderung auf dem Rathausplatz pr\u00e4sentieren. Es erwarten Sie ein Figurenwald mit interessanten Informationen zu den Arbeitspl\u00e4tzen in und von den Werkst\u00e4tten, ein B\u00fchnentruck auf dem gro\u00dfartige K\u00fcnstler mit Handicap auftreten, tolle gastronomische St\u00e4nde der Werkst\u00e4tten mit hochwertigen Produkten sowie eine Mitmachaktion zum Freiburger B\u00e4chleboot.<br \/>\n<a href=\"https:\/\/www.werkstaettentag.de\/?SiteID=51\">https:\/\/www.werkstaettentag.de\/?SiteID=51<\/a><\/p>\n<p><strong>Werkst\u00e4ttentag am Freiburger Rathausplatz am 28.9.2012 &#8211; Bilder<\/strong><\/p>\n<p>Buntes Treiben und viel Betrieb am letzten Tag auf dem Rathausplatz in Freiburg.<\/p>\n<div id='gallery-1' class='gallery galleryid-11478 gallery-columns-3 gallery-size-thumbnail'><dl class='gallery-item'>\n\t\t\t<dt class='gallery-icon landscape'>\n\t\t\t\t<a href='https:\/\/www.freiburg-schwarzwald.de\/blog\/marktplatz-inklusion-am-rathausplatz\/werkstaettentag0-120928\/'><img loading=\"lazy\" decoding=\"async\" width=\"180\" height=\"135\" src=\"https:\/\/www.freiburg-schwarzwald.de\/blog\/wp-content\/uploads\/2012\/09\/werkstaettentag0-120928-180x135.jpg\" class=\"attachment-thumbnail size-thumbnail\" alt=\"\" aria-describedby=\"gallery-1-12072\" srcset=\"https:\/\/www.freiburg-schwarzwald.de\/blog\/wp-content\/uploads\/2012\/09\/werkstaettentag0-120928-180x135.jpg 180w, https:\/\/www.freiburg-schwarzwald.de\/blog\/wp-content\/uploads\/2012\/09\/werkstaettentag0-120928.jpg 640w\" sizes=\"auto, (max-width: 180px) 100vw, 180px\" \/><\/a>\n\t\t\t<\/dt>\n\t\t\t\t<dd class='wp-caption-text gallery-caption' id='gallery-1-12072'>\n\t\t\t\tWerkstaettentag 28.9.2012 &#8211; B\u00e4chleboote\n\t\t\t\t<\/dd><\/dl><dl class='gallery-item'>\n\t\t\t<dt class='gallery-icon landscape'>\n\t\t\t\t<a href='https:\/\/www.freiburg-schwarzwald.de\/blog\/marktplatz-inklusion-am-rathausplatz\/werkstaettentag0a-120928\/'><img loading=\"lazy\" decoding=\"async\" width=\"180\" height=\"142\" src=\"https:\/\/www.freiburg-schwarzwald.de\/blog\/wp-content\/uploads\/2012\/09\/werkstaettentag0a-120928-180x142.jpg\" class=\"attachment-thumbnail size-thumbnail\" alt=\"\" aria-describedby=\"gallery-1-12073\" srcset=\"https:\/\/www.freiburg-schwarzwald.de\/blog\/wp-content\/uploads\/2012\/09\/werkstaettentag0a-120928-180x142.jpg 180w, https:\/\/www.freiburg-schwarzwald.de\/blog\/wp-content\/uploads\/2012\/09\/werkstaettentag0a-120928.jpg 638w\" sizes=\"auto, (max-width: 180px) 100vw, 180px\" \/><\/a>\n\t\t\t<\/dt>\n\t\t\t\t<dd class='wp-caption-text gallery-caption' id='gallery-1-12073'>\n\t\t\t\tWerkstaettentag 28.9.2012 &#8211; Boot am B\u00e4chle\n\t\t\t\t<\/dd><\/dl><dl class='gallery-item'>\n\t\t\t<dt class='gallery-icon landscape'>\n\t\t\t\t<a href='https:\/\/www.freiburg-schwarzwald.de\/blog\/marktplatz-inklusion-am-rathausplatz\/werkstaettentag1-120928\/'><img loading=\"lazy\" decoding=\"async\" width=\"180\" height=\"135\" src=\"https:\/\/www.freiburg-schwarzwald.de\/blog\/wp-content\/uploads\/2012\/09\/werkstaettentag1-120928-180x135.jpg\" class=\"attachment-thumbnail size-thumbnail\" alt=\"\" aria-describedby=\"gallery-1-12074\" srcset=\"https:\/\/www.freiburg-schwarzwald.de\/blog\/wp-content\/uploads\/2012\/09\/werkstaettentag1-120928-180x135.jpg 180w, https:\/\/www.freiburg-schwarzwald.de\/blog\/wp-content\/uploads\/2012\/09\/werkstaettentag1-120928.jpg 640w\" sizes=\"auto, (max-width: 180px) 100vw, 180px\" \/><\/a>\n\t\t\t<\/dt>\n\t\t\t\t<dd class='wp-caption-text gallery-caption' id='gallery-1-12074'>\n\t\t\t\tWerkstaettentag 28.9.2012 &#8211; Konstantinos Savvidis, Manuela F\u00e4ller LAG WR BW und Gerhard Droste\n\t\t\t\t<\/dd><\/dl><br style=\"clear: both\" \/><dl class='gallery-item'>\n\t\t\t<dt class='gallery-icon portrait'>\n\t\t\t\t<a href='https:\/\/www.freiburg-schwarzwald.de\/blog\/marktplatz-inklusion-am-rathausplatz\/werkstaettentag2-120928\/'><img loading=\"lazy\" decoding=\"async\" width=\"135\" height=\"180\" src=\"https:\/\/www.freiburg-schwarzwald.de\/blog\/wp-content\/uploads\/2012\/09\/werkstaettentag2-120928-135x180.jpg\" class=\"attachment-thumbnail size-thumbnail\" alt=\"\" aria-describedby=\"gallery-1-12075\" srcset=\"https:\/\/www.freiburg-schwarzwald.de\/blog\/wp-content\/uploads\/2012\/09\/werkstaettentag2-120928-135x180.jpg 135w, https:\/\/www.freiburg-schwarzwald.de\/blog\/wp-content\/uploads\/2012\/09\/werkstaettentag2-120928.jpg 480w\" sizes=\"auto, (max-width: 135px) 100vw, 135px\" \/><\/a>\n\t\t\t<\/dt>\n\t\t\t\t<dd class='wp-caption-text gallery-caption' id='gallery-1-12075'>\n\t\t\t\tWerkstaettentag 28.9.2012 &#8211; Werkst\u00e4tten der Caritas FR\n\t\t\t\t<\/dd><\/dl><dl class='gallery-item'>\n\t\t\t<dt class='gallery-icon portrait'>\n\t\t\t\t<a href='https:\/\/www.freiburg-schwarzwald.de\/blog\/marktplatz-inklusion-am-rathausplatz\/werkstaettentag3-120928\/'><img loading=\"lazy\" decoding=\"async\" width=\"135\" height=\"180\" src=\"https:\/\/www.freiburg-schwarzwald.de\/blog\/wp-content\/uploads\/2012\/09\/werkstaettentag3-120928-135x180.jpg\" class=\"attachment-thumbnail size-thumbnail\" alt=\"\" aria-describedby=\"gallery-1-12076\" srcset=\"https:\/\/www.freiburg-schwarzwald.de\/blog\/wp-content\/uploads\/2012\/09\/werkstaettentag3-120928-135x180.jpg 135w, https:\/\/www.freiburg-schwarzwald.de\/blog\/wp-content\/uploads\/2012\/09\/werkstaettentag3-120928.jpg 480w\" sizes=\"auto, (max-width: 135px) 100vw, 135px\" \/><\/a>\n\t\t\t<\/dt>\n\t\t\t\t<dd class='wp-caption-text gallery-caption' id='gallery-1-12076'>\n\t\t\t\tWerkstaettentag 28.9.2012 &#8211; Hergestellte Produkte\n\t\t\t\t<\/dd><\/dl><dl class='gallery-item'>\n\t\t\t<dt class='gallery-icon portrait'>\n\t\t\t\t<a href='https:\/\/www.freiburg-schwarzwald.de\/blog\/marktplatz-inklusion-am-rathausplatz\/werkstaettentag4-120928\/'><img loading=\"lazy\" decoding=\"async\" width=\"135\" height=\"180\" src=\"https:\/\/www.freiburg-schwarzwald.de\/blog\/wp-content\/uploads\/2012\/09\/werkstaettentag4-120928-135x180.jpg\" class=\"attachment-thumbnail size-thumbnail\" alt=\"\" aria-describedby=\"gallery-1-12077\" srcset=\"https:\/\/www.freiburg-schwarzwald.de\/blog\/wp-content\/uploads\/2012\/09\/werkstaettentag4-120928-135x180.jpg 135w, https:\/\/www.freiburg-schwarzwald.de\/blog\/wp-content\/uploads\/2012\/09\/werkstaettentag4-120928.jpg 480w\" sizes=\"auto, (max-width: 135px) 100vw, 135px\" \/><\/a>\n\t\t\t<\/dt>\n\t\t\t\t<dd class='wp-caption-text gallery-caption' id='gallery-1-12077'>\n\t\t\t\tWerkstaettentag 28.9.2012 &#8211; B\u00e4chleboote vom Raha-Laden Freiburg Moltkestrasse\n\t\t\t\t<\/dd><\/dl><br style=\"clear: both\" \/><dl class='gallery-item'>\n\t\t\t<dt class='gallery-icon portrait'>\n\t\t\t\t<a href='https:\/\/www.freiburg-schwarzwald.de\/blog\/marktplatz-inklusion-am-rathausplatz\/werkstaettentag5-120928\/'><img loading=\"lazy\" decoding=\"async\" width=\"135\" height=\"180\" src=\"https:\/\/www.freiburg-schwarzwald.de\/blog\/wp-content\/uploads\/2012\/09\/werkstaettentag5-120928-135x180.jpg\" class=\"attachment-thumbnail size-thumbnail\" alt=\"\" aria-describedby=\"gallery-1-12078\" srcset=\"https:\/\/www.freiburg-schwarzwald.de\/blog\/wp-content\/uploads\/2012\/09\/werkstaettentag5-120928-135x180.jpg 135w, https:\/\/www.freiburg-schwarzwald.de\/blog\/wp-content\/uploads\/2012\/09\/werkstaettentag5-120928.jpg 480w\" sizes=\"auto, (max-width: 135px) 100vw, 135px\" \/><\/a>\n\t\t\t<\/dt>\n\t\t\t\t<dd class='wp-caption-text gallery-caption' id='gallery-1-12078'>\n\t\t\t\tWerkstaettentag 28.9.2012 &#8211; Kinder basteln M\u00e4chleboote\n\t\t\t\t<\/dd><\/dl>\n\t\t\t<br style='clear: both' \/>\n\t\t<\/div>\n\n<p>Reha-Laden, Moltkestrasse 5, 79098 Freiburg, Tel 0761\/36546<br \/>\n<a href=\"https:\/\/www.reha-laden.de\">www.reha-laden.de<\/a><\/p>\n<p>Landesarbeitsgemeinschaft der Werkst\u00e4tten f\u00fcr behinderte Menschen Baden-W\u00fcrttemberg LAG WfbM<br \/>\nNeckarstrasse 155a, 70190 Stutgart<br \/>\nTel 0711\/280487-80, Manuela F\u00e4ller, <a href=\"mailto:m.faeller@lag-wfbm-bw.de\">m.faeller@lag-wfbm-bw.de<\/a> , <a href=\"https:\/\/www.lag-wfbm-bw.de\">www.lag-wfbm-bw.de<\/a><\/p>\n<p>Landesarbeitsgemeinschaft der Werkstattr\u00e4te in Baden-W\u00fcrttemberg LAG WR<br \/>\nStuttgart<br \/>\n<a href=\"https:\/\/www.lagwr-bw.de\">www.lagwr-bw.de<\/a><\/p>\n<p>Bundesarbeitsgemeinschaft der Werkst\u00e4tten f\u00fcr behinderte Menschen BAG WfbM<br \/>\n60314 Frankfurt<br \/>\n<a href=\"https:\/\/www.bagwfbm.de\">www.bagwfbm.de<\/a><\/p>\n","protected":false},"excerpt":{"rendered":"<p>Der Bundeskongress Werkst\u00e4tten-Tag 2012\u00a0l\u00e4dt ein\u00a0zum \u201eMarktplatz Inklusion\u201c auf dem Freiburger Rathausplatz. Menschen mit Behinderung pr\u00e4sentieren dort ihre Arbeit plus Caf\u00e9bar, Gutsele-Produktion, Kelterei und Saftbar. Selbst Hand anlegen kann man bei der Mitmach-Aktion \u201e Freiburger B\u00e4chleboot\u201c. Zwischen den St\u00e4nden ist ein &hellip; <a href=\"https:\/\/www.freiburg-schwarzwald.de\/blog\/marktplatz-inklusion-am-rathausplatz\/\">Weiterlesen <span class=\"meta-nav\">&rarr;<\/span><\/a><\/p>\n","protected":false},"author":4,"featured_media":0,"comment_status":"open","ping_status":"closed","sticky":false,"template":"","format":"standard","meta":{"footnotes":""},"categories":[79,56,36],"tags":[382,276],"class_list":["post-11478","post","type-post","status-publish","format-standard","hentry","category-arbeit","category-behinderung","category-engagement","tag-arbeit-working","tag-rollstuhl"],"_links":{"self":[{"href":"https:\/\/www.freiburg-schwarzwald.de\/blog\/wp-json\/wp\/v2\/posts\/11478","targetHints":{"allow":["GET"]}}],"collection":[{"href":"https:\/\/www.freiburg-schwarzwald.de\/blog\/wp-json\/wp\/v2\/posts"}],"about":[{"href":"https:\/\/www.freiburg-schwarzwald.de\/blog\/wp-json\/wp\/v2\/types\/post"}],"author":[{"embeddable":true,"href":"https:\/\/www.freiburg-schwarzwald.de\/blog\/wp-json\/wp\/v2\/users\/4"}],"replies":[{"embeddable":true,"href":"https:\/\/www.freiburg-schwarzwald.de\/blog\/wp-json\/wp\/v2\/comments?post=11478"}],"version-history":[{"count":0,"href":"https:\/\/www.freiburg-schwarzwald.de\/blog\/wp-json\/wp\/v2\/posts\/11478\/revisions"}],"wp:attachment":[{"href":"https:\/\/www.freiburg-schwarzwald.de\/blog\/wp-json\/wp\/v2\/media?parent=11478"}],"wp:term":[{"taxonomy":"category","embeddable":true,"href":"https:\/\/www.freiburg-schwarzwald.de\/blog\/wp-json\/wp\/v2\/categories?post=11478"},{"taxonomy":"post_tag","embeddable":true,"href":"https:\/\/www.freiburg-schwarzwald.de\/blog\/wp-json\/wp\/v2\/tags?post=11478"}],"curies":[{"name":"wp","href":"https:\/\/api.w.org\/{rel}","templated":true}]}}