{"id":11335,"date":"2012-09-24T10:56:00","date_gmt":"2012-09-24T08:56:00","guid":{"rendered":"https:\/\/www.freiburg-schwarzwald.de\/blog\/?p=11335"},"modified":"2012-09-24T11:08:26","modified_gmt":"2012-09-24T09:08:26","slug":"paul-hettich-tot-bis-zuletzt-am-muenstermarkt","status":"publish","type":"post","link":"https:\/\/www.freiburg-schwarzwald.de\/blog\/paul-hettich-tot-bis-zuletzt-am-muenstermarkt\/","title":{"rendered":"Paul Hettich tot &#8211; bis zuletzt am Muenstermarkt"},"content":{"rendered":"<p><!-- RSPEAK_STOP -->Paul Hettich, der bekannte Obst- und Gem\u00fcseh\u00e4ndler vom <a title=\"Muensterplatz\" href=\"https:\/\/www.freiburg-schwarzwald.de\/blog\/regio\/freiburg\/muensterplatz\/\">Freiburger M\u00fcnstermarkt<\/a>, ist nach l\u00e4ngerer, schwerer Krankheit mit 65 Jahren gestorben. Der kontaktfreudige Alemanne hatte im Gespr\u00e4ch mit Stammkunden, aber auch mit Passanten immer einen flotten Spruch im <a title=\"Alemannisch\" href=\"https:\/\/www.freiburg-schwarzwald.de\/blog\/kultur\/alemannisch\/\">Dialekt<\/a> seiner <a title=\"Heimat\" href=\"https:\/\/www.freiburg-schwarzwald.de\/blog\/regio\/heimat\/\">Freiburger Heimat<\/a>\u00a0parat. Sein Markenzeichen war die Baskenm\u00fctze. Leidenschaftlich engagierte sich Paul Hettich, der einen gro\u00dfen Freundeskreis von Gastronomen, Journalisten, Kommunalpolitikern und anderen Vertretern des \u00f6ffentlichen Lebens hatte, f\u00fcr die Belange der Marktkaufleute. Als Hettich schon von seiner Krankheit gezeichnet war, lie\u00df er sich bis zuletzt an seinen Stand an der S\u00fcdwestecke des <a title=\"Muenster\" href=\"https:\/\/www.freiburg-schwarzwald.de\/blog\/religion\/kirchen\/muenster\/\">M\u00fcnsters<\/a> fahren. <!--more-->Auch auf dem Weihnachtsmarkt war der Markth\u00e4ndler vertreten. 2009 kandidierte er f\u00fcr die CDU f\u00fcr den Gemeinderat und den Ortschaftsrat in Hochdorf. Hettich hinterl\u00e4sst seine Ehefrau und drei T\u00f6chter.<\/p>\n<div class=\"mceTemp\">\u00a0<div id='gallery-1' class='gallery galleryid-11335 gallery-columns-3 gallery-size-thumbnail'><dl class='gallery-item'>\n\t\t\t<dt class='gallery-icon portrait'>\n\t\t\t\t<a href='https:\/\/www.freiburg-schwarzwald.de\/blog\/paul-hettich-tot-bis-zuletzt-am-muenstermarkt\/markt2-hettich-paul110326\/'><img loading=\"lazy\" decoding=\"async\" width=\"135\" height=\"180\" src=\"https:\/\/www.freiburg-schwarzwald.de\/blog\/wp-content\/uploads\/2012\/09\/markt2-hettich-paul110326-135x180.jpg\" class=\"attachment-thumbnail size-thumbnail\" alt=\"\" aria-describedby=\"gallery-1-11338\" srcset=\"https:\/\/www.freiburg-schwarzwald.de\/blog\/wp-content\/uploads\/2012\/09\/markt2-hettich-paul110326-135x180.jpg 135w, https:\/\/www.freiburg-schwarzwald.de\/blog\/wp-content\/uploads\/2012\/09\/markt2-hettich-paul110326.jpg 480w\" sizes=\"auto, (max-width: 135px) 100vw, 135px\" \/><\/a>\n\t\t\t<\/dt>\n\t\t\t\t<dd class='wp-caption-text gallery-caption' id='gallery-1-11338'>\n\t\t\t\tPaul Hettich am 26.3.2011: Das Original ist noch viel besser als auf dem Plakat von Regio\n\t\t\t\t<\/dd><\/dl><dl class='gallery-item'>\n\t\t\t<dt class='gallery-icon landscape'>\n\t\t\t\t<a href='https:\/\/www.freiburg-schwarzwald.de\/blog\/paul-hettich-tot-bis-zuletzt-am-muenstermarkt\/markt3-hettich-paul110326\/'><img loading=\"lazy\" decoding=\"async\" width=\"180\" height=\"135\" src=\"https:\/\/www.freiburg-schwarzwald.de\/blog\/wp-content\/uploads\/2012\/09\/markt3-hettich-paul110326-180x135.jpg\" class=\"attachment-thumbnail size-thumbnail\" alt=\"\" aria-describedby=\"gallery-1-11341\" srcset=\"https:\/\/www.freiburg-schwarzwald.de\/blog\/wp-content\/uploads\/2012\/09\/markt3-hettich-paul110326-180x135.jpg 180w, https:\/\/www.freiburg-schwarzwald.de\/blog\/wp-content\/uploads\/2012\/09\/markt3-hettich-paul110326.jpg 640w\" sizes=\"auto, (max-width: 180px) 100vw, 180px\" \/><\/a>\n\t\t\t<\/dt>\n\t\t\t\t<dd class='wp-caption-text gallery-caption' id='gallery-1-11341'>\n\t\t\t\tPaul Hettich am 26.3.2011: Blick nach Osten\n\t\t\t\t<\/dd><\/dl>\n\t\t\t<br style='clear: both' \/>\n\t\t<\/div>\n<\/p>\n<\/div>\n<p><cite><a href=\"https:\/\/www.freiburg-schwarzwald.de\/freiburgermuenstermarkt-suedseite.htm\">ww.freiburg-schwarzwald.de\/freiburgermuenstermarkt-suedseite.htm<\/a> <\/cite><!-- RSPEAK_STOP --><\/p>\n","protected":false},"excerpt":{"rendered":"<p>Paul Hettich, der bekannte Obst- und Gem\u00fcseh\u00e4ndler vom Freiburger M\u00fcnstermarkt, ist nach l\u00e4ngerer, schwerer Krankheit mit 65 Jahren gestorben. Der kontaktfreudige Alemanne hatte im Gespr\u00e4ch mit Stammkunden, aber auch mit Passanten immer einen flotten Spruch im Dialekt seiner Freiburger Heimat\u00a0parat. &hellip; <a href=\"https:\/\/www.freiburg-schwarzwald.de\/blog\/paul-hettich-tot-bis-zuletzt-am-muenstermarkt\/\">Weiterlesen <span class=\"meta-nav\">&rarr;<\/span><\/a><\/p>\n","protected":false},"author":4,"featured_media":0,"comment_status":"open","ping_status":"closed","sticky":false,"template":"","format":"standard","meta":{"footnotes":""},"categories":[23,139],"tags":[223],"class_list":["post-11335","post","type-post","status-publish","format-standard","hentry","category-handel","category-heimat","tag-munsterturm"],"_links":{"self":[{"href":"https:\/\/www.freiburg-schwarzwald.de\/blog\/wp-json\/wp\/v2\/posts\/11335","targetHints":{"allow":["GET"]}}],"collection":[{"href":"https:\/\/www.freiburg-schwarzwald.de\/blog\/wp-json\/wp\/v2\/posts"}],"about":[{"href":"https:\/\/www.freiburg-schwarzwald.de\/blog\/wp-json\/wp\/v2\/types\/post"}],"author":[{"embeddable":true,"href":"https:\/\/www.freiburg-schwarzwald.de\/blog\/wp-json\/wp\/v2\/users\/4"}],"replies":[{"embeddable":true,"href":"https:\/\/www.freiburg-schwarzwald.de\/blog\/wp-json\/wp\/v2\/comments?post=11335"}],"version-history":[{"count":0,"href":"https:\/\/www.freiburg-schwarzwald.de\/blog\/wp-json\/wp\/v2\/posts\/11335\/revisions"}],"wp:attachment":[{"href":"https:\/\/www.freiburg-schwarzwald.de\/blog\/wp-json\/wp\/v2\/media?parent=11335"}],"wp:term":[{"taxonomy":"category","embeddable":true,"href":"https:\/\/www.freiburg-schwarzwald.de\/blog\/wp-json\/wp\/v2\/categories?post=11335"},{"taxonomy":"post_tag","embeddable":true,"href":"https:\/\/www.freiburg-schwarzwald.de\/blog\/wp-json\/wp\/v2\/tags?post=11335"}],"curies":[{"name":"wp","href":"https:\/\/api.w.org\/{rel}","templated":true}]}}