{"id":11304,"date":"2012-09-24T09:17:50","date_gmt":"2012-09-24T07:17:50","guid":{"rendered":"https:\/\/www.freiburg-schwarzwald.de\/blog\/?p=11304"},"modified":"2012-09-24T09:17:50","modified_gmt":"2012-09-24T07:17:50","slug":"stiftung-kaiserstuehler-garten-15-getreidesorten","status":"publish","type":"post","link":"https:\/\/www.freiburg-schwarzwald.de\/blog\/stiftung-kaiserstuehler-garten-15-getreidesorten\/","title":{"rendered":"Stiftung Kaiserstuehler Garten &#8211; 15 Getreidesorten"},"content":{"rendered":"<p>Im Samengarten in Eichstetten wurden in diesem Jahr 15 verschiedene <a title=\"Getreide\" href=\"https:\/\/www.freiburg-schwarzwald.de\/blog\/natur\/ernaehrung\/getreide\/\">Getreidesorten<\/a> angebaut. Daher lud die Stiftung <a title=\"Kaiserstuhl\" href=\"https:\/\/www.freiburg-schwarzwald.de\/blog\/regio\/kaiserstuhl\/\">Kaiserst\u00fchler<\/a> Garten interessierte Landwirte zur Pr\u00e4sentation der Anbauversuche ein. Marius H\u00f6rner konnte den begeisterten Teilnehmern mit seinen Erfahrungen in der <a title=\"Saatgut\" href=\"https:\/\/www.freiburg-schwarzwald.de\/blog\/natur\/landwirt\/saatgut\/\">Getreidez\u00fcchtung<\/a> zu jeder Sorte Spannendes erz\u00e4hlen. So wurde am Feldrand in lockerer Runde \u00fcber besondere Eigenschaften, Anbautechniken und \u00fcber Verwendungsm\u00f6glichkeiten debattiert. Die Stiftung plant,<!--more--> mit dem vom Landesprogramm Plenum Naturgarten Kaiserstuhl gef\u00f6rderten Projekt, einige f\u00fcr die Region geeignete Getreidesorten herauszufinden, mit denen sich schmackhafte Backwaren herstellen lassen. Dazu sollen im n\u00e4chsten Jahr B\u00e4cker aus der Region gefunden werden, die erste Backversuche vornehmen. Die alten Getreidesorten haben auch Vorteile f\u00fcr die Natur, denn durch den h\u00f6heren Wuchs und die weiteren Saatabst\u00e4nde k\u00f6nnen viele Ackerwildkr\u00e4uter und Blumen wachsen, ohne die Getreideernte zu beeintr\u00e4chtigen. Das ist f\u00fcr viele Insekten vor und nach der Getreideernte von Vorteil.<\/p>\n<div id=\"attachment_11305\" style=\"width: 190px\" class=\"wp-caption alignnone\"><a href=\"https:\/\/www.freiburg-schwarzwald.de\/blog\/stiftung-kaiserstuehler-garten-15-getreidesorten\/getreide-naturgarten1209\/\" rel=\"attachment wp-att-11305\"><img loading=\"lazy\" decoding=\"async\" aria-describedby=\"caption-attachment-11305\" class=\"size-thumbnail wp-image-11305\" title=\"getreide-naturgarten1209\" src=\"https:\/\/www.freiburg-schwarzwald.de\/blog\/wp-content\/uploads\/2012\/09\/getreide-naturgarten1209-180x114.jpg\" alt=\"\" width=\"180\" height=\"114\" srcset=\"https:\/\/www.freiburg-schwarzwald.de\/blog\/wp-content\/uploads\/2012\/09\/getreide-naturgarten1209-180x114.jpg 180w, https:\/\/www.freiburg-schwarzwald.de\/blog\/wp-content\/uploads\/2012\/09\/getreide-naturgarten1209.jpg 639w\" sizes=\"auto, (max-width: 180px) 100vw, 180px\" \/><\/a><p id=\"caption-attachment-11305\" class=\"wp-caption-text\">Projekt-Koordinator Marius H\u00f6rner von Naturgarten Kaiserstuhl (Mitte) erl\u00e4utert im Eichstetter Samengarten interessierten Landwirten den Versuchsanbau verschiedener Getreidesorten. Foto: plenum naturgarten kaiserstuhl<\/p><\/div>\n<div>\n<div id=\"zoneAdserverMrec\">\n<div id=\"helperAdserverMrec\"><noscript><\/noscript><\/p>\n<div id=\"beacon_747e100a3a\">24.9.2012, <a href=\"https:\/\/www.kaiserstuehler-garten.de\">www.kaiserstuehler-garten.de<\/a><\/div>\n<\/div>\n<\/div>\n<\/div>\n","protected":false},"excerpt":{"rendered":"<p>Im Samengarten in Eichstetten wurden in diesem Jahr 15 verschiedene Getreidesorten angebaut. Daher lud die Stiftung Kaiserst\u00fchler Garten interessierte Landwirte zur Pr\u00e4sentation der Anbauversuche ein. Marius H\u00f6rner konnte den begeisterten Teilnehmern mit seinen Erfahrungen in der Getreidez\u00fcchtung zu jeder Sorte &hellip; <a href=\"https:\/\/www.freiburg-schwarzwald.de\/blog\/stiftung-kaiserstuehler-garten-15-getreidesorten\/\">Weiterlesen <span class=\"meta-nav\">&rarr;<\/span><\/a><\/p>\n","protected":false},"author":4,"featured_media":0,"comment_status":"open","ping_status":"closed","sticky":false,"template":"","format":"standard","meta":{"footnotes":""},"categories":[178,201],"tags":[419,339],"class_list":["post-11304","post","type-post","status-publish","format-standard","hentry","category-kaiserstuhl","category-landwirt","tag-getreide","tag-samen"],"_links":{"self":[{"href":"https:\/\/www.freiburg-schwarzwald.de\/blog\/wp-json\/wp\/v2\/posts\/11304","targetHints":{"allow":["GET"]}}],"collection":[{"href":"https:\/\/www.freiburg-schwarzwald.de\/blog\/wp-json\/wp\/v2\/posts"}],"about":[{"href":"https:\/\/www.freiburg-schwarzwald.de\/blog\/wp-json\/wp\/v2\/types\/post"}],"author":[{"embeddable":true,"href":"https:\/\/www.freiburg-schwarzwald.de\/blog\/wp-json\/wp\/v2\/users\/4"}],"replies":[{"embeddable":true,"href":"https:\/\/www.freiburg-schwarzwald.de\/blog\/wp-json\/wp\/v2\/comments?post=11304"}],"version-history":[{"count":0,"href":"https:\/\/www.freiburg-schwarzwald.de\/blog\/wp-json\/wp\/v2\/posts\/11304\/revisions"}],"wp:attachment":[{"href":"https:\/\/www.freiburg-schwarzwald.de\/blog\/wp-json\/wp\/v2\/media?parent=11304"}],"wp:term":[{"taxonomy":"category","embeddable":true,"href":"https:\/\/www.freiburg-schwarzwald.de\/blog\/wp-json\/wp\/v2\/categories?post=11304"},{"taxonomy":"post_tag","embeddable":true,"href":"https:\/\/www.freiburg-schwarzwald.de\/blog\/wp-json\/wp\/v2\/tags?post=11304"}],"curies":[{"name":"wp","href":"https:\/\/api.w.org\/{rel}","templated":true}]}}