{"id":11286,"date":"2012-09-22T19:42:12","date_gmt":"2012-09-22T17:42:12","guid":{"rendered":"https:\/\/www.freiburg-schwarzwald.de\/blog\/?p=11286"},"modified":"2012-11-09T16:01:16","modified_gmt":"2012-11-09T15:01:16","slug":"holzvergasungsanlage-stefanshof-kraft-waerme-kopplung","status":"publish","type":"post","link":"https:\/\/www.freiburg-schwarzwald.de\/blog\/holzvergasungsanlage-stefanshof-kraft-waerme-kopplung\/","title":{"rendered":"Holzvergasungsanlage Stefanshof Kraft-Waerme-Kopplung"},"content":{"rendered":"<p><a title=\"Biomasse\" href=\"https:\/\/www.freiburg-schwarzwald.de\/blog\/energie\/biomasse\/\">Biomasse<\/a> in Form von Holz wird schon seit Urzeiten zur W\u00e4rmegewinnung genutzt. Heute kann daraus auch Strom erzeugt werden. Eine Holzvergasung als Basis f\u00fcr die <a title=\"Kraft-Waerme-Kopplung\" href=\"https:\/\/www.freiburg-schwarzwald.de\/blog\/kraft-waerme-kopplung\/\">Kraft-W\u00e4rme-Kopplung<\/a>\u00a0im Blockheizkraftwerk ist jedoch neu. Sie wird im Elztal jetzt erstmals genutzt auf dem Stefanshof im oberen Siegelau. Dort hat Landwirt Simon Schneider ein solches Kraftwerk in Betrieb genommen.<!--more-->Der Stefanshof, rund 300 Jahren alt und seit acht Generationen in Familienbesitz, ist noch ein Vollerwerbsbetrieb. Er lebt haupts\u00e4chlich von der Forstwirtschaft. &#8230;..<br \/>\nAlles von Nikolaus Bayer vom\u00a022.9.2012 bitte lesen auf <a href=\"https:\/\/www.badische-zeitung.de\">www.badische-zeitung.de<\/a><\/p>\n","protected":false},"excerpt":{"rendered":"<p>Biomasse in Form von Holz wird schon seit Urzeiten zur W\u00e4rmegewinnung genutzt. Heute kann daraus auch Strom erzeugt werden. Eine Holzvergasung als Basis f\u00fcr die Kraft-W\u00e4rme-Kopplung\u00a0im Blockheizkraftwerk ist jedoch neu. Sie wird im Elztal jetzt erstmals genutzt auf dem Stefanshof &hellip; <a href=\"https:\/\/www.freiburg-schwarzwald.de\/blog\/holzvergasungsanlage-stefanshof-kraft-waerme-kopplung\/\">Weiterlesen <span class=\"meta-nav\">&rarr;<\/span><\/a><\/p>\n","protected":false},"author":4,"featured_media":0,"comment_status":"open","ping_status":"closed","sticky":false,"template":"","format":"standard","meta":{"footnotes":""},"categories":[51,131,133],"tags":[151,416],"class_list":["post-11286","post","type-post","status-publish","format-standard","hentry","category-bauernhof","category-biomasse","category-kraftwaermekopplung","tag-erneuerbare-energien","tag-heizung"],"_links":{"self":[{"href":"https:\/\/www.freiburg-schwarzwald.de\/blog\/wp-json\/wp\/v2\/posts\/11286","targetHints":{"allow":["GET"]}}],"collection":[{"href":"https:\/\/www.freiburg-schwarzwald.de\/blog\/wp-json\/wp\/v2\/posts"}],"about":[{"href":"https:\/\/www.freiburg-schwarzwald.de\/blog\/wp-json\/wp\/v2\/types\/post"}],"author":[{"embeddable":true,"href":"https:\/\/www.freiburg-schwarzwald.de\/blog\/wp-json\/wp\/v2\/users\/4"}],"replies":[{"embeddable":true,"href":"https:\/\/www.freiburg-schwarzwald.de\/blog\/wp-json\/wp\/v2\/comments?post=11286"}],"version-history":[{"count":0,"href":"https:\/\/www.freiburg-schwarzwald.de\/blog\/wp-json\/wp\/v2\/posts\/11286\/revisions"}],"wp:attachment":[{"href":"https:\/\/www.freiburg-schwarzwald.de\/blog\/wp-json\/wp\/v2\/media?parent=11286"}],"wp:term":[{"taxonomy":"category","embeddable":true,"href":"https:\/\/www.freiburg-schwarzwald.de\/blog\/wp-json\/wp\/v2\/categories?post=11286"},{"taxonomy":"post_tag","embeddable":true,"href":"https:\/\/www.freiburg-schwarzwald.de\/blog\/wp-json\/wp\/v2\/tags?post=11286"}],"curies":[{"name":"wp","href":"https:\/\/api.w.org\/{rel}","templated":true}]}}