{"id":112267,"date":"2023-03-10T09:58:11","date_gmt":"2023-03-10T08:58:11","guid":{"rendered":"https:\/\/www.freiburg-schwarzwald.de\/blog\/?p=112267"},"modified":"2023-05-05T10:09:07","modified_gmt":"2023-05-05T08:09:07","slug":"ist-peak-woke-erreicht","status":"publish","type":"post","link":"https:\/\/www.freiburg-schwarzwald.de\/blog\/ist-peak-woke-erreicht\/","title":{"rendered":"Ist Peak Woke erreicht?"},"content":{"rendered":"<p>Freut Euch &#8211; Peak Woke ist erreicht! Die <a href=\"https:\/\/www.freiburg-schwarzwald.de\/blog\/kultur\/kulturverlust\/woke\/\">Woken<\/a> erwachen peu a peu. Und die ersten <a href=\"https:\/\/www.freiburg-schwarzwald.de\/blog\/engagement\/zukunft\/demokratie\/wendehals\/\">Wendeh\u00e4lse<\/a> melden sich bereits: &#8222;Wir wussten es ja immer schon&#8220; oder &#8222;Haben es ja nie ernst genommen&#8220; oder &#8222;Sorry, gar nicht so gemeint&#8220;. Die Enkel d\u00fcrfen wieder Indianer spielen, mit Federschmuck, ohne sich der kulturellen Aneignung schuldig zu machen.<!--more--> Ich kann wieder einen Mohrenkopf vertilgen, ohne als Rassist ausgegrenzt zu werden &#8211; dies sogar als alter wei\u00dfer Mann. Und die <a href=\"https:\/\/www.freiburg-schwarzwald.de\/blog\/kultur\/kulturverlust\/cancelculture\/\">CancelCulture<\/a> als Unkultur des Mundtotmachens hat ausgedient.<br \/>\nIch mache mich nicht mehr der Kontaktschuld schuldig, nur weil bei einem Konzert zwei Reihen weiter hinten der <a href=\"https:\/\/www.freiburg-schwarzwald.de\/blog\/bedford-strohm-und-gauland\/\">Alexander Gauland<\/a> oder gar <a href=\"https:\/\/www.freiburg-schwarzwald.de\/blog\/kultur\/dichter\/houellebecq\/\">Michel Houellebecq<\/a> den gleichen Mozart-Sonaten gelauscht hat.<br \/>\nAuch die <a href=\"https:\/\/www.freiburg-schwarzwald.de\/blog\/kultur\/medien\/political-correctness\/\">Political Correctness<\/a> hat ihr Regiment der Einsch\u00fcchterung abgegeben, das hei\u00dft es trampeln ab sofort keine Elefanten mehr in ihren Tabus umher. So gilt zum Beispiel das Statement &#8222;Wir haben <a href=\"https:\/\/www.freiburg-schwarzwald.de\/blog\/business\/dienste\/immobilien\/wohnen\/wohnungsmangel\/\">Wohnraummangel<\/a> wegen der 1,2 Mio neuen Fl\u00fcchtlingen&#8220; wieder als logische sowie der L\u00f6sung des Migrationsproblems dienliche Aussage und nicht mehr als Hass &amp; Hetze.<br \/>\n&#8222;M\u00e4nnlich ist heute der Mut, sich gegen den woken Wahnsinn zu stellen&#8220; meint Norbert Bolz in &#8222;Der alte wei\u00dfe Mann &#8211; S\u00fcndenbock der Nation&#8220;, Seite 190. Bestimmt braucht es noch weiterhin viel Mut, um den woken Wanhnsinn endlich komplett zum Verschwinden zu bringen.<\/p>\n<p><a href=\"https:\/\/www.freiburg-schwarzwald.de\/blog\/engagement\/zukunft\/ideologie\/\">Ideologien<\/a>, Modestr\u00f6mungen, Machtwelten verlaufen in Wellen, die irgendwann enden &#8211; entweder die Wellen ebben ab und verlaufen sich im Sand, oder aber sie zerbersten abrupt an einem Widerstand (Mauer, Felsenk\u00fcste).<br \/>\nAuch der Woke-Ideologie mit ihren Instrumenten CancelCulture, Identit\u00e4tspolitik, Moralismus, Gleichheitslehre, Rassismus-Keule, Political Correctness ist von dieser historischen Gesetzm\u00e4\u00dfigkeit nicht ausgenommen. In den USA scheint sich gerade ein Widerstand gegen Wokeness aufzubauen, an Universit\u00e4ten und in der Presse zeigt sich erstes heftiges Aufbegehren gegen die woke Dominanz. Im untert\u00e4nigen Deutschland wird eher das seichte, lange Zeit beanspruchende Abflauen der woken Welle zu erwarten sein.<br \/>\n10.3.2023<br \/>\n.<br \/>\nEnde von Beitrag &#8222;Peak Woke ist erreicht&#8220;<br \/>\n============ ===========================================<br \/>\nBeginn von Anlagen (1) bis (2)<br \/>\n.<\/p>\n<p><strong>(1) Die woke Lehre frisst ihre Gr\u00fcnder &#8211; Peak Woke ist erreicht<\/strong><br \/>\nEthnologen haben viel zur Identit\u00e4ts-Ideologie beigetragen. Mittlerweile gilt es aber als verd\u00e4chtig, \u00fcberhaupt andere Kulturen zu erforschen. Museumskuratoren wetteifern darum, ihre H\u00e4user umzubenennen und am besten auszur\u00e4umen. Was in den USA begann, wird im Moralweltmeister-Land perfektioniert: die Selbstabschaffung<br \/>\nAufschlussreiche Neuigkeiten kommen aus den USA auf uns zu: Die amerikanischen Ethnologen haben getagt \u2013 und dabei deutlich gemacht, dass woke Wissenschaft am Ende ist. Nachdem der Wokeismus in diesem akademischen Milieu entstand und von dort in einer Art Laborunfall in die Gesellschaft diffundierte, sind das eigentlich gute Nachrichten. Peak Woke scheint erreicht. Die Revolution beginnt, ihre Kinder zu fressen.<br \/>\nDie Neue Z\u00fcrcher Zeitung druckte j\u00fcngst den Feldforschungsbericht eines Schweizers aus den USA.<br \/>\n<a href=\"https:\/\/www.nzz.ch\/international\/ethnologie-kongress-seattle-woker-zeitgeist-und-wissenschaft-ld.1713014?reduced=true\">https:\/\/www.nzz.ch\/international\/ethnologie-kongress-seattle-woker-zeitgeist-und-wissenschaft-ld.1713014?reduced=true<\/a><br \/>\nDavid Signer hei\u00dft der Beobachter, der sich zum Stamm der US-amerikanischen Ethnologen begab, welche sich in Seattle versammelt hatten, um ihrem Gott zu huldigen \u2013 der Progressivit\u00e4t im Namen von Diversit\u00e4t und Identit\u00e4t.<br \/>\n&#8230; Alles vom 23.2.2023 von J\u00fcrgen Schmid bitte lesen auf<br \/>\n<a href=\"https:\/\/www.publicomag.com\/2023\/02\/die-woke-lehre-frisst-ihre-gruender\/\">https:\/\/www.publicomag.com\/2023\/02\/die-woke-lehre-frisst-ihre-gruender\/<\/a><br \/>\n.<br \/>\n.<br \/>\n<strong>(2) Sind die Tage der Gendersprache gez\u00e4hlt?<\/strong><br \/>\nDie Stralsunder B\u00fcrgerschaft hat gegen das Gendern in der Verwaltung gestimmt. Der AfD-Antrag war unter anderem mit Stimmen von CDU und FDP durchgebracht worden. Nach der Hamburger Volksinitiative gegen die Gendersprache scheinen die Zeichen auf Protest zu stehen.<br \/>\nDie Stralsunder B\u00fcrgerschaft \u2013 also das oberste Beschlussorgan der Hansestadt in Mecklenburg-Vorpommern \u2013 hat gegen das Gendern in der Verwaltung gestimmt, schreibt unter anderem die Welt.<br \/>\n<a href=\"https:\/\/www.welt.de\/politik\/deutschland\/article244335307\/\">https:\/\/www.welt.de\/politik\/deutschland\/article244335307\/<\/a>Auf-AfD-Antrag-Stralsunder-Buergerschaft-stimmt-gegen-Gendern-in-der-Verwaltung.html<br \/>\nDie AfD hatte einen Antrag mit dem Titel \u201eGendern konsequent unterbinden \u2013 Kommunikation in regelkonformer Sprache\u201c zur Abstimmung gebracht, der st\u00e4dtische Einrichtungen und Betriebe anweisen will, sich an die Vorgaben des Rates f\u00fcr deutsche Rechtschreibung zu halten. Dieser hatte das Gendern bereits 2021 abgelehnt \u2013 etwa in Form von Sternchen, Unterstrich oder Doppelpunkt.<br \/>\n<a href=\"https:\/\/www.rechtschreibrat.com\/geschlechtergerechte-schreibung-empfehlungen-vom-26-03-2021\/\">https:\/\/www.rechtschreibrat.com\/geschlechtergerechte-schreibung-empfehlungen-vom-26-03-2021\/<\/a><br \/>\n&#8230; Alles vom 18.3.2023 von Ulrike Stockmann bitte lesen auf<br \/>\n<a href=\"https:\/\/www.achgut.com\/artikel\/sind_die_tage_der_gendersprache_gezaehlt\">https:\/\/www.achgut.com\/artikel\/sind_die_tage_der_gendersprache_gezaehlt<\/a><\/p>\n","protected":false},"excerpt":{"rendered":"<p>Freut Euch &#8211; Peak Woke ist erreicht! Die Woken erwachen peu a peu. Und die ersten Wendeh\u00e4lse melden sich bereits: &#8222;Wir wussten es ja immer schon&#8220; oder &#8222;Haben es ja nie ernst genommen&#8220; oder &#8222;Sorry, gar nicht so gemeint&#8220;. Die &hellip; <a href=\"https:\/\/www.freiburg-schwarzwald.de\/blog\/ist-peak-woke-erreicht\/\">Weiterlesen <span class=\"meta-nav\">&rarr;<\/span><\/a><\/p>\n","protected":false},"author":2,"featured_media":0,"comment_status":"open","ping_status":"closed","sticky":false,"template":"","format":"standard","meta":{"footnotes":""},"categories":[1],"tags":[779,689,778,525,764],"class_list":["post-112267","post","type-post","status-publish","format-standard","hentry","category-allgemein","tag-moral","tag-identitaet","tag-macht","tag-politik","tag-woke"],"_links":{"self":[{"href":"https:\/\/www.freiburg-schwarzwald.de\/blog\/wp-json\/wp\/v2\/posts\/112267","targetHints":{"allow":["GET"]}}],"collection":[{"href":"https:\/\/www.freiburg-schwarzwald.de\/blog\/wp-json\/wp\/v2\/posts"}],"about":[{"href":"https:\/\/www.freiburg-schwarzwald.de\/blog\/wp-json\/wp\/v2\/types\/post"}],"author":[{"embeddable":true,"href":"https:\/\/www.freiburg-schwarzwald.de\/blog\/wp-json\/wp\/v2\/users\/2"}],"replies":[{"embeddable":true,"href":"https:\/\/www.freiburg-schwarzwald.de\/blog\/wp-json\/wp\/v2\/comments?post=112267"}],"version-history":[{"count":3,"href":"https:\/\/www.freiburg-schwarzwald.de\/blog\/wp-json\/wp\/v2\/posts\/112267\/revisions"}],"predecessor-version":[{"id":112270,"href":"https:\/\/www.freiburg-schwarzwald.de\/blog\/wp-json\/wp\/v2\/posts\/112267\/revisions\/112270"}],"wp:attachment":[{"href":"https:\/\/www.freiburg-schwarzwald.de\/blog\/wp-json\/wp\/v2\/media?parent=112267"}],"wp:term":[{"taxonomy":"category","embeddable":true,"href":"https:\/\/www.freiburg-schwarzwald.de\/blog\/wp-json\/wp\/v2\/categories?post=112267"},{"taxonomy":"post_tag","embeddable":true,"href":"https:\/\/www.freiburg-schwarzwald.de\/blog\/wp-json\/wp\/v2\/tags?post=112267"}],"curies":[{"name":"wp","href":"https:\/\/api.w.org\/{rel}","templated":true}]}}