{"id":111903,"date":"2023-04-20T14:28:52","date_gmt":"2023-04-20T12:28:52","guid":{"rendered":"https:\/\/www.freiburg-schwarzwald.de\/blog\/?p=111903"},"modified":"2023-04-20T14:33:08","modified_gmt":"2023-04-20T12:33:08","slug":"yom-hashoah-holocaustgedenk","status":"publish","type":"post","link":"https:\/\/www.freiburg-schwarzwald.de\/blog\/yom-hashoah-holocaustgedenk\/","title":{"rendered":"Yom HaShoah Holocaustgedenk"},"content":{"rendered":"<p>Am Yom HaShoah, dem israelischen Holocaustgedenktag, stehen in <a href=\"https:\/\/www.freiburg-schwarzwald.de\/blog\/global\/israel\/israel2020\/\">Israel<\/a> die Vertreter aller politischen Lager von Ultra-Linken bis zu Orthodoxen eintr\u00e4chtig zusammen. Auch in Deutschland, das den Bestand von Israel zur <a href=\"https:\/\/www.freiburg-schwarzwald.de\/blog\/israel-staatsraison-nur-verbal\/\">Staatsraison<\/a> erkl\u00e4rt hat (zuletzt Angela Merkel), wird an die <a href=\"https:\/\/www.freiburg-schwarzwald.de\/blog\/bildung\/holocaust-education\/\">Ermordung der Juden<\/a> im 3. Reich erinnert.<!--more--><br \/>\nDiese <a href=\"https:\/\/www.freiburg-schwarzwald.de\/blog\/kultur\/erinnerungskultur\/\">Erinnerung<\/a> mu\u00df vor allem bei der Jugend wach gehalten werden, weniger durch offizielle Staatsakte bzw. Events als \u00fcber die Vermittlung von Wissen. Vor allem durch Zeitzeugen bzw. deren Angeh\u00f6rige. Dazu eignet sich das Podiumsgespr\u00e4ch in <a href=\"https:\/\/www.freiburg-schwarzwald.de\/blog\/religion\/juden\/juedisches-leben\/deutsch-israelischer-arbeitskreis\/\">Ringsheim<\/a> am 18.4.2023 <a href=\"https:\/\/youtu.be\/0RrmRxDo8hw\">https:\/\/youtu.be\/0RrmRxDo8hw<\/a>, hervorragend. Das Video sollte an <a href=\"https:\/\/www.freiburg-schwarzwald.de\/blog\/bildung\/schulen\/schulfrieden\/\">Schulen<\/a> m\u00f6glichst vielen Sch\u00fclern im Geschichtsunterricht gezeigt und diskutiert werden: Die deutsche J\u00fcdin <a href=\"https:\/\/www.freiburg-schwarzwald.de\/blog\/religion\/juden\/juedisches-leben\/\">Sabine Schermann<\/a>, der Israeli Yonathan Shary und der t\u00fcrkei-st\u00e4mmiger Ex-Muslim <a href=\"https:\/\/www.freiburg-schwarzwald.de\/blog\/eigenverantwortung-fuer-alle\/\">Ali Utlu<\/a> sprechen unter der Moderation von <a href=\"https:\/\/www.freiburg-schwarzwald.de\/blog\/religion\/juden\/juedisches-leben\/deutsch-israelischer-arbeitskreis\/\">Gerd Buurmann<\/a> \u00fcber die deutsch-israelische <a href=\"https:\/\/www.freiburg-schwarzwald.de\/blog\/religion\/juden\/judenhass2021\/\">Erinnerungskultur<\/a>.<\/p>\n<p>Wenige Zitate:<br \/>\nAli Utlu: &#8222;Juden an sich werden aus diesem Gedenken an die Shoa herausgenommen&#8220;<br \/>\n&#8222;Der importierte Antisemitismus wird vom rituellen Gedenken ignoriert&#8220;<br \/>\nSimone Schermann: &#8222;<a href=\"https:\/\/www.freiburg-schwarzwald.de\/blog\/religion\/juden\/juedisches-leben\/\">Mein Judentum<\/a> kann ich nur auf zwei Arten ausleben. Entweder ich bin sinnf\u00e4hriges Gedenkobjekt oder ein Antisemitismusbek\u00e4mpfungsobjekt, um auf meinem R\u00fccken den Antisemitismus zu bek\u00e4mpfen, aber nur den gegen Rechts&#8220;<br \/>\n&#8222;Juden, die Kippa tragen gibt es nicht. Es sei denn, sie haben einen Hang zum Suizid&#8220;<br \/>\nYonathan Shary: &#8222;Als Enkelkind von Holocaust-\u00dcberlebenden bin ich f\u00fcr diese Woche nach Deutschland gekommen, um zu berichten.&#8220;<br \/>\n20.4.2023<br \/>\n.<br \/>\nEnde von Beitrag &#8222;Yom HaShoah, dem israelischer Holocaustgedenktag&#8220;<br \/>\n===========================================================<br \/>\nBeginn von Anlage (1)<br \/>\n.<\/p>\n<p><strong>(1) Freiburg\/Ringsheim: &#8222;Yom HaShoah &#8211; israelischer Holocaustgedenktag&#8220;<\/strong><br \/>\nVor 78 Jahren endete die Barbarei der industriellen Ermordung des j\u00fcdischen Volkes auf europ\u00e4ischem Boden mit der bedingungslosen Kapitulation Deutschlands. Durch die Shoah wurde ein klaffender Abgrund in Europa aufgerissen. War zum Beispiel noch vor hundert Jahren jeder zehnte B\u00fcrger Polens ein Jude, findet man heute unter zehntausend Polen vielleicht zwei oder drei Juden. Eine ganze Kultur wurde unwiederbringlich zerst\u00f6rt.<br \/>\nAcht Jahrzehnte nach der Vernichtung einer \u00fcber zweitausend Jahre alten und reichhaltigen Kultur gibt es kaum noch \u00dcberlebende, die uns pers\u00f6nlich von ihren Erfahrungen aus dem vergangenen Inferno von Chmelno, Sobibor und Auschwitz berichten k\u00f6nnen. Dadurch ergeben sich viele Fragen:<br \/>\nWer also wird in der Zukunft \u00fcber die Verbrechen berichten und vor allem wie?<br \/>\nWie kann eine Vergangenheitsbew\u00e4ltigung aussehen in einer Welt, in der es keine Zeitzeugen mehr gibt? Und wer erz\u00e4hlt uns die Geschichten von und vor der Zerst\u00f6rung?<br \/>\n<a href=\"https:\/\/youtu.be\/0RrmRxDo8hw\">https:\/\/youtu.be\/0RrmRxDo8hw<\/a>, 18.4.2023<br \/>\n<a href=\"https:\/\/www.klardenken.tv\">https:\/\/www.klardenken.tv<\/a><br \/>\n.<br \/>\n<a href=\"https:\/\/www.freiburg-schwarzwald.de\/blog\/religion\/juden\/juedisches-leben\/deutsch-israelischer-arbeitskreis\/\">https:\/\/www.freiburg-schwarzwald.de\/blog\/religion\/juden\/juedisches-leben\/deutsch-israelischer-arbeitskreis\/<\/a><\/p>\n","protected":false},"excerpt":{"rendered":"<p>Am Yom HaShoah, dem israelischen Holocaustgedenktag, stehen in Israel die Vertreter aller politischen Lager von Ultra-Linken bis zu Orthodoxen eintr\u00e4chtig zusammen. Auch in Deutschland, das den Bestand von Israel zur Staatsraison erkl\u00e4rt hat (zuletzt Angela Merkel), wird an die Ermordung &hellip; <a href=\"https:\/\/www.freiburg-schwarzwald.de\/blog\/yom-hashoah-holocaustgedenk\/\">Weiterlesen <span class=\"meta-nav\">&rarr;<\/span><\/a><\/p>\n","protected":false},"author":2,"featured_media":0,"comment_status":"open","ping_status":"closed","sticky":false,"template":"","format":"standard","meta":{"footnotes":""},"categories":[18,52,13,19,95],"tags":[749,420,301,363,670,175],"class_list":["post-111903","post","type-post","status-publish","format-standard","hentry","category-bildung","category-einewelt","category-kultur","category-religion","category-schulen","tag-diskussionskultur","tag-juden","tag-culture","tag-lernen","tag-nazi","tag-ortsgeschichte"],"_links":{"self":[{"href":"https:\/\/www.freiburg-schwarzwald.de\/blog\/wp-json\/wp\/v2\/posts\/111903","targetHints":{"allow":["GET"]}}],"collection":[{"href":"https:\/\/www.freiburg-schwarzwald.de\/blog\/wp-json\/wp\/v2\/posts"}],"about":[{"href":"https:\/\/www.freiburg-schwarzwald.de\/blog\/wp-json\/wp\/v2\/types\/post"}],"author":[{"embeddable":true,"href":"https:\/\/www.freiburg-schwarzwald.de\/blog\/wp-json\/wp\/v2\/users\/2"}],"replies":[{"embeddable":true,"href":"https:\/\/www.freiburg-schwarzwald.de\/blog\/wp-json\/wp\/v2\/comments?post=111903"}],"version-history":[{"count":3,"href":"https:\/\/www.freiburg-schwarzwald.de\/blog\/wp-json\/wp\/v2\/posts\/111903\/revisions"}],"predecessor-version":[{"id":111906,"href":"https:\/\/www.freiburg-schwarzwald.de\/blog\/wp-json\/wp\/v2\/posts\/111903\/revisions\/111906"}],"wp:attachment":[{"href":"https:\/\/www.freiburg-schwarzwald.de\/blog\/wp-json\/wp\/v2\/media?parent=111903"}],"wp:term":[{"taxonomy":"category","embeddable":true,"href":"https:\/\/www.freiburg-schwarzwald.de\/blog\/wp-json\/wp\/v2\/categories?post=111903"},{"taxonomy":"post_tag","embeddable":true,"href":"https:\/\/www.freiburg-schwarzwald.de\/blog\/wp-json\/wp\/v2\/tags?post=111903"}],"curies":[{"name":"wp","href":"https:\/\/api.w.org\/{rel}","templated":true}]}}