{"id":111785,"date":"2023-04-16T08:57:46","date_gmt":"2023-04-16T06:57:46","guid":{"rendered":"https:\/\/www.freiburg-schwarzwald.de\/blog\/?p=111785"},"modified":"2023-04-16T22:03:24","modified_gmt":"2023-04-16T20:03:24","slug":"das-geschaeft-mit-dem-krieg","status":"publish","type":"post","link":"https:\/\/www.freiburg-schwarzwald.de\/blog\/das-geschaeft-mit-dem-krieg\/","title":{"rendered":"Das Gesch\u00e4ft mit dem Krieg"},"content":{"rendered":"<p>Krieg findet statt, weil es sich lohnt. F\u00fcr die <a href=\"https:\/\/www.freiburg-schwarzwald.de\/blog\/global\/waffen\/\">R\u00fcstungsindustrie<\/a> als Hauptprofiteure. Vorne k\u00e4mpfen brutal junge <a href=\"https:\/\/www.freiburg-schwarzwald.de\/blog\/global\/russland\/\">Russen<\/a> gegen junge <a href=\"https:\/\/www.freiburg-schwarzwald.de\/blog\/global\/ukraine\/ukraine-russland\/\">Ukrainer<\/a>, die sich eigentlich gut verstehen w\u00fcrden. Und hinten freuen sich derweil die Aktion\u00e4re von Rheinmetall \u00fcber satte Aktiengewinne.<br \/>\n<!--more-->\u00dcber dieses miese &#8222;Gesch\u00e4ft mit dem Krieg&#8220; diskutieren bei Fairtalk.tv Gabriele Gysi (Regisseurin), <a href=\"https:\/\/www.freiburg-schwarzwald.de\/blog\/kultur\/medien\/zensur\/sprechverbot\/\">Daniele Ganser<\/a> (Historiker), <a href=\"https:\/\/www.freiburg-schwarzwald.de\/blog\/maaz-kritiker-als-schuldige\/\">Hans-Joachim Maaz<\/a> (<a href=\"https:\/\/www.freiburg-schwarzwald.de\/blog\/selbsthilfe\/psyche\/massenpsychose\/\">Psychotherapeut<\/a>) und Uli Masuth (Comediant) in interessant-bunter Besetzung miteinander, siehe (1) unten: <a href=\"https:\/\/youtu.be\/uTpTy-qZbQ8\">https:\/\/youtu.be\/uTpTy-qZbQ8<\/a>. Anders als in den <a href=\"https:\/\/www.freiburg-schwarzwald.de\/blog\/kultur\/medien\/talkshow\/\">Talkshows<\/a> bei <a href=\"https:\/\/www.freiburg-schwarzwald.de\/blog\/kultur\/medien\/oerr\/\">\u00d6RR<\/a> und <a href=\"https:\/\/www.freiburg-schwarzwald.de\/blog\/kultur\/medien\/mainstream\/\">Mainstream<\/a>, wo langweilig und unisono das Narrativ &#8222;Aufr\u00fcstung ist alternativlos&#8220; (Agnes Strack-Zimmermann, FDP) verk\u00fcndet wird.<br \/>\nDer Psychiater, Psychoanalytiker und Neurologe Dr. Hans Joachim Maaz im Fairtalk: <em>&#8222;Der Kindheitsforscher Michael H\u00fcter hat gesagt, da\u00df noch nie in der Geschichte der Menschheit ein solcher Krieg gegen Kinder gef\u00fchrt wurde, wie er im Rahmen der Pandemie gef\u00fchrt worden ist. Ich w\u00fcnsche wirklich, da\u00df ich das noch erleben kann, da\u00df die T\u00e4ter, die diese Verbrechen an Kindern in den letzten Jahren begangen haben, strafrechtlich zur Verantwortung gezogen werden.&#8220;<\/em><br \/>\n.<br \/>\nNeben der Waffenindustrie gibt es eine zweite Gruppe von Kriegsgewinnern: Die <a href=\"https:\/\/www.freiburg-schwarzwald.de\/blog\/engagement\/zukunft\/angst\/angstmachen\/\">Angstmacher<\/a>. Krieg macht Angst. Die Angst wiederum macht den B\u00fcrger willenlos, gehorsam, verf\u00fchrbar und empf\u00e4nglich f\u00fcr allerlei Versprechungen, den Krieg zu gewinnen. Ver\u00e4ngstigt stimmen die Abgeordneten in Berlin nach Ausrufung einer &#8222;Zeitenwende&#8220; (Scholz) Waffenlieferungen, Sanktionen und Bundeswehraufr\u00fcstung in gro\u00dfem Ausma\u00df zu.<br \/>\nZwei Mal Krieg. Kein einziges Mal Diplomatie bzw. Frieden. Ist <a href=\"https:\/\/www.freiburg-schwarzwald.de\/blog\/engagement\/zukunft\/frieden\/friedensbewegung\/\">Frieden<\/a> denn kein Gesch\u00e4ft?<br \/>\nKrieg ist die wohl extremste Form von menschengemachter Krise. <a href=\"https:\/\/www.freiburg-schwarzwald.de\/blog\/staat-macht-buergern-angst\/\">Wolfgang Sch\u00e4uble<\/a> gibt ganz offen zu, da\u00df die Politik von einem ver\u00e4ngstigten, eingesch\u00fcchterten Volk profitiert, um ihre Vorhaben umzusetzen. \u201eDie Corona-Krise ist eine gro\u00dfe Chance. Der Widerstand gegen Ver\u00e4nderungen wird in der Krise geringer. Die Wirtschafts- und Finanzunion, die wir politisch bisher nicht zustande gebracht haben, k\u00f6nnen wir jetzt hinbekommen.\u201c (2020 in der Neuen Westf\u00e4lischen). Was bei Corona klappte, das funktioniert in der Ukrainekrise erst recht.<br \/>\n.<br \/>\nGabriele Krone-Schmalz, von 1987 bis 1991 als ARD-Korrespondentin in Moskau t\u00e4tig, z\u00e4hlt zu den kompetentesten Journalisten um das Kriegsgeschehen in der Ukraine. Bei ihren Vortr\u00e4gen z.B. am 14.10.2022 in Reutlingen (<a href=\"https:\/\/www.youtube.com\/watch?v=Gkozj8FWI1w\">https:\/\/www.youtube.com\/watch?v=Gkozj8FWI1w<\/a>, mehr <a href=\"https:\/\/www.freiburg-schwarzwald.de\/blog\/krone-schmalz-ru-und-ua\/\">hier<\/a>) und am 2.4.2023 auf dem &#8222;Handwerker-Friedenskongress&#8220; in Dessau-Ro\u00dflau (<a href=\"https:\/\/youtu.be\/pFTtj_wDq3I\">https:\/\/youtu.be\/pFTtj_wDq3I<\/a> , mehr <a href=\"https:\/\/www.freiburg-schwarzwald.de\/blog\/feindschaft-zu-china-nein\/\">hier<\/a>) beschreibt sie sachlich fundiert und in langsamer, verst\u00e4ndlicher Sprache den Krieg Russland &#8211; Ukraine.<br \/>\nEinige Zitate aus dem Vortrag von Gabriele Krone-Schmalz vor dem der Handwerker in Dessau:<br \/>\n&#8222;Um umfassende Informationen zu erhalten, mu\u00df ich mich als Journalist aus der eigenen Blase l\u00f6sen.<br \/>\nWas f\u00fcr eine perverse Bezeichnung: Kriegsm\u00fcdigkeit (Annalena Baerbock).<br \/>\nDie Atmosph\u00e4re vor 1933 war \u00e4hnlich wie heute.<br \/>\nDemokratischer Konsens (nicht Kompromi\u00df) ist die Vorstufe zum Faschismus.<br \/>\n&#8222;Verstehen wollen&#8220; ist etwas anderes als &#8222;Verst\u00e4ndnis haben&#8220;.<br \/>\nKennedy zur Kubakrise: Man dar eine Atommacht nicht in die Enge treiben.<br \/>\nWas fr\u00fcher Wahrheit war, hei\u00df heute Narrativ.<br \/>\n&#8230;. Bankrotterkl\u00e4rung von Politik.<br \/>\nAlle Staaten der ehemaligen Sowjetunion bekamen vom Westen die Chance zum Neuanfang, nur Russland nicht.<br \/>\nMerkel und Macron wollten sich mit Putin treffen, dies wurde aber verhindert.<br \/>\nJelzin wurde zum Geburtshelfer der Oligarchie in Russland.<br \/>\nBegriffe wie Ordnung, Struktur und Stabilit\u00e4t hat der Westen f\u00fcr Russland nie zugelassen.<br \/>\nW\u00e4re Putin in seiner ersten Amtszeit vom westen gen\u00fcgend ernst genommen worden, h\u00e4tte sich die russische Gesellschaft viel freier entwickelt und h\u00e4tte sich nicht umzingelt gef\u00fchlt.<br \/>\nDie Aussage, Russland habe Deutschland den Gashahn zugedreht, ist nicht korrekt. Das haben wir selbst gemacht.&#8220;<br \/>\n.<br \/>\nDiese beiden Vortr\u00e4ge von Gabriele Krone-Schmalz liefern breites Hintergrundwissen, es lohnt sich, sie anzuh\u00f6ren. Am Ende ihrer Ausf\u00fchrungen zitiert Krone-Schmalz die vor kurzem verstorbene gr\u00fcne Pazifistin <a href=\"https:\/\/www.freiburg-schwarzwald.de\/blog\/antje-vollmer-tot-eine-pazifistin\/\">Antje Vollmer<\/a>: \u201eWir m\u00fcssen Hass und Krieg verlernen.\u201c Damit w\u00fcrde dem Krieg die Gesch\u00e4ftsgrundlage entzogen.<br \/>\n16.4.2023<br \/>\n.<\/p>\n<p>Ende von Beitrag &#8222;Das Gesch\u00e4ft mit dem Krieg&#8220;<br \/>\n========================================================<br \/>\nBeginn von Anlagen (1) &#8211; (2)<br \/>\n.<br \/>\n.<br \/>\n<strong>(1) Das Gesch\u00e4ft mit dem Krieg<\/strong><br \/>\nTalk mit mit Gabriele Gysi, Daniele Ganser, Hans-Joachim Maaz und Uli Masuth, 7.4.2023<br \/>\n<a href=\"https:\/\/youtu.be\/uTpTy-qZbQ8\">https:\/\/youtu.be\/uTpTy-qZbQ8<\/a><\/p>\n<p>Die Talk Formate mit Jens Lehrich:<br \/>\n<a href=\"https:\/\/www.fairtalk.tv\/\">https:\/\/www.fairtalk.tv\/<\/a><br \/>\nAlles Sendenungen ohne Werbung<br \/>\nauf<a href=\"https:\/\/vimeo.com\/ondemand\/fairtalk\"> https:\/\/vimeo.com\/ondemand\/fairtalk<\/a><br \/>\nauf<a href=\"https:\/\/www.patreon.com\/fairtalk\"> https:\/\/www.patreon.com\/fairtalk<\/a><br \/>\noder als Kanalmitglied (ab Supporter) <a href=\"https:\/\/www.youtube.com\/c\/fairtalktv\/join\">https:\/\/www.youtube.com\/c\/fairtalktv\/join<\/a><br \/>\n.<br \/>\nSocial Media:<br \/>\n<a href=\"https:\/\/t.me\/FairTalk_TV\">https:\/\/t.me\/FairTalk_TV<\/a><br \/>\n<a href=\"https:\/\/www.gettr.com\/user\/fairtalktv\">https:\/\/www.gettr.com\/user\/fairtalktv<\/a><br \/>\n<a href=\"https:\/\/www.instagram.com\/fairtalk.tv\/\">https:\/\/www.instagram.com\/fairtalk.tv\/<\/a><br \/>\n<a href=\"https:\/\/www.facebook.com\/fairtalktv\/\">https:\/\/www.facebook.com\/fairtalktv\/<\/a><br \/>\n<a href=\"https:\/\/twitter.com\/FairtalkTV\">https:\/\/twitter.com\/FairtalkTV<\/a><br \/>\n<a href=\"https:\/\/www.tiktok.com\/@fairtalktv\">https:\/\/www.tiktok.com\/@fairtalktv<\/a><\/p>\n<p>Einige Kommentare:<br \/>\nMit Hans-Joachim Maaz ist endlich wieder eine meiner Lieblingsstimmen dieser Zeit zu Gast&#8230;und mit Daniele Ganser ein Historiker und Autor, zu dessen Mut und Gelassenheit ich gerade in diesen Zeiten, in der Diffamierung zum neuen Volkssport geworden zu sein scheint, nur aufschauen kann! Vielen Dank daf\u00fcr, ich freue mich schon sehr darauf, mir die Sendung heute Abend in voller L\u00e4nge anzusehen. Einen Daumen nach oben gibt es trotzdem schon, denn ich kann mir bei Fair Talk sicher sein, dass das eine fantastische Gespr\u00e4chsrunde jenseits des Mainstreamnarratives sein wird! Mar<br \/>\n.<br \/>\n&#8222;Friedensf\u00e4higkeit ist Liebesf\u00e4higkeit&#8220;, den Punkt getroffen, Herr Dr. Maaz B.A.<br \/>\n.<br \/>\nGrandios! Mal wieder! Wieso unsere \u00d6ffentlich-Rechtlichen trotz Milliarden Budget eine Sendung dieser Qualit\u00e4t nicht einmal ansatzweise realisiert bekommen ist ein Armutszeugnis. Vielen Dank an das fantastische Fair Talk Team und alle Talkg\u00e4ste! E.S.<br \/>\n.<br \/>\nEine der besten sachliches Talkshows (gew\u00fcrzt mit einer guten Portion Humor trotz der ernsten Themen), die ich seit langer Zeit sehen konnte. Da macht es Freude zuzuh\u00f6ren. Vielen Dank an den Teilnehmerkreis &#8211; ihr seid einfach Spitze J.W.<br \/>\n.<br \/>\nDas ist so und sie d\u00fcrfen das sagen in dieser Runde lieber Herr Ganser; &#8222;Die Invasion in der Ukraine f\u00fchrte gewisserma\u00dfen zu einer Entlastung der Ungeimpften&#8220; &#8211; so habe ich das auch empfunden! (1:10:30) Danke f\u00fcr dieses Format mit vorz\u00fcglichen G\u00e4sten zu diesem Thema W.B.<br \/>\nEnde Kommentare<br \/>\n.<br \/>\n<em>Dr. Hans-Joachim Maaz, der ehemalige Chefarzt, Psychiater und Psychoanalytiker ist bekannt durch seine zahlreichen Buchver\u00f6ffentlichungen sowie Auftritte in den Medien. Seit seinem Bestseller \u201eDer Gef\u00fchlsstau\u201c (1990) gilt er als \u201eKenner der deutschen Befindlichkeit\u201c (ZDF). Mit \u201eDie narzi\u00dftische Gesellschaft\u201c (2012) gelang ihm ein \u201ePsychogramm der Bundesrepublik\u201c (Spiegel). Zuletzt erschienen Anfang 2020 \u201eDas gespaltene Land. Ein Psychogramm\u201c und Ende 2020 \u201eCorona-Angst. Was mit unserer Psyche geschieht\u201c. Geboren wurde Maaz, der im s\u00e4chsischen Sebnitz aufgewachsen ist, 1943 in Nieder-Einsiedel im n\u00f6rdlichen Sudetenland.<\/em><br \/>\n.<br \/>\n.<br \/>\n<strong>(2) \u201eHandwerker-Friedenskongress\u201c: Standing Ovations f\u00fcr Russlandversteherin Gabriele Krone-Schmalz<\/strong><br \/>\nHintergr\u00fcnde Ukraine-Krieg \u2013 Vortrag Gabriele Krone-Schmalz, Handwerker-Friedenskongress 02.04.2023<br \/>\n<a href=\"https:\/\/youtu.be\/pFTtj_wDq3I\">https:\/\/youtu.be\/pFTtj_wDq3I<\/a><br \/>\n&#8230;<br \/>\nSie ging in ihrer Rede ausf\u00fchrlich auf die Vorgeschichte des Ukraine-Konfliktes ein, die aus ihrer Sicht mit dem Untergang der Sowjetunion 1991 begann. Denn wer die gegenw\u00e4rtigen Ereignisse verstehen wolle, m\u00fcsse Vergangenes \u201ewenigstens ansatzweise kennen\u201c. Die Entwicklung des Konfliktes in und um die Ukraine zeige, \u201ewie wichtig Chronologien sind und wie fatal es ist, wenn man Ursache und Wirkung verwechselt\u201c. Ihre These: \u201eW\u00e4re Putin in seiner ersten und zweiten Amtszeit vom Westen respektiert und unterst\u00fctzt worden, w\u00e4ren seine Angebote ernstgenommen worden, h\u00e4tte sich die russische Gesellschaft ganz anders entwickeln k\u00f6nnen.\u201c<br \/>\nEs r\u00e4che sich fr\u00fcher oder sp\u00e4ter, \u201ewenn man sich nur auf die eigenen Denkmuster verl\u00e4sst und sich den Perspektivwechsel aus ideologischen oder welchen Gr\u00fcnden auch immer verweigert\u201c, stellte die Publizistin klar. <em><strong>Sie sprach sich f\u00fcr eine Politik aus, die Verhandlungen und Diplomatie h\u00f6her bewertet als Waffenlieferungen.<\/strong><\/em> Der EU warf sie vor, mit \u201eunverhohlener Kriegsrhetorik\u201c zur Eskalation beizutragen. \u201eNiemand sollte untersch\u00e4tzen, wie klein der Schritt von solcher Kriegsrhetorik zur Kriegsbereitschaft ist.\u201c<br \/>\nSie zitierte die k\u00fcrzlich verstorbene Antje Vollmer: \u201eWir m\u00fcssen Hass und Krieg verlernen.\u201c Und f\u00fcgte hinzu: \u201eDazu kann jeder Einzelne seinen Beitrag leisten. Das ist n\u00e4mlich gelebte Demokratie, in der Werte und Moral nicht beliebig zurechtgebogen werden.\u201c Mit stehendem Beifall dankten die mehr als 200 Kongressteilnehmer der Russlandversteherin und -erkl\u00e4rerin.<br \/>\n&#8230; Alles vom 6.4.2023 bitte lesen auf<br \/>\n<a href=\"https:\/\/www.nachdenkseiten.de\/?p=96096\">https:\/\/www.nachdenkseiten.de\/?p=96096<\/a><br \/>\n7.4.2023 auf <a href=\"https:\/\/www.nachdenkseiten.de\/?p=96047\">https:\/\/www.nachdenkseiten.de\/?p=96047<\/a><br \/>\n.<br \/>\n<strong>Handwerker f\u00fcr den Frieden<\/strong><br \/>\n\u201eDie \u201aHandwerker f\u00fcr den Frieden\u2018 sind eine ganz gro\u00dfe Errungenschaft der Friedensbewegung.\u201c Das sagte Reiner Braun, der sich seit Jahrzehnten in der Bundesrepublik f\u00fcr Frieden engagiert, am Sonntag, 2. April, in Dessau. Dort war er einer der mehr als 200 Teilnehmer des ersten \u201eHandwerker-Friedenskongresses\u201c<br \/>\n<a href=\"https:\/\/www.friedenskooperative.de\/referenten\/reiner-braun#block-nodeblock-16951\">https:\/\/www.friedenskooperative.de\/referenten\/reiner-braun#block-nodeblock-16951<\/a><\/p>\n","protected":false},"excerpt":{"rendered":"<p>Krieg findet statt, weil es sich lohnt. F\u00fcr die R\u00fcstungsindustrie als Hauptprofiteure. Vorne k\u00e4mpfen brutal junge Russen gegen junge Ukrainer, die sich eigentlich gut verstehen w\u00fcrden. Und hinten freuen sich derweil die Aktion\u00e4re von Rheinmetall \u00fcber satte Aktiengewinne.<\/p>\n","protected":false},"author":2,"featured_media":0,"comment_status":"open","ping_status":"closed","sticky":false,"template":"","format":"standard","meta":{"footnotes":""},"categories":[18,195,14,60,80,157],"tags":[559,520,667,796],"class_list":["post-111785","post","type-post","status-publish","format-standard","hentry","category-bildung","category-eu","category-global","category-jugend","category-medien","category-oeffentlicher-raum","tag-business","tag-frieden","tag-krieg","tag-ukraine"],"_links":{"self":[{"href":"https:\/\/www.freiburg-schwarzwald.de\/blog\/wp-json\/wp\/v2\/posts\/111785","targetHints":{"allow":["GET"]}}],"collection":[{"href":"https:\/\/www.freiburg-schwarzwald.de\/blog\/wp-json\/wp\/v2\/posts"}],"about":[{"href":"https:\/\/www.freiburg-schwarzwald.de\/blog\/wp-json\/wp\/v2\/types\/post"}],"author":[{"embeddable":true,"href":"https:\/\/www.freiburg-schwarzwald.de\/blog\/wp-json\/wp\/v2\/users\/2"}],"replies":[{"embeddable":true,"href":"https:\/\/www.freiburg-schwarzwald.de\/blog\/wp-json\/wp\/v2\/comments?post=111785"}],"version-history":[{"count":5,"href":"https:\/\/www.freiburg-schwarzwald.de\/blog\/wp-json\/wp\/v2\/posts\/111785\/revisions"}],"predecessor-version":[{"id":111807,"href":"https:\/\/www.freiburg-schwarzwald.de\/blog\/wp-json\/wp\/v2\/posts\/111785\/revisions\/111807"}],"wp:attachment":[{"href":"https:\/\/www.freiburg-schwarzwald.de\/blog\/wp-json\/wp\/v2\/media?parent=111785"}],"wp:term":[{"taxonomy":"category","embeddable":true,"href":"https:\/\/www.freiburg-schwarzwald.de\/blog\/wp-json\/wp\/v2\/categories?post=111785"},{"taxonomy":"post_tag","embeddable":true,"href":"https:\/\/www.freiburg-schwarzwald.de\/blog\/wp-json\/wp\/v2\/tags?post=111785"}],"curies":[{"name":"wp","href":"https:\/\/api.w.org\/{rel}","templated":true}]}}