{"id":11177,"date":"2012-09-22T19:14:27","date_gmt":"2012-09-22T17:14:27","guid":{"rendered":"https:\/\/www.freiburg-schwarzwald.de\/blog\/?p=11177"},"modified":"2012-09-24T11:17:14","modified_gmt":"2012-09-24T09:17:14","slug":"berufsvorbereitungskurs-himmelreich","status":"publish","type":"post","link":"https:\/\/www.freiburg-schwarzwald.de\/blog\/berufsvorbereitungskurs-himmelreich\/","title":{"rendered":"Berufsvorbereitungskurs Himmelreich"},"content":{"rendered":"<p>Am vergangenen Montagmorgen begann in der \u201e<a title=\"Himmelreich\" href=\"https:\/\/www.freiburg-schwarzwald.de\/blog\/selbsthilfe\/behinderung\/himmelreich\/\">Integrativen Akademie Himmelreich<\/a>\u201c der sechste \u201eBerufsvorbereitungskurs f\u00fcr die Berufsfelder des Hotel- und Gastst\u00e4ttengewerbes\u201c. Mit 13 jungen Menschen mit <a title=\"Behinderung\" href=\"https:\/\/www.freiburg-schwarzwald.de\/blog\/selbsthilfe\/behinderung\/\">Behinderung<\/a> hat diese achtzehnmonatige Ma\u00dfnahme, die u.a. durch die Agentur f\u00fcr Arbeit Freiburg und die Industrie- und Handelskammer S\u00fcdlicher Oberrhein gef\u00f6rdert wird, so viele Teilnehmende wie noch nie. W\u00e4hrend die meisten von ihnen aus S\u00fcdbaden kommen, ist eine junge Frau extra aus Ulm f\u00fcr diese <a title=\"Duale Bildung\" href=\"https:\/\/www.freiburg-schwarzwald.de\/blog\/bildung\/duale-bildung\/\">Ausbildung<\/a> ins Dreisamtal gekommen. Mit dem neuen Kurs besuchten bereits 60 junge Menschen mit Behinderung Kurse im Himmelreich.<!--more--><\/p>\n<p>Der Gesch\u00e4ftsf\u00fchrer vom \u201eHofgut Himmelreich\u201c, Jochen Lauber, begr\u00fc\u00dfte \u201edie Neuen\u201c herzlich: \u201eWir freuen uns, Sie bei Ihrem Plan, einen Arbeitsplatz in der Gastronomie zu finden, begleiten zu k\u00f6nnen.\u201c Und auch die Leiterin der Integrativen Akademie, Katharina Katt, fand herzliche Willkommensworte. Da sie selbst erst seit Januar im Himmelreich arbeite, sei sie sehr gespannt, denn das sei f\u00fcr sie der erste Kurs, den sie begr\u00fc\u00dfen k\u00f6nne. In der Akademie werden die Kursteilnehmer(innen) von p\u00e4dagogischen Fachkr\u00e4ften betreut. Bei den regelm\u00e4\u00dfigen Praxiszeiten stehen ihnen Mentoren zur Seite. Dass die Berufsvorbereitungskurse erfolgreich sind zeigt die Tatsache, dass von den bisherigen Absolventen 38 einen Arbeitsplatz auf dem allgemeinen Arbeitsmarkt, die ersten sogar schon unbefristet, gefunden haben.<\/p>\n<div class=\"mceTemp\">\n<dl id=\"attachment_11178\" class=\"wp-caption alignnone\" style=\"width: 190px;\">\n<dt class=\"wp-caption-dt\"><a href=\"https:\/\/www.freiburg-schwarzwald.de\/blog\/berufsvorbereitungskurs-himmelreich\/himmelreich-kurs1209\/\" rel=\"attachment wp-att-11178\"><img loading=\"lazy\" decoding=\"async\" class=\"size-thumbnail wp-image-11178\" title=\"himmelreich-kurs1209\" src=\"https:\/\/www.freiburg-schwarzwald.de\/blog\/wp-content\/uploads\/2012\/09\/himmelreich-kurs1209-180x118.jpg\" alt=\"\" width=\"180\" height=\"118\" srcset=\"https:\/\/www.freiburg-schwarzwald.de\/blog\/wp-content\/uploads\/2012\/09\/himmelreich-kurs1209-180x118.jpg 180w, https:\/\/www.freiburg-schwarzwald.de\/blog\/wp-content\/uploads\/2012\/09\/himmelreich-kurs1209.jpg 640w\" sizes=\"auto, (max-width: 180px) 100vw, 180px\" \/><\/a><\/dt>\n<dd class=\"wp-caption-dd\">Gro\u00dfe Vorfreude herrschte bei den neuen Kursteilnehmern des 6. Berufsvorbereitungskurses in der \u201eIntegrativen Akademie Himmelreich\u201c. Jochen Lauber (6.v.r.) und Katharina Katt (l.) begr\u00fc\u00dften sie. Monika Pollmann (r.), Sophie Altenburger (4.v.r.) und Katharina Mattern (8.v.r.) sind ihre p\u00e4dagogischen Begleiterinnen. Foto: Gerhard L\u00fcck<\/dd>\n<\/dl>\n<p>Gerhard L\u00fcck, 22.9.2012, <a href=\"https:\/\/www.dreisamtaeler.de\">www.dreisamtaeler.de<\/a><\/p>\n<\/div>\n","protected":false},"excerpt":{"rendered":"<p>Am vergangenen Montagmorgen begann in der \u201eIntegrativen Akademie Himmelreich\u201c der sechste \u201eBerufsvorbereitungskurs f\u00fcr die Berufsfelder des Hotel- und Gastst\u00e4ttengewerbes\u201c. Mit 13 jungen Menschen mit Behinderung hat diese achtzehnmonatige Ma\u00dfnahme, die u.a. durch die Agentur f\u00fcr Arbeit Freiburg und die Industrie- &hellip; <a href=\"https:\/\/www.freiburg-schwarzwald.de\/blog\/berufsvorbereitungskurs-himmelreich\/\">Weiterlesen <span class=\"meta-nav\">&rarr;<\/span><\/a><\/p>\n","protected":false},"author":4,"featured_media":0,"comment_status":"open","ping_status":"closed","sticky":false,"template":"","format":"standard","meta":{"footnotes":""},"categories":[56,18,50],"tags":[114,359],"class_list":["post-11177","post","type-post","status-publish","format-standard","hentry","category-behinderung","category-bildung","category-dreisamtal","tag-down-syndrom","tag-inklusion"],"_links":{"self":[{"href":"https:\/\/www.freiburg-schwarzwald.de\/blog\/wp-json\/wp\/v2\/posts\/11177","targetHints":{"allow":["GET"]}}],"collection":[{"href":"https:\/\/www.freiburg-schwarzwald.de\/blog\/wp-json\/wp\/v2\/posts"}],"about":[{"href":"https:\/\/www.freiburg-schwarzwald.de\/blog\/wp-json\/wp\/v2\/types\/post"}],"author":[{"embeddable":true,"href":"https:\/\/www.freiburg-schwarzwald.de\/blog\/wp-json\/wp\/v2\/users\/4"}],"replies":[{"embeddable":true,"href":"https:\/\/www.freiburg-schwarzwald.de\/blog\/wp-json\/wp\/v2\/comments?post=11177"}],"version-history":[{"count":0,"href":"https:\/\/www.freiburg-schwarzwald.de\/blog\/wp-json\/wp\/v2\/posts\/11177\/revisions"}],"wp:attachment":[{"href":"https:\/\/www.freiburg-schwarzwald.de\/blog\/wp-json\/wp\/v2\/media?parent=11177"}],"wp:term":[{"taxonomy":"category","embeddable":true,"href":"https:\/\/www.freiburg-schwarzwald.de\/blog\/wp-json\/wp\/v2\/categories?post=11177"},{"taxonomy":"post_tag","embeddable":true,"href":"https:\/\/www.freiburg-schwarzwald.de\/blog\/wp-json\/wp\/v2\/tags?post=11177"}],"curies":[{"name":"wp","href":"https:\/\/api.w.org\/{rel}","templated":true}]}}