{"id":111580,"date":"2023-04-08T14:46:55","date_gmt":"2023-04-08T12:46:55","guid":{"rendered":"https:\/\/www.freiburg-schwarzwald.de\/blog\/?p=111580"},"modified":"2023-04-09T09:05:58","modified_gmt":"2023-04-09T07:05:58","slug":"ostern-raetschen-brandbrief","status":"publish","type":"post","link":"https:\/\/www.freiburg-schwarzwald.de\/blog\/ostern-raetschen-brandbrief\/","title":{"rendered":"Ostern: R\u00e4tschen &#8211; Brandbrief"},"content":{"rendered":"<p>Ein kalter Ostersamstag mit nur 6 Grad um 12 Uhr mittags in Freiburg. Von wegen <a href=\"https:\/\/www.freiburg-schwarzwald.de\/blog\/natur\/klima\/klimawandel\/\">Klimawandel<\/a> &#8211; wie in jedem Jahr gibt es zu <a href=\"https:\/\/www.freiburg-schwarzwald.de\/blog\/religion\/kirchen\/ostern\/\">Ostern<\/a> mal Schnee, mal 25 Grad. Alles wie gehabt. Wie in jedem Jahr drehen die <a href=\"https:\/\/www.freiburg-schwarzwald.de\/blog\/religion\/kirchen\/raetschen\/\">R\u00e4tschenbuben<\/a> in Freiburg-Ebnet ihre h\u00f6lzernen <a href=\"https:\/\/www.freiburg-schwarzwald.de\/blog\/raetschen-bei-osterfeier-in-ebnet\/\">R\u00e4tschen<\/a>. <!--more-->Erst in der Osternacht wird das ohrenbet\u00e4ubende R\u00e4tschen wieder durch die Kirchenglocken abgel\u00f6st.<\/p>\n<p><a href=\"https:\/\/www.freiburg-schwarzwald.de\/blog\/wp-content\/uploads\/2023\/04\/raetschen1-karsamstag20230408.jpg\"><img loading=\"lazy\" decoding=\"async\" class=\"alignnone size-thumbnail wp-image-111598\" src=\"https:\/\/www.freiburg-schwarzwald.de\/blog\/wp-content\/uploads\/2023\/04\/raetschen1-karsamstag20230408-180x120.jpg\" alt=\"\" width=\"180\" height=\"120\" srcset=\"https:\/\/www.freiburg-schwarzwald.de\/blog\/wp-content\/uploads\/2023\/04\/raetschen1-karsamstag20230408-180x120.jpg 180w, https:\/\/www.freiburg-schwarzwald.de\/blog\/wp-content\/uploads\/2023\/04\/raetschen1-karsamstag20230408-640x426.jpg 640w, https:\/\/www.freiburg-schwarzwald.de\/blog\/wp-content\/uploads\/2023\/04\/raetschen1-karsamstag20230408-768x511.jpg 768w, https:\/\/www.freiburg-schwarzwald.de\/blog\/wp-content\/uploads\/2023\/04\/raetschen1-karsamstag20230408.jpg 1000w\" sizes=\"auto, (max-width: 180px) 100vw, 180px\" \/><\/a>\u00a0 \u00a0 \u00a0 \u00a0 \u00a0 <a href=\"https:\/\/www.freiburg-schwarzwald.de\/blog\/wp-content\/uploads\/2023\/04\/raetschen3-karsamstag20230408.jpg\"><img loading=\"lazy\" decoding=\"async\" class=\"alignnone size-thumbnail wp-image-111599\" src=\"https:\/\/www.freiburg-schwarzwald.de\/blog\/wp-content\/uploads\/2023\/04\/raetschen3-karsamstag20230408-180x135.jpg\" alt=\"\" width=\"180\" height=\"135\" srcset=\"https:\/\/www.freiburg-schwarzwald.de\/blog\/wp-content\/uploads\/2023\/04\/raetschen3-karsamstag20230408-180x135.jpg 180w, https:\/\/www.freiburg-schwarzwald.de\/blog\/wp-content\/uploads\/2023\/04\/raetschen3-karsamstag20230408-640x480.jpg 640w, https:\/\/www.freiburg-schwarzwald.de\/blog\/wp-content\/uploads\/2023\/04\/raetschen3-karsamstag20230408-768x576.jpg 768w, https:\/\/www.freiburg-schwarzwald.de\/blog\/wp-content\/uploads\/2023\/04\/raetschen3-karsamstag20230408.jpg 1000w\" sizes=\"auto, (max-width: 180px) 100vw, 180px\" \/><\/a>\u00a0 \u00a0 \u00a0 \u00a0 <a href=\"https:\/\/www.freiburg-schwarzwald.de\/blog\/wp-content\/uploads\/2023\/04\/raetschen4-karsamstag20230408.jpg\"><img loading=\"lazy\" decoding=\"async\" class=\"alignnone size-thumbnail wp-image-111600\" src=\"https:\/\/www.freiburg-schwarzwald.de\/blog\/wp-content\/uploads\/2023\/04\/raetschen4-karsamstag20230408-180x139.jpg\" alt=\"\" width=\"180\" height=\"139\" srcset=\"https:\/\/www.freiburg-schwarzwald.de\/blog\/wp-content\/uploads\/2023\/04\/raetschen4-karsamstag20230408-180x139.jpg 180w, https:\/\/www.freiburg-schwarzwald.de\/blog\/wp-content\/uploads\/2023\/04\/raetschen4-karsamstag20230408-640x495.jpg 640w, https:\/\/www.freiburg-schwarzwald.de\/blog\/wp-content\/uploads\/2023\/04\/raetschen4-karsamstag20230408-768x594.jpg 768w, https:\/\/www.freiburg-schwarzwald.de\/blog\/wp-content\/uploads\/2023\/04\/raetschen4-karsamstag20230408.jpg 1000w\" sizes=\"auto, (max-width: 180px) 100vw, 180px\" \/><\/a><br \/>\n.<br \/>\nGar nicht wie in jedem Jahr schreibt eine <a href=\"https:\/\/www.freiburg-schwarzwald.de\/blog\/business\/dienste\/immobilien\/bebauung\/\">Bauunternehmerin<\/a> aus dem <a href=\"https:\/\/www.freiburg-schwarzwald.de\/blog\/regio\/markgraeflerland\/\">Markgr\u00e4flerland<\/a> einen Brandbrief an die <a href=\"https:\/\/www.freiburg-schwarzwald.de\/blog\/vereine\/partei\/fdp\/\">FDP<\/a>, in dem sie ihre Entt\u00e4uschung kundtut, da\u00df die FDP als Partei <a href=\"https:\/\/www.freiburg-schwarzwald.de\/blog\/engagement\/zukunft\/demokratie\/liberalismus\/\">liberale<\/a>\u00a0Partei das verraten hat, wof\u00fcr die 2021 gew\u00e4hlt wurde: Der Freiheit eine Stimme zu geben in der <a href=\"https:\/\/www.freiburg-schwarzwald.de\/blog\/engagement\/zukunft\/demokratie\/ampel\/\">Ampel<\/a>-Regierungskoalition:<br \/>\nDer <a href=\"https:\/\/www.freiburg-schwarzwald.de\/blog\/engagement\/zukunft\/demokratie\/freie-marktwirtschaft\/\">freien Marktwirtschaft<\/a>, den b\u00fcrgerlichen <a href=\"https:\/\/www.freiburg-schwarzwald.de\/blog\/engagement\/zukunft\/demokratie\/freiheit\/freiheitsrechte\/\">Freiheitsrechten<\/a>, der <a href=\"https:\/\/www.freiburg-schwarzwald.de\/blog\/business\/industrie\/mittelstand\/unternehmer\/\">Unternehmerfreiheit<\/a>, der Freiheit vor <a href=\"https:\/\/www.freiburg-schwarzwald.de\/blog\/engagement\/zukunft\/demokratie\/bevormundung\/\">Bevormundung<\/a> durch den Staat, der Entscheidungsfreiheit (verbunden mit der \u00dcbernahme von Verantwortung), der Befreiung von B\u00fcrokratie, der <a href=\"https:\/\/www.freiburg-schwarzwald.de\/blog\/kultur\/medien\/pressefreiheit\/\">Pressefreiheit<\/a>, der <a href=\"https:\/\/www.freiburg-schwarzwald.de\/blog\/kultur\/medien\/meinungsfreiheit\/\">Meinungsfreiheit<\/a>. &#8222;Freiheit ist das einzige was z\u00e4hlt&#8220;. Die individuelle Freiheit Aller, also nicht die nur des Staatsangestellten und Transferbeziehers, sondern auch die des Steuerzahlers und Unternehmers.<br \/>\n8.4.2023<br \/>\n<a href=\"https:\/\/www.freiburg-schwarzwald.de\/blog\/der-karfreitag-und-das-klima\/\">Der Karfreitag und das Klima<\/a>\u00a0(8.4.2023)<br \/>\n.<br \/>\nEnde von Beitrag &#8222;Ostern: R\u00e4tschen &#8211; Brandbrief&#8220;<br \/>\n============================================================<br \/>\nBeginn von Anlage (1)<br \/>\n.<\/p>\n<p><strong>(1) Brandbrief: Abrechnung einer Unternehmerin mit der FDP<\/strong><br \/>\nSehr geehrter Herr Dr. Hofmann, Sehr geehrter Herr Kubicki,<br \/>\nich hatte mir vorgenommen, nie wieder Politiker oder Repr\u00e4sentanten von Parteien anzuschreiben, da es verschwendete Zeit bedeutet und im Grunde verschwendete Zeit und M\u00fche ist.<br \/>\nAufgrund der aktuellen Lage in Absurdistan, aka Deutschland, nehme ich mir noch einmal die Zeit um Ihnen mitzuteilen, dass Sie aktuell dabei sind, politischen Suizid zu begehen, oder noch schlimmer, all die aktuellen Entscheidungen, die die Gr\u00fcnen vorgeben, in vollem Bewusstsein der Auswirkungen mitzutragen.<br \/>\nLassen Sie es sich gesagt sein, Ihre Stammw\u00e4hler, mich eingeschlossen, goutieren das nicht und finden es gar abstossend, wie Sie sich als Steigb\u00fcgelhalter der Gr\u00fcnen bet\u00e4tigen, gegen jede liberale und wirtschaftliche Vernunft.<br \/>\nZwischenzeitlich haben wir gelernt, dass Ihnen allen egal ist, was Ihre W\u00e4hler denken. Ihre Regierungsfreundin, die Quoten-Diplomatin, die im In- und Ausland nur als Witzfigur und als nicht ernst zu nehmendes Plappermaul wahrgenommen wird, hat es deutlich verk\u00fcndet. Sie tragen mit der Tolerierung all dieser Absurdit\u00e4ten dazu bei, womit klar ersichtlich ist, dass es auch Ihr Gedankengut zu sein scheint. Auch der Kinderbuchautor hat sich dahingehend ge\u00e4ussert, dass es ihm egal ist, was die B\u00fcrger denken.<\/p>\n<p>Ihr Parteivorsitzender und Sie, Herr Kubicki, hatten in 2017 den Spruch kundgetan, \u201ebesser nicht zu regieren, als schlecht zu regieren\u201c. Scheinbar interessiert Sie Ihr Geschw\u00e4tz von fr\u00fcher heute nicht mehr.<\/p>\n<p>Alle wirtschaftsliberal und nicht staatsgl\u00e4ubig eingestellten Menschen hatten Ihnen ihre Stimme gegeben, weil wir von Ihnen erhofft hatten, dass Sie, f\u00fcr welche Konstellation auch immer, ein entsprechendes Korrektiv bilden und dabei ungeachtet dessen, dass Sie der Partner mit den geringsten Stimmenanteilen sein werden, das Maximum f\u00fcr die Steuerzahler herausholen werden, um deren Wohlstand und Lebensleistung nicht zu verheizen und sich gegen\u00fcber den Utopisten sehr teuer verkaufen.<\/p>\n<p>Nun, die Hoffnung stirbt bekanntlich zuletzt und nun haben Sie die Hoffnung Ihrer W\u00e4hler wieder einmal derart entt\u00e4uscht, dass Ihnen bei den n\u00e4chsten Wahlen der (berechtigte) Sturzflug aus den verbliebenen Landesparlamenten droht und bei den n\u00e4chsten Bundestagswahlen der Rauswurf aus dem Bundestag.<br \/>\nEs geschieht Ihnen recht und ich habe keinerlei Mitleid mit Ihnen, ja ich w\u00fcnsche mir sogar, dass Sie die H\u00f6chststrafe erhalten und nie wieder zur\u00fcckkehren werden. Ist Ihnen eigentlich aufgefallen, wie steil der Aufstieg der \u201eSchwefelpartei\u201c ist, obwohl von den MSM-Medien v\u00f6llig ignoriert? Finden Sie es in einer Demokratie nicht unw\u00fcrdig, ein Sprechverbot mit einer demokratisch gew\u00e4hlten Partei zu vollziehen, obwohl nahezu gleich viele W\u00e4hler die AfD gew\u00e4hlt haben wie die Gr\u00fcnen? Ich kenne Demokratie als einen harten Austausch von Argumenten und dazu geh\u00f6rt, auch mit meinem Gegner zu diskutieren und in einem harten Diskurs den Gegner zu stellen oder mit Argumenten zu schlagen.<br \/>\nWovor scheuen Sie sich? F\u00fcr mich ist das Ausgrenzen einer demokratisch gew\u00e4hlten Partei nicht mit meiner Definition von Demokratie vereinbar. Solange diese Partei keine Ideen verfolgt, die einen Straftatbestand darstellen, ist diese Ausgrenzung, die dargeboten wird, einer modernen Demokratie nicht w\u00fcrdig, vor allem widerspricht das einem liberalen Ansatz f\u00fcr den die FDP immer gestanden haben will.<\/p>\n<p>Sie sind dabei, uns in der freien Wirtschaft und unsere Eltern und Grosseltern, um die Lebensleistung zu betr\u00fcgen. Diese Menschen mussten den 1. und 2. Weltkrieg erdulden und haben ohne Murren und Z\u00f6gern das Land wieder aufgebaut und das Wirtschaftswunder erm\u00f6glicht. Meine beiden Grossv\u00e4ter haben im Krieg gedient und hatten nur ein Ziel, nie von Geldern vom Staat abh\u00e4ngig zu sein und m\u00f6glichst noch Geld f\u00fcr Kinder und Enkel zu sparen, damit diese ein besseres Leben und finanziell weniger Sorgen haben.<\/p>\n<p>Sch\u00e4men Sie sich eigentlich nicht ein bisschen, bei allem was Sie uns zumuten und wie Sie diese Menschen verraten, ja bel\u00fcgen und betr\u00fcgen, die unabh\u00e4ngig von staatlichen Transferleistungen ein Leben f\u00fchren wollen in bescheidenem Wohlstand in den eigenen vier W\u00e4nden?<br \/>\nEine kalte Enteignung durch das W\u00e4rmepumpengesetz des Kinderbuchautors, der von Wirtschaft soviel Ahnung hat wie eine Kuh vom Tanzen, schl\u00e4gt dem Fass den Boden aus!<br \/>\nWie k\u00f6nnen Sie solch einen Schwachsinn, der weder realisierbar, noch finanzierbar ist, mitmachen und sich dar\u00fcber hinaus noch als Retter darstellen, wenn nun im Gesetzentwurf die Habecksche Enteignung v\u00f6llig durchschl\u00e4gt mit Absurdit\u00e4ten, die niemandem zu vermitteln sein werden und vor allem viel dramatischer sind, als von Ihnen noch besch\u00f6nigend nach der 30-Stunden-Konferenz verk\u00fcndet? L\u00fcgen Sie absichtlich oder lagen Sie nach den 30 Stunden bereits im Koma, dass der Habecksche Gesetzentwurf so gar nicht mit den Lindnerschen Einlassungen \u00fcbereinstimmt?<br \/>\nIch gehe nicht n\u00e4her auf all das ein, ich bin vom Fach und weiss, es ist eine Utopie, oder besser gesagt eine Idiotie, die nicht umsetzbar ist, aber Ideologen kann man nicht mit Argumenten kommen, die machen einfach so lange weiter, bis es kein zur\u00fcck mehr gibt. Habeck hat ja immer wieder bekundet, dass er mit Deutschland noch nie etwas anzufangen wusste und Vaterlandsliebe stets zum Kotzen fand. Er vollzieht jetzt seine Agenda, nur ist diese Agenda entgegen den W\u00fcnschen und Tr\u00e4umen von \u00fcber 70 Millionen B\u00fcrgern. Warum machen Sie das mit? Warum unterst\u00fctzen Sie das?<br \/>\nIch hoffe, es finden sich Rechtsanw\u00e4lte, die erfolgreich dagegen vorgehen werden, denn aus meiner Sicht versto\u00dfen Sie mit diesem Gesetz eindeutig gegen \u00a7 14 des Grundgesetzes und \u00a7 17 der EU-Charta und die darin verbrieften Eigentumsrechte der B\u00fcrger. Ich werde selbst recherchieren, welche M\u00f6glichkeiten es geben k\u00f6nnte, das kann einfach nicht verfassungem\u00e4ss sein und diskriminierend ist es allemal.<\/p>\n<p>Es w\u00e4re Ihre verdammte Verpflichtung zum Wohl des Landes und den 15 Millionen B\u00fcrgern, die in der freien Wirtschaft all das Geld f\u00fcr den Staatshaushalt erwirtschaften, diese Ampelkoalition aufzuk\u00fcndigen. Das w\u00fcrde von einem Rest an Selbstwertgef\u00fchl, Selbstachtung und Realit\u00e4tssinn zeugen, der Ihre Partei noch einmal retten k\u00f6nnte.<\/p>\n<p>Ich kann Ihnen sagen, mein gesamter Bekanntenkreis, \u00fcberwiegend FDP- und ehemalige CDU\/CSU-W\u00e4hler, werden momentan geschlossen gegen die FDP stimmen. Das verlorene Vertrauen zur\u00fcckzugewinnen, nach der von Ihnen klaglos erfolgten Unterst\u00fctzung dieser Politik des Grauens, dieser noch nie in Arbeit gewesenen gr\u00fcnen Weltverbesserer, wird Ihnen ein f\u00fcr alle Mal das Genick brechen, und ja, ich finde, das ist gut so, das haben Sie sich verdient!<br \/>\nEine liberale Partei, die f\u00fcr ein paar P\u00f6stchen und Regierungszeit alle diese Sauereien mitmacht, geh\u00f6rt entsprechend in die W\u00fcste oder H\u00f6lle geschickt.<\/p>\n<p>Wann wird Ihr Parteivorsitzender, der sich auf Steuerzahlerkosten eine Prunkhochzeit leistet, eine Furzsteuer einf\u00fchren oder den Toilettengang begrenzen und besteuern, um noch mehr Steuern einzunehmen und die Steuerzahler, also die arbeitende Bev\u00f6lkerung auszusaugen? Waren Sie nicht einmal angetreten mit dem Motto \u201emehr Netto vom Brutto\u201c? Sch\u00e4men Sie sich eigentlich nicht, sich ungeniert die Di\u00e4ten zu erh\u00f6hen, w\u00e4hrend der Durchschnittsverdiener und Rentner an der Inflation und den Energiepreisen verzweifelt und immer weniger Netto vom Brutto hat, weil auch die Sozialabgaben durch verfehlte Gesundheits- und Sozialpolitik steigen? Haben Sie kein bisschen Anstand mehr in Ihrer Brust? Wo ist Ihr Aufschrei, wenn Habeck sein Ministerium mit fachfremden Kumpels besetzt, die in den h\u00f6chsten Besoldungsgruppen eingestuft werden? Ach so, ich habe vergessen, Sie machen es ja genauso und m\u00fcssen daher brav den Mund halten!<\/p>\n<p>Warum dulden Sie weiterhin einen Gaukler wie Herrn Lauterbach, der sich st\u00e4ndig widerspricht und ebenfalls von niemanden ernst genommen wird? Der sich als etwas ausgibt, was er nicht ist, wie seine Exfrau mehrfach dargelegt hat? Warum wird er nicht zum R\u00fccktritt verpflichtet? Was muss noch alles passieren, dass diese Fehlbesetzungen gegangen werden? Fr\u00fcher hatten Politiker noch etwas Ehre im Leib und traten selbst zur\u00fcck, seit Merkel gibt es keine R\u00fccktritte mehr, wieso eigentlich? Es geh\u00f6rt eine Politikerhaftung eingef\u00fchrt, dann w\u00fcrde sich die Qualit\u00e4t des Personals und deren Entscheidungen verbessern.<\/p>\n<p>Glauben Sie dar\u00fcber hinaus, wir B\u00fcrger k\u00f6nnen so wenig rechnen wie Berufspolitiker, f\u00fcr die das Geld aus dem Geldautomaten kommt wie der Strom aus der Steckdose? Je h\u00f6her die Preise, desto h\u00f6her die Steuereinnahmen! Es ist l\u00e4cherlich, was Sie uns allen vormachen wollen.<\/p>\n<p>Ich pers\u00f6nlich kann t\u00e4glich gar nicht soviel kotzen, wie ich kotzen m\u00f6chte. Dazu muss ich mir st\u00e4ndig anh\u00f6ren, wie ich solche Wendeh\u00e4lse wie Ihre Partei w\u00e4hlen und auch noch anderen zur Wahl empfehlen konnte.<br \/>\nSie haben es zusammen mit Ihrer Negativauswahl von ungelernten und fachfremden Berufspolitikern geschafft, ein Land nach 15 Monaten in den Abgrund zu regieren.<\/p>\n<p>Nach der Automobilwirtschaft, die das R\u00fcckgrat des Landes war, nun auch die Bauwirtschaft zu ruinieren, obwohl dringend Wohnraum ben\u00f6tigt wird, weil Sie es auch bei der unkontrollierten Zuwanderung nicht schaffen, die gr\u00fcnen und sozialistischen Utopisten einzunorden.<\/p>\n<p>Das ist mehr als zu viel des Guten! K\u00f6nnen Sie eigentlich noch ruhig schlafen im Wissen, was sie jenen antun, die noch immer jeden Morgen aufstehen um Geld zu erwirtschaften, um auf dem Weg zur Arbeit von Klimaklebern, aus meiner Sicht Klimaterroristen die vom Verfassungsschutz beobachtet und ins Gef\u00e4ngnis verfrachtet geh\u00f6ren, einmal mehr behindert zu werden? Oder wir jetzt vor den wohlverdienten Ostertagen dank diesen wohlstandsverwahrlosten Moralnarzissten im Stau stehen m\u00fcssen? Was macht Ihr Justizminister dagegen? Wovor hat er Angst? Die Bev\u00f6lkerung w\u00fcrde es goutieren, wenn er hart durchgreifen w\u00fcrde! Tun Sie endlich das, wof\u00fcr Sie gew\u00e4hlt wurden!<\/p>\n<p>Lassen Sie es sich gesagt sein: Wenn ich die Klimasekte w\u00e4hlen will, w\u00e4hle ich die Gr\u00fcnen und nicht eine billige Kopie, die auf den Klimahysteriezug, aus opportunistischen Gr\u00fcnden, aufspringt. Ich bleibe beim Original. Ihr wendiger Herr Lindner ist mittlerweile derart vergr\u00fcnt, und auch in seiner Inkompetenz unterscheidet ihn nicht mehr viel von Habeck, Baerbock, \u00d6zdemir und Co.<\/p>\n<p>Da es das Original einer wirtschaftsfreundlichen und liberalen Politik nicht mehr gibt, sind Sie durch Ihre Dekadenz dem Untergang geweiht. Hans-Dietrich Genscher und Guido Westerwelle drehen sich im Grabe um, wenn sie auf das traurige H\u00e4ufchen FDP blicken.<br \/>\nIhre Zustimmung und Unterst\u00fctzung zur verfassungswidrigen Wahlrechtsreform tut ihr \u00dcbriges. Auch hier hoffe ich auf erfolgreiche Klagen, denn diese verfassungsfeindlichen Ans\u00e4tze k\u00f6nnen nicht geduldet werden.<br \/>\nIhren Koalition\u00e4ren kann es egal sein, Ihren Ex-W\u00e4hlern ist es bereits egal, uns bleibt nur die Schadenfreude, dass Sie f\u00fcr Ihren Verrat und das Steigb\u00fcgelhaltertum f\u00fcr die gr\u00fcnen Abwracker bezahlen und in der Versenkung verschwinden werden. Ist es das wert? Und vor allem ist es das wert, den Wohlstand, den die B\u00fcrger sich durch Flei\u00df und harte Arbeit verdient haben, zu verschleudern f\u00fcr gr\u00fcne undankbare und unbelehrbare Utopisten?<br \/>\nEs geh\u00f6ren wieder Fachleute in die Ministerien. Ein Agrarminister, der Sozialp\u00e4dagoge ist, ist l\u00e4cherlich, was hat ein solcher Ideologe an Wissen in Bezug auf Agrarwirtschaft? Hier geh\u00f6rt ein Bauer oder ein Agraringenieur auf diese Position. In ein Wirtschaftsministerium geh\u00f6rt kein Kinderbuchautor, sondern ein Unternehmer oder \u00d6konom. Wie konnten Sie so eine Fehlbesetzung zulassen und das Ministerium nicht f\u00fcr sich beanspruchen? Sie h\u00e4tten wenigstens noch einige weniger inkompetente Kandidaten in Ihrer Truppe? Als Verteidigungsminister sollte ein General benannt werden, diese Menschen haben Erfahrung und ein Wissen, der dem fr\u00fcheren H\u00fchnerstall und selbst dem neuen Hahn fehlt, zumindest hat Herr Pistorius einmal gedient und nicht verweigert, wie die gesamte gr\u00fcne Kriegsbef\u00fcrworterriege.<\/p>\n<p>Wer soll eigentlich all diese Utopien, oder besser ausgedr\u00fcckt diese schwachsinnige Politik finanzieren, wenn sie nur noch B\u00fcrger haben, die vom Staatsgeld leben und die wichtigen Betriebe und leistungswilligen B\u00fcrger ins Ausland vertrieben haben? Das wird von au\u00dfen betrachtet ein interessantes Drama.<\/p>\n<p>Wenn Sie und Ihre Politkollegen sich nicht besinnen, wird Ihre Politik sehr \u00fcbel enden. Sie sehen das bereits in Frankreich, Italien, Portugal und vielen anderen europ\u00e4ischen L\u00e4ndern. Die von niemandem gew\u00e4hlte Frau von der Leyen, ebenfalls eine an Inkompetenz und Impertinenz nicht zu \u00fcberbietende Berufspolitikerin, hat keinerlei Akzeptanz in der arbeitenden europ\u00e4ischen Bev\u00f6lkerung. Es ist eine Frage der Zeit, wann das Pulverfass Europa explodiert. Vermutlich wird Frankreich bald von Marine Le Pen regiert. In Andalusien wurden bereits im letzten Jahr erstmals seit der Francozeit konservative und erzkonservative Parteien gew\u00e4hlt und die Sozialisten in die W\u00fcste geschickt. Weitere Regionen und L\u00e4nder werden folgen.<\/p>\n<p>Wenn Sie sich so f\u00fcr das Klima einsetzen, warum sehen Sie zu, dass in der Ukraine das Klima derart verpestet und dazu eine ganze Generation an jungen M\u00e4nnern auf beiden Seiten vernichtet werden? Schicken Sie lieber die Kriegsbef\u00fcrworter, allen voran Ihre eiserne Jungfrau zusammen mit ihren gr\u00fcnen Knappen, die dreist und r\u00fccksichtslos unlimitierte Milliardenbetr\u00e4ge ohne Auflagen oder Kontrolle f\u00fcr die Ukraine fordern und die eigenen B\u00fcrger frieren und hungern lassen. Sind Sie blind oder realisieren Sie nicht, dass wir dabei sind, in den 3. Weltkrieg zu schlittern, bzw. schon mittendrin sind, wieder einmal mit Deutschland an vorderster Front. Wenn von der Leyen Nato-Generalsekret\u00e4rein werden sollte, dann Gnade uns Gott, dann kann man nur noch Asyl au\u00dferhalb von Europa suchen. Warum lernen Politiker nie aus der Geschichte? Diese Gilde sitzt im sicheren Bunker, w\u00e4hrend die Bev\u00f6lkerung im Bombenhagel ausgeliefert ist und Frieden w\u00fcnscht? Geschichte wiederholt sich, aber muss es nach dem zweiten Fehlgriff noch ein dritter sein?<\/p>\n<p>Schicken Sie Ihre kriegerische Dame, und die gr\u00fcnen Quoten-Feministinnen, zusammen mit den gr\u00fcnen Knappen, Flintenuschi und den deutschen Panzern an die Front, damit die Damen sehen, was Krieg bedeutet und was er mit dem Menschen macht, und pers\u00f6nlich die uranangereicherten Bomben aus England aufsaugen k\u00f6nnen, die das Land und deren Menschen auf Jahre verpesten werden. Waren nicht Ihre gr\u00fcnen Freunde sogar gegen friedliche Atomkraft und schlie\u00dfen auf ewig unsere Meiler, w\u00e4hrend die fruchtbaren B\u00f6den in der Ukraine unfruchtbar gebombt werden?<\/p>\n<p>Das ist alles so irrsinnig, dass man gar nicht glauben kann, dass all das die nackte Realit\u00e4t ist. Die neue deutsche Realit\u00e4t schl\u00e4gt in der Zwischenzeit jede Satire.<\/p>\n<p>Ist Ihnen entgangen, dass eine grosse Mehrheit weltweit Friedensverhandlungen w\u00fcnscht und die Welt sich neu aufstellt, weil der Wertewesten den \u00fcbrigen 150 L\u00e4ndern seit Jahren auf die Nerven geht mit der f\u00fcr jeden ersichtlich dargebotenen Doppelmoral und dem st\u00e4ndig erhobenen moralischen Zeigefinger? Diese Moralnarzissten braucht niemand, schon gar nicht aufstrebende Nationen oder ver\u00e4chtlich vom Westen als \u201eDritte Welt\u201c bezeichnete L\u00e4nder. Die erinnern sich genau wie sie daran, dass sie von den Amerikanern und Europ\u00e4ern ausgebeutet und verarscht wurden. Wie viele Kriege hat der Wertewesten in den letzten Jahrzehnten gef\u00fchrt, um nicht zu sagen angezettelt? Der Niedergang Deutschlands best\u00e4rkt diese L\u00e4nder, nichts f\u00fcr das \u201eKlima&#8220; zu tun, da sie sehen, dass diese energiepolitischen Massnahmen und erneuerbare Energien direkt in den wirtschaftlichen Abgrund f\u00fchren.<\/p>\n<p>Die peinliche Pressekonferenz mit weiteren diplomatischen Ausf\u00e4llen von Madame Baerbock in Indien spricht hierzu B\u00e4nde. Es war erheiternd zu sehen, wie der indische Aussenminister der jungen Dame in diplomatischer Genialit\u00e4t die Leviten gelesen hat. Apropos: In Indien wurde in den Zeitungen \u00fcber die Erlaubnis, in Berlin ab nun als Frau oben ohne im Freibad sonnenbaden zu k\u00f6nnen, berichtet, man berichtet selbst im fernen Osten \u00fcber solche Absurdit\u00e4ten! Ich m\u00f6chte wirklich M\u00e4uschen sein, wenn Feministinnen in den Freib\u00e4dern Berlins oben blankziehen und sich dann \u00fcber die Reaktion der m\u00e4nnlichen Besucher echauffieren. Ist das Satire oder die Realit\u00e4t?<\/p>\n<p>Das diplomatische Trampeltier Baerbock, deren Werte nicht einmal von einer Mehrheit im eigenen Land, geschweige denn vom eigenen Kontinent geteilt werden, ist mittlerweile die Lachnummer schlechthin! Die \u00fcbrige Welt kringelt sich vor Lachen, dass solche Gestalten in hohe Positionen gehievt werden, zumal sogar der Lebenslauf aufgeh\u00fcbscht werden musste, da das Plapperlienchen noch nie im Leben eine Arbeit verrichtet hatte, au\u00dfer Parteisoldatin zu sein.<\/p>\n<p>Sie haben dazu beigetragen, dass Ihre W\u00e4hler eine Negativauswahl in einer Regierung erdulden m\u00fcssen, die nicht nur als Wohlstandsvernichter in die Geschichte eingehen werden, sondern auch als Witzfiguren in der Welt au\u00dferhalb des Wertewestens wahrgenommen werden, einschliesslich Ihrer Minister.<\/p>\n<p>Selbst die eigenen Wertefreunde lachen sich schlapp hinter verschlossenen T\u00fcren. Ist Ihnen all das nicht bewusst und finden Sie es nicht befremdend, sich f\u00fcr solche inkompetenten Leute wie Baerbock, \u00d6zdemir, Lauerbach, Scholz und Habeck zu opfern?<\/p>\n<p>Auch Ihre neuen Mitb\u00fcrger werden Sie nicht retten oder das Wahlalter ab 16. Die gr\u00fcnden demn\u00e4chst eigene Parteien und dann werden die Gr\u00fcnen irgendwann den Preis zahlen, denn diese Parteien werden sich mit Moralisten nicht aufhalten, nein, die f\u00fchren direkt ihre Scharia ein und die 16-J\u00e4hrigen denken bereits \u00fcber eigene Parteigr\u00fcndungen nach und w\u00e4hlen die gr\u00fcnen Weltverbesserer nur, solange die Eltern sich noch den Chauffeurdienst zur Schule und die Ferien in Skigebiete und das Mittelmeer leisten k\u00f6nnen.<\/p>\n<p>Ich pers\u00f6nlich kann Ihnen mitteilen, dass ich innerlich gek\u00fcndigt habe und mich f\u00fcr dieses Land nicht mehr ins Zeug legen werde. Von unserem Personal haben wir in 2022 bereits 2\/3 abgebaut und den Umsatz entsprechend reduziert. Wir werden noch ein wenig den Bestand abarbeiten und haben keine Angst, die Produktion einzustellen. Somit folgen wir dem Ratschlag des Superministers Habeck, der ja empfohlen hat, die Produktion einzustellen. Wir sind dann nicht pleite, bzw. insolvent, sondern haben einfach aufgeh\u00f6rt zu produzieren. Unserer Kommune d\u00fcrften die Steuerausf\u00e4lle sehr weh tun.<\/p>\n<p>Gottlob habe ich pers\u00f6nlich vorgesorgt und mir bereits eine weitere Staatsb\u00fcrgerschaft zugelegt. Momentan z\u00f6gere ich noch, aber jeden Tag komme ich der Entscheidung, meine deutsche Staatsb\u00fcrgerschaft niederzulegen bzw. darauf zu verzichten, n\u00e4her. Ich sch\u00e4me mich mittlerweile, Deutsche zu sein.<\/p>\n<p>Meinem Sohn und meinen Enkeln werde ich eine Zukunft im Ausland vorbereiten, um die Option zu haben, diesem leistungsfeindlichen Land den R\u00fccken zu kehren und eine Fluchtm\u00f6glichkeit vor dem \u00d6kosozialismus zu haben.<\/p>\n<p>Und glauben Sie mir, immer mehr Menschen aus den Babyboomerjahrg\u00e4ngen entdecken die Work-Life-Balance der jungen Weltverbesserer f\u00fcr sich. Das bedeutet, dass der Ruin des Landes schneller eintreten wird, als Ihnen lieb sein d\u00fcrfte, und vor allem eine Wiederwahl sehr erschweren wird, da all dies vor den n\u00e4chsten Wahlen zu Tage treten d\u00fcrfte. Ich w\u00fcnsche Ihnen schon heute viel Freude in den bevorstehenden Wahlk\u00e4mpfen. Immer mehr junge Menschen wollen weg aus Deutschland, vor allem jene, die ein Handwerk gelernt oder ein MINT-Studium absolviert haben. Sie sind dabei, genau jene zu vergraulen, die sie eigentlich ganz dringend brauchen.<\/p>\n<p>Lindners Haushalt wird sich freuen. Denn seine Steuereinnahmen aus Lohnsteuer, Umsatzsteuer und Einkommensteuer etc. werden sp\u00e4testens in 2024 drastisch einbrechen. Wie er dann all die Wohltaten der Sozialisten und Gr\u00fcnen und die Forderungen von Selenskyj &amp; Co. bezahlen soll, wird ihm vielleicht noch schlaflose N\u00e4chte bereiten. Hoffentlich qu\u00e4len ihn ebenso starke Alptr\u00e4ume, die Millionen B\u00fcrger seit der Installation der Ampel qu\u00e4len.<\/p>\n<p>Wie kann man das Wohlergehen der eigenen B\u00fcrger hinter den geopolitischen Interessen einiger weniger Akteure aus dem glorreichen Westen jenseits des Atlantiks und den undankbaren Forderern wie Selenskyj und Melnyk hinten anstellen? Wie k\u00f6nnen Sie nicht an der Aufkl\u00e4rung interessiert sein, wer die Pipelines gesprengt hat? Was wollen Sie Ihrem Volk noch alles aufb\u00fcrden und verweigern?<\/p>\n<p>Tragen Sie erst einmal Sorge, dass der Sohn von Melnyk an die Front geht, anstatt Dolce Vita in Berlin zu geniessen, und erkl\u00e4ren sie den beiden, dass es keine Hilfe mehr geben kann, wenn der Helfer im Koma liegt oder tot ist, in diesem Fall finanziell. Den beiden wird es egal sein, haben sie ihre Euronen in Sicherheit in Offshoregefilden und ihre Kinder werden nie einem Kanonenrohr gegen\u00fcberstehen, daf\u00fcr muss der P\u00f6bel herhalten.<\/p>\n<p>Nein ich erinnere mich an Ihre eiserne Jungfrau, die bereits deutsche Soldaten an die Front in der Ukraine gefordert hat. Wir sollen also unsere Kinder opfern, f\u00fcr Interessen die nicht die Interessen von uns sein k\u00f6nnen? Wo bleibt eine Selbstachtung sich von diesen Herren am Nasenring durch die Manege ziehen zu lassen und nicht einmal Dankbarkeit als Gegenleistung zu erhalten?<\/p>\n<p>Der finanzielle Ruin des eigenen Volkes, f\u00fcr einen Schauspieler, der sich immer mehr zum Diktator entwickelt und der nicht einmal dankbar ist f\u00fcr das, was f\u00fcr ihn getan wird? Es sollte Sie nicht wundern, dass in der Bev\u00f6lkerung die Bereitschaft zur Hilfe in Kriegsm\u00fcdigkeit m\u00fcndet und das Verst\u00e4ndnis schwindet, nach den indiskutablen \u00c4u\u00dferungen der beiden Herren. Wo ist hier Ihr Aufschrei? Nein, Madame Eisenherz pflichtet den unversch\u00e4mten Herren noch bei, was Ihnen wiederum W\u00e4hlerstimmen kosten wird, weil die B\u00fcrger dieses Verhalten als undankbar und ungeh\u00f6rig empfinden, was es auch ist. Wollen Sie den 3. Weltkrieg? Dann sagen Sie es den Menschen, dann haben wir Gewissheit! Mit Waffen schafft man keinen Frieden, mit Waffen verl\u00e4ngert man das Leid und t\u00f6tet.<br \/>\nDer Wahnsinn hat einen Namen: Ampelkoalition! Sie als FDP sind die Vollstrecker oder Scharfrichter, denn Sie h\u00e4tten es in der Hand, den Wahnsinn einzud\u00e4mmen oder zu beenden.<br \/>\nMir bleibt nur ein Fazit: B\u00fcrger und Steuerzahler sind nicht bl\u00f6d. Diese Regierung ist schwach, wie eine Flasche leer. Was erlauben Scholz, Habeck und Lindner? Ich habe fertig! In diesem Sinne, frohe Ostern und vielleicht finden Sie wieder Ihre Cojones, wie man in S\u00fcdamerika und Spanien zu sagen pflegt.<br \/>\nMit freundlichen Gr\u00fcssen<br \/>\nSuzanne Hussmann<br \/>\n&#8230; Alles vom 6.4.2023 bitte lesen auf<br \/>\n<a href=\"https:\/\/www.alexander-wallasch.de\/gesellschaft\/brandbrief-abrechnung-einer-unternehmerin-mit-der-fdp\">https:\/\/www.alexander-wallasch.de\/gesellschaft\/brandbrief-abrechnung-einer-unternehmerin-mit-der-fdp<\/a><\/p>\n<p>Suzanne Hussmann ist Bauunternehmerin aus Eimeldingen<br \/>\n<a href=\"https:\/\/www.via-bau.de\">https:\/\/www.via-bau.de<\/a><br \/>\n<a href=\"https:\/\/www.via-yoga.net\">https:\/\/www.via-yoga.net<\/a><br \/>\n.<br \/>\nEinige Kommentare:<br \/>\nToller Brief, den leider zu wenig Menschen lesen werden. Man k\u00f6nnte ein paar Namen austauschen und den identischen Brief an den Chef der Pseudo-Opppositionspartei CDU, Friedrich Merz, schicken.<br \/>\nTransformativ. Klimaneutral. Nachhaltig. Gro\u00dfe Zeitenwende. &#8222;\u00d6ko-sozialistisch&#8220; wie Maa\u00dfen es sagen w\u00fcrde. Das steht mehr oder weniger auf jedem Wahlplakat aller (!) Parteien au\u00dfer der AfD. Und die AfD sind die B\u00f6sen, die medial ignoriert und diffamiert werden.<br \/>\nDie letzte Generation hat angek\u00fcndigt Ende April mit Blockaden ganz Berlin lahmlegen zu wollen. &#8222;Friedlich lahmlegen&#8220; hei\u00dft es offiziell. Das wird von den meisten Medien unkritisch, mit Wohlwollen und Verst\u00e4ndnis weitergegeben. Das muss man sich mal auf der Zunge zergehen lassen. Als im Oktober 2020 zehntausende Menschen wirklich friedlich f\u00fcr Grundrechte und gegen staatliche \u00dcbergriffe auf die Stra\u00dfe gingen, war das in der ver\u00f6ffentlichten Meinung eine Gefahr f\u00fcr die Demokratie. Weil teilweise keine Masken getragen wurden. Weil die Abst\u00e4nde nicht eingehalten wurden. Weil verzweifelt nach Reichsb\u00fcrgern unter den Demonstranten gesucht wurde. Wenn im April 2023 gehirngewaschene Klima-Kinder, die staatlich und von NGOs gef\u00f6rdert werden, eine ganze Stadt lahmlegen wollen, dann ist es friedlicher Protest. Schlie\u00dflich haben die den Staat lieb laut Maa\u00dfen-Nachfolger Haldenwang. Wahnsinn. Das einzige, was hier nachhaltig ist, ist das Ausma\u00df an Wahnsinn. P.L.<br \/>\n.<br \/>\nEin zu Herzen gehender Brief, da er die Notlage Deutschlands genau beschreibt. Und das wahrhaft Ersch\u00fctternde ist: Die Politik wird nicht gegensteuern: Es wird weiterhin ungez\u00fcgelt und illegal nach Deutschland migriert, die sicheren und modernen AKWs werden am 15.4. wider aller Vernunft abgeschaltet, es werden weiterhin Waffen in die Ukraine geliefert, die Entscheidungstr\u00e4ger werden sich weiterhin einig sein, dem Volk Schaden zuzuf\u00fcgen &#8211; und das Volk greift nachwievor nicht zu den Gelben Westen. T,K,<br \/>\n.<br \/>\nFrau Hussmann, bin ganz ihrer Meinung. Bedenken sie bitte, ihr Brandbrief ist wie ein Schrei im Wind. Ver\u00e4ndern wird sich dadurch Nichts. Mit Dogmatikern und apokalyptischen Ideologen ist nicht zu diskutieren. Trotzdem Respekt, dass sie ihrer Wut auf diese kranke Politikerkaste klar und deutlich formulieren. WF.B.<br \/>\n.<br \/>\nLiebe Kommentatoren. Ich danke Ihnen sehr f\u00fcr die Zustimmung und die Diskussion. Vor allem Herrn Wallasch, dass er den Brief ver\u00f6ffentlicht hat. Herr Dr. Hoffmann hat mir bereits geantwortet, immerhin. Sie sollten wissen, dass ich bereits seit 1993 meinen Wohnsitz im Ausland hatte, zun\u00e4chst in Frankreich (Elsass), danach in der Schweiz (Basel). Vielleicht bin ich daher so streng in meinen Analysen in Bezug auf Deutschland. Ich bin als Grenzg\u00e4ngerin im eigenen Unternehmen t\u00e4tig. Die Wegzugsbesteuerung kenne ich selbstverst\u00e4ndlich, werter Aro61, traf auf mich aber nicht zu, da bei Gr\u00fcndung der Gesellschaft bereits im Ausland ans\u00e4ssig. Suzanne Hussmann<br \/>\nEnde Kommentare<\/p>\n","protected":false},"excerpt":{"rendered":"<p>Ein kalter Ostersamstag mit nur 6 Grad um 12 Uhr mittags in Freiburg. Von wegen Klimawandel &#8211; wie in jedem Jahr gibt es zu Ostern mal Schnee, mal 25 Grad. Alles wie gehabt. Wie in jedem Jahr drehen die R\u00e4tschenbuben &hellip; <a href=\"https:\/\/www.freiburg-schwarzwald.de\/blog\/ostern-raetschen-brandbrief\/\">Weiterlesen <span class=\"meta-nav\">&rarr;<\/span><\/a><\/p>\n","protected":false},"author":2,"featured_media":0,"comment_status":"open","ping_status":"closed","sticky":false,"template":"","format":"standard","meta":{"footnotes":""},"categories":[355,4,36,22,179,11,172],"tags":[766,559,682,713,87,626,525],"class_list":["post-111580","post","type-post","status-publish","format-standard","hentry","category-buergerinitiativen","category-branchen","category-engagement","category-handwerk","category-markgraeflerland","category-regio","category-zukunft","tag-buerger","tag-business","tag-freiheit","tag-industrie","tag-lokal-handeln","tag-partei","tag-politik"],"_links":{"self":[{"href":"https:\/\/www.freiburg-schwarzwald.de\/blog\/wp-json\/wp\/v2\/posts\/111580","targetHints":{"allow":["GET"]}}],"collection":[{"href":"https:\/\/www.freiburg-schwarzwald.de\/blog\/wp-json\/wp\/v2\/posts"}],"about":[{"href":"https:\/\/www.freiburg-schwarzwald.de\/blog\/wp-json\/wp\/v2\/types\/post"}],"author":[{"embeddable":true,"href":"https:\/\/www.freiburg-schwarzwald.de\/blog\/wp-json\/wp\/v2\/users\/2"}],"replies":[{"embeddable":true,"href":"https:\/\/www.freiburg-schwarzwald.de\/blog\/wp-json\/wp\/v2\/comments?post=111580"}],"version-history":[{"count":5,"href":"https:\/\/www.freiburg-schwarzwald.de\/blog\/wp-json\/wp\/v2\/posts\/111580\/revisions"}],"predecessor-version":[{"id":111617,"href":"https:\/\/www.freiburg-schwarzwald.de\/blog\/wp-json\/wp\/v2\/posts\/111580\/revisions\/111617"}],"wp:attachment":[{"href":"https:\/\/www.freiburg-schwarzwald.de\/blog\/wp-json\/wp\/v2\/media?parent=111580"}],"wp:term":[{"taxonomy":"category","embeddable":true,"href":"https:\/\/www.freiburg-schwarzwald.de\/blog\/wp-json\/wp\/v2\/categories?post=111580"},{"taxonomy":"post_tag","embeddable":true,"href":"https:\/\/www.freiburg-schwarzwald.de\/blog\/wp-json\/wp\/v2\/tags?post=111580"}],"curies":[{"name":"wp","href":"https:\/\/api.w.org\/{rel}","templated":true}]}}