{"id":111457,"date":"2023-04-04T18:30:35","date_gmt":"2023-04-04T16:30:35","guid":{"rendered":"https:\/\/www.freiburg-schwarzwald.de\/blog\/?p=111457"},"modified":"2023-04-07T21:15:48","modified_gmt":"2023-04-07T19:15:48","slug":"ballweg-frei-9-monate-in-haft","status":"publish","type":"post","link":"https:\/\/www.freiburg-schwarzwald.de\/blog\/ballweg-frei-9-monate-in-haft\/","title":{"rendered":"Ballweg frei &#8211; 9 Monate in Haft"},"content":{"rendered":"<p><a href=\"https:\/\/www.freiburg-schwarzwald.de\/blog\/engagement\/zukunft\/demokratie\/opposition\/querdenker\/\">Michael Ballweg<\/a>, Begr\u00fcnder der <a href=\"https:\/\/www.freiburg-schwarzwald.de\/blog\/engagement\/zukunft\/demokratie\/opposition\/querdenken\/\">Querdenken<\/a>-Bewegung, ist heute 15.50 Uhr nach neun Monaten Haft in Stuttgart entlassen worden. Er hat den Fehler gemacht, die <a href=\"https:\/\/www.freiburg-schwarzwald.de\/blog\/engagement\/buergerinitiativen\/protest\/\">Proteste<\/a> gegen die unverh\u00e4ltnism\u00e4\u00dfigen <a href=\"https:\/\/www.freiburg-schwarzwald.de\/blog\/business\/gesund\/corona-virus\/\">Corona-Ma\u00dfnahmen<\/a> b\u00fcndeln zu wollen. Damit wurde er zum Ziel der <a href=\"https:\/\/www.freiburg-schwarzwald.de\/blog\/engagement\/zukunft\/demokratie\/staatsapparat\/\">Beh\u00f6rden<\/a>: &#8222;Bestrafe einen, erziehe Tausende&#8220;.<br \/>\n.<br \/>\n<!--more-->Michael Ballweg nahm 9 Monate Gef\u00e4ngnis in Kauf im Kampf f\u00fcr den Erhalt der <a href=\"https:\/\/www.freiburg-schwarzwald.de\/blog\/engagement\/zukunft\/demokratie\/grundgesetz\/grundrechte\/\">Grundrechte<\/a> und wurde so zum Symbol der <a href=\"https:\/\/www.freiburg-schwarzwald.de\/blog\/engagement\/zukunft\/demokratie\/freiheit\/frei\/\">Freiheit<\/a>. Wir haben ihm viel zu verdanken. Sein Freiheitsentzug mahnt und wirft viele Fragen auf: Wie schlecht steht es um <a href=\"https:\/\/www.freiburg-schwarzwald.de\/blog\/selbsthilfe\/soziales\/justiz\/rechtsstaat\/\">Rechtsstaatlichkeit<\/a> und <a href=\"https:\/\/www.freiburg-schwarzwald.de\/blog\/engagement\/zukunft\/demokratie\/demokratieabbau\/\">Demokratie<\/a> in diesem Land? Warum ist es so vielen B\u00fcrgern mitsamt Politikern und Medien <a href=\"https:\/\/www.freiburg-schwarzwald.de\/blog\/engagement\/bequemlichkeit\/\">gleichg\u00fcltig<\/a>, wenn ein Mitb\u00fcrger neun Monate ohne Anklage und ohne Gerichtsverfahren hinter Gitter gesteckt wird? Gilt die <a href=\"https:\/\/www.freiburg-schwarzwald.de\/blog\/kultur\/medien\/meinungsfreiheit\/\">Meinungsfreiheit<\/a> (<a href=\"https:\/\/www.freiburg-schwarzwald.de\/blog\/kultur\/medien\/kritik\/\">Kritik<\/a>, <a href=\"https:\/\/www.freiburg-schwarzwald.de\/blog\/kultur\/medien\/meinungsfreiheit\/eigene-meinung\/\">abweichende<\/a> Meinung) in <a href=\"https:\/\/www.freiburg-schwarzwald.de\/blog\/selbsthilfe\/krise\/krisenpolitik\/\">Krisenzeiten<\/a> nicht mehr? Gibt es gute Demos und <a href=\"https:\/\/www.freiburg-schwarzwald.de\/blog\/engagement\/buergerinitiativen\/grundrechte-demo\/\">b\u00f6se Demos<\/a>? Sind wir nicht frei, sondern wird uns bis auf weiteres nur Freigang gew\u00e4hrt? Verf\u00fcgen wir nicht alle qua Geburt die gleichen Freiheitsrechte wie Michael Ballweg?<br \/>\n.<br \/>\nMichael Ballweg wurde nach 9 Monaten freigelassen &#8211; und der seit 2010 immer noch in Unfreiheit gehaltene <a href=\"https:\/\/www.freiburg-schwarzwald.de\/blog\/kultur\/aufklaerung\/menschenrechte\/\">Julian Assange<\/a>?<br \/>\n<em>&#8222;Jedes Mal, wenn wir Zeuge einer Ungerechtigkeit werden, und nicht handeln, dann trainieren wir unseren Charakter darauf, in ihrer Gegenwart passiv zu sein und dabei verlieren wir eventuell vollst\u00e4ndig die F\u00e4higkeit, uns selbst und diejenigen die wir lieben zu verteidigen.&#8220; (Assange 2014).<\/em><br \/>\n.<br \/>\nEnde von Beitrag &#8222;Ballweg frei &#8211; 9 Monate in Haft&#8220;<br \/>\n=============================================================<br \/>\nBeginn von Anlagen (1) bis (4 )<br \/>\n.<br \/>\n.<\/p>\n<p><strong>(1) Das erste Interview mit Ballauf nach der Entlassung<br \/>\n<\/strong>Auf die Frage nach seinem gr\u00f6\u00dften Wunsch nach seiner 9-monatigen Inhaftierung antwortete Michael Ballweg: Mit dem Hund in der Natur spazierengehen, in der freien Natur. Er sei gut behandelt worden im Gef\u00e4ngnis, von den W\u00e4rtern wie auch den Mitgefangenen. Das t\u00e4glich lange Meditieren habe ihn gerettet in der langen Zeit. Und die Aussicht, da\u00df diese Zeit enden wird. Da sei er ja im Vorteil gegen\u00fcber Menschen, die von einer schwerwiegenden Krankheit befallen sind.<br \/>\n<a href=\"https:\/\/twitter.com\/jreichelt\/status\/1643271132324278274?s=20\">https:\/\/twitter.com\/jreichelt\/status\/1643271132324278274?s=20<\/a><br \/>\n.<br \/>\nErstes Interview von RA Christ mit Michael Ballweg am 4.4.2023: <a href=\"https:\/\/t.me\/RA_Christ\/1036\">https:\/\/t.me\/RA_Christ\/1036<\/a><\/p>\n<p><a href=\"https:\/\/querdenken-711.de\">https:\/\/querdenken-711.de<\/a><br \/>\n<a href=\"https:\/\/gettr.com\/user\/querdenken_711\">https:\/\/gettr.com\/user\/querdenken_711<\/a><br \/>\n<a href=\"https:\/\/gettr.com\/user\/michael_ballweg\">https:\/\/gettr.com\/user\/michael_ballweg<\/a><br \/>\n.<br \/>\n.<br \/>\n<strong>(2) Michael Ballweg frei!<\/strong><br \/>\nWas f\u00fcr eine Nachricht! Der Gr\u00fcnder von \u201eQuerdenken\u201c, Michael Ballweg, ist wieder in Freiheit. Ein Sprecher des Oberlandesgerichts Stuttgarts teilte mit, im Rahmen der Neun-Monate-Pr\u00fcfung seiner Untersuchungshaft sei entschieden worden, dass er das Gef\u00e4ngnis verlassen d\u00fcrfe. Ein Anwalt Ballwegs best\u00e4tigte mir dies am Telefon. Die Auflagen f\u00fcr den \u201eQuerdenken\u201c-Gr\u00fcnder sind demnach \u201eauffallend gering\u201c. Er m\u00fcsse weder seinen Pass abgeben noch eine Kaution hinterlegen, sondern lediglich zwei Zustellungsbevollm\u00e4chtigte ernennen.<br \/>\n&#8230; Alles von 4.4.2023 bitte lesen auf<br \/>\n<a href=\"https:\/\/reitschuster.de\/post\/michael-ballweg-kommt-frei\/\">https:\/\/reitschuster.de\/post\/michael-ballweg-kommt-frei\/<\/a><br \/>\n.<br \/>\nEinige Kommentare:<br \/>\nWas dieser Mann geleistet und erlitten hat im Kampf f\u00fcr Aufkl\u00e4rung und Freiheit ist aller Ehren wert. Man sollte ihn f\u00fcr das Bundesverdienstkreuz vorschlagen. Ete<br \/>\n.<br \/>\nEndlich, endlich ist es soweit! Wie Vieh wurden wir in den letzten Jahren zusammengetrieben, Omas, Frauen und Gebrechliche wurden von der Polizei in Gewaltorgien verpr\u00fcgelt, an den Haaren durch Parks und Stra\u00dfen geschliffen. Dazu die Beleidigungen aus den Mainstream-Medien. Unsere Eliten verachten &#8222;Demokratie&#8220;, &#8222;Freiheit&#8220; und &#8222;Selbstbestimmung&#8220; genauso wie deren totalit\u00e4ren Vorg\u00e4nger. In den letzten Jahren haben sie die Maske St\u00fcck f\u00fcr St\u00fcck fallen gelassen. Und zum Hohn wurde Herr Ballweg wegen fadenscheinigen Begr\u00fcndungen inhaftiert. Die Machthaber haben die Justiz seit 9 Monaten gezwungen \u201eHaltung\u201c zu zeigen. Und das nur ~33 Jahre nach 1989, eine Schande! M.S.<br \/>\n.<br \/>\nCorona ist soweit mir bekannt auch in D vorbei. Damit ist es nicht erstaunlich dass dann auch die entsprechenden Regierungskritiker freigelassen werden. Ich hoffe nicht, dass dann k\u00fcnftig &#8222;Klimaleugner&#8220; seinen Platz einnehmen m\u00fcssen. H.H.<br \/>\n.<br \/>\nIn Deutschland. International ist die jahrelange Inhaftierung von Assange die gr\u00f6\u00dfte Justizschande der &#8220; westlichen. Wertegemeinschaft&#8220;. Er wird das Gef\u00e4ngnis wohl nie wieder lebend verlassen. Cap<br \/>\nEnde Kommentare<br \/>\n.<\/p>\n<p>.<br \/>\n<strong>(3) Querdenken-Gr\u00fcnder Ballweg kommt nach neun Monaten U-Haft frei<\/strong><br \/>\nW\u00e4hrend verurteilte Kriminelle vorzeitig entlassen oder gar nicht erst inhaftiert werden, musste Michael Ballweg, der politische Gegner der Corona-Ma\u00dfnahmen seit dem Jahr 2020, neun Monate in Haft bleiben. Am Ende wurde die Klageschrift d\u00fcnner als gedacht. Bestand darin das Problem?<br \/>\nan stelle sich vor, ein Vereinspr\u00e4sident sammelt ein paar Spenden ein, vielleicht auch ein paar mehr als \u00fcblich, weil die Sache, f\u00fcr die er steht, ausgesprochen beliebt ist. Er macht dann zwei oder drei Barabhebungen, um einen Kauf zu t\u00e4tigen oder ein Projekt anzuschieben. Au\u00dferdem kann es sein, dass der kleine Vereinspr\u00e4sident nicht immer streng zwischen seinen eigenen Ausgaben und solchen des Vereins unterscheidet \u2013 weil er der Verein ist und der Verein er. Und dann stelle man sich vor, dass pl\u00f6tzlich im Laufe einer Hausdurchsuchung s\u00e4mtliche Verm\u00f6genswerte des Kaninchenz\u00fcchter-Pr\u00e4sidenten beschlagnahmt und die Bankkonten eingefroren werden. Und im Laufe dieser Ermittlung wegen eines Anfangsverdachtes der Geldw\u00e4sche und des Betrugs wird der kleine Vorsitzende dann abgef\u00fchrt und am Ende von einem Richter in Untersuchungshaft gebracht, weil, so das Gericht, die Gefahr einer Absetzung ins Ausland mitsamt den Verm\u00f6genswerten bestanden h\u00e4tte. So k\u00f6nnte man etwas zugespitzt und metaphorisch \u00fcbertragen den Fall Ballweg beschreiben. Denn Michael Ballweg war das Haupt des Vereins der Corona-Querdenker, die ihm, vielleicht aus pers\u00f6nlicher Geneigtheit und sicher mit politischen Absichten, Spenden \u00fcberwiesen.<br \/>\n&#8230;.<br \/>\nEs wird also, kurz gesagt, Anklage erhoben wegen einer Tat, die bei Erhebung der Beweismittel noch in der Zukunft lag und zudem niemanden gesch\u00e4digt h\u00e4tte, wenn sie vollendet worden w\u00e4re. Auch das wirft kein gutes Licht auf diese Anklageschrift. Eine Festnahme und eine neunmonatige Untersuchungshaft im ber\u00fcchtigten Gef\u00e4ngnis Stammheim wurden anscheinend auf reine Mutma\u00dfungen gegr\u00fcndet.<br \/>\nDaneben ist auch die lange Inhaftierung nicht verst\u00e4ndlich. Ballwegs Verteidiger hatten schon vor einiger Zeit angek\u00fcndigt, dass ihr Mandant Meldeauflagen akzeptieren w\u00fcrde, wenn er nur freigelassen wird. Seine Konten seien ohnehin eingefroren, so dass eine Absetzung mit Verm\u00f6gen ins Ausland nicht mehr als m\u00f6glich gelten kann. Man kann die ganze Verz\u00f6gerung dieser unabwendbaren Freilassung von Michael Ballweg also wohl am ehesten mit den N\u00f6ten der Anklage beim Verfassen der eigenen Klageschrift und mit einem Versuch erkl\u00e4ren, das eigene Gesicht zu wahren.<br \/>\n&#8230; Alles vom 4.4.2023 bitte lesen auf<br \/>\n<a href=\"https:\/\/www.tichyseinblick.de\/daili-es-sentials\/querdenken-gruender-ballweg-kommt-nach-neun-monaten-u-haft-frei\/\">https:\/\/www.tichyseinblick.de\/daili-es-sentials\/querdenken-gruender-ballweg-kommt-nach-neun-monaten-u-haft-frei\/<\/a><br \/>\n.<br \/>\nEinige Kommentare:<br \/>\nDE ist schon lange kein Rechtstaat und wird es nie sein solange die Justiz weisungsgebunden ist , und die Anweisungen kommen von oben , es spielt keine Rolle ob dort schwarze oder gr\u00fcne sitzen. Bestrafe einen und erziehe viele, so schafft man einen M\u00e4rtyrer ,wenn er nichts mehr zu verlieren hat dann hilft nur die Flucht nach vorn und Gr\u00fcndung einer Partei. Wie weit ist eigentlich die Aufarbeitung mit dem Testzentrenbetrug und Bereicherung von verfilzten Politikern fortgeschritten? Wird Lauterbach angeklagt f\u00fcr die Milliarden die er f\u00fcr sinnlosen Impfstoff ausgegeben hat ? Wird Spahn f\u00fcr seine Maskendeals angeklagt? Der versteckt seine Millionen nicht einmal , kann jeder sehen der an der Villa in Berlin vorbeif\u00e4hrt. K.S.<br \/>\n.<br \/>\nWarum vermeiden Sie es die Sache beim Namen zu nennen? Letztendlich war Ballweg ein politischer Gefangener. Jeder Messerstecher mit festem Wohnsitz verl\u00e4sst nach einer Nacht die U-Haft aber Ballweg sitzt dort 9 Monate obwohl nicht eine Anzeige eines vermeintlich Betrogenen einging. Ler<br \/>\n.<br \/>\nDie Inhaftierung von Herrn Ballweg ist eine Schande! In meinen Augen war ein politischer Gefangener. Die Querdenkerbewegung sollte stigmatisiert und kriminalisiert werden. Die klassiche leninistische Zersetzungsstrategie. Hierzu ein Zitat von Alexander Solschenizyn: \u201eEin marxistisches System erkennt man daran, da\u00df es die Kriminellen schont und den politischen Gegner kriminalisiert.\u201c Car<br \/>\n.<br \/>\nVielleicht ist Motiv die Generalpr\u00e4vention, statt die Schwierigkeit, eine Anklageschrift aus einem nicht strafbaren Sachverhalt zu basteln. In einen Rechtsstaat w\u00fcrde gegen die Richter, die die Haft anordneten, wegen Rechtsbeugung ermittelt. Das Vorgehen wird mithin nur verst\u00e4ndlich, wenn es den Kritikern der Regierung und der schwarzrotgr\u00fcngelben Blockparteien zeigen sollte, wie es ihnen ergehen kann. Joe<br \/>\n.<br \/>\nHerr Ballweg ist ein politischer Gefangener gewesen. Seine Inhaftierung war bereits ein Akt bodenloser Unverh\u00e4ltnism\u00e4\u00dfigkeit. Sind wir hier noch ein Rechtsstaat oder muss ich damit rechnen, dass politischer Non-Konformismus zu Rechtsbeugung f\u00fchrt ? S.a. Reitschuster, Brandenburg, Bakhdi etc , H.H.<br \/>\n.<br \/>\nEs ist ein guter Tag f\u00fcr Michael Ballweg und vor Ostern die Freilassung ist mega. Warum er in Stammheim 9 Monate gesessen hat, habe ich bis heute nicht verstanden. So ist das halt im besten Deutschland aller Zeiten, wenn man sich f\u00fcr das Grundgesetz stark macht, kommt das bei den Politdarstellern nicht gut an. Ast<br \/>\nEnde Kommentare<\/p>\n<p>.<\/p>\n<p><strong>(4) Querdenken-Gr\u00fcnder Ballweg mutma\u00dft politische Gr\u00fcnde f\u00fcr Verfahren gegen ihn: \u201eVersucht, andere Meinungen mundtot zu machen\u201c<\/strong><br \/>\nNach seiner Entlassung aus der Untersuchungshaft bestreitet Querdenken-Gr\u00fcnder Michael Ballweg alle Vorw\u00fcrfe und mutma\u00dft, dass es politische Gr\u00fcnde f\u00fcr das Verfahren gegen ihn gibt. \u201eDie Hausdurchsuchung war auf jeden Fall politisch motiviert\u201c, sagte er am Dienstagabend im Interview mit \u201eSchuler! Fragen, was ist\u201c.<br \/>\n<a href=\"https:\/\/youtu.be\/04WbaguhEP4\">https:\/\/youtu.be\/04WbaguhEP4<\/a><br \/>\n<a href=\"https:\/\/rumble.com\/v2gekrm-interview-michael-ballweg-ralf-schuler.html\">https:\/\/rumble.com\/v2gekrm-interview-michael-ballweg-ralf-schuler.html<\/a><br \/>\n\u201eMan will offensichtlich verhindern, dass sich nachhaltige Strukturen f\u00fcr eine au\u00dferparlamentarische Opposition bilden. Man hat einfach gemerkt, dass diese au\u00dferparlamentarische Bewegung sehr viel Kraft hat und sehr schnell gewachsen ist und hatte wohl gehofft, wenn man mich inhaftiert, sei der Treiber hinter der Bewegung weg. Man hat aber leider \u00fcbersehen, dass ich von Anfang an darauf eingewirkt habe, dass die Bewegung sich dezentralisiert, damit genau sowas nicht passieren kann, dass man eine Person hat, die angreifbar ist. Deshalb gab es in der Spitze \u00fcber 70 Querdenken-Bewegungen in ganz vielen St\u00e4dten.\u201c<br \/>\nBallwegs Blick auf die heutige Lage in Deutschland: \u201eIn Bezug auf Corona gibt es eine gro\u00dfe Aufkl\u00e4rung inzwischen. Aber das n\u00e4chste Thema, wo man genauso verf\u00e4hrt wie mit Corona, ist der Ukraine-Krieg, wo man versucht, andere Meinungen mundtot zu machen. Zum Thema Corona: Aufarbeitung muss nat\u00fcrlich sein, da wird noch einiges passieren m\u00fcssen, und das ist auch, wof\u00fcr ich mich einsetzen werde. Weil es wird ja von dem einen oder anderen schon die n\u00e4chste Pandemie angek\u00fcndigt. Und nat\u00fcrlich wollen wir diese Grundrechts-Einschr\u00e4nkungen, die wir erlebt haben, nicht noch mal erleben.\u201c<br \/>\nHaben sich die Corona Proteste im Nachhinein gelohnt? \u201eSie waren sehr wichtig f\u00fcr das Demokratieverst\u00e4ndnis in Deutschland, weil viele Menschen sich das, was passiert ist auf den Demonstrationen, nicht vorstellen konnten. Ich h\u00e4tte mir nicht vorstellen k\u00f6nnen, wie die Polizei mit friedlichen B\u00fcrgern umgeht. Dass die Polizei unbescholtenen B\u00fcrgern teilweise mit unfassbarer Gewalt entgegengetreten ist. Ich h\u00e4tte mir auch nicht vorstellen k\u00f6nnen, wie wir von der Politik beschimpft wurden. Wir haben eine gro\u00dfe Demokratiebewegung gestartet und das ist das eigentliche Ziel. Wir m\u00f6chten nicht mehr in die Situation vor Corona zur\u00fcck. Wir wollen eine direktere Demokratie, wir wollen mehr Mitbestimmung.\u201c<br \/>\n&#8230; Alles vom 5.4.2023 bitte lesen auf<br \/>\n<a href=\"https:\/\/pleiteticker.de\/querdenken-gruender-ballweg-mutmasst-politische-gruende-fuer-verfahren-gegen-ihn-versucht-andere-meinungen-mundtot-zu-machen\/\">https:\/\/pleiteticker.de\/querdenken-gruender-ballweg-mutmasst-politische-gruende-fuer-verfahren-gegen-ihn-versucht-andere-meinungen-mundtot-zu-machen\/<\/a><br \/>\n.<br \/>\nSchuler! Fragen, was ist: Interview mit Michael Ballweg am 5.4.2023:<br \/>\n<a href=\"https:\/\/t.me\/dreisamtalverbindedich\/1768\">https:\/\/t.me\/dreisamtalverbindedich\/1768<\/a><br \/>\n.<br \/>\nDas Interview mit Michael Ballweg wurde nur wenige Stunden nach der Ver\u00f6ffentlichung gesperrt. Wir konnten keinen Grund erkennen, warum es gegen die Community-Regeln versto\u00dfen haben k\u00f6nnte und finden, dass jeder selbst entscheiden soll, ob man dieses Video sehen darf oder nicht. Hier erfahren Sie wo, wo Sie das ganze Interview nun sehen k\u00f6nnen: <a href=\"https:\/\/twitter.com\/drumheadberlin\/status\/1643644209193271297\">https:\/\/twitter.com\/drumheadberlin\/status\/1643644209193271297<\/a><br \/>\n5.4.2023, Ralf Schuler<br \/>\n.<br \/>\nInterview Michael Ballweg \/ Ralf Schuler :<br \/>\n<a href=\"https:\/\/rumble.com\/v2gekrm-interview-michael-ballweg-ralf-schuler.html\">https:\/\/rumble.com\/v2gekrm-interview-michael-ballweg-ralf-schuler.html<\/a><br \/>\noder<br \/>\n<a href=\"https:\/\/odysee.com\/@Data:59\/Ballwegs-erstes-Interview-nach-der-U-Haft:5\">https:\/\/odysee.com\/@Data:59\/Ballwegs-erstes-Interview-nach-der-U-Haft:5<\/a><\/p>\n","protected":false},"excerpt":{"rendered":"<p>Michael Ballweg, Begr\u00fcnder der Querdenken-Bewegung, ist heute 15.50 Uhr nach neun Monaten Haft in Stuttgart entlassen worden. Er hat den Fehler gemacht, die Proteste gegen die unverh\u00e4ltnism\u00e4\u00dfigen Corona-Ma\u00dfnahmen b\u00fcndeln zu wollen. Damit wurde er zum Ziel der Beh\u00f6rden: &#8222;Bestrafe einen, &hellip; <a href=\"https:\/\/www.freiburg-schwarzwald.de\/blog\/ballweg-frei-9-monate-in-haft\/\">Weiterlesen <span class=\"meta-nav\">&rarr;<\/span><\/a><\/p>\n","protected":false},"author":2,"featured_media":0,"comment_status":"open","ping_status":"closed","sticky":false,"template":"","format":"standard","meta":{"footnotes":""},"categories":[355,36,63,13,157,9,172],"tags":[766,281,700,325,633,682,793],"class_list":["post-111457","post","type-post","status-publish","format-standard","hentry","category-buergerinitiativen","category-engagement","category-krise","category-kultur","category-oeffentlicher-raum","category-soziales","category-zukunft","tag-buerger","tag-burgerinitiativen","tag-corona","tag-demo","tag-demokratie","tag-freiheit","tag-rechtsstaat"],"_links":{"self":[{"href":"https:\/\/www.freiburg-schwarzwald.de\/blog\/wp-json\/wp\/v2\/posts\/111457","targetHints":{"allow":["GET"]}}],"collection":[{"href":"https:\/\/www.freiburg-schwarzwald.de\/blog\/wp-json\/wp\/v2\/posts"}],"about":[{"href":"https:\/\/www.freiburg-schwarzwald.de\/blog\/wp-json\/wp\/v2\/types\/post"}],"author":[{"embeddable":true,"href":"https:\/\/www.freiburg-schwarzwald.de\/blog\/wp-json\/wp\/v2\/users\/2"}],"replies":[{"embeddable":true,"href":"https:\/\/www.freiburg-schwarzwald.de\/blog\/wp-json\/wp\/v2\/comments?post=111457"}],"version-history":[{"count":5,"href":"https:\/\/www.freiburg-schwarzwald.de\/blog\/wp-json\/wp\/v2\/posts\/111457\/revisions"}],"predecessor-version":[{"id":111559,"href":"https:\/\/www.freiburg-schwarzwald.de\/blog\/wp-json\/wp\/v2\/posts\/111457\/revisions\/111559"}],"wp:attachment":[{"href":"https:\/\/www.freiburg-schwarzwald.de\/blog\/wp-json\/wp\/v2\/media?parent=111457"}],"wp:term":[{"taxonomy":"category","embeddable":true,"href":"https:\/\/www.freiburg-schwarzwald.de\/blog\/wp-json\/wp\/v2\/categories?post=111457"},{"taxonomy":"post_tag","embeddable":true,"href":"https:\/\/www.freiburg-schwarzwald.de\/blog\/wp-json\/wp\/v2\/tags?post=111457"}],"curies":[{"name":"wp","href":"https:\/\/api.w.org\/{rel}","templated":true}]}}