{"id":111063,"date":"2023-03-24T14:32:25","date_gmt":"2023-03-24T13:32:25","guid":{"rendered":"https:\/\/www.freiburg-schwarzwald.de\/blog\/?p=111063"},"modified":"2023-03-30T21:14:29","modified_gmt":"2023-03-30T19:14:29","slug":"kindergewalt-und-tugenden","status":"publish","type":"post","link":"https:\/\/www.freiburg-schwarzwald.de\/blog\/kindergewalt-und-tugenden\/","title":{"rendered":"Kindergewalt und Tugenden"},"content":{"rendered":"<p>Die <a href=\"https:\/\/www.freiburg-schwarzwald.de\/blog\/engagement\/zukunft\/demokratie\/demokratischer-staat\/\">Demokratie<\/a> als Garant der individuellen Freiheit gr\u00fcndet auf einer <a href=\"https:\/\/www.freiburg-schwarzwald.de\/blog\/global\/deutschland\/gesellschaft\/\">Gesellschaft<\/a>, die gemeinsame <a href=\"https:\/\/www.freiburg-schwarzwald.de\/blog\/global\/integration\/werte\/\">Werte<\/a> akzeptiert und im &#8222;<a href=\"https:\/\/www.freiburg-schwarzwald.de\/blog\/global\/deutschland\/consent-of-the-governed\/\">Consent of the Governed<\/a>&#8220; als Tugenden lebt. Nun nimmt <a href=\"https:\/\/www.freiburg-schwarzwald.de\/blog\/selbsthilfe\/krise\/gewalt\/kindergewalt\/\">Kindergewalt<\/a> (<a href=\"https:\/\/www.freiburg-schwarzwald.de\/blog\/global\/migration\/migranten-gewalt\/luise12erstochen230311\/\">Freudenberg<\/a>, Heide) zu. Neben Lehrern und Eltern haben Kinder die Werte nicht als Tugenden verinnerlicht. <!--more-->Die Wertegemeinschaft und damit auch die sie tragende Demokratie sind im Zerfall begriffen.<\/p>\n<p><em>Demokratie als unser Bestes<\/em><br \/>\nEine bessere Staatsform als die <a href=\"https:\/\/www.freiburg-schwarzwald.de\/blog\/engagement\/zukunft\/demokratie\/demokratie-verteidigen\/\">Demokratie<\/a> ist noch nicht erfunden worden. In vielen L\u00e4ndern bewiesen: Nur in der Demokratie kann man \u00fcber einen langen Zeitraum hinweg in Frieden leben. Alle anderen Staatsformen sind entweder gescheitert oder bis dato Utopie geblieben. Deshalb gilt es, die freiheitlich-demokratische Grundordnung (<a href=\"https:\/\/www.freiburg-schwarzwald.de\/blog\/engagement\/zukunft\/demokratie\/freiheit\/frei\/\">FDGO<\/a>) in Deutschland zu erhalten und zu <a href=\"https:\/\/www.freiburg-schwarzwald.de\/blog\/engagement\/zukunft\/demokratie\/demokratie-verteidigen\/\">verteidigen<\/a>. Nur sie garantiert die B\u00fcrgerrechte, auch <a href=\"https:\/\/www.freiburg-schwarzwald.de\/blog\/engagement\/zukunft\/demokratie\/freiheit\/freiheitsrechte\/\">Freiheitsrecht<\/a>e genannt. Schlie\u00dflich ist der Song &#8222;<a href=\"https:\/\/www.freiburg-schwarzwald.de\/blog\/freiheit-ist-das-einzige-was-zaehlt\/\">Freiheit ist das einzige was z\u00e4hlt<\/a>&#8220;\u00a0 immer noch g\u00fcltig.<\/p>\n<p><em>Nicht erkl\u00e4rbar brutale Kindergewalt<\/em><br \/>\nAm 11.3.2023 erstechen zwei M\u00e4dchen (12,13) ) im Wald bei <a href=\"https:\/\/www.freiburg-schwarzwald.de\/blog\/global\/migration\/migranten-gewalt\/luise12erstochen230311\/\">Freudenberg<\/a> ein M\u00e4dchen (12). Kurz darauf foltern mehrere M\u00e4dchen in <a href=\"https:\/\/www.freiburg-schwarzwald.de\/blog\/selbsthilfe\/krise\/gewalt\/kindergewalt\/\">Heide<\/a> stundenlang eine Mitsch\u00fclerin (13). Kindergewalt, die mit Blick auf die westeurop\u00e4ische Kultur und Sozialisation bzw. unsere Wertegemeinschaft nicht erkl\u00e4rbar ist. <a href=\"https:\/\/www.freiburg-schwarzwald.de\/blog\/selbsthilfe\/krise\/gewalt\/kindergewalt\/\">Kindergewalt<\/a>, die zeigt, da\u00df die jungen T\u00e4terinnen mit unseren <a href=\"https:\/\/www.freiburg-schwarzwald.de\/blog\/global\/integration\/werte\/\">Werten<\/a> wenig gemein haben, da ihnen diese Werte von Eltern, Schule und Gesellschaft nicht vermittelt wurden.<br \/>\n.<br \/>\n<em>Migrantenkinder als T\u00e4ter<\/em><br \/>\nNach der H\u00e4ufung solch unfassbar grausamer Gewalttaten von Kindern werden viele Forderungen laut wie: Absenkung des Strafm\u00fcndigkeitsalters von derzeit 14 auf 12 Jahre. Verbot von Gewalt und Pornographie in den Medien (TV, Social Media) zur allt\u00e4glichen Unterhaltung. Umgang mit dem <a href=\"https:\/\/www.freiburg-schwarzwald.de\/blog\/kultur\/medien\/smartphone\/\">Smartphone<\/a> (Upload). Ein Aspekt bleibt jedoch in den Medien als <a href=\"https:\/\/www.freiburg-schwarzwald.de\/blog\/engagement\/zukunft\/demokratie\/tabu\/\">Tabu<\/a> unerw\u00e4hnt: Im Gegensatz zu den Opfern haben die T\u00e4ter \u00fcberwiegend <a href=\"https:\/\/www.freiburg-schwarzwald.de\/blog\/global\/migration\/migrationshintergrund\/\">Migrationshintergrund<\/a>. Die <a href=\"https:\/\/www.freiburg-schwarzwald.de\/blog\/global\/integration\/integration-gescheitert\/\">Integration ist gescheitert<\/a> &#8211; ob in der 1., 2. oder 3. Generation. Hier stellt sich die entscheidende Aufgabe: Den <a href=\"https:\/\/www.freiburg-schwarzwald.de\/blog\/global\/migration\/migrantenkinder\/\">Migrantenkindern<\/a>, die in zahlreichen Schulklassen oft die Mehrheit bilden, m\u00fcssen unsere Werte und Tugenden beigebracht werden. Sonst eskaliert die Gewaltwelle zum <a href=\"https:\/\/www.freiburg-schwarzwald.de\/blog\/kultur\/kulturkampf\/\">Kulturkampf<\/a> &#8222;<a href=\"https:\/\/www.freiburg-schwarzwald.de\/blog\/kultur\/kulturkampf\/migranten-deutsche\/\">Migranten gegen Deutsche<\/a>&#8222;.<br \/>\n.<br \/>\n<em>Wiederentdeckung der Werte durch Peterson<\/em><br \/>\nDer kanadische Psychologieprofessor <a href=\"https:\/\/www.freiburg-schwarzwald.de\/blog\/engagement\/zukunft\/demokratie\/liberalismus\/libertarismus\/\">Jordan B. Peterson<\/a>, einer der weltweit meistzitierten Psychologen, will lange aufgegebene <a href=\"https:\/\/www.freiburg-schwarzwald.de\/blog\/global\/integration\/werte\/\">Werte<\/a> wieder etablieren. Er nennt<br \/>\nDemut, Freiheit, Autonomie, Wahrheit,<br \/>\nHandlungsf\u00e4higkeit, Identit\u00e4t, Leistung,<br \/>\nVerantwortung, Tradition, Gemeinschaft,<br \/>\nSch\u00f6pfungsverantwortung, Gerechtigkeit und Einigkeit<br \/>\n\u2013 und begr\u00fcndet dann jeden einzelnen im Hauptteil seines Buchs <a href=\"https:\/\/www.freiburg-schwarzwald.de\/blog\/engagement\/zukunft\/demokratie\/konservatismus\/\">&#8222;Konservatives Manifest&#8220;<\/a>. Die G\u00fcltigkeit dieser vergessenen, verachteten und verp\u00f6nten Tugenden kn\u00fcpft Peterson nicht an Kollektivgebilde (Nation, Volk, Staat) oder an historisch gewachsene Institutionen (Burke), sondern an den gesunden <a href=\"https:\/\/www.freiburg-schwarzwald.de\/blog\/kultur\/commons\/menschenverstand\/\">Menschenverstand<\/a> bzw. \u201eehrlichen und ungehinderten Diskurs unter M\u00e4nnern und Frauen\u201c. Damit stellt er die Tugenden in den Mittelpunkt der freiheitlich-demokratischen Grundordnung (FDGO).<\/p>\n<p><em>Tugenden sind gelebte Werte<\/em><br \/>\nTugenden sind wertvolle Charaktereigenschaften des Menschen. Ein Wert an sich wie z.B. die Gerechtigkeit hat keinen Effekt; er kommt erst dann zum Tragen bzw. zur Wirkung, wenn er von einem Menschen in seinem gerechten Handeln umgesetzt wird. Erst die Tugenden machen Werte lebendig.<br \/>\nDie abendl\u00e4ndische Tradition z\u00e4hlt sieben Tugenden: Glaube, Liebe, Hoffnung, Weisheit, Gerechtigkeit, Tapferkeit und M\u00e4\u00dfigung. Sie dienen dem Menschen als Regeln f\u00fcr sein Verhalten und symbolisieren theologische, philosophische und ethische Anspr\u00fcche an jeden Einzelnen. <a href=\"https:\/\/www.freiburg-schwarzwald.de\/blog\/religion\/katholisch\/drewermann\/\">Eugen Drewermann<\/a>&#8217;s Buch &#8222;Die sieben Tugenden&#8220;.<br \/>\nDie vier bei Platon erstmals aufgef\u00fchrten Haupttugenden sind Besonnenheit, Tapferkeit, Weisheit und Gerechtigkeit. Sie werden als Anker bezeichnet, weil in ihnen alle anderen Tugenden verankert sind.<br \/>\nWerte sind erstrebenswerte, moralisch oder ethisch als gut befundene spezifische Wesensmerkmale von Erwachsenen wie Kindern innerhalb unserer Wertegemeinschaft.<br \/>\n.<br \/>\n<em>Schule mu\u00df Tugenden vorleben und vermitteln\u00a0<\/em><br \/>\nDem Namen &#8222;Esther-Bejarano-Gesamtschule Freudenberg&#8220; gem\u00e4\u00df (Esther Bejarano (1924 bis 2021) ist eine deutsche j\u00fcdische KZ-\u00dcberlebende) vertritt diese Schule die Werte von Gleichheit, <a href=\"https:\/\/www.freiburg-schwarzwald.de\/blog\/engagement\/rassismus\/antirassismus\/\">Antirassismus<\/a> und Toleranz. Leider reicht es nicht, sich mit solchen Werten zu schm\u00fccken. Die Lehrerschaft mu\u00df sich diese Werte als ihre eigene Tugenden verinnerlichen und so den Sch\u00fclern wie Eltern vorleben und vermitteln. Dies ist anscheinend nicht in ausreichendem Ma\u00df geschehen. Was da an Hass und Mobbing &#8211; auch z.B.. \u00fcber Tiktok &#8211; nicht nur innerhalb der Klasse 7 von Luise abging, war zutiefst rassistisch und konnte in der Schulgemeinschaft nicht unbemerkt bleiben. Da musste\u00a0 heftig weggeschaut und <a href=\"https:\/\/www.freiburg-schwarzwald.de\/blog\/engagement\/zukunft\/demokratie\/tabu\/\">tabuisiert<\/a> worden sein. Da wurde die Erziehungsarbeit an die Medien abgegeben.<br \/>\nNat\u00fcrlich ist Schule keine Reparieranstalt f\u00fcr die Vers\u00e4umnisse der Eltern bzw. Erziehungsberechtigten sowie f\u00fcr die sozialen Mi\u00dfst\u00e4nde in der Gesellschaft, aber der Name &#8222;Esther-Bejarano-Gesamtschule&#8220; verpflichtet die dortige Schulgemeinschaft (Sch\u00fcler, Eltern, Lehrer) ganz besonders.<br \/>\nEsther-Bejarano-Gesamtschule in Freudenberg:<br \/>\n<a href=\"https:\/\/www.ebege.de\/\">https:\/\/www.ebege.de\/<\/a><br \/>\nGrundschule &#8222;Am Alten Flecken&#8220; in Freudenberg:<br \/>\n<a href=\"https:\/\/www.gs-am-alten-flecken.de\/\">https:\/\/www.gs-am-alten-flecken.de\/<\/a><br \/>\n.<br \/>\n<em>Migration ohne Rassismus<\/em><br \/>\nAuch diese Schule mu\u00df gewahr sein, da\u00df Migration ein gro\u00dfes Problem f\u00fcr <a href=\"https:\/\/www.freiburg-schwarzwald.de\/blog\/engagement\/rassismus\/\">Rassismus<\/a> in sich birgt. Und zwar gleichg\u00fcltig, in welcher Richtung: Ob eine Gruppe von Migrantenkindern auf deutsche Kinder oder ob umgekehrt Deutsche auf Sch\u00fcler mit Migrationshintergrund die Konfrontation suchen und psychische bzw. k\u00f6rperliche Gewalt aus\u00fcben. Rassistisch motivierte Gewalt ist immer zu verurteilen. Da\u00df in den j\u00fcngsten F\u00e4llen von Freudenberg und Heide anscheinend jeweils Gruppen von Kindern mit Migrationshintergrund gegen einzelne deutsche Kinder Gewalt aus\u00fcbten, darf nicht als Tabu ignoriert werden.\u00a0 Die Zielsetzung der <a href=\"https:\/\/www.freiburg-schwarzwald.de\/blog\/bildung\/bildung-integration\/\">Integration<\/a> verlangt nach offener und freier Diskussion.<br \/>\nDie meisten Migranten wertsch\u00e4tzen die deutsche freiheitlich-demokratische Grundordnung (FDGO). Auch sie leiden darunter, wenn sie mit dem kleinen Rest, der die FDGO ablehnt und hasst, in einen Topf geworfen werden.<br \/>\n.<br \/>\n<em>Kindergewalt von Freudenberg und Heide als Alarmsignal<\/em><br \/>\nDie zunehmende Welle von <a href=\"https:\/\/www.freiburg-schwarzwald.de\/blog\/selbsthilfe\/krise\/gewalt\/kindergewalt\/\">Kindergewalt<\/a> in der <a href=\"https:\/\/www.freiburg-schwarzwald.de\/blog\/global\/deutschland\/gesellschaft\/zivilgesellschaft\/\">Gesellschaft<\/a> ist ein Alarmsignal, das ernst genommen werden mu\u00df. Kinder sind unsere Zukunft und in dieser darf nicht die Gewalt herrschen. In Elternhaus, Kita wie Schule m\u00fcssen unsere Werte den Kindern als Tugenden vorgelebt und vermittelt werden. Diese Erziehung mu\u00df allen Kindern zuteil werden, mit und ohne Migrationshintergrund. Die Tugenden sind nicht etwa altmodisch, sondern f\u00fcr die FDGO bzw. Demokratie essentiell. Sie erst erm\u00f6glichen den &#8222;<a href=\"https:\/\/www.freiburg-schwarzwald.de\/blog\/global\/deutschland\/consent-of-the-governed\/\">Consent of the Governed<\/a>&#8222;, ohne den <a href=\"https:\/\/www.freiburg-schwarzwald.de\/blog\/kultur\/kulturkampf\/\">Kulturkampf<\/a> bzw. B\u00fcrgerkrieg drohen. Und an dessen Ende wird die Demokratie durch irgend einen Totalitarismus ersetzt.<br \/>\n24.3.2023<\/p>\n<p><a href=\"https:\/\/www.freiburg-schwarzwald.de\/blog\/selbsthilfe\/krise\/gewalt\/kindergewalt\/\">M\u00e4dchengewalt in Heide: \u201eDie Lehrer haben mir nicht geholfen\u201c<\/a>\u00a0(31.3.2023)<br \/>\n.<br \/>\nEnde von Beitrag &#8222;Kindergewalt und Tugenden&#8220;<br \/>\n============================================================<br \/>\nBeginn von Anlagen (1) &#8211;<br \/>\n.<\/p>\n<p><strong>(1) Wenn Kinder M\u00f6rder werden<\/strong><br \/>\n&#8230; In Erinnerung bleiben wird der \u00d6ffentlichkeit vielleicht der wei\u00dfe, mit pastellfarbenen Blumen geschm\u00fcckte Sarg in der Kirche von <a href=\"https:\/\/www.freiburg-schwarzwald.de\/blog\/global\/migration\/migranten-gewalt\/luise12erstochen230311\/\">Freudenberg<\/a>. Nicht weit von dort, in einem W\u00e4ldchen, fanden Suchmannschaften die Leiche der zw\u00f6lfj\u00e4hrigen Luise. Die T\u00e4ter: zwei gleichaltrige M\u00e4dchen, die ihr Opfer mit Messerstichen abschlachteten.<br \/>\nOhne dieses ersch\u00fctternde Verbrechen w\u00e4re die Grausamkeit in Heide vielleicht kaum bekannt geworden. \u00dcber Stunden filmte sich eine Gruppe aus vorwiegend M\u00e4dchen, wie sie eine 13j\u00e4hrige Sch\u00fclerin qu\u00e4lten, folterten und erniedrigten. Die j\u00fcngsten T\u00e4terinnen sind so alt wie ihr Opfer. Wie wohl bei Luise ging dem Verbrechen wochenlanges Mobbing voraus.<\/p>\n<p>Das B\u00f6se mit Dingen au\u00dferhalb des B\u00f6sen erkl\u00e4ren<br \/>\nIn einem gewissen Sinne hatten es die Menschen des Mittelalters einfacher. F\u00fcr diese war das B\u00f6se eine lebendige Kraft, die einen wie Wind oder Regen erfassen konnte. Der Teufel war eine reale Gestalt, der Menschen verhetzte. Das B\u00f6se mu\u00dfte nicht erkl\u00e4rt werden, es war einfach da.<br \/>\nMit der <a href=\"https:\/\/www.freiburg-schwarzwald.de\/blog\/kultur\/aufklaerung\/\">Aufkl\u00e4rung<\/a>, die Teufel und D\u00e4monen ins Fabelreich verbannte, wurde es schwieriger. Das B\u00f6se wurde fortan mit Dingen erkl\u00e4rt, die au\u00dferhalb dieser Kraft standen. Der Aufgekl\u00e4rte beklagte die Unwissenheit des T\u00e4ters, das Verbrechen war f\u00fcr ihn also eine Art Irrtum. Der Sozialist die gesellschaftlichen Verh\u00e4ltnisse, das Verbrechen hier eine Art Unfall. F\u00fcr den Neurobiologen fehlgeleitete Synapsen, f\u00fcr den Psychologen kindliche Traumata \u2013 wer sucht, wird immer eine Erkl\u00e4rung f\u00fcr das B\u00f6se finden. Die einfachste Erkl\u00e4rung ist jedoch, da\u00df das B\u00f6se aus sich selbst heraus besteht, und nicht von etwas anderem abgeleitet werden mu\u00df.<\/p>\n<p><strong>M\u00fcssen Kindern Werte vermitteln<\/strong><br \/>\nDaher wird das B\u00f6se auch niemals als eine Art Fehler im System beseitigt werden. Der einzelne Mensch mag noch so aufgekl\u00e4rt, in noch so beg\u00fcterten Verh\u00e4ltnissen leben, noch so viele Pillen schlucken oder zum Psychologen laufen. Immer wird da ein bohrender Rest bleiben. Der Mensch ist nun einmal dem Menschen ein Wolf.<br \/>\nWir sind daher wohlberaten, Grenzen und Z\u00e4une zu ziehen, Mauer\u00f6ffnungen mit T\u00fcren zu verschlie\u00dfen und \u00fcber alles ein wachsames Auge streifen zu lassen. Vor allem aber sind wir wohlberaten, zwischen vertraut und fremd, harmlos und gef\u00e4hrlich, gleich und ungleich zu unterscheiden. Und das als Werte unseren Kindern zu vermitteln.<br \/>\n&#8230; Alles vom 23.3.2023 bitte lesen auf<br \/>\n<a href=\"https:\/\/jungefreiheit.de\/debatte\/kommentar\/2023\/wenn-kinder-moerder-werden\/\">https:\/\/jungefreiheit.de\/debatte\/kommentar\/2023\/wenn-kinder-moerder-werden\/<\/a><\/p>\n","protected":false},"excerpt":{"rendered":"<p>Die Demokratie als Garant der individuellen Freiheit gr\u00fcndet auf einer Gesellschaft, die gemeinsame Werte akzeptiert und im &#8222;Consent of the Governed&#8220; als Tugenden lebt. Nun nimmt Kindergewalt (Freudenberg, Heide) zu. Neben Lehrern und Eltern haben Kinder die Werte nicht als &hellip; <a href=\"https:\/\/www.freiburg-schwarzwald.de\/blog\/kindergewalt-und-tugenden\/\">Weiterlesen <span class=\"meta-nav\">&rarr;<\/span><\/a><\/p>\n","protected":false},"author":2,"featured_media":0,"comment_status":"open","ping_status":"closed","sticky":false,"template":"","format":"standard","meta":{"footnotes":""},"categories":[18,58,155,60,61,93,95],"tags":[521,732,725,488,301,622,662],"class_list":["post-111063","post","type-post","status-publish","format-standard","hentry","category-bildung","category-familie","category-integration","category-jugend","category-kinder","category-kindergarten","category-schulen","tag-family","tag-gewalt","tag-integration","tag-child","tag-culture","tag-migration","tag-werte"],"_links":{"self":[{"href":"https:\/\/www.freiburg-schwarzwald.de\/blog\/wp-json\/wp\/v2\/posts\/111063","targetHints":{"allow":["GET"]}}],"collection":[{"href":"https:\/\/www.freiburg-schwarzwald.de\/blog\/wp-json\/wp\/v2\/posts"}],"about":[{"href":"https:\/\/www.freiburg-schwarzwald.de\/blog\/wp-json\/wp\/v2\/types\/post"}],"author":[{"embeddable":true,"href":"https:\/\/www.freiburg-schwarzwald.de\/blog\/wp-json\/wp\/v2\/users\/2"}],"replies":[{"embeddable":true,"href":"https:\/\/www.freiburg-schwarzwald.de\/blog\/wp-json\/wp\/v2\/comments?post=111063"}],"version-history":[{"count":5,"href":"https:\/\/www.freiburg-schwarzwald.de\/blog\/wp-json\/wp\/v2\/posts\/111063\/revisions"}],"predecessor-version":[{"id":111252,"href":"https:\/\/www.freiburg-schwarzwald.de\/blog\/wp-json\/wp\/v2\/posts\/111063\/revisions\/111252"}],"wp:attachment":[{"href":"https:\/\/www.freiburg-schwarzwald.de\/blog\/wp-json\/wp\/v2\/media?parent=111063"}],"wp:term":[{"taxonomy":"category","embeddable":true,"href":"https:\/\/www.freiburg-schwarzwald.de\/blog\/wp-json\/wp\/v2\/categories?post=111063"},{"taxonomy":"post_tag","embeddable":true,"href":"https:\/\/www.freiburg-schwarzwald.de\/blog\/wp-json\/wp\/v2\/tags?post=111063"}],"curies":[{"name":"wp","href":"https:\/\/api.w.org\/{rel}","templated":true}]}}