{"id":110597,"date":"2023-03-11T20:38:38","date_gmt":"2023-03-11T19:38:38","guid":{"rendered":"https:\/\/www.freiburg-schwarzwald.de\/blog\/?p=110597"},"modified":"2023-03-12T07:40:13","modified_gmt":"2023-03-12T06:40:13","slug":"3-akws-laufzeiten-verlaengern","status":"publish","type":"post","link":"https:\/\/www.freiburg-schwarzwald.de\/blog\/3-akws-laufzeiten-verlaengern\/","title":{"rendered":"3 AKWs: Laufzeiten verl\u00e4ngern"},"content":{"rendered":"<p>Gem\u00e4\u00df Beschlu\u00df der <a href=\"https:\/\/www.freiburg-schwarzwald.de\/blog\/engagement\/zukunft\/demokratie\/ampel\/\">Ampel<\/a>-Regierung sollen im April die drei modernsten deutschen <a href=\"https:\/\/www.freiburg-schwarzwald.de\/blog\/energie\/akw\/kernkraft\/\">Kernkraftwerke<\/a> verschrottet werden. Sie erzeugen 4,5 Gigawatt <a href=\"https:\/\/www.freiburg-schwarzwald.de\/blog\/natur\/klima\/co2\/\">CO2-freien<\/a> Strom. Als Ersatz wurden alte <a href=\"https:\/\/www.freiburg-schwarzwald.de\/blog\/energie\/kohle\/\">Steinkohlekraftwerke<\/a> zur Produktion von Strom wieder in Betrieb genommen.<!--more--><br \/>\nDie dahinterstehende Logik ist kaum zu verstehen: Noch 2011 deckten die deutschen Kernkraftwerke ca. 30% des Strombedarfs. Ebenfalls 30 % des Strombedarfs deckten in 2022 die Kohlekraftwerke. Zweimal 30 % also. Einerseits <a href=\"https:\/\/www.freiburg-schwarzwald.de\/blog\/natur\/klima\/klima-forschung\/\">klimaneutrale<\/a>r <a href=\"https:\/\/www.freiburg-schwarzwald.de\/blog\/energie\/strom\/\">Strom<\/a>, auf den verzichtet wird. Und andererseits schmutziger Strom, der genutzt wird.<br \/>\nDie Petition &#8222;Ja zur Kernkraft &#8211; Laufzeiten sofort verl\u00e4ngern!&#8220; (1) wendet sich gegen diese unlogische <a href=\"https:\/\/www.freiburg-schwarzwald.de\/blog\/energie\/energiepolitik\/\">Energiepolitik<\/a>. Mitmachen! Es macht keinen Sinn, wenn sich Berlin in der Stromerzeugung weiter allen anderen Staaten der <a href=\"https:\/\/www.freiburg-schwarzwald.de\/blog\/global\/eu\/europa\/\">EU<\/a> widersetzt. Weder f\u00fcrs Klima, noch f\u00fcr Europa.<br \/>\n11.3.2023<br \/>\n.<br \/>\nEnde von Beitrag &#8222;3 AKWs: Laufzeiten verl\u00e4ngern&#8220;<br \/>\n======================================================<br \/>\nBeginn von Anlagen (1) bis (3)<br \/>\n.<\/p>\n<p><strong>(1) Petition: Ja zur Kernkraft &#8211; Laufzeiten sofort verl\u00e4ngern!<\/strong><br \/>\nMit Beschluss des Bundestags vom November 2022 ist die Abschaltung der letzten drei laufenden deutschen Kernkraftwerke in den April 2023 verschoben worden. Isar 2, Emsland und Neckarwestheim 2 sollen am 15. April 2023 endg\u00fcltig abgeschaltet werden. Dazu sagen wir NEIN!<br \/>\nWir fordern die Bundesregierung auf, die Abschaltung zu stoppen und den regul\u00e4ren Weiterbetrieb der drei Kernkraftwerke Isar 2, Emsland und Neckarwestheim 2 zu genehmigen. Diese drei modernen grundlastf\u00e4higen Kraftwerke tragen dazu bei, die Energieversorgung f\u00fcr Deutschland zu sichern.<br \/>\nPerspektivisch fordern wir \u2013 sofern technisch noch m\u00f6glich \u2013 die Wiederinbetriebnahme der Ende 2021 abgeschalteten Kernkraftwerke und Neubau neuer KKW, die sicher und technisch auf dem neuesten Stand sind. Dies im Einklang mit allen anderen EU-Staaten, die weiterhin auf Betrieb und Ausbau der Kernenergie als modernen und umweltfreundlichen Energielieferanten setzen: &#8230;<br \/>\n<a href=\"https:\/\/petitionfuerdemokratie.de\/ja-zur-kernenergie\/\">https:\/\/petitionfuerdemokratie.de\/ja-zur-kernenergie\/<\/a><br \/>\n.<\/p>\n<p><strong>(2) Steinkohle statt Gas \u2013 14 Kraftwerke kehrten wieder an den Markt zur\u00fcck<\/strong><br \/>\nAuf dem H\u00f6hepunkt der Gaskrise erlaubte die Bundesregierung den Energieunternehmen, eine Zeit lang stillgelegte Steinkohlekraftwerke wieder an den Markt zu bringen. 14 Anlagen bieten seitdem wieder Strom an \u2013 vorausgesetzt, es lohnt sich f\u00fcr sie.<br \/>\nDie seit vergangenem Sommer zur Bek\u00e4mpfung der Gaskrise reaktivierten Steinkohlekraftwerke sind allesamt weiterhin am Markt. Insgesamt kehrten bislang 14 Steinkohle-Kraftwerke und ein Mineral\u00f6l-Kraftwerk ans Netz zur\u00fcck oder wurden nicht stillgelegt, wie aus einer \u00dcbersicht der Bundesnetzagentur hervorgeht.<br \/>\n<a href=\"https:\/\/www.bundesnetzagentur.de\/DE\/Fachthemen\/ElektrizitaetundGas\/Kohleausstieg\/EKBG\/ListeKW.pdf?__blob=publicationFile&amp;v=7\">https:\/\/www.bundesnetzagentur.de\/DE\/Fachthemen\/ElektrizitaetundGas\/Kohleausstieg\/EKBG\/ListeKW.pdf?__blob=publicationFile&amp;v=7<\/a><br \/>\n&#8230;<br \/>\nIm vergangenen Jahr kam laut Statistischem Bundesamt ein Drittel des in Deutschland erzeugten und ins Netz eingespeisten Stroms aus Kohlekraftwerken (2021: 30,2 Prozent). Der Kohlestrom wurde zu rund 60 Prozent aus Braunkohle und zu rund 40 Prozent aus Steinkohle erzeugt. Der Anteil von Erdgas an der Stromerzeugung in Deutschland sank im vergangenen Jahr auf 11,4 Prozent (2021: 12,6 Prozent).<br \/>\n&#8230; Alles vom 10.3.2023 bitte lesen auf<br \/>\n<a href=\"https:\/\/www.welt.de\/wirtschaft\/article244209765\/Energie-Steinkohle-statt-Gas-14-Kraftwerke-kehren-an-den-Markt-zurueck.html#Comments\">https:\/\/www.welt.de\/wirtschaft\/article244209765\/Energie-Steinkohle-statt-Gas-14-Kraftwerke-kehren-an-den-Markt-zurueck.html#Comments<\/a><br \/>\n.<br \/>\n.<br \/>\n<strong>(3) Kernenergie retten &#8211; Kommen wir zur Vernunft<\/strong><br \/>\nDie Uhr tickt. Wenn diese Zeitung erscheint, bleiben nur noch 35 Tage. Dann gehen die drei letzten noch laufenden deutschen Kernkraftwerke au\u00dfer Betrieb. Isar 2, Neckarwestheim 2 und Emsland. Wegen des Ukraine-Krieges und der Gasknappheit verschob die Ampel-Regierung das eigentlich schon f\u00fcr den 31. Dezember 2022 geplante Aus f\u00fcr diese hochmodernen Kraftwerke. Beruhigungspille f\u00fcr B\u00fcrger und Unternehmen.<\/p>\n<p>Ein absurdes Tabu verhindert hierzulande eine Revision des Ausstiegs aus der Kernenergie \u2013 eine der schlimmsten Fehlentscheidungen der Regierung Merkel. Es gibt kein tragf\u00e4higes Konzept, wie die Strom-Grundlast in Deutschland abgedeckt werden soll. Ein Bericht der Beratungsfirma McKinsey rechnete jetzt vor, da\u00df schon 2025 eine Versorgungsl\u00fccke von vier Gigawatt droht. Rein zuf\u00e4llig in dieser H\u00f6he stellen die drei Kernkraftwerke Leistung zur Verf\u00fcgung, wenn sie wieder in Vollast fahren w\u00fcrden. Doch das ist politisch \u2013 derzeit \u2013 nicht gewollt.<br \/>\nJF startet Petition \u201eJa zur Kernenergie\u201c. Machen wir der Debatte um eine Revision der Ausstiegspolitik Beine!<br \/>\nW\u00e4hrend also Deutschland hervorragende und leistungsf\u00e4hige Kernreaktoren kostenintensiv zur\u00fcckbauen lassen will, wird es in den n\u00e4chsten Jahren unter anderem auf Stromimporte aus Frankreich angewiesen sein, das derzeit diskutiert, 14 neue Kernkraftwerke bis 2050 zu bauen.<\/p>\n<p>Mit beinahe typisch deutschem Fanatismus steuern wir auf einem Irrweg weiter, bei dem nicht einmal das Zupflastern der letzten Landstriche mit gigantischen Windkraftanlagen die L\u00fccken in einer von schwankenden Energietr\u00e4gern abh\u00e4ngigen Versorgung abdecken kann. Deshalb sollen in einer zentralen Strom-Mangelwirtschaft \u00fcber digital steuerbare \u201eSmart Meter\u201c notfalls W\u00e4rmepumpen und andere Energiefresser \u201edynamisch rationiert\u201c, also zeitweise abgeschaltet werden. Au\u00dferdem sollen wir uns auf den Neubau von Gaskraftwerken (woher soll daf\u00fcr das Gas kommen?) einstellen.<br \/>\nWahrscheinlich werden sich Stroml\u00fccken auch schlie\u00dfen durch das weitere Abwandern deutscher Industrie \u2013 wie j\u00fcngst Produktionsst\u00e4tten von BASF. Thyssen Krupp, BMW und Volkswagen investieren in noch gr\u00f6\u00dferem Stil au\u00dferhalb Deutschlands.<br \/>\nUnd wo bleibt au\u00dfer bei der AfD Widerstand gegen die irrationale, f\u00fcr deutsche Verbraucher und Unternehmen selbstm\u00f6rderische Energiepolitik? Aufkeimende schwache Ans\u00e4tze in CDU und FDP, eine Revision der Atompolitik anzusto\u00dfen, verliefen vorerst im Sand. Die \u201e\u00f6ffentliche Meinung\u201c sei dem nicht aufgeschlossen, so lautet derzeit das Urteil. Um dem entgegenzuwirken, hat die JF jetzt eine Petition gestartet: \u201eJa zur Kernenergie \u2013 Laufzeiten sofort verl\u00e4ngern\u201c. Machen wir der Debatte Beine!<br \/>\n&#8230; Alles vom 10.3.2023 von Dieter Stein bitte lesen in der JF 11\/23, Seite 1<\/p>\n<p>&nbsp;<\/p>\n","protected":false},"excerpt":{"rendered":"<p>Gem\u00e4\u00df Beschlu\u00df der Ampel-Regierung sollen im April die drei modernsten deutschen Kernkraftwerke verschrottet werden. Sie erzeugen 4,5 Gigawatt CO2-freien Strom. Als Ersatz wurden alte Steinkohlekraftwerke zur Produktion von Strom wieder in Betrieb genommen.<\/p>\n","protected":false},"author":2,"featured_media":0,"comment_status":"open","ping_status":"closed","sticky":false,"template":"","format":"standard","meta":{"footnotes":""},"categories":[164,5,195,40,132],"tags":[640,163,151,489,723],"class_list":["post-110597","post","type-post","status-publish","format-standard","hentry","category-akw","category-energie","category-eu","category-klima","category-strom","tag-akw-2","tag-atomkraft","tag-erneuerbare-energien","tag-european-union","tag-strom"],"_links":{"self":[{"href":"https:\/\/www.freiburg-schwarzwald.de\/blog\/wp-json\/wp\/v2\/posts\/110597","targetHints":{"allow":["GET"]}}],"collection":[{"href":"https:\/\/www.freiburg-schwarzwald.de\/blog\/wp-json\/wp\/v2\/posts"}],"about":[{"href":"https:\/\/www.freiburg-schwarzwald.de\/blog\/wp-json\/wp\/v2\/types\/post"}],"author":[{"embeddable":true,"href":"https:\/\/www.freiburg-schwarzwald.de\/blog\/wp-json\/wp\/v2\/users\/2"}],"replies":[{"embeddable":true,"href":"https:\/\/www.freiburg-schwarzwald.de\/blog\/wp-json\/wp\/v2\/comments?post=110597"}],"version-history":[{"count":3,"href":"https:\/\/www.freiburg-schwarzwald.de\/blog\/wp-json\/wp\/v2\/posts\/110597\/revisions"}],"predecessor-version":[{"id":110604,"href":"https:\/\/www.freiburg-schwarzwald.de\/blog\/wp-json\/wp\/v2\/posts\/110597\/revisions\/110604"}],"wp:attachment":[{"href":"https:\/\/www.freiburg-schwarzwald.de\/blog\/wp-json\/wp\/v2\/media?parent=110597"}],"wp:term":[{"taxonomy":"category","embeddable":true,"href":"https:\/\/www.freiburg-schwarzwald.de\/blog\/wp-json\/wp\/v2\/categories?post=110597"},{"taxonomy":"post_tag","embeddable":true,"href":"https:\/\/www.freiburg-schwarzwald.de\/blog\/wp-json\/wp\/v2\/tags?post=110597"}],"curies":[{"name":"wp","href":"https:\/\/api.w.org\/{rel}","templated":true}]}}