{"id":110448,"date":"2023-03-08T12:38:31","date_gmt":"2023-03-08T11:38:31","guid":{"rendered":"https:\/\/www.freiburg-schwarzwald.de\/blog\/?p=110448"},"modified":"2023-03-08T12:52:10","modified_gmt":"2023-03-08T11:52:10","slug":"entcoronifizierung-undenkbar","status":"publish","type":"post","link":"https:\/\/www.freiburg-schwarzwald.de\/blog\/entcoronifizierung-undenkbar\/","title":{"rendered":"Entcoronifizierung &#8211; undenkbar?"},"content":{"rendered":"<p>Das Fundament der <a href=\"https:\/\/www.freiburg-schwarzwald.de\/blog\/business\/gesund\/corona-virus\/\">Coronapolitik<\/a> bricht gerade zusammen wie ein Kartenhaus. Corona stammt als Kunstvirus aus dem Labor, nicht aus der Natur. Laut Berichten von FBI und US-Energieministerium, das das Wuhan-Labor (Gain of Function, Biowaffen) mit finanziert hatte. \u00a0Impfung unwirksam zum Eigen- wie Fremdschutz. Lockdown wie Isolation ebenso. Die Politik, die ihre Kopflosigkeit seit 2020 in <a href=\"https:\/\/www.freiburg-schwarzwald.de\/blog\/kultur\/medien\/gesinnungsdiktatur\/\">Gesinnung<\/a> umgewandelt hat, ist gescheitert.<br \/>\n.<br \/>\nDas Dogma &#8222;Corona ist kein Laborunfall, alles andere ist Verschw\u00f6rungstheorie&#8220; war L\u00fcge, denn viele wu\u00dften es: Fauci (inzwischen in Rente) und Drosten (schweigt).<\/p>\n<p>Wie endet das? Wie nasses Schie\u00dfpulver. Je lauter die Wahrheit herauskommt, desto weniger werden wir uns dar\u00fcber emp\u00f6ren. Die Unwahrheit ist in der Welt und man hat sich daran gew\u00f6hnt. Wahrscheinlich kommt es zu einer Generalamnestie, die die Aufarbeitung des durch die Coronama\u00dfnahmen verursachten Unrechts verdr\u00e4ngt (1).<\/p>\n<p>Wo endet das? Politik und Medien haben erfahren, wie leicht es ist, \u00fcber das Verk\u00fcnden von Ausnahmezust\u00e4nden und restriktiven Ma\u00dfnahmen die eigene Macht auszubauen: Die Freiheitsrechte der B\u00fcrger werden beschnitten. Durch \u00dcbernahme insolventer Firmen und Abwerbung von Arbeitskr\u00e4ften aus der mittelst\u00e4ndischen Unternehmen (Handwerk, Industrie) steigt die Staatsquote weiter \u00fcber 50 %. Die Entwicklung hin zu Planwirtschaft und Sozialismus ist ungebrochen.<\/p>\n<p><a href=\"https:\/\/www.freiburg-schwarzwald.de\/blog\/engagement\/zukunft\/demokratie\/freiheit\/\">Freiheit<\/a> hei\u00dft Verantwortung. Und Verantwortung \u00fcbernehmen ist unbequem. Deswegen rangiert Freiheit bei vielen erst an zweiter Stelle, hinter der (vermeintlichen) <a href=\"https:\/\/www.freiburg-schwarzwald.de\/blog\/selbsthilfe\/soziales\/justiz\/sicherheit\/\">Sicherheit<\/a>. &#8222;Seit 2020 ist ein allgemeines Desinteresse an Freiheit entstanden&#8220; beklagt Roland Rottenfu\u00dfer (3). Sicherheit ist wichtiger als Freiheit.<\/p>\n<p>Werden wir kl\u00fcger daraus? Nein. Aus der Geschichte lernen funktioniert immer weniger. Die Klugen sterben und die Ahnungslosen folgen. Eine neue Generation kommt. Neue Probleme bzw. Krisen folgen bereits. Auf Corona folgen <a href=\"https:\/\/www.freiburg-schwarzwald.de\/blog\/global\/ukraine\/ukrainekrieg\/\">Ukrainekrieg<\/a>, <a href=\"https:\/\/www.freiburg-schwarzwald.de\/blog\/natur\/klima\/klimawandel\/\">Klimawandel<\/a> und <a href=\"https:\/\/www.freiburg-schwarzwald.de\/blog\/business\/industrie\/deindustrialisierung\/\">Deindustrialisierung<\/a>.<\/p>\n<p>Viele haben sich (angeblich) geirrt, viele haben (gerne) mitgemacht. Es gibt zu viele T\u00e4ter &#8211; vermutlich zwei Drittel der Bev\u00f6lkerung haben mitgewirkt. Gehorsam, geduldig, aber aktiv. Aus diesem Grunde ist eine Entcoronifizierung nicht m\u00f6glich. Genauso wenig, wie nach 1945 eine Entnazifizierung komplett durchgef\u00fchrt werden konnte. Und im Grunde auch nicht w\u00fcnschenswert ist. Beispiel: Nach dem Irakkrieg haben die USA eine weitreichende &#8211; wie sie sagen komplette &#8211; Enthusseinifizierung im Land durchgef\u00fchrt mit der Folge, da\u00df Verwaltung, staatliche Ordnung und Infrastruktur komplett\u00a0 zusammengebrochen sind und sich der Irak bis heute im Chaos befindet. Entsprechendes gilt f\u00fcr Libyen.<\/p>\n<p>Nichts f\u00e4llt dem Menschen so schwer, wie einen eigenen Irrtum, Fehler bzw. falschen Weg anderen (nicht sich selbst) gegen\u00fcber einzugestehen. Kaum ein Politiker ist in 2022 und 2023 zur\u00fcckgetreten. Kaum ein Journalist hat seine Berichterstattung revidiert. Kaum ein Denunziant hat sich geoutet. Kaum ein Scharfmacher hat den Dienst quittiert. Allenfalls laue Entschuldigungen sind zu erwarten.<\/p>\n<p>Wie geht es weiter? Unver\u00e4ndert. Corona hat die Vorlage geliefert. Im Ukrainekrieg zeigt sich deutlich eine Fortsetzung dieses Musters. An die Stelle der Covidioten (Saskia Esken, SPD) sind die <a href=\"https:\/\/www.freiburg-schwarzwald.de\/blog\/lumpenpazifist-friedensschwurbler\/\">Friedensschwurbler<\/a> und <a href=\"https:\/\/www.freiburg-schwarzwald.de\/blog\/engagement\/zukunft\/frieden\/pazifismus\/\">Lumpenpazifisten<\/a> getreten. <a href=\"https:\/\/www.freiburg-schwarzwald.de\/blog\/engagement\/zukunft\/demokratie\/links\/wagenknecht\/\">Sahra Wagenknecht<\/a> wird als &#8222;gef\u00e4hrlichste Politikerin des Landes&#8220; bezeichnet, nur weil sie im <a href=\"https:\/\/www.freiburg-schwarzwald.de\/blog\/aufstand-fuer-den-frieden-25-2\/\">&#8222;Aufstand f\u00fcr Frieden&#8220;<\/a> Waffenstillstand und Diplomatie fordert. Bei &#8222;Hart aber fair&#8220; wird ein Tribunal \u00fcber sie gehalten wegen ihrer Aussage, da\u00df im Krieg Vergewaltigung von allen Seiten praktiziert wird. UN-Berichte best\u00e4tigen jedoch ihre Aussage.<\/p>\n<p>&#8222;Deutsche Gr\u00fcndlichkeit und <a href=\"https:\/\/www.freiburg-schwarzwald.de\/blog\/global\/deutschland\/gesellschaft\/untertan\/\">Untert\u00e4nigkeit<\/a> haben uns einen Streich gespielt&#8220; &#8211; dieses Statement von Manfred Haferburg in <a href=\"https:\/\/www.freiburg-schwarzwald.de\/blog\/ihr-habt-euch-daran-gewoehnt\/\">&#8222;Ihr habt Euch daran gew\u00f6hnt&#8220;<\/a> (2) galt f\u00fcr die Coronazeit und wird auch w\u00e4hrend der Krisenzeiten um Ukrainekrieg und Klimawandel gelten.<br \/>\nEnde von Beitrag &#8222;Entcoronifizierung unm\u00f6glich?&#8220;<br \/>\n=========================================================<br \/>\nBeginn von Anlagen (1) &#8211; (3)<br \/>\n.<\/p>\n<p><strong>(1) Die Sonntagsrunde mit Burkhard M\u00fcller-Ullrich: Lauterbach ins Dschungelcamp<\/strong><br \/>\nRonnie Grob, Chefredaktor des \u201eSchweizer Monat\u201c, Prof. Stefan Homburg, Finanzwissenschaftler und Twitter-Blogger, sowie Markus Vahlefeld, freier Publizist, diskutieren mit Burkhard M\u00fcller-Ullrich \u00fcber die br\u00f6ckelnde L\u00fcgenfassade der Corona-Verschw\u00f6rer in Virenwissenschaft, M\u00e4rchenmedien und Brutalbeh\u00f6rden. Wird die Mitt\u00e4terschaft so vieler eine Generalamnestie unumg\u00e4nglich machen? Wird die Frage, wer recht hatte, zum Schluss irrevelant?<br \/>\n&#8230; Alles vom 5.3.2023 bitte lesen auf<br \/>\n<a href=\"https:\/\/kontrafunk.radio\/de\/?option=com_content&amp;view=article&amp;id=2175:die-sonntagsrunde-mit-burkhard-mueller-ullrich-lauterbach-ins-dschungelcamp&amp;catid=38\">https:\/\/kontrafunk.radio\/de\/?option=com_content&amp;view=article&amp;id=2175:die-sonntagsrunde-mit-burkhard-mueller-ullrich-lauterbach-ins-dschungelcamp&amp;catid=38<\/a><br \/>\n.<br \/>\nEinige Kommentare:<br \/>\nDass die T\u00e4ter, Mitt\u00e4ter und Mitl\u00e4ufer aus der Coronakrise nichts, aber auch gar nichts gelernt haben zeigt die Tatsache, dass in der Ukrainekrise von denselben Akteuren ganz genau so weitergemacht wird! Wieder gibt es nur EINE Wahrheit, nur EINE richtige Gesinnung, ist jeder Zweifel und jede Differenzierung verboten, werden Andersdenkende verteufelt und von der Meute gnadenlos gejagt. Man braucht kein Prophet zu sein, um vorherzusagen, dass dieselben Journalisten, die heute mit Schaum vor dem Mund f\u00fcr den Krieg hetzen und Zweifler fertigmachen, uns in ein bis zwei Jahren \u00fcber die Fehler und Irrt\u00fcmer der Ukraine-Politik und -Berichterstattu ng aufkl\u00e4ren werden \u2013 nat\u00fcrlich wieder ohne das geringste Schuldbewusstse in und ohne einen Hauch von Selbstkritik.<br \/>\nMerke: Journalisten profitieren von einer L\u00fcge immer zwei Mal \u2013 das erste Mal, wenn sie die L\u00fcge verbreiten und das zweite Mal, wenn sie die L\u00fcge aufdecken. Joa<br \/>\n.<br \/>\nZum Laborvirus habe ich vermi\u00dft, dass nicht diskutiert worden ist, was hierzu bereits gesagt worden ist: https:\/\/www.uni-hamburg.de\/newsroom\/presse\/2021\/pm8.html<br \/>\nund <a href=\"https:\/\/www.achgut.com\/artikel\/corona_virus_neue_studien_stuetzen_these_vom_laborunfall\">https:\/\/www.achgut.com\/artikel\/corona_virus_neue_studien_stuetzen_these_vom_laborunfall<\/a> So wurde gelogen!<br \/>\n<a href=\"https:\/\/youtu.be\/rLJ1JpnkVc8\">https:\/\/youtu.be\/rLJ1JpnkVc8<\/a> H.T.<br \/>\nEnde Kommentare<br \/>\n.<\/p>\n<p><strong>(2) Indubio Folge 266 \u2013 Was ist nur los mit euch?<\/strong><br \/>\nDer Autor Manfred Haferburg ging diese Woche mit einem Achgut-Beitrag viral. Er schaut aus seinem franz\u00f6sischen Exil in sein deutsches Vaterland und fragt: \u201eWas ist nur los mit Euch, liebe Landsleute? Woran wollt Ihr Euch noch alles gew\u00f6hnen, bis Ihr bemerkt, wo Ihr wieder einmal hineingeraten seid?\u201c Zusammen mit der Rechtswissenschaftlerin Annette Heinisch und der Kulturwissenschaftlerin Ulrike Stockmann spricht Manfred Haferburg mit Gerd Buurmann \u00fcber die Lage der Nation und welchen Nerv er da traf.<br \/>\n&#8230; Alles vom 5.3.2023 bitte lesen auf<br \/>\n<a href=\"https:\/\/www.achgut.com\/artikel\/indubio_folge_266_26_02_2023_was_ist_nur_los_mit_euch\">https:\/\/www.achgut.com\/artikel\/indubio_folge_266_26_02_2023_was_ist_nur_los_mit_euch<\/a><br \/>\n.<br \/>\nKommentare:<br \/>\nDer Staat des Grundgesetzes ist der beste, den wir je auf deutschem Boden hatten. Ich finde, wir sollten das nicht vergessen. Das Problem sind seine Repr\u00e4sentanten, die sich diesen Staat unter den Nagel gerissen haben. Die haben aber mit dem Staat nur insofern zu tun, als sie ihn als ihre Beute betrachten. Unsere Aufgabe wird sein, ihn zuk\u00fcnftig wehrhafter zu machen. Vorschl\u00e4ge gibt es schon. Und machen Sie sich wegen der 80% Schlafmichel keine Sorgen. Die gibt es in jedem Land. Die tun nichts. Was Ihre Beschimpfungen in der Corona-Zeit angeht, diejenigen, die sich mir gegen\u00fcber feindlich gezeigt haben, das waren nur sehr wenige. Nicht schade drum. Einfach abhaken R.M.<br \/>\n.<br \/>\nSolange es das Polit-und Medial-Konglomerat noch vermag, die Konsequenzen seines &#8211; vor allem Energie- und au\u00dfenpolitischen &#8211; Handelns (mittels Reichsr\u00e4uberpistolen und sonstigen S\u00fcndenbockziegen (momentan ist es ja die b\u00f6se \u201cFriedensschwurblerin\u201d S. Wagenknecht) zu konterkarieren &#8211; resp. der \u00f6konomische Supergau (Sanktionen) , der zwar nicht RUSSLAND, daf\u00fcr aber immerhin den auf russischem Billiggas aufgebauten Wohlstand in Deutschland \u201cruinieren\u201d d\u00fcrfte, IM Pulverfass zu halten, wird das von einigen Kommentatoren erhoffte \u201cWachr\u00fctteln\u201d oder \u201cAufkl\u00e4ren\u201d der (breiten) Bev\u00f6lkerung &#8211; auch durch wertvolle Beitr\u00e4ge wie von Herrn Haferburg &#8211; leider nicht stattfinden, zumindest VORERST nicht! Die Welt will belogen werden, zumindest immer solange, wie es nur irgendwie geht bzw. bis zum n\u00e4chsten Hammerschlag der Geschichte\u2026<br \/>\n.<br \/>\nWas tun? Die B\u00fcrger \u00fcberzeugen, da\u00df es sich lohnt, Moral durch Sachlichkeit zu ersetzen. Z.Zt. gestatten die Wahlb\u00fcrger, da\u00df Teile ihrer Elite nicht geh\u00f6rt werden. Der Konkurrenzkampf der Eliten findet nicht statt. Die Gewaltenteilung zwischen konkurrierenden Eliten ist abgeschafft zugunsten eine h\u00f6heren Moral. Wenn eine h\u00f6here Moral als Ersatz f\u00fcr die gegenseitige Kontrolle der Eliten akzeptiert wird, darf man sich nicht wundern, wenn der Nationalstaat verludert. Anstatt da\u00df man sich andauernd im eigenen Kot w\u00e4lzt, sollte \u201cman\u201d, d.h. z.B. Ihr, Ihr Guten, den herrschenden Eliten den Fehdehandschuh hinwerfen: Fordert sie zur kritischen Auseinandersetzung auf! Bietet ihnen ein faires Forum, um ihre Meinung mit den ge\u00e4chteten Experten auszutauschen. Immer wieder! Z.B.: \u201cHerr Schellnhuber, Herr Rahmstorf, setzen Sie sich endlich an einen Tisch mit Fritz Vahrenholt!\u201d. Bietet Ihnen eine Kolummne im Wechsel an, wo zwei gegnerische Experten l\u00e4ngere Zeit im Wechsel ver\u00f6ffentlichen. Rede und Gegenrede. Wenn die Aufgeforderten nicht reagieren, versch\u00e4rft den Ton! Bezichtigt sie der Feigheit! Fragt sie, was sie denn zu verlieren haben, wenn sie sich herablassen. Stellt immer wieder klar, da\u00df ihre Beitr\u00e4ge nicht zensiert, nicht gek\u00fcrzt und nicht herabgew\u00fcrdigt werden. (Schafft bei diesem Format die Kommentarfunktion ab! Ihr k\u00f6nnt auch eine ganz neue neutrale Dom\u00e4n zu diesem Zweck gr\u00fcnden.) \u201cHerr Drosten, was entgegnen Sie auf die Kritik von Gunther Frank? Treten Sie ein in eine faire Diskussion!\u201d Wenn die gr\u00f6\u00dften der Gro\u00dfen nicht reagieren, versucht es mit kleineren Nummern. Z.B. Neubauer gegen Vahrenholt usw.. . (Sie, die Neubauer, hat neulich selbst behauptet, durchaus \u00fcber den Klima-Wandel reden zu wollen.) Der Phantasie sind keine Grenzen gesetzt. Verla\u00dft endlich die eigene Blase! Man k\u00f6nnte auch Petitionen lancieren, in denen endlich von konkreten Personen eine offene Auseindersetzung gefordert wird. H.C.<br \/>\n.<br \/>\nIn der Diskussion f\u00e4llt auf, dass alle Teilnehmenden (!) zwar einzelne Problemkomplexe kritisch sehen, jedoch unbedingt vermeiden wollen, einen Gesamtzusammenhang zwischen den einzelnen Aspekten herzustellen. Insofern hat die Gegenseite klar die Oberhand, da jeder Versuch, die Punkte zu verbinden als \u201eVerschw\u00f6rungstheorie\u201c gebrandmarkt wird. Die Themen Corona, Energiewende, Migration, Klima, Mobilit\u00e4t, etc. sind allesamt Symptome ein und der selben Grundkrankheit. Und dieses Grund\u00fcbel ist letztendlich ein Komplex aus digitalen, finanziellen, r\u00fcstungstechnischen und pharmakologischen Konzernen, die beim WEF, bei der MSC, bei der WHO, bei der EU und anderen supranationalen Organisationen ihre gemeinsame Strategie definieren. Man k\u00f6nnte die derzeit Verantwortlichen unserer Regierung t\u00e4glich austauschen, die Nachfolger sind jetzt schon quasi gesetzt. Aber die Hinterm\u00e4nner getraut sich niemand zu benennen, da hier die Antisemitismus- und Verschw\u00f6rungskeule lauert. W.B.<br \/>\nEnde Kommentare<br \/>\n.<br \/>\n.<br \/>\n<strong>(3) Strategien der Macht &#8211; Desinteresse an Freiheit seit 2020<\/strong><br \/>\nJens Lehrich im Gespr\u00e4ch mit Roland Rottenfu\u00dfer:<br \/>\n<a href=\"https:\/\/youtu.be\/6rVgXd_WHEM\">https:\/\/youtu.be\/6rVgXd_WHEM<\/a><br \/>\nDie Freiheit nehmen Menschen sehr unterschiedlich wahr. Erst wenn sie von ihr Gebrauch machen m\u00f6chten, zeigt sich, wie (un)frei sie tats\u00e4chlich sind. Die Ketten sp\u00fcren nur jene, die sich in ihnen zu bewegen versuchen. So haben die letzten drei Jahre sehr exemplarisch gezeigt, wie unterschiedlich das Freiheitsstreben innerhalb der Bev\u00f6lkerung ausgepr\u00e4gt ist. W\u00e4hrend sich die einen noch mehr \u201eSicherheit\u201c w\u00fcnschten, waren andere schon bei den ersten Anzeichen von freiheitseinschr\u00e4nkenden Ma\u00dfnahmen in Habachtstellung. Wie kommt es, dass die Menschen dieser Gesellschaft einen so unterschiedlichen Drang nach Freiheit versp\u00fcren?<br \/>\nWie gelingt es den elit\u00e4ren Akteuren, ohne nennenswerte Widerst\u00e4nde die Menschheit in immer gr\u00f6\u00dfer werdenden Schritten zu unterjochen? \u00dcber diese \u201eStrategien der Macht\u201c schrieb Rubikon-Chefredakteur Roland Rottenfu\u00dfer ein gut 400 Seiten starkes Werk, das am 27. M\u00e4rz als n\u00e4chster Rubikon-Bestseller erscheinen und konkrete Wege zu unser aller Befreiung aufzeigen wird.<br \/>\n&#8230; Alles vom 4.3.2023 bitte lesen auf<br \/>\n<a href=\"https:\/\/www.rubikon.news\/artikel\/strategien-der-macht\">https:\/\/www.rubikon.news\/artikel\/strategien-der-macht<\/a><\/p>\n","protected":false},"excerpt":{"rendered":"<p>Das Fundament der Coronapolitik bricht gerade zusammen wie ein Kartenhaus. Corona stammt als Kunstvirus aus dem Labor, nicht aus der Natur. Laut Berichten von FBI und US-Energieministerium, das das Wuhan-Labor (Gain of Function, Biowaffen) mit finanziert hatte. \u00a0Impfung unwirksam zum &hellip; <a href=\"https:\/\/www.freiburg-schwarzwald.de\/blog\/entcoronifizierung-undenkbar\/\">Weiterlesen <span class=\"meta-nav\">&rarr;<\/span><\/a><\/p>\n","protected":false},"author":2,"featured_media":0,"comment_status":"open","ping_status":"closed","sticky":false,"template":"","format":"standard","meta":{"footnotes":""},"categories":[18,355,52,158,63,80,172],"tags":[700,682,667,525],"class_list":["post-110448","post","type-post","status-publish","format-standard","hentry","category-bildung","category-buergerinitiativen","category-einewelt","category-gesund","category-krise","category-medien","category-zukunft","tag-corona","tag-freiheit","tag-krieg","tag-politik"],"_links":{"self":[{"href":"https:\/\/www.freiburg-schwarzwald.de\/blog\/wp-json\/wp\/v2\/posts\/110448","targetHints":{"allow":["GET"]}}],"collection":[{"href":"https:\/\/www.freiburg-schwarzwald.de\/blog\/wp-json\/wp\/v2\/posts"}],"about":[{"href":"https:\/\/www.freiburg-schwarzwald.de\/blog\/wp-json\/wp\/v2\/types\/post"}],"author":[{"embeddable":true,"href":"https:\/\/www.freiburg-schwarzwald.de\/blog\/wp-json\/wp\/v2\/users\/2"}],"replies":[{"embeddable":true,"href":"https:\/\/www.freiburg-schwarzwald.de\/blog\/wp-json\/wp\/v2\/comments?post=110448"}],"version-history":[{"count":5,"href":"https:\/\/www.freiburg-schwarzwald.de\/blog\/wp-json\/wp\/v2\/posts\/110448\/revisions"}],"predecessor-version":[{"id":110454,"href":"https:\/\/www.freiburg-schwarzwald.de\/blog\/wp-json\/wp\/v2\/posts\/110448\/revisions\/110454"}],"wp:attachment":[{"href":"https:\/\/www.freiburg-schwarzwald.de\/blog\/wp-json\/wp\/v2\/media?parent=110448"}],"wp:term":[{"taxonomy":"category","embeddable":true,"href":"https:\/\/www.freiburg-schwarzwald.de\/blog\/wp-json\/wp\/v2\/categories?post=110448"},{"taxonomy":"post_tag","embeddable":true,"href":"https:\/\/www.freiburg-schwarzwald.de\/blog\/wp-json\/wp\/v2\/tags?post=110448"}],"curies":[{"name":"wp","href":"https:\/\/api.w.org\/{rel}","templated":true}]}}