{"id":110150,"date":"2023-02-28T20:38:28","date_gmt":"2023-02-28T19:38:28","guid":{"rendered":"https:\/\/www.freiburg-schwarzwald.de\/blog\/?p=110150"},"modified":"2023-03-04T10:46:53","modified_gmt":"2023-03-04T09:46:53","slug":"lumpenpazifist-friedensschwurbler","status":"publish","type":"post","link":"https:\/\/www.freiburg-schwarzwald.de\/blog\/lumpenpazifist-friedensschwurbler\/","title":{"rendered":"Lumpenpazifist Friedensschwurbler"},"content":{"rendered":"<p>Warum haben Sahra Wagenknecht und Alice Schwarzer mit dem <a href=\"https:\/\/www.freiburg-schwarzwald.de\/blog\/aufstand-fuer-den-frieden-25-2\/\">&#8222;Aufstand f\u00fcr Frieden&#8220;<\/a> so viel Zulauf? <a href=\"https:\/\/youtu.be\/1B2ASUCS2AI\">https:\/\/youtu.be\/1B2ASUCS2AI<\/a> Weil sie als Einzige im <a href=\"https:\/\/www.freiburg-schwarzwald.de\/blog\/global\/ukraine\/ukrainekrieg\/\">Ukrainekrieg<\/a> neutral sind und f\u00fcr keine Seite Partei ergreifen mit ihren beiden Forderungen nach <em><strong>Waffenstillstand als Grundlage f\u00fcr Friedensverhandlungen<\/strong><\/em>.<!--more--><br \/>\nDeshalb wird diese neue <a href=\"https:\/\/www.freiburg-schwarzwald.de\/blog\/engagement\/zukunft\/frieden\/friedensbewegung\/\">Friedensbewegung<\/a> von den <a href=\"https:\/\/www.freiburg-schwarzwald.de\/blog\/kultur\/medien\/mainstream\/\">Mainstreammedien<\/a> mitsamt Gr\u00fcne+SPD+FDP+CDU so vehement angegriffen &#8211; mit ver\u00e4chtlichen Begriffskreationen wie Friedensschwurbler (Spiegel, (1)) und &#8222;Lumpenpazifisten (Welt, 27.2.2023).<\/p>\n<h5><a href=\"https:\/\/www.freiburg-schwarzwald.de\/blog\/wp-content\/uploads\/2023\/02\/lumpenpazifisten-welt230227.jpg\"><img loading=\"lazy\" decoding=\"async\" class=\"alignnone size-full wp-image-110151\" src=\"https:\/\/www.freiburg-schwarzwald.de\/blog\/wp-content\/uploads\/2023\/02\/lumpenpazifisten-welt230227.jpg\" alt=\"\" width=\"480\" height=\"384\" srcset=\"https:\/\/www.freiburg-schwarzwald.de\/blog\/wp-content\/uploads\/2023\/02\/lumpenpazifisten-welt230227.jpg 480w, https:\/\/www.freiburg-schwarzwald.de\/blog\/wp-content\/uploads\/2023\/02\/lumpenpazifisten-welt230227-180x144.jpg 180w\" sizes=\"auto, (max-width: 480px) 100vw, 480px\" \/><\/a><br \/>\nDIE WELT vom 27.2.2023<\/h5>\n<p>.<br \/>\nDer Begriff <a href=\"https:\/\/www.freiburg-schwarzwald.de\/blog\/engagement\/zukunft\/frieden\/pazifismus\/\">&#8222;Frieden&#8220;<\/a> wird ver\u00e4chtlich gemacht und mit dem Lumpen gar an die Nazi-Sprache von Roland Freisler angekn\u00fcpft: <a href=\"https:\/\/youtu.be\/hMnbW1-bliQ\">https:\/\/youtu.be\/hMnbW1-bliQ<\/a>. Mehr <a href=\"https:\/\/www.freiburg-schwarzwald.de\/blog\/kultur\/medien\/hass\/\">Hass<\/a> und Hetze geht kaum noch. Von Medienleuten wie Politikern.<\/p>\n<p>&#8222;War\u00adum ich eine Lum\u00adpen\u00adpa\u00adzi\u00adfis\u00adtin bin&#8220; erkl\u00e4rt eine Demonstrationsteilnehmerin (2).<\/p>\n<p>Auch die FAZ, als &#8222;Zeitung f\u00fcr Deutschland&#8220; fr\u00fcher Inbegriff f\u00fcr seri\u00f6sen <a href=\"https:\/\/www.freiburg-schwarzwald.de\/blog\/kultur\/medien\/journalismus\/\">Journalismus<\/a>, scheint die objektive durch eine eher <a href=\"https:\/\/www.freiburg-schwarzwald.de\/blog\/kultur\/medien\/manipulation\/\">manipulative<\/a> Berichterstattung ersetzt zu haben (3).<\/p>\n<p>Der Soziologe Prof Streeck setzt sich ebenfalls f\u00fcr das Manifest &#8222;Aufstand f\u00fcr Frieden&#8220; ein und pl\u00e4diert daf\u00fcr, da\u00df &#8222;ein zivilisiertes Land wie Deutschland&#8220; (4) die Kriegsrhetorik durch eine Friedensrhetorik ersetzen m\u00fcsse, die <a href=\"https:\/\/www.freiburg-schwarzwald.de\/blog\/engagement\/zukunft\/demokratie\/diplomatie\/\">Diplomatie<\/a> und Verhandlungen an erste Stelle setzt.<\/p>\n<p>Schwurbler steht f\u00fcr t\u00f6richt, dumm, oberfl\u00e4chlich, Einfalt, bl\u00f6de, Ignoranz, Leichtfu\u00df, angeberisch. Schwurbler als Vorstufe zum Idioten (siehe &#8222;<a href=\"https:\/\/www.freiburg-schwarzwald.de\/blog\/deutsche-sind-keine-covidioten\/\">Covidioten<\/a>&#8220; von Saskia Esken (SPD)). Wer tagt\u00e4glich in den Medien mit der Spezies der Friedensschwurbler konfrontiert wird, f\u00fcr den verbindet sich &#8222;Frieden&#8220; irgendwann mit &#8222;dumm&#8220;. Der Frieden als neben der Freiheit hohem Wert wird im wahrsten Sinne des Wortes abge-wertet.<br \/>\nQuerdenker war seit der Aufkl\u00e4rung und <a href=\"https:\/\/www.freiburg-schwarzwald.de\/blog\/kultur\/aufklaerung\/kant\/\">Emmanuel Kant<\/a> ein Adelstitel, der dann in den Coronazeiten zum gesetzesbrecherischen Quertreiber umfirmiert wurde. Mit Friedensschwurbler soll jetzt das Bem\u00fchen um Frieden als dummes Bestreben abgetan werden. Und mit Lumpenpazifismus wird gleich die komplette Friedensbewegung ins vernachl\u00e4ssigbare Abseits bef\u00f6rdert.<br \/>\nMit Covidiot, Klimaleugner, Friedensschwurbler, Lumpenpazifist usw. werden immer neue Begriffe sprachlicher Gewaltt\u00e4tigkeit erfunden, um in den jeweils neuen Krisensituationen jedwede demokratische Diskussion im Keim ersticken zu k\u00f6nnen. Weil man glaubt, Krisen nicht \u00fcber Argumente bew\u00e4ltigen zu m\u00fcssen. Weil man glaubt, zu wissen, was zur L\u00f6sung der Krise &#8222;gut&#8220; ist und was &#8222;b\u00f6se&#8220;.<br \/>\n.<br \/>\nEs ist unertr\u00e4glich, da\u00df die deutschen Leitmedien (<a href=\"https:\/\/www.freiburg-schwarzwald.de\/blog\/kultur\/medien\/oerr\/\">\u00d6RR<\/a> wie Private) und gro\u00dfen Parteien tagein tagaus im Zuge ihrer einseitige Kriegsberichterstattung die <a href=\"https:\/\/www.freiburg-schwarzwald.de\/blog\/engagement\/zukunft\/frieden\/friedensbewegung\/\">Friedensbewegung<\/a> mit den Begriffen &#8222;Lumpenpazifisten&#8220; und &#8222;Friedensschwurbler&#8220; diskreditieren. Wir ben\u00f6tigen gerade jetzt zu Kriegszeiten in Deutschland eine <a href=\"https:\/\/www.freiburg-schwarzwald.de\/blog\/kultur\/medien\/diskussionskultur\/diskussionskultur2023\/\">Diskussionskultur<\/a>, die alle Teile der Gesellschaft <a href=\"https:\/\/www.freiburg-schwarzwald.de\/blog\/engagement\/zukunft\/demokratie\/freiheit\/frei\/\">frei<\/a> und ungehindert zu Wort kommen l\u00e4\u00dft. \u00dcber &#8222;Frieden&#8220; mu\u00df jeder B\u00fcrger offen und unbehindert <a href=\"https:\/\/www.freiburg-schwarzwald.de\/blog\/kultur\/medien\/zensur\/sprechverbot\/\">sprechen k\u00f6nnen<\/a>.<br \/>\n28.2.2023<br \/>\n.<br \/>\nEnde von Beitrag &#8222;Lumpenpazifist Friedensschwurbler&#8220;<br \/>\n==============================================================<br \/>\nBeginn von Anlagen (1) bis (5)<br \/>\n.<\/p>\n<p><strong>(1) \u00dcber \u201eFriedensschwurbler\u201c und andere Gemeinheiten des neuen Alltags<\/strong><br \/>\nWer in Deutschland nicht der Bundesregierung applaudiert, lebt gef\u00e4hrlich: Medien in ihrer neuen Rolle als Hilfspolizisten und Denunziationsportale k\u00f6nnen Existenzen zerst\u00f6ren. Ausgrenzung ist wichtiger als Argumente. Die R\u00e4ume des Sagbaren werden immer enger. Nun sind es also \u201eFriedensschwurbler\u201c, die da in Berlin hinter Sahra Wagenknecht und Alice Schwarzer demonstrieren.<br \/>\n&#8230;<br \/>\nFriedensschwurbler ist deshalb so besonders infam, weil es den positiven Begriff \u201eFrieden\u201c mit Herabw\u00fcrdigung verbindet. Zuk\u00fcnftig h\u00f6rt man \u201eSchwurbler\u201c mit, wenn jemand \u201eFrieden\u201c sagt. Frieden ist damit kein h\u00f6chster Wert mehr, sondern ein Synonym f\u00fcr eine besondere Art von Dummheit oder Ignoranz. Bemerkenswert, dass dies unter einer Regierung passiert, deren wesentlicher Teil als Erben der Friedensbewegung unter dem Slogan \u201eFrieden schaffen ohne Waffen\u201c ins Amt kam. Poltische Aussagen sind nicht mehr viel wert.<br \/>\n&#8230; Alles vom 27.2.2023 bitte lesen auf<br \/>\n<a href=\"https:\/\/www.tichyseinblick.de\/tichys-einblick\/wagenknecht-schwarzer-friedensschwurbler\/\">https:\/\/www.tichyseinblick.de\/tichys-einblick\/wagenknecht-schwarzer-friedensschwurbler\/<\/a><br \/>\n.<br \/>\n.<br \/>\n<strong>(2) War\u00adum ich eine Lum\u00adpen\u00adpa\u00adzi\u00adfis\u00adtin bin<\/strong><br \/>\nIm April 2022 erschien im Spie\u00adgel unter dem Titel: &#8218;Der deut\u00adsche Lum\u00adpen-Pazi\u00adfis\u00admus&#8216; eine Kolum\u00adne von Sascha Lobo &#8211; Autor und Stra\u00adte\u00adgie\u00adbe\u00adra\u00adter mit den Schwer\u00adpunk\u00adten Inter\u00adnet und Tech\u00adno\u00adlo\u00adgie. Er bezich\u00adtig\u00adte dar\u00adin einen sub\u00adstan\u00adzi\u00adel\u00adlen Teil der Frie\u00addens\u00adbe\u00adwe\u00adgung der Selbstgerechtigkeit.<br \/>\n&#8230;<br \/>\nIm Auf\u00adruf hei\u00dft es: \u201eWir die schwei\u00adgen\u00adde Mehr\u00adheit (nach neu\u00ades\u00adten Umfra\u00adgen 59 Pro\u00adzent) sind gegen wei\u00adte\u00adre Waf\u00adfen\u00adlie\u00adfe\u00adrun\u00adgen und f\u00fcr Ver\u00adhand\u00adlun\u00adgen. Wir wol\u00adlen uns mit diesen For\u00adde\u00adrun\u00adgen bei der Poli\u00adtik Geh\u00f6r ver\u00adschaf\u00adfen &#8230; Jeder Tag, den wir durch Ver\u00adhand\u00adlun\u00adgen f\u00fcr den Frie\u00adden gewin\u00adnen, ret\u00adtet Men\u00adschen\u00adle\u00adben \u2013 und viel\u00adleicht sogar die Welt\u201c Dem kann ich mich gut anschlie\u00ad\u00dfen. Krieg ist Mord. Sol\u00adda\u00adten sind M\u00f6r\u00adder und wer\u00adden selbst ermor\u00addet. (Anlei\u00adhe bei Kurt Tucholsky)<br \/>\nViel\u00adleicht bin ich selbst\u00adge\u00adrecht. Aber ich bin es Ihnen schul\u00addig. Dem Her\u00admann, dem Erich, dem Otto und den Mil\u00adli\u00adar\u00adden ande\u00adren Kriegs\u00adop\u00adfern auf die\u00adser Welt. Am meis\u00adten bin ich es mei\u00adnem Urgro\u00df\u00adva\u00adter schul\u00addig. Ich bin auf\u00adge\u00adwach\u00adsen mit den Wor\u00adten: Nie wie\u00adder Krieg!<br \/>\nDie Jacke Lum\u00adpen\u00adpa\u00adzi\u00adfist zie\u00adhe ich mir an, aber ich wei\u00df, dass ich dar\u00adin friere!<br \/>\nSolveig Feld\u00admei\u00ader.<br \/>\n&#8230; Alles vom 21.2.2023 bitte lesen auf<br \/>\n<a href=\"https:\/\/hallesche-stoerung.de\/warum-ich-eine-lumpenpazifistin-bin\/\">https:\/\/hallesche-stoerung.de\/warum-ich-eine-lumpenpazifistin-bin\/<\/a><\/p>\n<p>.<br \/>\n<strong>(3) Unser Land ist politisch kaputt. Weil es nur noch die total manipulierte Meinungsbildung gibt<\/strong><br \/>\nBetrifft: Aufkl\u00e4rung \u00fcber die <a href=\"https:\/\/www.freiburg-schwarzwald.de\/blog\/kultur\/medien\/manipulation\/\">Manipulation<\/a> der FAZ vom 27. Februar 2023.<br \/>\nDazu erhielten wir eine Mail von Dr. Christoph Radke, Notar aus Gera. Er war am 25. Februar bei der Demonstration in Berlin und staunte \u00fcber den Bericht der FAZ vom 27. Februar. In einem Leserbrief hat er sich gegen\u00fcber der FAZ entsprechend kritisch ge\u00e4u\u00dfert.<br \/>\nUnser Vorschlag: \u00dcberlegen Sie, wer in Ihrem Umfeld FAZ liest und sprechen Sie diese Personen bitte dann direkt mit dem Leserbrief von Dr. Christoph Radke an. Sein Leserbrief m\u00fcsste auch bei eingefleischten FAZ-Lesern Zweifel aufkommen lassen. Hier ist sein Leserbrief:<br \/>\n28. Februar 2023<br \/>\nDr. iur. Christoph Radke<br \/>\nAn<br \/>\nFrankfurter Allgemeine<br \/>\n60267 Frankfurt am Main<br \/>\nLeserbrief zu:<br \/>\nFAZ vom 27. Februar 2023, Seite 2 \/ Krieg und Kompromisse von Friederike Haupt<br \/>\nKundgebung von Alice Schwarzer und Sarah Wagenknecht<br \/>\nSehr geehrte Herren Herausgeber!<br \/>\nDer Bericht von Friederike Haupt kommt einer L\u00fcge gleich. Ich selbst habe an der Kundgebung vor dem Brandenburger Tor von Anfang bis Ende teilgenommen, etwa 50 m von der Trib\u00fcne entfernt. Ihre Autorin Friederike Haupt kann nicht dabei gewesen sein, da sie den Kern der Veranstaltung und die Atmosph\u00e4re v\u00f6llig verzeichnet. Auf der Kundgebung sprachen \u2013 gleichberechtigt neben Frau Wagenknecht und Frau Schwarzer \u2013 der Politologe Hans-Peter Waldrich, der US-Amerikanische Wirtschaftswissenschaftler Professor Jeffrey Sachs (Columbia University \/ New York) sowie der ehemalige Brigadegeneral und Berater von Kanzlerin Merkel, Erich Vad; Vad ist CDU-Mitglied. Alle 3 legten in ruhiger Weise ihre substantiiert begr\u00fcndeten Positionen dar. Das Publikum war zahlreich; es herrschte aufs Ganze betrachtet eine freundliche und angenehme Atmosph\u00e4re.<br \/>\nRechtsextreme \u00c4u\u00dferungen habe ich nicht wahrgenommen. Liest man hingegen Frau Haupt, war es eine Veranstaltung allein von Frau Schwarzer und Frau Wagenknecht zur Befriedigung zweifelhafter politischer Interessen mit \u00e4u\u00dferst schwachen Argumenten, getragen von einem \u00fcberwiegend tumben und verwirrten (stotternden!) Publikum. Das ist eine freche und groteske Verzeichnung der Realit\u00e4t. Ich bin 56 Jahre, Notar im Hauptberuf, habe am von Jesuiten getragenen CanisiusKolleg in Westberlin das Abitur abgelegt und in W\u00fcrzburg promoviert: Die Dummheit dieser Berichterstattung beleidigt meinen Verstand; ich halte sie einer Tageszeitung mit geistigem Anspruch f\u00fcr unw\u00fcrdig. Mit solchen Artikeln zerst\u00f6ren Sie das Vertrauen in eine unabh\u00e4ngige Presse.<br \/>\nMit freundlichen Gr\u00fc\u00dfen<br \/>\nDr. iur. Christoph Radke<\/p>\n<p>P.S.: Ich vermute, dass Sie diesen Leserbrief \u2013 jedenfalls ungek\u00fcrzt \u2013 nicht ver\u00f6ffentlichen werden, habe ihn aber dennoch geschrieben, weil ich hoffe, dass wenigstens einer Ihrer Herausgeber in der Lage sein wird, den Ernst der Lage zu begreifen, in die Sie durch solche Berichterstattung Ihre Zeitung und denjenigen Leser bringen, der die FAZ nicht nur liest, weil sie sich auf dem Schreibtisch gut macht. Ich habe keinerlei Interesse an der Herabw\u00fcrdigung der Presse oder von Journalisten; ich bin allerdings der Meinung, dass Auseinandersetzung in einer Demokratie nur beruhen kann auf einer freien Presse, die ihre Aufgabe auch tats\u00e4chlich erf\u00fcllt, n\u00e4mlich den Leser zun\u00e4chst unvoreingenommen zu unterrichten, damit er sich selbst eine begr\u00fcndete Meinung bilden kann. Presse wird sonst zur Propaganda und damit f\u00fcr den denkenden Leser \u00fcberfl\u00fcssig.<br \/>\n&#8230; Alles vom 28.2.2023 bitte lesen auf<br \/>\n<a href=\"https:\/\/www.nachdenkseiten.de\/?p=94398\">https:\/\/www.nachdenkseiten.de\/?p=94398<\/a><br \/>\n.<br \/>\n.<br \/>\n<strong>(4) Soziologe Streeck im Interview: \u201eDie Amerikaner meinen es bitterernst\u201c<\/strong><br \/>\nHerr Streeck, Sie haben das Manifest f\u00fcr den Frieden unterschrieben, das auf eine Initiative von Alice Schwarzer und Sahra Wagenknecht zur\u00fcckgeht. Darin steht, dass Waffenlieferungen an die Ukraine gestoppt und Verhandlungen mit Russland aufgenommen werden sollen. Glauben Sie, dass die Russen derzeit verhandlungsbereit sind?<br \/>\nDas wei\u00df ich nicht. Was ich wei\u00df ist, dass die gegenw\u00e4rtige ukrainische Regierung, mit Herrn Melnyk als Vize-Au\u00dfenminister, es erkl\u00e4rterma\u00dfen nicht ist: oder nur nach vorheriger russischer Kapitulation. Wie sich das auf russischer Seite verh\u00e4lt, w\u00e4re herauszufinden, und gerade auch, ob strategisch formulierte \u00f6ffentliche Erkl\u00e4rungen so gemeint sind, wie sie klingen. Diplomaten werden bekanntlich daf\u00fcr geschult und nicht schlecht bezahlt, auch bei scheinbar ausweglosen Konflikten Gemeinsamkeiten zu finden, die die unterschiedlichen Interessen, die zum Krieg gef\u00fchrt haben, \u00fcberwiegen.<br \/>\nIm \u00dcbrigen hat Russland im Herbst 2021 die USA wiederholt aufgefordert, \u00fcber eine Reihe von russischen Memoranden zum Ukraine-Konflikt zu verhandeln; dies wurde abgelehnt. Auch nach Kriegsbeginn gab es noch direkte Verhandlungen zwischen Russland und der Ukraine, unter anderem unter Vermittlung des israelischen Premierministers Bennett; diese endeten ergebnislos \u2013 nach Bennetts Auskunft, die er sp\u00e4ter halb zur\u00fcckgezogen hat, infolge von amerikanischen und britischen Interventionen auf ukrainischer Seite.<br \/>\nUnd schlie\u00dflich m\u00f6chte ich mich weigern mir vorzustellen, dass ein zivilisiertes Land wie Deutschland nicht immer wieder alles nur Menschenm\u00f6gliche versucht, um einen grauenvollen Krieg wie den in der Ukraine (alle Kriege sind grauenvoll) so schnell wie m\u00f6glich zu beenden. Es geht hier nicht um Computerspiele, sondern um das T\u00f6ten und Sterben wirklicher Menschen \u2013 pro Tag, wenn die Sch\u00e4tzungen stimmen, etwa eintausend, \u00fcberwiegend junge M\u00e4nner, auf beiden Seiten.<br \/>\n&#8230; Alles vom 24.2.2023 bitte lesen auf<br \/>\n<a href=\"https:\/\/www.fr.de\/kultur\/gesellschaft\/soziologe-wolfgang-streeck-die-amerikaner-meinen-es-bitterernst-92108110.html\">https:\/\/www.fr.de\/kultur\/gesellschaft\/soziologe-wolfgang-streeck-die-amerikaner-meinen-es-bitterernst-92108110.html<\/a><br \/>\n.<br \/>\n<em>Wolfgang Streeck , geboren 1946, war bis 2014 Direktor am Max-Planck-Institut f\u00fcr Gesellschaftsforschung in K\u00f6ln. Er ist Mitglied der Berlin-Brandenburgischen Akademie der Wissenschaften und der British Academy sowie Honorary Fellow der Society for the Advancement of Socio-Economics. Sein Buch \u201eGekaufte Zeit. Die vertagte Krise des demokratischen Kapitalismus\u201c war 2013 f\u00fcr den Preis der Leipziger Buchmesse nominiert. Streeck ist Mitunterzeichner des von Sahra Wagenknecht und Alice Schwarzer initiierten \u201eManifests f\u00fcr den Frieden\u201c.<\/em><\/p>\n<p>.<\/p>\n<p>(<strong>5) Tyrannei der Selbstgerechten: Nur noch eine Meinung erlaubt?<\/strong><br \/>\n\u201eFriedensschwurbler\u201c: Mit diesem Begriff werden neuerdings all jene abqualifiziert, die sich f\u00fcr ein Ende der Waffenlieferungen an die Ukraine und f\u00fcr Verhandlungen mit Russland aussprechen. Kein neues Ph\u00e4nomen: Seit Beginn der Corona-Pandemie steigt die Lust daran, das Meinungsspektrum in richtig und falsch oder sogar gut und b\u00f6se zu teilen. Man gef\u00e4llt sich darin, \u00f6ffentlich mit dem Finger auf die jeweils andere Seite zu zeigen.<br \/>\nMancher zerbricht an Hass und Hetze, wie aktuell der Fall des impfkritischen Biologen und Sachbuchautors <a href=\"https:\/\/www.freiburg-schwarzwald.de\/blog\/impfkritiker-arvay-suizid\/\">Clemens Arvay<\/a> zeigt. Andere ziehen sich aus der \u00f6ffentlichen Debatte zur\u00fcck: Laut einer Umfrage des MDR hat mittlerweile jeder Zweite Angst davor, die eigene Meinung in der \u00d6ffentlichkeit zu \u00e4u\u00dfern. Wer oder was ist schuld an der Verh\u00e4rtung der Fronten? Ist dieser tiefe Riss noch zu kitten? Oder sind wir alle zu empfindlich geworden? Und was braucht es, damit Aufarbeitung und Vers\u00f6hnung gelingen k\u00f6nnen? Die G\u00e4ste bei Michael Fleischhacker:<br \/>\nDer Journalist Heinz Sichrovsky, der sich entschieden auf die Seite der \u201eFriedensschwurbler\u201c stellt, den wenig zimperlichen Umgang mit Corona-Kritikern jedoch f\u00fcr angemessen h\u00e4lt;<br \/>\ndie Publizistin <a href=\"https:\/\/www.freiburg-schwarzwald.de\/blog\/selbsthilfe\/frauen\/gender\/lgbtq\/\">Birgit Kelle<\/a>, die ein neues Denunziantentum um sich greifen sieht und die Wiederaufnahme einer breiten \u00f6ffentlichen Debatte fordert;<br \/>\ndie Historikerin und Soziologin Sandra Kostner, die eine R\u00fcckkehr gro\u00dfer Ideologien beobachtet und vor einer Vergiftung des Klimas, aber auch vor einer zu gro\u00dfen Empfindlichkeit warnt;<br \/>\ndie ehemalige Gr\u00fcnen-Chefin Eva Glawischnig, die vor allem die politisch rechte Seite f\u00fcr Diffamierung und Hetze verantwortlich macht, aber auch Kritik an ihrer eigenen Partei \u00fcbt; und der Psychiater <a href=\"https:\/\/www.freiburg-schwarzwald.de\/blog\/selbsthilfe\/psyche\/massenpsychose\/\">Raphael Bonelli<\/a>: Er war pers\u00f6nlich mit Clemens Arvay bekannt und macht Hass, Hetze und eine Rufmordkampagne gegen den Biologen f\u00fcr dessen Tod verantwortlich.<br \/>\n&#8230; Alles vom 2.3.2023 bitte lesen auf<br \/>\nTyrannei der Selbstgerechten: Nur noch eine Meinung erlaubt?<br \/>\n<a href=\"https:\/\/www.servustv.com\/aktuelles\/v\/aa2aenmnux45rz1yj902\/\">https:\/\/www.servustv.com\/aktuelles\/v\/aa2aenmnux45rz1yj902\/<\/a><\/p>\n","protected":false},"excerpt":{"rendered":"<p>Warum haben Sahra Wagenknecht und Alice Schwarzer mit dem &#8222;Aufstand f\u00fcr Frieden&#8220; so viel Zulauf? https:\/\/youtu.be\/1B2ASUCS2AI Weil sie als Einzige im Ukrainekrieg neutral sind und f\u00fcr keine Seite Partei ergreifen mit ihren beiden Forderungen nach Waffenstillstand als Grundlage f\u00fcr Friedensverhandlungen.<\/p>\n","protected":false},"author":2,"featured_media":0,"comment_status":"open","ping_status":"closed","sticky":false,"template":"","format":"standard","meta":{"footnotes":""},"categories":[18,355,52,400,249,13,80,157,172],"tags":[325,749,682,520,720],"class_list":["post-110150","post","type-post","status-publish","format-standard","hentry","category-bildung","category-buergerinitiativen","category-einewelt","category-freiwillig","category-hock","category-kultur","category-medien","category-oeffentlicher-raum","category-zukunft","tag-demo","tag-diskussionskultur","tag-freiheit","tag-frieden","tag-medien"],"_links":{"self":[{"href":"https:\/\/www.freiburg-schwarzwald.de\/blog\/wp-json\/wp\/v2\/posts\/110150","targetHints":{"allow":["GET"]}}],"collection":[{"href":"https:\/\/www.freiburg-schwarzwald.de\/blog\/wp-json\/wp\/v2\/posts"}],"about":[{"href":"https:\/\/www.freiburg-schwarzwald.de\/blog\/wp-json\/wp\/v2\/types\/post"}],"author":[{"embeddable":true,"href":"https:\/\/www.freiburg-schwarzwald.de\/blog\/wp-json\/wp\/v2\/users\/2"}],"replies":[{"embeddable":true,"href":"https:\/\/www.freiburg-schwarzwald.de\/blog\/wp-json\/wp\/v2\/comments?post=110150"}],"version-history":[{"count":5,"href":"https:\/\/www.freiburg-schwarzwald.de\/blog\/wp-json\/wp\/v2\/posts\/110150\/revisions"}],"predecessor-version":[{"id":110317,"href":"https:\/\/www.freiburg-schwarzwald.de\/blog\/wp-json\/wp\/v2\/posts\/110150\/revisions\/110317"}],"wp:attachment":[{"href":"https:\/\/www.freiburg-schwarzwald.de\/blog\/wp-json\/wp\/v2\/media?parent=110150"}],"wp:term":[{"taxonomy":"category","embeddable":true,"href":"https:\/\/www.freiburg-schwarzwald.de\/blog\/wp-json\/wp\/v2\/categories?post=110150"},{"taxonomy":"post_tag","embeddable":true,"href":"https:\/\/www.freiburg-schwarzwald.de\/blog\/wp-json\/wp\/v2\/tags?post=110150"}],"curies":[{"name":"wp","href":"https:\/\/api.w.org\/{rel}","templated":true}]}}