{"id":110040,"date":"2023-02-26T09:31:30","date_gmt":"2023-02-26T08:31:30","guid":{"rendered":"https:\/\/www.freiburg-schwarzwald.de\/blog\/?p=110040"},"modified":"2023-02-27T18:14:45","modified_gmt":"2023-02-27T17:14:45","slug":"jeffrey-sachs-oerr-berlin-demo","status":"publish","type":"post","link":"https:\/\/www.freiburg-schwarzwald.de\/blog\/jeffrey-sachs-oerr-berlin-demo\/","title":{"rendered":"Jeffrey Sachs, \u00d6RR, Berlin-Demo"},"content":{"rendered":"<p><a href=\"https:\/\/www.freiburg-schwarzwald.de\/blog\/kultur\/medien\/gez-medien\/\">&#8222;Phoenix vor Ort&#8220;<\/a> hat am 25.2.2023 ab 14 Uhr 1:50 Std lang die Kundgebung <a href=\"https:\/\/www.freiburg-schwarzwald.de\/blog\/aufstand-fuer-den-frieden-25-2\/\">&#8222;Aufstand f\u00fcr Frieden&#8220;<\/a> in Berlin im Fernsehen live \u00fcbertragen, f\u00fcr die Archivierung der Sendung auf Youtube <a href=\"https:\/\/youtu.be\/1B2ASUCS2AI\">https:\/\/youtu.be\/1B2ASUCS2AI<\/a> aber leider &#8222;Comments are turned off&#8220; festgelegt. Warum d\u00fcrfen die Zuschauer nicht kommentieren?<!--more--><br \/>\n1) Erfreulich, da\u00df der <a href=\"https:\/\/www.freiburg-schwarzwald.de\/blog\/kultur\/medien\/oerr\/\">\u00d6RR<\/a> live berichtet. Bei \u00fcber 650.000 Unterschriften binnen 14 Tagen f\u00fcr das von Alice Schwarzer und Sahra Wagenknecht initiierte Manifest <a href=\"https:\/\/www.freiburg-schwarzwald.de\/blog\/aufstand-fuer-den-frieden-25-2\/\">&#8222;Aufstand f\u00fcr Frieden&#8220;<\/a> kann Phoenix diese Kundgebung bzw. Demo nun dann doch nicht mehr ignorieren.<br \/>\n.<br \/>\n2) Nach den kurzen Er\u00f6ffnungsworten von <a href=\"https:\/\/www.freiburg-schwarzwald.de\/blog\/engagement\/zukunft\/demokratie\/links\/wagenknecht\/\">Sahra Wagenknecht<\/a> blendet Phoenix jedoch abrupt aus bzw. zur\u00fcck ins Studio, und zwar genau solange, wie <a href=\"https:\/\/www.freiburg-schwarzwald.de\/blog\/jeffrey-sachs-verhandeln-kiew\/\">Jeffrey Sachs<\/a>, weltweit renommierter \u00d6konom von der Columbia University New York, sein Gru\u00dfwort an die Demo auf dem Screen gegen\u00fcber der Kundgebungs-B\u00fchne \u00fcbermittelt. Dem deutschen TV-Zuschauer wird diese Expertise aus internationaler Sicht also vorenthalten. <em><strong>Lesen Sie die deutsche \u00dcbersetzung zu Sachs&#8216; Gru\u00dfwort unten (1)<\/strong><\/em>. W\u00e4hrenddessen kommt ein Frank Umbach als \u00d6RR-&#8222;Experte&#8220; zu Wort, der erkl\u00e4rt, wie naiv und unsinnig die Friedensinitiative von Wagenknecht &amp; Schwarzer doch sei und da\u00df auf der B\u00fchne eine &#8222;Irref\u00fchrung der Bev\u00f6lkerung&#8220; (Robert Habeck) vorgetragen w\u00fcrde.<\/p>\n<p>3) Nachdem Prof Jeffrey Sachs beendet hat, nimmt Phoenix die Livestream wieder auf und \u00fcbertr\u00e4gt die Redebeitr\u00e4ge von Corinna Kirchhoff, Hans-Peter Waldrich (<a href=\"https:\/\/www.freiburg-schwarzwald.de\/blog\/engagement\/zukunft\/frieden\/friedensbewegung\/\">Friedensbewegung<\/a>) , Erich Vad (Ex-General), Sahra Wagenknecht und Alice Schwarzer.<\/p>\n<p>4) Danach wird die \u00dcbertragung der Kundgebungs- B\u00fchne abgebrochen. So bekommen die TV-Zuschauer auch nicht mit, als Wagenknecht darauf hinwies, da\u00df die von offizieller Seite von anfangs 5.000 auf dann 10.000 korrigierte Teilnehmerzahl nicht stimmen k\u00f6nne und sich auf bis zu 50.000 bel\u00e4uft. Trotz Schneeregen und K\u00e4lte.<\/p>\n<p>5) Fragen des Phoenix-Reporters an Demo-Teilnehmer lauten sinngem\u00e4\u00df nicht &#8222;Was ist Ihre Meinung zu diesem Manifest?&#8220; , sondern &#8222;Schw\u00e4cht dieses Manifest nicht die Position der Ukraine?&#8220; Die Interviewten werden also in die Position gebracht, ihre\u00a0 angeblich falsche Meinung verteidigen zu m\u00fcssen. Also: Der B\u00fcrger (als Souver\u00e4n) mu\u00df seine eigene Meinung gegen\u00fcber Ph\u00f6nix (als von im beauftragtem staatlichem Organ) verteidigen &#8211; verkehrte Welt!<\/p>\n<p>Der <a href=\"https:\/\/www.freiburg-schwarzwald.de\/blog\/kultur\/medien\/oerr\/\">\u00d6RR<\/a> ist per Staatsvertrag zu ausgewogener und objektiver Berichterstattung verpflichtet. Diese Sendung von &#8222;Ph\u00f6nix vor Ort&#8220; mit 1) &#8211; 5) ist ein Beispiel daf\u00fcr, wie dieser Verpflichtung nicht nachgekommen wird.\u00a0 Es dr\u00e4ngt sich der Eindruck der <a href=\"https:\/\/www.freiburg-schwarzwald.de\/blog\/kultur\/medien\/manipulation\/\">Manipulation<\/a> auf. Vor allem in diesem Punkt: Warum wird dem Steuerzahler, der den Sender Phoenix doch per <a href=\"https:\/\/www.freiburg-schwarzwald.de\/blog\/kultur\/medien\/gez-medien\/\">GEZ<\/a> finanziert, die Expertise von Prof Jeffrey Sachs (siehe (1) unten) vorenthalten? Warum wird ihm stattdessen mehr oder weniger Regierungspropaganda serviert? Traut Phoenix dem deutschen Zuschauer nicht zu, sich seine Meinung selbst bilden zu k\u00f6nnen? Hat Ph\u00f6nix Angst, der B\u00fcrger k\u00f6nne durch Prof Jeffrey Sachs&#8216; Sicht verdorben werden? Im Staatsvertrag mit den GEZ-Medien steht nicht drin, dass der B\u00fcrger zu erziehen sei (<a href=\"https:\/\/www.freiburg-schwarzwald.de\/blog\/engagement\/zukunft\/demokratie\/nudging\/\">Nudging<\/a>).<br \/>\nViele m\u00f6gen antworten, der B\u00fcrger k\u00f6nne ja weg von den <a href=\"https:\/\/www.freiburg-schwarzwald.de\/blog\/kultur\/medien\/mainstream\/\">Mainstream-Medien<\/a> zu Social Meedia, <a href=\"https:\/\/www.freiburg-schwarzwald.de\/blog\/kultur\/medien\/freie-medien\/\">freien Medien<\/a> oder Schweizer bzw. \u00d6sterreichischen Medien wechseln &#8211; nur wer tut dies, wenn er im Sessel die Fernbedienung des Fernsehers in der Hand hat?<\/p>\n<p>Kritiker, Andersdenkende und Wissenschaftler, die auf der Suche nach Frieden den <a href=\"https:\/\/www.freiburg-schwarzwald.de\/blog\/global\/ukraine\/ukraine-russland\/\">Krieg in der Ukraine<\/a> in einen gr\u00f6\u00dferen Zusammenhang sehen, werden ab jetzt hasserf\u00fcllt und abf\u00e4llig als Friedensschwurbler (siehe (3) unten) bezeichnet. Ist Jeffrey Sachs also ein Friedensschwurbler? Oder sind Alice Schwarzer, Sahra Wagenknecht, <a href=\"https:\/\/www.freiburg-schwarzwald.de\/blog\/vereine\/partei\/gruene\/gruene2021\/\">Antje Vollmer<\/a>, Heribert Prantl, usw. allesamt nichts als Friedensschwurbler? Nein. Aber die <a href=\"https:\/\/www.freiburg-schwarzwald.de\/blog\/kultur\/medien\/diskussionskultur\/diskussionskultur2023\/\">Diskussionskultur<\/a> in Deutschland ist endg\u00fcltig zu einer Diskussionsunkultur geworden.<br \/>\n26.2.2023<br \/>\n.<br \/>\nEnde von Beitrag &#8222;Jeffrey Sachs, \u00d6RR, Berlin-Demo&#8220;<br \/>\n============================================================<br \/>\nBeginn von Anlagen (1) bis (3)<br \/>\n.<br \/>\n.<br \/>\n<strong>(1) Jeffrey Sachs: &#8222;Wir m\u00fcssen die Wahrheit sagen&#8220;<\/strong><br \/>\n<strong>Das wichtigste Video in 2023<\/strong><br \/>\n<em>Jeffrey Sachs Rede zur Kundgebung &#8222;Aufstand f\u00fcr Frieden&#8220; Berlin 25.2.2023<\/em><br \/>\n<em>Auf der Demonstration \u201eAufstand f\u00fcr Frieden\u201c am 25. Februar in Berlin sprach neben Sahra Wagenknecht, Alice Schwarzer und Bundeswehrgeneral a.D. Erich Vad auch der US-\u00d6konom Jeffrey Sachs, dessen Botschaft per Video zugeschaltet wurde.<br \/>\n.<br \/>\nJeffrey Sachs am 25.2.2023 in Berlin &#8211; Rede mit deutschen Untertiteln:<br \/>\n<a href=\"https:\/\/youtu.be\/1tZKTVGKKAE\">https:\/\/youtu.be\/1tZKTVGKKAE<\/a> (ab 19:50)<br \/>\n.<br \/>\n<\/em>\u00dcbersetzung der Rede:<br \/>\nIch war Berater der Regierungen Russlands, der Ukraine und der Vereinten Nationen und ich m\u00f6chte mit Ihnen \u00fcber die Wahrheit zu diesem Krieg sprechen. Wir befinden uns nicht am ersten Jahrestag des Krieges, sondern am neunten Jahrestag. Der Krieg begann mit dem gewaltsamen Sturz des ukrainischen Pr\u00e4sidenten Viktor Janukowitsch \u2013 einem Putsch, der von der Regierung der USA unterst\u00fctzt wurde. Seit 2008 trieben die USA die Nato-Erweiterung bis zur Ukraine und nach Georgien voran. Janukowitsch wollte Neutralit\u00e4t. Er stand zwischen den USA und ihrem Ziel der Nato-Erweiterung. Als Ende 2013 Proteste gegen Janukowitsch ausbrachen, ergriffen die USA die Gelegenheit, um die Proteste eskalieren zu lassen und zum Putsch gegen Janukowitsch im Februar 2014 beizutragen. Das war der Anfang des Krieges vor neun Jahren.<\/p>\n<p>Seitdem hat Russland die Krim erobert und der Krieg im Donbass brach aus. Die Nato pumpte Milliarden von Dollar an Waffen in die Ukraine. Der Krieg eskalierte immer weiter. Die Friedensabkommen Minsk I und II, f\u00fcr die Deutschland mit garantieren sollte, funktionierten nicht, weil die Ukraine sich weigerte sie umzusetzen und weil Deutschland und Frankreich nicht auf die Umsetzung dr\u00e4ngten.<\/p>\n<p>Ende 2021 machte Pr\u00e4sident Putin Russlands rote Linien deutlich: Eine Nato-Erweiterung bis zur Ukraine sei nicht akzeptabel, die russische Kontrolle der Krim m\u00fcsse erhalten und der Donbass befriedet werden, indem die Minsk-Vereinbarungen umgesetzt w\u00fcrden. Die Biden-Administration lehnte es ab, \u00fcber die Nato-Erweiterung zu verhandeln.<\/p>\n<p>Im Februar 2022 kam es tragischerweise und falscherweise zur russischen Invasion, acht Jahre nach dem Putsch gegen Janukowitsch. Die USA haben seitdem massiv Waffen in das Land geschleust. Tod und Zerst\u00f6rung sind f\u00fcrchterlich. Im M\u00e4rz 2022 erkl\u00e4rte die Ukraine, dass man auf der Basis von Neutralit\u00e4t verhandeln w\u00fcrde. Wir wissen jetzt, dass die USA diese Verhandlungen blockiert haben und einer Eskalation des Krieges den Vorzug gaben. Im September 2022 wurden die Nord Stream-Pipelines gesprengt. Den \u00fcberw\u00e4ltigenden Beweisen nach sind die USA daf\u00fcr verantwortlich.<\/p>\n<p>Wir befinden uns, meine Damen und Herren, auf einem Weg der extremen Eskalation und der L\u00fcgen oder des Schweigens in den Medien. Die gesamte Erz\u00e4hlung, wonach dies der erste Jahrestag des Krieges sei, ist bereits falsch. Dieser Krieg begann wegen der Nato-Erweiterung, der US-Beteiligung an einem Putsch und der massiven Aufr\u00fcstung der Ukraine \u2013 dann folgte die schreckliche Invasion Russlands und die weitere Eskalation. Dieser Krieg muss aufh\u00f6ren, bevor er uns alle in ein nukleares Armageddon f\u00fchrt.<\/p>\n<p>Wir m\u00fcssen die Wahrheit sagen. Beide Seiten haben gelogen, betrogen und Gewalt ausge\u00fcbt. Beide Seiten m\u00fcssen zur\u00fcckweichen. Die Nato muss aufh\u00f6ren zu versuchen, sich bis in die Ukraine und nach Georgien hinein zu erweitern. Wir m\u00fcssen die roten Linien beider Seiten beachten, damit die Welt \u00fcberlebt.&#8220;<br \/>\nEnde \u00dcbersetzung von Jeffrey Sachs<br \/>\n&#8230; Alles vom 26.2.2023 mitsamt Video bitte lesen auf<br \/>\n<a href=\"https:\/\/uncutnews.ch\/das-wichtigste-video-im-2023-wir-muessen-die-wahrheit-sagen-jeffrey-sachs-kraftvolle-rede-zum-frieden\/\">https:\/\/uncutnews.ch\/das-wichtigste-video-im-2023-wir-muessen-die-wahrheit-sagen-jeffrey-sachs-kraftvolle-rede-zum-frieden\/<\/a><br \/>\n.<br \/>\n<em>Jeffrey Sachs, Jahrgang 1954, ist \u00d6konom.<br \/>\nZur Zeit des Mauerfalls beriet er die Regierungen Polens und sp\u00e4ter der Sowjetunion bei der Einf\u00fchrung einer kapitalistischen Wirtschaftsordnung. Er empfahl damals die sogenannte \u201eSchock-Therapie\u201c. W\u00e4hrend des US-Pr\u00e4sidentschaftswahlkampfes 2020 unterst\u00fctzte und beriet er den Kandidaten Bernie Sanders. Aktuell ist er Direktor des Center for Sustainable Development an der Columbia University in New York sowie Pr\u00e4sident des Sustainable Development Solutions Network der UNO. Sachs war au\u00dferdem Vorsitzender der Lancet-Covid-19-Kommission. Am 21. Februar 2023 sprach Sachs vor dem UN-Sicherheitsrat und forderte dort eine aktive Rolle der UNO bei der Aufkl\u00e4rung des Terroranschlags auf die Nord Stream-Pipeline.<br \/>\n<\/em>.<br \/>\nJeffrey Sachs am 25.2.2023 in Berlin &#8211; Rede mit deutschen Untertiteln:<br \/>\n<a href=\"https:\/\/youtu.be\/1tZKTVGKKAE\">https:\/\/youtu.be\/1tZKTVGKKAE<\/a> (ab 19:50)<br \/>\n.<\/p>\n<p><strong>(2) Weltwoche Daily-Spezial: Alice Schwarzer \u00fcber die Berlin-Kundgebung<\/strong><br \/>\nFriedens-Feministin Alice Schwarzer \u00fcber eine euphorisierende Kundgebung in Berlin, den grotesken Medien-Shitstorm f\u00fcr Friedenstauben und warum Frauen an der Macht gef\u00e4hrlich sein k\u00f6nnen.<br \/>\n<a href=\"https:\/\/youtu.be\/wSZEeFpdlxo\">https:\/\/youtu.be\/wSZEeFpdlxo<\/a>, 25.2.2023<br \/>\n.<br \/>\nWeitere Interviews von Weltwoche Daily-Reporter Roman Zeller mit Oskar Lafontaine und Brigadegeneral a.D. Erich Vad auf <a href=\"https:\/\/wwwweltwoche.ch\">https:\/\/wwwweltwoche.ch<\/a>. bzw.:<br \/>\n<a href=\"https:\/\/weltwoche.ch\/daily\/daily-spezial-aus-berlin-tausende-deutsche-demonstrieren-fuer-den-frieden-ich-bin-nicht-nur-fuer-mich-hier-ich-habe-kinder-die-eskalationsgefahr-im-ukraine-krieg-loest-sorgen\/\">https:\/\/weltwoche.ch\/daily\/daily-spezial-aus-berlin-tausende-deutsche-demonstrieren-fuer-den-frieden-ich-bin-nicht-nur-fuer-mich-hier-ich-habe-kinder-die-eskalationsgefahr-im-ukraine-krieg-loest-sorgen\/<\/a><\/p>\n<p>.<\/p>\n<p><strong>(3) \u00dcber \u201eFriedensschwurbler\u201c und andere Gemeinheiten des neuen Alltags<\/strong><br \/>\nWer in Deutschland nicht der Bundesregierung applaudiert, lebt gef\u00e4hrlich: Medien in ihrer neuen Rolle als Hilfspolizisten und Denunziationsportale k\u00f6nnen Existenzen zerst\u00f6ren. Ausgrenzung ist wichtiger als Argumente. Die R\u00e4ume des Sagbaren werden immer enger.<br \/>\nNun sind es also \u201eFriedensschwurbler\u201c, die da in Berlin hinter Sahra Wagenknecht und Alice Schwarzer demonstrieren.<br \/>\n&#8230;<br \/>\n<em><strong>Friedenschwurbler ist deshalb so besonders infam, weil es den positiven Begriff \u201eFrieden\u201c mit Herabw\u00fcrdigung verbindet.<\/strong><\/em> Zuk\u00fcnftig h\u00f6rt man \u201eSchwurbler\u201c mit, wenn jemand \u201eFrieden\u201c sagt. Frieden ist damit kein h\u00f6chster Wert mehr, sondern ein Synonym f\u00fcr eine besondere Art von Dummheit oder Ignoranz. Bemerkenswert, dass dies unter einer Regierung passiert, deren wesentlicher Teil als Erben der Friedensbewegung unter dem Slogan \u201eFrieden schaffen ohne Waffen\u201c ins Amt kam. Poltische Aussagen sind nicht mehr viel wert.<br \/>\n&#8230; Alles vom 27.2.2023 bitte lesen auf<br \/>\n<a href=\"https:\/\/www.tichyseinblick.de\/tichys-einblick\/wagenknecht-schwarzer-friedensschwurbler\/\">https:\/\/www.tichyseinblick.de\/tichys-einblick\/wagenknecht-schwarzer-friedensschwurbler\/<\/a><\/p>\n","protected":false},"excerpt":{"rendered":"<p>&#8222;Phoenix vor Ort&#8220; hat am 25.2.2023 ab 14 Uhr 1:50 Std lang die Kundgebung &#8222;Aufstand f\u00fcr Frieden&#8220; in Berlin im Fernsehen live \u00fcbertragen, f\u00fcr die Archivierung der Sendung auf Youtube https:\/\/youtu.be\/1B2ASUCS2AI aber leider &#8222;Comments are turned off&#8220; festgelegt. Warum d\u00fcrfen &hellip; <a href=\"https:\/\/www.freiburg-schwarzwald.de\/blog\/jeffrey-sachs-oerr-berlin-demo\/\">Weiterlesen <span class=\"meta-nav\">&rarr;<\/span><\/a><\/p>\n","protected":false},"author":2,"featured_media":0,"comment_status":"open","ping_status":"closed","sticky":false,"template":"","format":"standard","meta":{"footnotes":""},"categories":[18,355,14,162,63,80,157],"tags":[325,749,682,520,720,796],"class_list":["post-110040","post","type-post","status-publish","format-standard","hentry","category-bildung","category-buergerinitiativen","category-global","category-internet","category-krise","category-medien","category-oeffentlicher-raum","tag-demo","tag-diskussionskultur","tag-freiheit","tag-frieden","tag-medien","tag-ukraine"],"_links":{"self":[{"href":"https:\/\/www.freiburg-schwarzwald.de\/blog\/wp-json\/wp\/v2\/posts\/110040","targetHints":{"allow":["GET"]}}],"collection":[{"href":"https:\/\/www.freiburg-schwarzwald.de\/blog\/wp-json\/wp\/v2\/posts"}],"about":[{"href":"https:\/\/www.freiburg-schwarzwald.de\/blog\/wp-json\/wp\/v2\/types\/post"}],"author":[{"embeddable":true,"href":"https:\/\/www.freiburg-schwarzwald.de\/blog\/wp-json\/wp\/v2\/users\/2"}],"replies":[{"embeddable":true,"href":"https:\/\/www.freiburg-schwarzwald.de\/blog\/wp-json\/wp\/v2\/comments?post=110040"}],"version-history":[{"count":5,"href":"https:\/\/www.freiburg-schwarzwald.de\/blog\/wp-json\/wp\/v2\/posts\/110040\/revisions"}],"predecessor-version":[{"id":110101,"href":"https:\/\/www.freiburg-schwarzwald.de\/blog\/wp-json\/wp\/v2\/posts\/110040\/revisions\/110101"}],"wp:attachment":[{"href":"https:\/\/www.freiburg-schwarzwald.de\/blog\/wp-json\/wp\/v2\/media?parent=110040"}],"wp:term":[{"taxonomy":"category","embeddable":true,"href":"https:\/\/www.freiburg-schwarzwald.de\/blog\/wp-json\/wp\/v2\/categories?post=110040"},{"taxonomy":"post_tag","embeddable":true,"href":"https:\/\/www.freiburg-schwarzwald.de\/blog\/wp-json\/wp\/v2\/tags?post=110040"}],"curies":[{"name":"wp","href":"https:\/\/api.w.org\/{rel}","templated":true}]}}