{"id":10978,"date":"2012-09-20T22:26:18","date_gmt":"2012-09-20T20:26:18","guid":{"rendered":"https:\/\/www.freiburg-schwarzwald.de\/blog\/?p=10978"},"modified":"2012-09-20T22:27:29","modified_gmt":"2012-09-20T20:27:29","slug":"miteinander-stegen-3-buergerforum","status":"publish","type":"post","link":"https:\/\/www.freiburg-schwarzwald.de\/blog\/miteinander-stegen-3-buergerforum\/","title":{"rendered":"Miteinander Stegen &#8211; 3. Buergerforum"},"content":{"rendered":"<p>Der Verein \u201e<a title=\"Soziales\" href=\"https:\/\/www.freiburg-schwarzwald.de\/blog\/selbsthilfe\/soziales\/\">Miteinander Stegen<\/a>\u201c und die Gemeinde Stegen laden zum dritten <a title=\"Buergerbeteiligung\" href=\"https:\/\/www.freiburg-schwarzwald.de\/blog\/engagement\/buergerbeteiligung\/\">B\u00fcrgerforum<\/a>, das sich mit dem Projekt \u201eLebensr\u00e4ume\u201c besch\u00e4ftigt, ein. Auf dem Forum soll die Anfang des Jahres durchgef\u00fchrte Bev\u00f6lkerungsbefragung, mit der erfasst werden sollte, wie die Stegener B\u00fcrger sich ein w\u00fcrdiges Leben im Alter in ihrem <a title=\"Stegen\" href=\"https:\/\/www.freiburg-schwarzwald.de\/blog\/regio\/orte\/stegen\/\">Heimatort Stegen <\/a>auch im Hinblick auf <a title=\"Pflege\" href=\"https:\/\/www.freiburg-schwarzwald.de\/blog\/selbsthilfe\/senioren\/pflege\/\">Pflegebed\u00fcrftigkeit<\/a> vorstellen, im Detail vorgestellt werden. Die Beteiligung an der Befragung war \u00fcberraschend hoch und es zeigte sich, dass quer durch die Generationen <!--more-->ein starkes Interesse daran besteht, Verantwortung f\u00fcr k\u00fcnftige Lebensformen zu \u00fcbernehmen und diese auch aktiv mitzugestalten, so der Soziologe Sebastian Vogl, der die Umfrage ma\u00dfgeblich zusammen mit B\u00fcrgern in einer Arbeitsgruppe konzipierte. Hauptthema des Abends wird das Projekt \u201eLebensr\u00e4ume\u201c sein.<\/p>\n<p>Ehrgeiziges Ziel<br \/>\n\u201eMiteinander Stegen\u201c verfolgt mit diesem Projekt ein sehr ehrgeiziges Ziel: innerhalb der n\u00e4chsten f\u00fcnf Jahre soll ein Mehrgenerationen-Wohn-Projekt mit einer angeschlossenen Rund-um-die-Uhr-Uhrpflegegruppe realisiert werden. Die Idee nimmt mehr und mehr Form an.<br \/>\nNachgedacht wird momentan \u00fcber eine m\u00f6gliche und geeignete wirtschaftliche und rechtliche Form der Projektrealisierung. Es gibt Modellbeispiele in Genossenschafts- oder B\u00fcrgervereinsform.<\/p>\n<p>Professionalisierung<br \/>\nZwar soll das Projekt \u201eLebensr\u00e4ume\u201c von der Bev\u00f6lkerung getragen und entwickelt werden. Je konkreter die Planungen jedoch werden, desto n\u00f6tiger wird auch eine Professionalisierung, um den gesamten Prozess zu begleiten und zu steuern. Ehrenamtliches Engagement alleine wird daf\u00fcr nicht ausreichen, vor allem wenn es um rechtliche und finanzielle Fragen gehen wird, die dann kommen werden, wenn es in die Umsetzungsphase geht.<br \/>\n\u201eMiteinander Stegen e.V.\u201c hat im Gemeinderat deshalb die Stellenfinanzierung von zun\u00e4chst einer Fachkraft beantragt, was in der vergangenen Sitzung positiv beschieden wurde. Klar ist jedoch, dass es hierbei nur um eine Anschubfinanzierung geht und die Stelle sich langfristig selber tragen wird.<\/p>\n<p>\u201eMiteinander Stegen e.V.\u201c hofft auf eine rege Teilnahme, denn letztlich ist es das Projekt und die Zukunftsgestaltung der B\u00fcrger! Das B\u00fcrgerforum findet am 26. September 2012, um 19 Uhr in der Kageneckhalle statt.<br \/>\nDagmar Engesser, 20.9.2012, <a href=\"https:\/\/www.dreisamtaeler.de\">www.dreisamtaeler.de<\/a><\/p>\n","protected":false},"excerpt":{"rendered":"<p>Der Verein \u201eMiteinander Stegen\u201c und die Gemeinde Stegen laden zum dritten B\u00fcrgerforum, das sich mit dem Projekt \u201eLebensr\u00e4ume\u201c besch\u00e4ftigt, ein. Auf dem Forum soll die Anfang des Jahres durchgef\u00fchrte Bev\u00f6lkerungsbefragung, mit der erfasst werden sollte, wie die Stegener B\u00fcrger sich &hellip; <a href=\"https:\/\/www.freiburg-schwarzwald.de\/blog\/miteinander-stegen-3-buergerforum\/\">Weiterlesen <span class=\"meta-nav\">&rarr;<\/span><\/a><\/p>\n","protected":false},"author":4,"featured_media":0,"comment_status":"open","ping_status":"closed","sticky":false,"template":"","format":"standard","meta":{"footnotes":""},"categories":[181,39],"tags":[190,288,714],"class_list":["post-10978","post","type-post","status-publish","format-standard","hentry","category-buergerbeteiligung","category-pflege","tag-alter","tag-nachbarschaft","tag-pflege"],"_links":{"self":[{"href":"https:\/\/www.freiburg-schwarzwald.de\/blog\/wp-json\/wp\/v2\/posts\/10978","targetHints":{"allow":["GET"]}}],"collection":[{"href":"https:\/\/www.freiburg-schwarzwald.de\/blog\/wp-json\/wp\/v2\/posts"}],"about":[{"href":"https:\/\/www.freiburg-schwarzwald.de\/blog\/wp-json\/wp\/v2\/types\/post"}],"author":[{"embeddable":true,"href":"https:\/\/www.freiburg-schwarzwald.de\/blog\/wp-json\/wp\/v2\/users\/4"}],"replies":[{"embeddable":true,"href":"https:\/\/www.freiburg-schwarzwald.de\/blog\/wp-json\/wp\/v2\/comments?post=10978"}],"version-history":[{"count":0,"href":"https:\/\/www.freiburg-schwarzwald.de\/blog\/wp-json\/wp\/v2\/posts\/10978\/revisions"}],"wp:attachment":[{"href":"https:\/\/www.freiburg-schwarzwald.de\/blog\/wp-json\/wp\/v2\/media?parent=10978"}],"wp:term":[{"taxonomy":"category","embeddable":true,"href":"https:\/\/www.freiburg-schwarzwald.de\/blog\/wp-json\/wp\/v2\/categories?post=10978"},{"taxonomy":"post_tag","embeddable":true,"href":"https:\/\/www.freiburg-schwarzwald.de\/blog\/wp-json\/wp\/v2\/tags?post=10978"}],"curies":[{"name":"wp","href":"https:\/\/api.w.org\/{rel}","templated":true}]}}