{"id":10919,"date":"2012-09-20T13:21:49","date_gmt":"2012-09-20T11:21:49","guid":{"rendered":"https:\/\/www.freiburg-schwarzwald.de\/blog\/?p=10919"},"modified":"2012-09-20T15:14:59","modified_gmt":"2012-09-20T13:14:59","slug":"ruhestand-aktiv-gestalten-kurs-des-abc-ab-17-10","status":"publish","type":"post","link":"https:\/\/www.freiburg-schwarzwald.de\/blog\/ruhestand-aktiv-gestalten-kurs-des-abc-ab-17-10\/","title":{"rendered":"Ruhestand aktiv gestalten &#8211; Kurs des ABC ab 17.10."},"content":{"rendered":"<p>Nach erfolgreichem Abschluss der ersten Kursreihe im Rahmen unseres Kooperationsprojektes beginnt in Freiburg ab Mittwoch, den 17.10. ein neuer Kurs f\u00fcr <a title=\"Demenz\" href=\"https:\/\/www.freiburg-schwarzwald.de\/blog\/selbsthilfe\/chronisch\/demenz\/\">SeniorInnen<\/a> mit geistiger Behinderung . Das Kursangebot \u201cAktiv den Ruhestand gestalten\u201c ist kostenfrei und findet immer mittwochs zwischen 10.15 und 12.15 im Dachgescho\u00df des ABC statt.\u00a0 Der Kurs von <a title=\"Caritas\" href=\"https:\/\/www.freiburg-schwarzwald.de\/blog\/religion\/kirchen\/caritas\/\">Caritas<\/a> und <a title=\"Diakonie\" href=\"https:\/\/www.freiburg-schwarzwald.de\/blog\/religion\/kirchen\/diakonie\/\">Diakonie<\/a> dauert bis Ende Juni 2013 und umfasst Themen wie Biografiearbeit, Arbeit und Ruhestand, Gesundheit und Ern\u00e4hrung im Alter, Hobbys, Freizeit und Freundschaft. Ziel des Kurses ist die Auseinandersetzung mit allen Themen des \u00c4lterwerdens und \u00a0dem beginnenden Ruhestand.\u00a0<!--more--><\/p>\n<p>TeilnehmerInnen, die noch berufst\u00e4tig sind, werden f\u00fcr die Zeit des Kurses von den Werkst\u00e4tten freigestellt. Bei Bedarf kann ein Fahrdienst (nur Freiburg Stadt) gestellt werden.\u00a0Ein anderes Angebot ist unser SeniorInnen-Treff, der letztes Jahr im Oktober begonnen hat und sich weiterhin gro\u00dfer Beliebtheit erfreut. Nach der Werkstatt ab 15.00 treffen sich Senioren und Seniorinnen bei Kaffee und Kuchen und gestalten den Nachmittag gemeinsam mit einer sozialp\u00e4dagogischen Fachkraft, einer ehrenamtlichen Mitarbeiterin und Praktikantinnen.\u00a0Weitere Informationen :<\/p>\n<p>\u201eAktiv den \u00dcbergang als Chance gestalten! \u2013 Wenn ich einmal nicht mehr arbeite \u2026\u201c<br \/>\nc\/o Anja Pokorny<br \/>\nArbeitskreis Behinderte an der Christuskirche (ABC)<br \/>\nMaienstra\u00dfe 2, 79102 Freiburg; Tel 0761\/ 767 727 7<br \/>\n<a href=\"mailto:abc@diakonie-freiburg.de\">abc@diakonie-freiburg.de<\/a><\/p>\n<p>Projektverantwortliche der Tr\u00e4gerkooperation:<\/p>\n<p>Diakonisches Werk des Evangelischen Kirchenbezirks Breisgau-Hochschwarzwald<br \/>\nYael Leshem-N\u00e4gele, Hauptstr. 28, 79822 Titisee-Neustadt, Tel 07651\/9399-13<br \/>\n<a href=\"mailto:yael.leshem-naegele@diakonie.ekiba.de\">yael.leshem-naegele@diakonie.ekiba.de<\/a><\/p>\n<p>Diakonisches Werk Freiburg<br \/>\nArbeitskreis Behinderte an der Christuskirche (ABC)<br \/>\nBertram Goldbach, Maienstr. 2, 79102 Freiburg, Tel 0761\/7677277<br \/>\n<a href=\"mailto:goldbach@diakonie-freiburg.de\">goldbach@diakonie-freiburg.de<\/a><\/p>\n<p>Caritasverband Freiburg-Stadt e.V.<br \/>\nKarlheinz G\u00e4\u00dfler, Herrenstr. 6, 79098 Freiburg, Tel 0761\/31916-62<br \/>\n<a href=\"mailto:karlheinz.gaessler@caritas-freiburg.de\">karlheinz.gaessler@caritas-freiburg.de<\/a><\/p>\n<p>&nbsp;<\/p>\n<p><strong>\u201eAktiv den \u00dcbergang als Chance gestalten! \u2013 Wenn ich einmal nicht mehr arbeite \u2026\u201c<br \/>\n<\/strong><strong>Jahresres\u00fcmee eines Projektes zur F\u00f6rderung der Selbst\u00e4ndigkeit \u00e4lterer Menschen mit einer Behinderung<br \/>\n<\/strong>Vor einem Jahr haben die ersten Kurse des Projektes zur F\u00f6rderung der Selbst\u00e4ndigkeit \u00e4lterer Menschen mit einer Behinderung in der Stadt Freiburg sowie den zwei Landkreisen Breisgau-Hochschwarzwald und Emmendingen begonnen. Nun konnten nach einem Jahr schon einige Angebote mit positivem Ergebnis abgeschlossen werden. So wurden Kurse mit dem Titel \u201eAktiv den Ruhestand gestalten\u201c ebenso angeboten wie gesellige, unkomplizierte Treffs bis hin zu einer Seminarreihe zu unterschiedlichen Thematiken der Partnerschaft im Alter. Zudem k\u00f6nnen an den bereits bestehenden Freizeitangeboten des Heinrich-Hansjakob-Hauses, Seniorenbegegnungsst\u00e4tte in Freiburg, sowie des Hauses Demant in Kirchzarten auch gezielt Menschen mit Behinderungen teilnehmen. Abgerundet wird dieses Projekt durch die Mitarbeit von Lebensphasenassistenten, die bei der Umsetzung der individuellen Ziele unterst\u00fctzen. Zielgruppe waren und sind \u00fcberwiegend Menschen mit einer geistigen Behinderung, die sich kurz vor oder schon im Ruhestand befinden, unabh\u00e4ngig davon, ob sie allein, mit Angeh\u00f6rigen oder in einer Wohneinrichtung leben. Das Projekt wird umgesetzt im Rahmen einer von der Baden-W\u00fcrttemberg Stiftung gef\u00f6rderten Kooperation des Caritasverbandes Freiburg-Stadt, des Diakonischen Werkes Breisgau-Hochschwarzwald und des Arbeitskreises Behinderte an der Christuskirche des Diakonischen Werkes Freiburg.<br \/>\nKarlheinz G\u00e4\u00dfler, 20.9.2012<\/p>\n","protected":false},"excerpt":{"rendered":"<p>Nach erfolgreichem Abschluss der ersten Kursreihe im Rahmen unseres Kooperationsprojektes beginnt in Freiburg ab Mittwoch, den 17.10. ein neuer Kurs f\u00fcr SeniorInnen mit geistiger Behinderung . Das Kursangebot \u201cAktiv den Ruhestand gestalten\u201c ist kostenfrei und findet immer mittwochs zwischen 10.15 &hellip; <a href=\"https:\/\/www.freiburg-schwarzwald.de\/blog\/ruhestand-aktiv-gestalten-kurs-des-abc-ab-17-10\/\">Weiterlesen <span class=\"meta-nav\">&rarr;<\/span><\/a><\/p>\n","protected":false},"author":4,"featured_media":0,"comment_status":"open","ping_status":"closed","sticky":false,"template":"","format":"standard","meta":{"footnotes":""},"categories":[18,102],"tags":[190,730,731,411],"class_list":["post-10919","post","type-post","status-publish","format-standard","hentry","category-bildung","category-senioren","tag-alter","tag-caritas","tag-diakonie","tag-kurs"],"_links":{"self":[{"href":"https:\/\/www.freiburg-schwarzwald.de\/blog\/wp-json\/wp\/v2\/posts\/10919","targetHints":{"allow":["GET"]}}],"collection":[{"href":"https:\/\/www.freiburg-schwarzwald.de\/blog\/wp-json\/wp\/v2\/posts"}],"about":[{"href":"https:\/\/www.freiburg-schwarzwald.de\/blog\/wp-json\/wp\/v2\/types\/post"}],"author":[{"embeddable":true,"href":"https:\/\/www.freiburg-schwarzwald.de\/blog\/wp-json\/wp\/v2\/users\/4"}],"replies":[{"embeddable":true,"href":"https:\/\/www.freiburg-schwarzwald.de\/blog\/wp-json\/wp\/v2\/comments?post=10919"}],"version-history":[{"count":0,"href":"https:\/\/www.freiburg-schwarzwald.de\/blog\/wp-json\/wp\/v2\/posts\/10919\/revisions"}],"wp:attachment":[{"href":"https:\/\/www.freiburg-schwarzwald.de\/blog\/wp-json\/wp\/v2\/media?parent=10919"}],"wp:term":[{"taxonomy":"category","embeddable":true,"href":"https:\/\/www.freiburg-schwarzwald.de\/blog\/wp-json\/wp\/v2\/categories?post=10919"},{"taxonomy":"post_tag","embeddable":true,"href":"https:\/\/www.freiburg-schwarzwald.de\/blog\/wp-json\/wp\/v2\/tags?post=10919"}],"curies":[{"name":"wp","href":"https:\/\/api.w.org\/{rel}","templated":true}]}}