{"id":109175,"date":"2023-02-01T12:49:20","date_gmt":"2023-02-01T11:49:20","guid":{"rendered":"https:\/\/www.freiburg-schwarzwald.de\/blog\/?p=109175"},"modified":"2023-02-08T21:40:20","modified_gmt":"2023-02-08T20:40:20","slug":"kuscheljustiz-massenschlaegerei","status":"publish","type":"post","link":"https:\/\/www.freiburg-schwarzwald.de\/blog\/kuscheljustiz-massenschlaegerei\/","title":{"rendered":"Kuscheljustiz Massenschl\u00e4gerei"},"content":{"rendered":"<p>Erst acht Tage in Deutschland, hat sich der Tunesier Mohamed B. als R\u00e4delsf\u00fchrer an der <a href=\"https:\/\/www.freiburg-schwarzwald.de\/blog\/legale-statt-illegale-migration\/\">Massenschl\u00e4gerei<\/a> von <a href=\"https:\/\/www.freiburg-schwarzwald.de\/blog\/global\/migration\/migration2021\/\">Migranten<\/a> vom 23.1.2023 in der LEA (LandesErstAufnahme) in\u00a0 Freiburg beteiligt. Am 30.1.2023 erhielt er wegen gef\u00e4hrlicher K\u00f6rperverletzung (volle Glasflasche auf den Kopf schlagen) <!--more-->und Sachbesch\u00e4digung (Randale gegen Polizeiwagen) eine Bew\u00e4hrungsstrafe von neuen Monaten.<br \/>\n<a href=\"https:\/\/www.freiburg-schwarzwald.de\/blog\/global\/integration\/fluechtlinge-kriminalitaet\/\">Mohamed B.<\/a> verlie\u00df das <a href=\"https:\/\/www.freiburg-schwarzwald.de\/blog\/selbsthilfe\/soziales\/justiz\/richter\/\">Gericht<\/a> als <a href=\"https:\/\/www.freiburg-schwarzwald.de\/blog\/engagement\/zukunft\/demokratie\/freiheit\/frei\/\">freier<\/a> Mann: Der <a href=\"https:\/\/www.freiburg-schwarzwald.de\/blog\/engagement\/zukunft\/demokratie\/staat\/\">Staat<\/a> tr\u00e4gt alle Kosten f\u00fcr Verfahren wie Polizeiauto und gew\u00e4hrt ihm weiter unbegrenzt Aufenthalt\u00a0 bei freier Kost und Logis im Land (1). Der &#8222;im Moment einzige aufgekl\u00e4rte Vorfall in einer Serie massiver Ausschreitungen in der LEA&#8220; (Staatsanw\u00e4ltin Franziska Scheuble) f\u00fchrt zu keiner Freiheitsstrafe. Damit ist dem Amtsgerichtsurteil jegliche abschreckende Wirkung genommen und es l\u00e4d Migranten zu weiteren Gewalttaten geradezu ein.<br \/>\n.<br \/>\nEin weiteres Beispiel von <a href=\"https:\/\/www.freiburg-schwarzwald.de\/blog\/selbsthilfe\/soziales\/justiz\/paralleljustiz\/\">Paralleljustiz<\/a>: In Deutschland kann man &#8211; als Migrant aus einem islam-gepr\u00e4gten Kulturkreis &#8211; jemandem eine Glasflasche auf den Kopf schlagen und damit dessen Tod in Kauf nehmen, ohne daf\u00fcr ins Gef\u00e4ngnis zu m\u00fcssen, ohne irgend eine sp\u00fcrbare Bestrafung zu erfahren.<br \/>\n&#8222;Die Justiz kann \u2013 beschleunigt hin oder her \u2013 am Ende politische und soziale Probleme nicht l\u00f6sen&#8220; &#8211; diese Aussage (2) macht keinen Sinn, denn die Probleml\u00f6sung obliegt der <a href=\"https:\/\/www.freiburg-schwarzwald.de\/blog\/engagement\/zukunft\/demokratie\/ampel\/\">Exekutive<\/a>, in dem sie als erstes die Wiedereinf\u00fchrung <a href=\"https:\/\/www.freiburg-schwarzwald.de\/blog\/global\/migration\/kontrollierte-grenzen\/\">kontrollierter Grenzen<\/a> beschlie\u00dft. Die <a href=\"https:\/\/www.freiburg-schwarzwald.de\/blog\/selbsthilfe\/soziales\/justiz\/\">Justiz<\/a> aber mu\u00df im Rechtsstaat bei der Durchsetzung des geltenden Rechts helfen, wozu dieses skandal\u00f6se Beispiel von <a href=\"https:\/\/www.freiburg-schwarzwald.de\/blog\/selbsthilfe\/soziales\/justiz\/kuscheljustiz\/\">Kuscheljustiz<\/a> nicht beitr\u00e4gt.<br \/>\n.<br \/>\nDie Begr\u00fcndungen f\u00fcr ein derart mildes Gerichtsurteil muten fast bizarr an:<br \/>\na) Die beengten Wohnverh\u00e4ltnisse in der LEA f\u00fchrten zu der Tat. Wer also zwar gut geheizt bei voller Verpflegung, aber auf engem Raum wohnt, f\u00fcr den rechtfertigt sich Gewalt.<br \/>\nb) Die Justizvollzugsanstalten sind bis zu drei Viertel von Migranten belegt. Um nicht dieser Klientel ausgesetzt zu werden, ist eine Strafaussetzung zur Bew\u00e4hrung angesagt.<br \/>\nc) Die Milde der Strafe soll den Unterschied unterstreichen zur H\u00e4rte der Strafen in den Herkunftsl\u00e4ndern in Nordafrika.<br \/>\nd) Verantwortlich ist weniger der T\u00e4ter als Objekt und Umstand. Wie in bei den <a href=\"https:\/\/www.freiburg-schwarzwald.de\/blog\/parallelgesellschaften-silvester\/\">Berliner Silvesterkrawallen<\/a> mit der Schuldzuweisung des Senats an die frei k\u00e4uflichen B\u00f6ller und das fehlende B\u00f6llerverbot.<br \/>\n.<br \/>\nDie Sprecherin des Freiburger Regierungspr\u00e4sidiums, Heike Spannagel, lie\u00df zu den Migrantenkrawallen verlauten, diese seien &#8222;absolut nicht hinnehmbar&#8220;. Doch, sie werden hingenommen. Ihre Aussage ist geradezu heuchlerisch. Die brutale Gewalttat des jungen Schutzsuchenden aus Tunesien wird hingenommen, als sei nichts gewesen. Auch der Staatsanwaltschaft hat bis dato keinen Antrag auf Revision eines Richterspruchs gestellt, der dem <a href=\"https:\/\/www.freiburg-schwarzwald.de\/blog\/global\/deutschland\/gesellschaft\/buergerrechte\/\">Rechtsempfinden<\/a> weiter Teile der <a href=\"https:\/\/www.freiburg-schwarzwald.de\/blog\/engagement\/buerger\/\">Bev\u00f6lkerung<\/a> widerspricht. Innerer Frieden bzw.\u00a0 <a href=\"https:\/\/www.freiburg-schwarzwald.de\/blog\/global\/deutschland\/consent-of-the-governed\/\">&#8222;Consent of the Governed&#8220;<\/a> leiden immer mehr. Nicht durch irgendwelche <a href=\"https:\/\/www.freiburg-schwarzwald.de\/blog\/engagement\/zukunft\/demokratie\/extremismus\/\">extremen<\/a> Spinner von rechts, links, oben bzw. unten, sondern durch einen <a href=\"https:\/\/www.freiburg-schwarzwald.de\/blog\/engagement\/zukunft\/demokratie\/staatsapparat\/\">Staatsapparat<\/a>, dem die <a href=\"https:\/\/www.freiburg-schwarzwald.de\/blog\/engagement\/zukunft\/demokratie\/gewaltenteilung\/\">Gewaltenteilung<\/a> anscheinend zuwider ist.<\/p>\n<p>Seit November eine &#8222;mittlere dreistellige Zahl&#8220; an LEA-Straftaten (siehe (5)) &#8211; also in 100 Tagen 500 Taten? Fast unvorstellbar und angstmachend.<br \/>\n1.2.2023<\/p>\n<p><a href=\"https:\/\/www.freiburg-schwarzwald.de\/blog\/legale-statt-illegale-migration\/\">Massenschl\u00e4gereien in der LEA Freiburg sorgen erneut f\u00fcr Polizei-Gro\u00dfeins\u00e4tze<\/a><br \/>\n(23.1.2023)<\/p>\n<p>Ende von Beitrag &#8222;Kuscheljustiz nach Schl\u00e4gerei&#8220;<br \/>\n=========================================================<br \/>\nBeginn von Anlagen (1) bis (5)<\/p>\n<p>.<br \/>\n<strong>(1) Schl\u00e4gerei in Freiburger Landeserstaufnahmestelle: Bew\u00e4hrungsstrafe f\u00fcr Bewohner nach Schnellverfahren<\/strong><br \/>\nNur acht Tage nach einer Schl\u00e4gerei in der Freiburger LEA f\u00fcr Gefl\u00fcchtete stand ein Mann vor Gericht. Er erhielt zwar eine Bew\u00e4hrungsstrafe, doch das Schnellverfahren beantwortet nicht alle Fragen.<br \/>\nObwohl es in der Landeserstaufnahmestelle (LEA) im vergangenen Herbst wesentlicher enger zuging mit \u00fcber 1000 Bewohnern im Gegensatz zu den aktuell 669, hat in j\u00fcngster Zeit die Zahl an Straftaten dort stark zugenommen. Mitunter musste die Polizei an einem Tag mehrmals dort vorfahren, weil Bewohner unterschiedlicher Nationalit\u00e4ten, Religionen und Ethnien massiv in Streit geraten waren.<br \/>\n&#8230; Alles om 30.1.2023 bitte lesen auf<br \/>\n<a href=\"https:\/\/www.badische-zeitung.de\/bewaehrungsstrafe-fuer-lea-bewohner--240189645.html\">https:\/\/www.badische-zeitung.de\/bewaehrungsstrafe-fuer-lea-bewohner&#8211;240189645.html<\/a><br \/>\n.<br \/>\nEinige Kommentare:<br \/>\nWas sollen diese Leute von so einem Urteil lernen? NICHTS. Das Urteil ist wie immer l\u00e4cherlich. H\u00e4rte zeigen, das w\u00e4re mal angebracht, bei allen die keinen Respekt vor der Polizei und dem Staat haben, egal wo sie herkommen, auch bei deutschen!!! Aber solange so milde Urteile gesprochen werden, lachen die doch dar\u00fcber.<br \/>\nUnd dann abschieben, konsequent. Und nein ich bin nicht rechts, ich bin aus der Mitte aber nun habe ich genug.<br \/>\n30.1.2023, J.W.<\/p>\n<p>&#8230; die Tatsache, dass &#8222;die Leute zusammengepfercht in der Unterkunft leben, nicht arbeiten d\u00fcrfen und unter sich deshalb aneinander geraten und sich verpr\u00fcgeln&#8220; ist auch dem Umstand geschuldet, dass zuviele ohne Aussicht auf Bleiberecht zu uns kommen. Ob Ihre Einsch\u00e4tzung also geeignet ist ein mildes Urteil zu begr\u00fcnden, dar\u00fcber darf man geteilter Meinung sein. Und wenn man den Sachverhalt anders als Sie beurteilt, kommt man auch zu der Erkenntnis, dass die verh\u00e4ngte Strafe f\u00fcr den T\u00e4ter \u00fcberhaupt keine Strafe darstellt und auch keinen Abschreckungseffekt f\u00fcr k\u00fcnftiges Fehlverhalten hat. Folgt man hingegen Ihrer Logik, tr\u00e4gt der Staat eine Mitschuld am sozialwidrigen Verhalten der unter vergleichbaren Umst\u00e4nden bei uns lebenden Fl\u00fcchtlingen und muss bei allen entsprechenden Straftaten dieses Personenkreises generell ein geringeres Strafma\u00df anwenden. Ob ein Zweiklassenstraftrecht allerdings die allgemeine Toleranz gegen\u00fcber den Gefl\u00fcchteten erh\u00f6ht?<br \/>\n30.1.2023, W.W.<\/p>\n<p>Wie bitte, Bew\u00e4hrung? OK. Aber doch nur mit Arbeitsstunden im sozialen Bereich! Ganz egal, ob der andere ihm eine gehauen hat, oder nicht. Er hat dem anderen die Flasche \u00fcber den Kopf gezogen und daf\u00fcr g\u00e4be es bei mir ganz sicher Arbeitsstunden im sozialen Bereich mit Bew\u00e4hrung. Nat\u00fcrlich mit integriertem Deutschkurs im Altersheim, im Krankenhaus oder im Wald. W\u00e4re der m\u00fcde von der Arbeit, h\u00e4tte der auch keine Lust sich zu streiten!<br \/>\n30.1.2023, M.S.<\/p>\n<p>Das ist doch das wirkliche Dilemma, dass man einerseits unbegrenzte und unkontrollierte Zuwanderung propagiert, aber nun an die Grenzen der eigenen &#8222;Barmherzigkeit&#8220; kommt, welche sich dadurch zeigen, dass die Massenlager st\u00e4ndig \u00fcberf\u00fcllt sind und das Risiko von Auseinandersetzungen steigt.<br \/>\n30.1.2023, E.W.<\/p>\n<p>&#8230; &#8222;Bei einer gerichtlichen Verurteilung m\u00fcssen mildernde Umst\u00e4nde gerade wegen der engen Wohnsituation ber\u00fccksichtigt werden.&#8220; Und genau hier liegt der Fehler. Beengter Wohnraum oder andere Unannehmlichkeiten darf niemals als Entschuldigung f\u00fcr Gewalt gelten, vor allem f\u00fcr Gewalt gegen Menschen.<br \/>\n30.1.2023, W.H.<\/p>\n<p>Es bleibt nur Abschiebung! Mehr muss man dazu nicht sagen.<br \/>\n30.1.2023, T.G.<br \/>\nEnde Kommentare<br \/>\n.<br \/>\n.<br \/>\n<strong>(2) Schnelle Verfahren gegen LEA-Schl\u00e4ger sind popul\u00e4r, l\u00f6sen aber die Probleme nicht<\/strong><br \/>\n&#8230; Die Justiz kann \u2013 beschleunigt hin oder her \u2013 am Ende politische und soziale Probleme nicht l\u00f6sen.<br \/>\n&#8230; Alles vom 30.1.2023 bitte lesen auf<br \/>\n<a href=\"https:\/\/www.badische-zeitung.de\/schnelle-verfahren-gegen-lea-schlaeger-sind-populaer-loesen-aber-die-probleme-nicht--240201822.html\">https:\/\/www.badische-zeitung.de\/schnelle-verfahren-gegen-lea-schlaeger-sind-populaer-loesen-aber-die-probleme-nicht&#8211;240201822.html<\/a><\/p>\n<p>Kommentare:<br \/>\n&#8230; Der Typ lacht sich doch kaputt und macht genau so weiter. Warum muss so ein Asylverfahren noch weitergef\u00fchrt werden? Warum kann man bei Straft\u00e4tern das Verfahren nicht einfach beenden, also Asyl ablehnen, schon rein aus Prinzip, und dann abschieben?<br \/>\n30.1.2023, U.St.<\/p>\n<p>Problem ist die Gesellschaft, zu der auch die Justiz geh\u00f6rt. Und die Justiz k\u00f6nnte selbstverst\u00e4ndlich einen Fingerzeig geben, in welcher Richtung die L\u00f6sung liegt. Migration in Sozialsysteme funktioniert aus vielen Gr\u00fcnden nicht.<br \/>\nWer erinnert sich an das Gejammer als der Pflichtdienst abgeschafft wurde? Es w\u00fcrden jetzt die Zivis im Sozialsystem fehlen. Wie kommt man auf die Idee eine unbestimmbare Menge von Fl\u00fcchtlingen oder Migranten in eine Vollversorgung aufzunehmen. Auf so eine irrsinnige Idee kommt ja wohl nur die gr\u00f6\u00dfte Sozialstaatindustrie der Welt. Selbstverst\u00e4ndlich m\u00fc\u00dften alle die versorgt werden wollen ab dem zweiten Tag f\u00fcr ihre Versorgung arbeiten. Die w\u00e4ren bei mir 8 Stunden auf den Beinen und h\u00e4tten einen geregelten Arbeitstag. Vom Bettenmachen bis zum Essen verteilen in Krankenh\u00e4usern und Altenheimen, hin zu Betreuen von Behinderten, zu Waldpflege und Naturschutzprojekten. Integration und Sprachkurs in der Gesellschaft.<br \/>\nDas geht doch nicht? Doch das geht. Und schon w\u00e4ren viele Probleme gel\u00f6st oder maximal gelindert. Die Aussicht 8 Stunden am Tag sozialen Dienst f\u00fcr ein Leben in Sicherheit leisten zu m\u00fcssen, h\u00e4lt keinen echten Fl\u00fcchtling ab, Kriminelle und Drogenh\u00e4ndler aber ganz sicher. 8 Stunden Bettenmachen oder andere soziale Dienste leisten erm\u00fcden und halten von Schl\u00e4gereien ab. Es entspricht meinem Verst\u00e4ndnis von F\u00f6rdern und Fordern.<br \/>\nDiese vollkommen \u00fcbertriebene Sozialstaatsindustrie, deren Mitglieder immer wildere Forderungen stellen, k\u00f6nnen wir uns schon lange nicht mehr leisten.<br \/>\n30-.1.2023, M.S.<br \/>\nEnde Kommentare<br \/>\n.<br \/>\n.<\/p>\n<p><strong>(3) Kriminelle nordafrikanische Fl\u00fcchtlinge bringen Freiburg \u201ean die Grenzen\u201c<\/strong><br \/>\nLaut Polizei seien die gewaltt\u00e4tigen Streitigkeiten zwischen Fl\u00fcchtlingen aus Syrien, Afghanistan und nordafrikanischen L\u00e4ndern entstanden. Mehrere Verd\u00e4chtige waren anschlie\u00dfend in Gewahrsam genommen worden. Dutzende M\u00e4nner sollen in der LEA unter anderem mit Stangen und Messern aufeinander losgegangen sein. Diverse Personen h\u00e4tten dabei Schnitt- und Schlagverletzungen erlitten. Wegen der zeitweise unklaren Lage mussten Polizeieinheiten aus dem gesamten Stadtgebiet sowie Beamte der Bundespolizei hinzugezogen werden.<br \/>\nNur einen Tag vor dem Tumultwochenende berichtete die Freiburger Beh\u00f6rden zudem von einem \u201esprunghaften Anstieg\u201c der Zahl der Diebst\u00e4hle hochwertiger Waren in der Stadt. Die Diebst\u00e4hle w\u00fcrden vor allem in Kaufh\u00e4usern der Innenstadt begangen. Als auffallend wertete die Polizei, dass die Diebst\u00e4hle \u201einsbesondere\u201c von jungen M\u00e4nnern begangen w\u00fcrden, die aus der Region Nordafrika stammen und sich erst wenige Tage in Freiburg aufhalten w\u00fcrden.<br \/>\n:.. Alles vom 1.2.2023 bitte lesen auf<br \/>\n<a href=\"https:\/\/www.focus.de\/panorama\/welt\/freiburg-kriminelle-nordafrikanische-fluechtlinge-bringen-stadt-an-die-grenzen_id_184558895.html\">https:\/\/www.focus.de\/panorama\/welt\/freiburg-kriminelle-nordafrikanische-fluechtlinge-bringen-stadt-an-die-grenzen_id_184558895.html<\/a><\/p>\n<p>Einige Kommentare:<br \/>\nSelten solch einen Bl\u00f6dsinn gelesen! Wenn ich vor Krieg und Folter fl\u00fcchte, mir ein anderes Land Schutz bietet, dann habe ich zutiefst dankbar zu sein und dort noch nicht einmal die allerkleinste Straftat zu begehen. Punkt. Das Problem bei uns ist, es handelt sich kaum um echte Fl\u00fcchtlinge, die allermeisten geh\u00f6ren eigentlich umgehend abgeschoben! Hier gibt es absolut nichts sch\u00f6nzureden&#8230;.<\/p>\n<p>\u201eWovor mussten denn die Nordafrikaner aus ihren Heimatl\u00e4ndern fliehen? Herrscht dort vielleicht Krieg, sind sie vor der heimischen Justiz geflohen oder sind die pl\u00f6tzlich alle schwul geworden? Was sind die Fluchtgr\u00fcnde f\u00fcr Nordafrikaner? Oder sind die vielleicht doch nur Migranten, die in unsere Sozialsysteme fl\u00fcchten wollten?\u201c<\/p>\n<p>\u201eEine kleine Gruppe bringt uns an unsere Grenzen! Allein das sollte bei der Politik alle Alarmglocken schrillen lassen . Was passiert wenn eine gro\u00dfe Gruppe auftritt? Sind ja mittlerweile gen\u00fcgend schutzsuchende hier !! Kommt dann das Ausgehverbot f\u00fcr die Einheimische Bev\u00f6lkerung Erschreckende aber sich abzeichnende Entwicklung u d die Politik macht das was sie am besten kann: NICHTS\u201c<\/p>\n<p>\u201eEinfach zu uns holen, egal wer da kommen mag. Und dar\u00fcberhinaus jeden nieder machen, der dieses mit vern\u00fcnftigen Argumenten kritisiert. Am besten stellen wir aber lieber all diese vern\u00fcnftigen Kritiker in die Naziecke und behaupten, diese w\u00fcrden einfach nur Nazisprech verwenden\u2026dann schaffen wir das! Am Ende schaffen wir es, das unser Land unfassbar besch\u00e4digt oder ganz abgeschafft wird. Nur nicht wundern, wenn die noch denkenden B\u00fcrger diese kaputten Spielchen nicht mitgehen wollen und eher die Staatszersetzenden Politiker aus der rot, links, gr\u00fcnen Ecke zur Verantwortung ziehen wollen, denn dazu hat die Mehrheit dieses Landes dann alles Recht der Welt.\u201c<\/p>\n<p>Wer das Gastrecht missbraucht, fliegt raus. Als Gast bestehle ich den Gastgeber nicht. Diese Herren verstehen offensichtlich nur handfeste und sofortige Bestrafungen wie in ihrem Heimatland. Das ist einfach, g\u00fcnstig und konsequent und schiebt den Straftaten endg\u00fcltig den Riegel vor. Zudem fragt sich, aus welchem nordafrikanischen Herkunftsland \u00fcberhaupt Asyl beantragt werden kann&#8230;<\/p>\n<p>Man sagt ja immer, die Insassenvielfalt in bundesdeutschen Gef\u00e4ngnissen sei ein Spiegel unserer Gesellschaft. Wie wahr, sitzen doch je nach Haftart dort zwischen 50 und 80 % (!) Nichtdeutsche oder Menschen mit Mihigru. Erstaunlich, dass bei so vielen &#8222;bedauerlichen Einzeltaten&#8220;, bei den Menschen in unserem Land auf irgendeine Art und Weise zu Schaden gekommen sind, dennoch derart viele ausl\u00e4ndische T\u00e4ter hier einsitzen. Die Summe macht es, denn Kleinvieh macht eben auch gewaltig Mist. Das allein sollte uns schon zu denken geben. Von den Kosten, die diese Menschen dem Steuerzahler verursachen mal abgesehen. Ein Insasse kostet pro Tag rund 180\u20ac. Das kann man jederzeit nachlesen und auch, dass der Anteil von Nichtdeutschen in Haft Rekordwerte erreicht. (Quelle Welt und RP).Es ist erschreckend<br \/>\n.<br \/>\nEigenartigerweise sucht man bei Artikeln wie diesen, meist umsonst nach Kommentaren der einschl\u00e4gig bekannten grenzenlosen Dauerzuzugsbef\u00fcrworter. Anhand vieler tragischer Beispiele sind die Schattenseiten dieser Migrationspolitik, die den Namen nicht verdient hat, immer \u00f6fters zu erkennen, weil nicht mehr vertuschbar. Wir werden mittelfristig nicht um einen Aufnahmestopp umhin kommen, das ist eine rein mathematische Aussage, hinsichtlich Platz und Kosten. Und der gesellschaftliche Friede soll ja auch gewahrt bleiben, wobei ich hier eher den Eindruck habe, dass dieser der Politik egal ist.<\/p>\n<p>Sind wir alle Nazis ? Mir f\u00e4llt auf, da\u00df 99,9 Prozent aller Leserbriefschreiber daf\u00fcr sind, diese Typen schnellstm\u00f6glich abzuschieben. Wahrscheinlich denken 90 Prozent der Deutschen im Land ebenso. Sind das jetzt alles Nazis ? Wer w\u00e4hlt denn dann immer und immer wieder dieselben Politiker, welche diesen Murks zu verantworten haben ? W\u00fcrde einer dieser Politiker vielleicht auf die Idee kommen, einen kriminellen Nordafrikaner in sein Haus einzuladen, um dann zuzuschauen, wie er die Schr\u00e4nke leer r\u00e4umt ? Sicher nicht. Aber im Land und in den St\u00e4dten geht das wohl. Ich will jetzt nicht weiter kritisieren, sonst bin ich ja ein Nazi&#8230;.<\/p>\n<p>Das zust\u00e4ndige Ministerium verk\u00fcndete k\u00fcrzlich, dass eine einzige Abschiebung bis zu 200.000 \u20ac kosten kann. Das hei\u00dft, f\u00fcr zwei Abschiebungen kann man schon ein Haus kaufen. Bei 16.000 Abschiebungen im letzten Jahr kann man sich leicht zusammenrechnen was dem deutschen Steuerzahler aus der Tasche gezogen wurde und wird. Und das alles sind die Folgen einer Politik die unser Land massiv sch\u00e4digt. Das schlimme ist dass die verantwortlichen Parteien demokratisch gew\u00e4hlt wurden. Es ist also der W\u00e4hlerwille dass unser Land zerst\u00f6rt wird.<\/p>\n<p>Dem kann ich nur zustimmen, noch dazu bin ich als 70-j\u00e4hrige Frau, gehbehindert, sowieso schon ein potenzielles Opfer bez\u00fcglich Handtaschenraub. Also versuche ich, so gut es geht, diesen Menschen aus dem Weg zu gehen, nichts sichtbar bei mir zu tragen, was evtl Diebe anlocken k\u00f6nnte. Es ist aber nicht nur in Freiburg so, sondern auch hier in Hamburg. Frauen werden angep\u00f6belt, angerempelt und haben Angst.<\/p>\n<p><strong>Eine kafkaeske Situation:<\/strong> Steuereinnahmen hoch wie nie, dennoch marode Infrastruktur, Schulen und Kitas am Limit, &#8222;Rechtstaat&#8220; bis zur Unf\u00e4higkeit zusammen gespart, Krankenh\u00e4user am Limit, die polizeiliche Kriminalstatistik platzt aus allen N\u00e4hten und wird nur noch verwaltet. Nichts geht mehr- egal an welcher Stelle! Die B\u00fcrger, die ich kenne, haben die Faxn dicke. Und dennoch haben Linksgr\u00fcne, die uns tagt\u00e4glich mit s\u00e4mtlichen Sorgen, Problemen allein lassen, B\u00fcrger gar auslachen oder sich arrogant dar\u00fcber ergeben, laut &#8222;Umfragen&#8220; stets im Aufwind. Die Realit\u00e4t ist mit dieser Politik klar verbunden. Dieses Land ist heute schon nicht mehr zu erkennen- was soll das in f\u00fcnf Jahren werden?! Es kann und wird nicht funktionieren.<\/p>\n<p>Bei der Gruppe der Gewaltt\u00e4ter handelt es sich \u201enur um einen sehr kleinen Kreis von Leuten\u201c, \u201eAber die bringen uns gerade an unsere Grenzen.\u201c FRAGE: Was ist wenn die &#8222;Gruppe&#8220; riesengro\u00df wird?<br \/>\nEnde Kommentare<\/p>\n<p>.<\/p>\n<p><strong>(4) Kriminelle Afrikaner bedrohen gr\u00fcnes Freiburg \u2013 Aber Sehnsucht nach Zuwanderung ist ungebrochen<\/strong><br \/>\n&#8230; Der in der Zuwanderungsfrage gr\u00fcngef\u00e4rbte parteilose Martin Horn ist zu Beginn seiner Amtszeit allerdings noch einen Schritt weitergegangen, als er sich mit der linksradikalen \u201eSeebr\u00fccke\u201c https:\/\/www.seebruecke.org\/ gemein machte, der aus Bundesperspektive illegitimen Schnittstelle zwischen den Antifa-zur-See-Schiffen<br \/>\n<a href=\"https:\/\/www.welt.de\/politik\/deutschland\/article230530511\/Sea-Watch-4-unter-Antifa-Flagge-Kritik-an-evangelischer-Kirche.html\">https:\/\/www.welt.de\/politik\/deutschland\/article230530511\/Sea-Watch-4-unter-Antifa-Flagge-Kritik-an-evangelischer-Kirche.html<\/a><br \/>\nauf dem Mittelmeer und den deutschen St\u00e4dten und Kommunen. Freiburg ist auch auf Initiative des B\u00fcrgermeisters seit dem 1. August 2018 Partner der \u201eSeebr\u00fccke\u201c.<br \/>\n<a href=\"https:\/\/www.seebruecke.org\/mach-mit\/deutschland\/baden-wuerttemberg\/freiburg\/sicherer-hafen%20\">https:\/\/www.seebruecke.org\/mach-mit\/deutschland\/baden-wuerttemberg\/freiburg\/sicherer-hafen%20<\/a>.<br \/>\nDie Stadt hat sich verpflichtet, einen Forderungskatalog zu erf\u00fcllen und darf sich im Gegenzug das orangefarbene Seebr\u00fccke-Label \u201eFreier Hafen\u201c an die Stadttore und die offizielle Kommunikation heften.<br \/>\n&#8230;<br \/>\nDa ist eine Stadt, die kann nicht genug Zuwanderung bekommen, die sehnt sich direkt danach. Jetzt ist die H\u00fctte voll, die G\u00e4ste unzufrieden, die Hand sitzt locker, zack und zack, bekommt der Freiburger den Frust zu sp\u00fcren.<br \/>\n&#8230; Alles vom 1.2.2023 bitte lesen auf<br \/>\n<a href=\"https:\/\/www.alexander-wallasch.de\/gesellschaft\/kriminelle-afrikaner-bedrohen-gruenes-freiburg-aber-sehnsucht-nach-zuwanderung-ist-ungebrochen\">https:\/\/www.alexander-wallasch.de\/gesellschaft\/kriminelle-afrikaner-bedrohen-gruenes-freiburg-aber-sehnsucht-nach-zuwanderung-ist-ungebrochen<\/a><\/p>\n<p>.<\/p>\n<p><strong>(5) Mehrere hundert Straftaten seit Herbst 2022 durch Bewohner der Freiburger LEA<\/strong><br \/>\nHohe Arbeitsbelastung f\u00fcr die Freiburger Polizei: Seit Herbst 2022 gibt es eine mittlere dreistellige Zahl an Straftaten, die rund 80 Gefl\u00fcchteten aus der Landeserstaufnahmestelle zugeordnet werden. Neue F\u00e4lle kommen dazu.<br \/>\n&#8230;<br \/>\nEs gehe um rund 80 Fl\u00fcchtlinge wechselnder Zusammensetzung, fast ausschlie\u00dflich M\u00e4nner und vorwiegend aus Nordafrika stammend, &#8230; Seit November sei eine &#8222;mittlere dreistellige Zahl&#8220; an Straftaten registriert worden, die bearbeitet wurden oder noch in Bearbeitung sind, so der Polizeipr\u00e4sident.<br \/>\n&#8230; Alles vom 7.2.2023 bitte lesen auf<br \/>\n<a href=\"https:\/\/www.badische-zeitung.de\/mehrere-hundert-straftaten-seit-herbst-2022-durch-bewohner-der-freiburger-lea--241683323.html\">https:\/\/www.badische-zeitung.de\/mehrere-hundert-straftaten-seit-herbst-2022-durch-bewohner-der-freiburger-lea&#8211;241683323.html<\/a><\/p>\n<p>&nbsp;<\/p>\n","protected":false},"excerpt":{"rendered":"<p>Erst acht Tage in Deutschland, hat sich der Tunesier Mohamed B. als R\u00e4delsf\u00fchrer an der Massenschl\u00e4gerei von Migranten vom 23.1.2023 in der LEA (LandesErstAufnahme) in\u00a0 Freiburg beteiligt. Am 30.1.2023 erhielt er wegen gef\u00e4hrlicher K\u00f6rperverletzung (volle Glasflasche auf den Kopf schlagen)<\/p>\n","protected":false},"author":2,"featured_media":0,"comment_status":"open","ping_status":"closed","sticky":false,"template":"","format":"standard","meta":{"footnotes":""},"categories":[210,155,371,63],"tags":[633,672,732,725,622,793,631],"class_list":["post-109175","post","type-post","status-publish","format-standard","hentry","category-gewalt","category-integration","category-justiz","category-krise","tag-demokratie","tag-fluechtling","tag-gewalt","tag-integration","tag-migration","tag-rechtsstaat","tag-staat"],"_links":{"self":[{"href":"https:\/\/www.freiburg-schwarzwald.de\/blog\/wp-json\/wp\/v2\/posts\/109175","targetHints":{"allow":["GET"]}}],"collection":[{"href":"https:\/\/www.freiburg-schwarzwald.de\/blog\/wp-json\/wp\/v2\/posts"}],"about":[{"href":"https:\/\/www.freiburg-schwarzwald.de\/blog\/wp-json\/wp\/v2\/types\/post"}],"author":[{"embeddable":true,"href":"https:\/\/www.freiburg-schwarzwald.de\/blog\/wp-json\/wp\/v2\/users\/2"}],"replies":[{"embeddable":true,"href":"https:\/\/www.freiburg-schwarzwald.de\/blog\/wp-json\/wp\/v2\/comments?post=109175"}],"version-history":[{"count":5,"href":"https:\/\/www.freiburg-schwarzwald.de\/blog\/wp-json\/wp\/v2\/posts\/109175\/revisions"}],"predecessor-version":[{"id":109474,"href":"https:\/\/www.freiburg-schwarzwald.de\/blog\/wp-json\/wp\/v2\/posts\/109175\/revisions\/109474"}],"wp:attachment":[{"href":"https:\/\/www.freiburg-schwarzwald.de\/blog\/wp-json\/wp\/v2\/media?parent=109175"}],"wp:term":[{"taxonomy":"category","embeddable":true,"href":"https:\/\/www.freiburg-schwarzwald.de\/blog\/wp-json\/wp\/v2\/categories?post=109175"},{"taxonomy":"post_tag","embeddable":true,"href":"https:\/\/www.freiburg-schwarzwald.de\/blog\/wp-json\/wp\/v2\/tags?post=109175"}],"curies":[{"name":"wp","href":"https:\/\/api.w.org\/{rel}","templated":true}]}}