{"id":109146,"date":"2023-01-31T09:58:23","date_gmt":"2023-01-31T08:58:23","guid":{"rendered":"https:\/\/www.freiburg-schwarzwald.de\/blog\/?p=109146"},"modified":"2023-01-31T10:24:50","modified_gmt":"2023-01-31T09:24:50","slug":"gebauer-nach-dem-great-reset","status":"publish","type":"post","link":"https:\/\/www.freiburg-schwarzwald.de\/blog\/gebauer-nach-dem-great-reset\/","title":{"rendered":"Gebauer: Nach dem Great Reset"},"content":{"rendered":"<p>Wie geht es weiter nach dem Scheitern des von <a href=\"https:\/\/www.freiburg-schwarzwald.de\/blog\/global\/globalisierung\/wef\/\">Klaus Schwab<\/a> medial verk\u00fcndeten gro\u00dfen Umbaus alias <a href=\"https:\/\/www.freiburg-schwarzwald.de\/blog\/global\/globalisierung\/great-reset\/\">Great Reset<\/a>, <a href=\"https:\/\/www.freiburg-schwarzwald.de\/blog\/natur\/klima\/transformation\/\">Gro\u00dfe Transformation<\/a>, <a href=\"https:\/\/www.freiburg-schwarzwald.de\/blog\/engagement\/zukunft\/agenda\/\">Agenda 2030<\/a>, <a href=\"https:\/\/www.freiburg-schwarzwald.de\/blog\/global\/globalisierung\/one-world\/\">One World<\/a>-Regierung, <a href=\"https:\/\/www.freiburg-schwarzwald.de\/blog\/global\/deutschland\/weltrettung\/\">Weltrettung<\/a>&#8211; NGOs, Neue Weltordnung (<a href=\"https:\/\/www.freiburg-schwarzwald.de\/blog\/global\/globalisierung\/nwo\/\">NWO<\/a>)? F\u00fcr alle, die diese Frage entr\u00fcstet als anma\u00dfend abtun oder aber es neugierig wissen wollen, <!--more-->liefert das Video <a href=\"https:\/\/youtu.be\/x-KVcNFJXzE\">https:\/\/youtu.be\/x-KVcNFJXzE<\/a>\u00a0 von Carlos A. Gebauer in nur einer Stunde geballte Information (1).<br \/>\nPositive Fakten. Auf Deutschland bezogen. Brilliant vorgetragen. Eine Perspektive aufzeigend f\u00fcr Politik (Haftung) und <a href=\"https:\/\/www.freiburg-schwarzwald.de\/blog\/engagement\/zukunft\/demokratie\/grundgesetz\/grundgesetz-neu\/\">Grundgesetz<\/a>\u00a0(Novellierung). Und vor allem: <a href=\"https:\/\/www.freiburg-schwarzwald.de\/blog\/engagement\/zukunft\/pessimismus\/\">Optimismus<\/a> und Zuversicht verbreitend.<br \/>\n31.1.2023<\/p>\n<p><em>Carlos A. Gebauer: <\/em><em>Grundgesetz 2030<br \/>\nModernisierungsvorschl\u00e4ge f\u00fcr eine Erhaltungssanierung<\/em><br \/>\n<em>Taschenbuch \u2013 23. Juni 2021<\/em><br \/>\n<em>OLZOG, 116 Seiten, 15 Euro<br \/>\n<a href=\"https:\/\/www.make-love-not-law.com\">https:\/\/www.make-love-not-law.com<\/a><br \/>\n.<br \/>\n<\/em>Ende von Beitrag &#8222;Gebauer: Nach dem Great Reset&#8220;<br \/>\n=========================================================<br \/>\nBeginn von Anlagen (1) bis (6)<br \/>\n.<\/p>\n<p><strong>(1) Carlos A. Gebauer: Grundgesetz nach Scheitern von Great Reset &amp; Agenda 2030<\/strong><br \/>\n<strong>&#8211; Die Zukunft der Politikerhaftung?<\/strong><br \/>\nAus Youtube: Die Gro\u00dfe Transformation des Planeten und andere vision\u00e4re Utopien der Menschheitsgeschichte: Carlos A. Gebauer wirft einen historischen Blick auf Experimente, mit denen gesellschaftliches Gl\u00fcck politisch herbeigezwungen werden sollte. Er analysiert das kontinuierliche Scheitern der Sozialingenieure und macht einen Vorschlag zur k\u00fcnftigen Fehlervermeidung: Die Verrechtlichung von Politik anstelle der Politisierung des Rechts. Gebauer glaubt: Die Demokratie l\u00e4\u00dft sich nur verteidigen, wenn politische Vertreter f\u00fcr ihr Handeln auch im rechtlichen Sinne pers\u00f6nlich verantwortlich sind. Sein hier referierter Diskussionsvorschlag fu\u00dft auf einem von ihm ausformulierten Text f\u00fcr ein erhaltungssaniertes Grundgesetz.<br \/>\nGrundgesetzvorschlag von Carlos A. Gebauer:<br \/>\nhttps:\/\/www.lau-verlag.de\/titel\/grund&#8230;<br \/>\n<a href=\"https:\/\/atlas-initiative.de\/\">https:\/\/atlas-initiative.de\/<\/a><br \/>\n<a href=\"https:\/\/www.youtube.com\/@atlasinitiativefurrechtund7114\">https:\/\/www.youtube.com\/@atlasinitiativefurrechtund7114<\/a><\/p>\n<p>Unser Grundgesetz nach Scheitern von Great Reset &amp; Agenda 2030 &#8211; Die Zukunft der Politikerhaftung?<br \/>\n17.6.2022, <a href=\"https:\/\/youtu.be\/x-KVcNFJXzE\">https:\/\/youtu.be\/x-KVcNFJXzE<\/a><br \/>\n.<br \/>\nEinige Kommentare:<br \/>\nIch bin Landwirt und habe diesen Vortrag mir heute morgen, schon beim F\u00fcttern meiner Tiere angeh\u00f6rt, es ist das beste was ich seit langem geh\u00f6rt habe! Es ist Schade das sich in Deutschland nur so wenige f\u00fcr die Wahrheit in diesem Land interessieren! Herrn Gebauer k\u00f6nnte ich mir als Bundeskanzler vorstellen!<br \/>\n29.12.2022, H.M.<\/p>\n<p>Bester Vortrag den ich seid langem geh\u00f6rt habe, das sind die besten Ans\u00e4tze um wieder Gerechtigkeit und gesunde Verh\u00e4ltnisse zu schaffen. Gro\u00dfes Kompliment, Herr Gebauer alles auf den Punkt gebracht !<br \/>\n28.9.2022, H.J.<\/p>\n<p>Es mangelt derzeit nicht an der Analyse des chaotischen Istzustandes und des vakanten Sollzustandes durch kluge, eloquente K\u00f6pfe. Es mangelt an der Einsicht, dass man nicht Youtube beherrschen muss, um Ver\u00e4nderungen zu bewirken, sondern ganz effektiv die Stra\u00dfe und dann die Beh\u00f6rden und Ministerien und die Regierung. Und dass sich das nicht durch Reden herbeif\u00fchren l\u00e4sst, sondern durch Handeln.<br \/>\n30.9.2022<\/p>\n<p>Die Idee mit der basisdemokratischen Rundfunkanstalt wie Sie sie beschrieben haben wunderbar dann w\u00fcrde wieder echter Journalismus stattfinden<br \/>\n15.12.2022, Hey<br \/>\nEnde Kommentare<br \/>\n.<\/p>\n<p><strong>(2) Der \u201eGreat Reset\u201c: was wirklich dahinter steckt<\/strong><br \/>\n<strong>Die beste Erkl\u00e4rung, die ich je geh\u00f6rt habe<\/strong><br \/>\n&#8230; Das ist, komprimiert, die Quintessenz eines Vortrags, den der Liberale Carlos A. Gebauer, der als Darsteller der RTL-Gerichtsshow \u201eDas Strafgericht\u201c bekannt wurde, im Sommer vergangenen Jahres bei der Atlas-Initiative gehalten hat. F\u00fcr mich eine der besten Reden, die ich je geh\u00f6rt habe. Und definitiv die beste Erkl\u00e4rung des \u201eGreat Resets\u201c und des \u201egro\u00dfen Umbaus\u201c bzw. der gro\u00dfen \u201eTransformation\u201c. Spannend, brillant und mit viel Witz f\u00fchrt der FDP-Mann aus, was wirklich hinter den irrwitzigen Ver\u00e4nderungen steckt. Und warum es eben keine \u201eVerschw\u00f6rung\u201c ist \u2013 sondern ein abermaliges Treten auf die Mistgabeln der Geschichte, wenn auch anders lackiert als fr\u00fcher.<br \/>\n<a href=\"https:\/\/youtu.be\/B3mk8QSZInE\">https:\/\/youtu.be\/B3mk8QSZInE<\/a><br \/>\nF\u00fcr alle, die den \u201eGreat Reset\u201c und die \u201eGro\u00dfe Transformation\u201c verstehen wollen, ihre Hintergr\u00fcnde, ihre Wurzeln und die Gefahr, die von ihnen ausgeht, ist Gebauers brillante Rede eine Pflichtlekt\u00fcre. Vor allem, weil er eben auch L\u00f6sungsans\u00e4tze bietet!<br \/>\n&#8230; Alles vom 29.1.2023 bitte lesen auf<br \/>\n<a href=\"https:\/\/reitschuster.de\/post\/der-great-reset-was-wirklich-dahinter-steckt\/\">https:\/\/reitschuster.de\/post\/der-great-reset-was-wirklich-dahinter-steckt\/<\/a><br \/>\n.<br \/>\nEinige Kommentare:<br \/>\nDanke f\u00fcr den tollen Mann, es l\u00e4\u00dft mich hoffen das es in Deutschland noch klar denkende Menschen gibt.<br \/>\nSehr gute Vorschl\u00e4ge. Mit der Einf\u00fchrung einer Haftung w\u00e4re auch die Bereitschaft der Politiker zu Volksentscheiden zwangsl\u00e4ufig.<br \/>\n30.1.2023, U.K.<\/p>\n<p>Das ist genau der Punkt. M\u00fcssten sich die Politiker f\u00fcr ihr Tun verantworten, w\u00fcrden sie anderst agieren. Auch Amtszeitbegrenzung w\u00fcrde helfen. Politik kann kein Posten auf Lebenszeit sein und auch nicht um Reichtum zu erlangen.<br \/>\n30.1.2023, K.U<\/p>\n<p>Bin die letzten Tage selbst ebenfalls auf Carlos Gebauer aufmerksam geworden und habe mir vieles auf YouTube zu ihm angeschaut und erschreckend was man erf\u00e4hrt\u2026 tats\u00e4chlich intellektuell und vom Hintergrundwissen eine der interessantesten Personen gegenw\u00e4rtig! Bin absolut begeistert und kann auch nur st\u00e4rkstes empfehlen ihm genau zuzuh\u00f6ren!<br \/>\n30.1.2023, Okr<\/p>\n<p>Ja, Herrn Carlos Gebauer zuzuh\u00f6ren, hat gut getan. Dem Geist. Der Seele. Der Wahrheit.<br \/>\nIch f\u00fcrchte, ich leide allm\u00e4hlich an Verfolgungswahn vor Dummk\u00f6pfen. \u00dcberall sehe ich kleine, gr\u00fcne, furchtbar dumme Menschen, die, wenn sie zu sprechen beginnen, mich stets auf die Palme jagen. Deswegen war Herr Gebauers Vortrag f\u00fcr mich auch eine bek\u00f6mmliche Wundheilung, auch wenn es ein einst\u00fcndiger Monolog war. Aber alles was er vortrug, war pr\u00e4zise formuliert, in sauberem Deutsch und akustisch einwandfrei.<br \/>\nIn seinem Vortrag ist es ihm dabei gelungen, die relevanten, fehlerhaften \u201epolitischen\u201c Str\u00f6mungen zu beschreiben, sie in ihrer Fehlerhaftigkeit zu begr\u00fcnden, und sie an und mit historischen Beispielen auch zu belegen.<br \/>\nGewundert hat es mich ein wenig, dass er mit der Nachhaltigkeit, der Sustainability, begann. Dieses Thema habe ich f\u00fcr mich selbst bereits ausf\u00fchrlich durchpfl\u00fcgt, sodass ich hier nicht alles aufz\u00e4hlen mag, was dazu bemerkenswert geboten w\u00e4re, des Umfanges wegen. Aber wer w\u00fcsste es besser als unsere Bauern. Die kann man befragen, die wissen sehr genau, was Nachhaltigkeit bedeutet, die selbstverst\u00e4ndlich auch f\u00fcr andere Bereiche Bedeutung hat. \u00dcber Generationen angesammeltes b\u00e4uerliches Wissen aus dem praktischen Alltag ist eben doch ein anderes Wissen als Laborergebnisse. Die Natur ist eben kein Labor, sondern Natur, und unterliegt vielf\u00e4ltigen Einfl\u00fcssen.<br \/>\nSein Blick auf die internationale \u201ePolitik\u201c, vielmehr auf supranationale Machenschaften, zogen das n\u00e4chste Thema aus dem Meer; ein dickes, fettes Thema, das in der Tat bereits eine brandgef\u00e4hrliche Angelegenheit ist, wie zum Beispiel die autorit\u00e4r agierende WHO uneingeschr\u00e4nkt ihre Runden dreht, ohne dass dabei die Souver\u00e4nit\u00e4t der Weltb\u00fcrger auch nur einen Hauch von demokratischem Einfluss h\u00e4tte. Unausgesprochen wies Herr Gebauer auf den gebotenen F\u00f6deralismus hin, der vielen zentralistisch bedingten Problemen und Herausforderungen gezielt Abhilfe verschaffen w\u00fcrde. Doch den wollen zentralistisch aktive Machthaber scheinbar nicht haben.<br \/>\nZur \u201eFirma\u201c \u201eLa Famiglia\u201c BlackRock zog er nur ein kurzes Fazit, dem ich beipflichte, aber auch gespannt gewesen w\u00e4re, h\u00e4tte er zu dieser kapitalistischen R\u00e4uberbande ausf\u00fchrlich Stellung genommen, insbesondere zu deren Gesch\u00e4ftsmodell(en).<br \/>\nUnd dann scho\u00df er seine Leuchtrakete ab und nahm Bezug auf Art. 38 Grundgesetz, dem er \u2013 als Jurist \u2013 eine gebotene, ausgeweitete Ver\u00e4nderung zuwies und die Haftungsregelung der Abgeordneten formulierte, um einem verantwortungsvoller auszuf\u00fchrenden Mandat eine straf- und zivilrechtliche Verantwortung zuzuordnen und diese auferlegt sehen will. Seine Texterg\u00e4nzungen zu Art 38 Grundgesetz stimme ich uneingeschr\u00e4nkt zu. Das war ein Blattschu\u00df, mitten in den Kern des Problems, eines der zahllosen politischen Probleme.<br \/>\nUnd schlie\u00dflich wies er auch auf den Gauner Klaus Schwab hin, den man nicht mehr n\u00e4her beschreiben muss. Dieser miese Typ wird sich eines Tages in den Polizeiakten wiederfinden, daran habe ich keine Zweifel.<br \/>\nZum Ende seines Vortrages zitierte Carlos Gebauer einen Monegassen, der sich die Frage stellte, dass \u2013 vergleichsweise \u2013 bei jedem Flugzeugabsturz ein Geschwader von Experten ausr\u00fcckt, um festzustellen,, weshalb das Flugzeug abst\u00fcrzte, was den Monegassen daraus zu seiner Frage f\u00fchrte , weshalb das in der Politik nicht auch der Fall sei, wenn \u201epolitische\u201c Abst\u00fcrze gemeldet sind? Das ist eine kluge Frage, die nach einer Antwort sucht, absolut.<br \/>\nDoch auch Herr Gebauer hat den Kern des politischen Zeitgeschehens nicht benannt, n\u00e4mlich die &#8222;wirkliche&#8220; Ursache dieses Chaos, vielmehr ihre Verursacher. Er ist der Wahrhaftigkeit sicherlich n\u00e4her ger\u00fcckt, aber das R\u00e4tsel ist noch lange nicht gel\u00f6st, wer hier pers\u00f6nlich die F\u00e4den der lebendigen Boshaftigkeit zieht.<br \/>\nAls gew\u00f6hnlicher B\u00fcrger wei\u00df ich es selbstverst\u00e4ndlich auch nicht, aber mein kriminalistischer Sp\u00fcrsinn w\u00fcrde mich nach New York City treiben, nach Manhatten. Nur die Stra\u00dfe ist noch offen, entweder die Wallstreet, oder die 52. Street East, oder die 200 West Street. Oder United Nations Plaza. Dort vermute ich das Monster des B\u00f6sen. Das ist intuitiv und spekulativ. Aber das sagt mir mein Bauchgef\u00fchl.<br \/>\n29.1.2023, D.P.<\/p>\n<p>Aus meiner Sicht befinden wir uns in Deutschland bereits auf dem Weg in den Great Reset und viele merken es nicht mal. Denn der Great Reset ins Kulturmaxismus. Das ist das Ergebnis von Jahren, in denen man den Wert von Ideen verloren hat, in denen man der extremen Linken und der Linken erlaubt hat, eine kulturelle Hegemonie zu schaffen. Sie haben die Universit\u00e4ten \u00fcbernommen. Sie haben die Schulen \u00fcbernommen. Sie kontrollieren die Medien und so weiter, und so ist die \u00f6ffentliche Ideologie, die vorherrscht, v\u00f6llig entgegengesetzt zu den Prinzipien der Aufkl\u00e4rung und des freien Marktes.<br \/>\nHayek hatte recht, als er sagte, dass diese Ideen langfristig die gesellschaftliche Entwicklung bestimmen. Und das ist etwas Entscheidendes, das wir lernen m\u00fcssen. Denn Deutschland war das wohlhabendste Land in Europa, aber es verschlechtert sich so schnell und k\u00f6nnte sogar bald zusammenbrechen.Und pl\u00f6tzlich lehnen die Menschen Freiheit und freie Marktwirtschaft ab und wollen das alles zerst\u00f6ren, ohne die Idee im Grunde zu verstehen. Und das ist auf den Einfluss von Ideologien zur\u00fcckzuf\u00fchren. Und die fangen an den Universit\u00e4ten an, sie fangen bei den \u00f6ffentlichen Intellektuellen an. Und dann unterst\u00fctzen die Menschen dieses Narrativ und diese Agenda der Transformationen. Und viele von ihnen glauben, dass es zum Besseren sein wird, aber das ist es nicht. Es wird ganz furchtbar sein. Ich denke, das ist die wichtigste Lektion: Ideen. Ideen, Ideen, Ideen und die Macht der Ideen. Und deshalb d\u00fcrfen wir den Kampf f\u00fcr die Freiheit im \u00f6ffentlichen Raum nicht aufgeben. Und wir m\u00fcssen die Universit\u00e4ten zur\u00fcckgewinnen. Ich glaube, das ist die gr\u00f6\u00dfte Trag\u00f6die in der westlichen Welt. Wir haben die Universit\u00e4t und die Geisteswissenschaften an Narren verloren.<br \/>\n29.1.2023, Ern<\/p>\n<p>Die Feinde von Demokratie und Freiheit erkennt man nicht an den Inhalten, die sie vertreten, sondern an den Methoden, die sie anwenden. Waren es einst NationalSozialisten, die nach ihren Regeln ausgrenzten, sind es heute die GlobalSozialisten &#8211; &#8222;Glozis&#8220; (Global oder alternativ: Gr\u00fcn, links, ostentativ), die genauso, nun nach ihren Regeln ausgrenzen. Die Methoden \u00e4hneln sich, zweifelsfrei. Sie m\u00fcssen es, wenn das Ziel die Installation einer neuen Gesellschaft ist. Die Methoden sind damals wie heute totalit\u00e4r, heute lediglich subtiler.<br \/>\n29.1.2023, L.P.<\/p>\n<p>\u00bbWenn der Faschismus wiederkehrt, wird er nicht sagen: \u203aIch bin der Faschismus.\u2039 Nein, er wird sagen: \u203aIch bin der Antifaschismus.\u2039\u00ab Der linke Intellektuelle Silone wird so zum Kronzeugen f\u00fcr die These, dass hinter dem Antifaschismus nichts anderes stecke als der Faschismus selbst und die Vorsilbe \u00bbAnti\u00ab nur der Verkleidung diene. Der Faschismus bedeutet den Versuch, eine indiskutable soziale Ordnung zu schaffen.<br \/>\n29.1.2023, V.K.<\/p>\n<p>Guter Artikel, der zeigt, da\u00df wenigstens auf dieser Seite schon vielen bewu\u00dft ist, was hinter dem WEF steckt. Die wichtigtste Einsicht ist die, da\u00df die gewohnte Dichotomie zwischen &#8222;links&#8220; und &#8222;rechts&#8220; heute als v\u00f6llig veraltet gelten mu\u00df. Die eigentliche Wahl heute ist nicht so sehr eine zwischen &#8222;links-gr\u00fcn&#8220; und &#8222;schwarz-gelb&#8220; oder welcher Farbenkombination auch immer, sondern vielmehr eine sehr einfache Wahl zwischen Freiheit und Tyrannei, oder wenn man \u00f6konomische Begriffe verwenden m\u00f6chte, zwischen Sozialismus und Kapitalismus. Eine freie Marktwirtschaft allein garantiert die Freiheit, jede Form des Sozialismus schr\u00e4nkt sie ein. Die Sozialisten (ob Nazis oder Marxisten) kannten schon immer die Gesetze der Massenpsychologie sehr gut, denn der Sozialismus hat nur dort eine Chance, wo er die Massen f\u00fcr seine Zwecke erfolgreich manipulieren und schlie\u00dflich irref\u00fchren kann, von der Klimahysterie bis hin zum WEF. Unrecht und \u00dcbel gingen fast immer von einer oder anderen Form des Sozialismus aus, durch die Massenpsychologie ist es jedoch den Sozialisten bei vielen gelungen, der Freiheit die Schuld daf\u00fcr in die Schuhe zu schieben.<br \/>\n29.1.2023, K.S.<br \/>\nEnde Kommentare<br \/>\n.<\/p>\n<p><strong>(3) Die Kultur des Westens muss verteidigt werden<\/strong><br \/>\n<strong>Auf in den Kulturkampf! Douglas Murrays \u201eWahnsinn der Massen\u201c<\/strong><br \/>\nDie Angriffe auf die Kultur des Westens sind gegenw\u00e4rtig so vielgestaltig und vielschichtig, so elementar und wuchtig wie wohl nie zuvor. Ihre Bedrohung erw\u00e4chst aus einem Generalangriff auf das Denken der Massen durch den zeitgen\u00f6ssischen Kulturmarxismus.<br \/>\n&#8230;.<br \/>\nEs war eine Kultur, deren Erkenntnisse weite Teile der Welt \u00fcbernahmen und von deren Abirrungen sie lernten. Es war eine Kultur nicht nur des Wissens und K\u00f6nnens, sondern auch eine der Kunst und der Sch\u00f6nheit. Es war von allen Kulturen, die der Planet bislang sah, wohl keinesfalls die schlechteste. Denn diese Kultur des Westens bescherte ihren Gesellschaften auch ungesehenen Wohlstand und damit die M\u00f6glichkeit, gleichsam durch ein Leben tanzen zu k\u00f6nnen, statt kriechen und klettern, ackern oder buckeln zu m\u00fcssen. Doch wenn ein T\u00e4nzer sich zu sehr an seinen beeindruckend wagemutigen Spr\u00fcngen berauscht, dann beginnt er, bald auch Figuren aufzuf\u00fchren, deren Grundlage und Grenze nicht mehr die Schwerkraft ist. Seine Vorstellungen von dem, was er will, und dem, was tats\u00e4chlich geht, klaffen pl\u00f6tzlich auseinander. Seine Sinnesorgane arbeiten nicht mehr als Vermittler zwischen seiner Welt und seinem Denken. Wenn er sich also nicht mehr in der Realit\u00e4t wei\u00df, sondern nur noch in ihr w\u00e4hnt, ist klar, was folgt: der Sturz.<br \/>\nDouglas Murray berichtet in seinem Buch von eben einem solchen Wirklichkeitsverlust. Aber nicht nur ein einzelner T\u00e4nzer strauchelt hier und droht zu fallen. Murrays Darstellung vom \u201eWahnsinn der Massen\u201c ist vielmehr eine ebenso schl\u00fcssige wie faktenreiche Beschreibung von der Gefahr, in der die Kultur des Westens aktuell insgesamt steht. Ihre Grundfesten werden gegenw\u00e4rtig so vielgestaltig und vielschichtig, so elementar und wuchtig angegriffen wie wohl nie zuvor. Es ist diesmal nicht ein vom Wahn zerfressener Diktator oder eine gewaltbereite Clique, die nach Zerst\u00f6rung giert. Die Bedrohung der Kultur erw\u00e4chst jetzt vielmehr aus einem Generalangriff auf das Denken der Massen. Die Fallsammlung der intellektuellen Verwirrungen, die sich in Internetgeschwindigkeit um den ganzen Globus winden, umfasst in der Analyse Murrays vier thematische S\u00e4ulen: Homosexualit\u00e4t, Frauen, Rasse und Trans*.<br \/>\n&#8230; Alles vom 14.12.2021 von Carlos A. Gebauer bitte lesen auf<br \/>\n<a href=\"https:\/\/ef-magazin.de\/2019\/12\/14\/16214-make-love-not-law-auf-in-den-kulturkampf\">https:\/\/ef-magazin.de\/2019\/12\/14\/16214-make-love-not-law-auf-in-den-kulturkampf<\/a><br \/>\noder<br \/>\n<a href=\"https:\/\/www.tichyseinblick.de\/feuilleton\/buecher\/die-kultur-des-westens-muss-verteidigt-werden\/\">https:\/\/www.tichyseinblick.de\/feuilleton\/buecher\/die-kultur-des-westens-muss-verteidigt-werden\/<\/a><\/p>\n<p><em>Carlos A. Gebauer ist Rechtsanwalt, Fachanwalt f\u00fcr Medizinrecht und freier Publizist.<\/em><br \/>\n<em>Douglas Murray, Wahnsinn der Massen. Wie Meinungsmache und Hysterie unsere Gesellschaft vergiften. Mit einem neuen Nachwort des Autors. Edition Tichys Einblick im FBV, 368 Seiten, Taschenbuchausgabe, 15,00 \u20ac.<br \/>\n.<\/em><\/p>\n<p><strong>(4) Indubio Folge 168 \u2013 Ein neues Grundgesetz<\/strong><br \/>\nDer Rechtsanwalt und Publizist Carlos A. Gebauer stellt im Interview mit Burkhard M\u00fcller-Ullrich seine \u00dcberlegungen f\u00fcr eine Erhaltungssanierung des Grundgesetzes vor, die er in Buchform ver\u00f6ffentlicht hat: \u201eGrundgesetz 2030\u201c (Lau Verlag, 116 Seiten, 15 EUR \/ 19.90 CHF). Es geht unter anderem um Politikerhaftung, Dezentralisierung und Meinungs\u00e4u\u00dferungsfreiheit.<br \/>\n&#8230; Alles vom 7.10.2021 bitte lesen auf<br \/>\n<a href=\"https:\/\/www.achgut.com\/artikel\/indubio_folge_167_ein_neues_grundgesetz\">https:\/\/www.achgut.com\/artikel\/indubio_folge_167_ein_neues_grundgesetz<\/a><br \/>\n.<\/p>\n<p><strong>(5) Der verbogene Rechtsstaat<\/strong><br \/>\nIm Rubikon-Exklusivgespr\u00e4ch diskutiert Walter van Rossum mit den Anw\u00e4lten Beate Bahner, Alexander Christ und Carlos Gebauer \u00fcber den Zustand unseres Rechtsstaates.<br \/>\n\u201eWas der Rechtsstaat einmal war, das sp\u00fcren wir erst jetzt.\u201c So leitet Moderator Walter van Rossum seine Gespr\u00e4chsrunde mit drei kritischen Anw\u00e4lten ein. \u201eDie Gewaltenteilung ist einem grenzenlosen Vermischen gewichen.\u201c Alexander Christ, Autor des neu erschienen Buchs \u201eCorona-Staat\u201c, und Beate Bahner, Fachanw\u00e4ltin f\u00fcr Medizinrecht und Autorin von \u201eCorona-Impfung\u201c \u2014 beide erschienen im Rubikon-Verlag \u2014, treffen auf Carlos Gebauer, der mit seiner Ver\u00f6ffentlichung \u201eGrundgesetz 2030\u201c gar den Entwurf eines verbesserten Grundgesetzes vorgelegt hat.<br \/>\n&#8230; Alles vom 2.7.2023 bitte lesen auf<br \/>\n<a href=\"https:\/\/www.rubikon.news\/artikel\/der-verbogene-rechtsstaat\">https:\/\/www.rubikon.news\/artikel\/der-verbogene-rechtsstaat<\/a><br \/>\n.<\/p>\n<p><strong>(6) Lobrede zur Preisverleihung an die Achse des Guten<\/strong><br \/>\nAm 17. Juni 2022 verlieh die Friedrich A. von Hayek-Gesellschaft in Potsdam der Achse des Guten den Netzwerkpreis 2022. Hier die Laudatio von Carlos A. Gebauer.<br \/>\n&#8230; Alles vom 21.6.2023 von Carlos A. Gebauer bitte lesen auf<br \/>\n<a href=\"https:\/\/www.achgut.com\/artikel\/lobrede_zur_preisverleihung_an_die_achse_des_guten\">https:\/\/www.achgut.com\/artikel\/lobrede_zur_preisverleihung_an_die_achse_des_guten<\/a><br \/>\nLobrede zur Preisverleihung an die Achse des Guten<br \/>\n.<br \/>\n<strong>Der Sonntagsfahrer: Der gro\u00dfe Preis von Hayek<\/strong><br \/>\nAm vergangen Freitag wurde der Achse des Guten der Netzwerkpreis der Hayek-Gesellschaft verliehen. Die Laudatio hielt Carlos Gebauer. Hier meine Dankesworte an die Stiftung und die Abendgesellschaft im Potsdamer Kongresshotel: &#8230;<br \/>\n&#8230; Alles vom 19.6.2023 von Dirk Maxeiner bitte lesen auf<br \/>\n<a href=\"https:\/\/www.achgut.com\/artikel\/der_sonntagsfahrer_der_grosse_preis_von_hayek\">https:\/\/www.achgut.com\/artikel\/der_sonntagsfahrer_der_grosse_preis_von_hayek<\/a><\/p>\n","protected":false},"excerpt":{"rendered":"<p>Wie geht es weiter nach dem Scheitern des von Klaus Schwab medial verk\u00fcndeten gro\u00dfen Umbaus alias Great Reset, Gro\u00dfe Transformation, Agenda 2030, One World-Regierung, Weltrettung&#8211; NGOs, Neue Weltordnung (NWO)? F\u00fcr alle, die diese Frage entr\u00fcstet als anma\u00dfend abtun oder aber &hellip; <a href=\"https:\/\/www.freiburg-schwarzwald.de\/blog\/gebauer-nach-dem-great-reset\/\">Weiterlesen <span class=\"meta-nav\">&rarr;<\/span><\/a><\/p>\n","protected":false},"author":2,"featured_media":0,"comment_status":"open","ping_status":"closed","sticky":false,"template":"","format":"standard","meta":{"footnotes":""},"categories":[18,4,36,186,400,14,172],"tags":[682,549,525,458,745],"class_list":["post-109146","post","type-post","status-publish","format-standard","hentry","category-bildung","category-branchen","category-engagement","category-finanzsystem","category-freiwillig","category-global","category-zukunft","tag-freiheit","tag-gesetz","tag-politik","tag-save","tag-wirtschaft"],"_links":{"self":[{"href":"https:\/\/www.freiburg-schwarzwald.de\/blog\/wp-json\/wp\/v2\/posts\/109146","targetHints":{"allow":["GET"]}}],"collection":[{"href":"https:\/\/www.freiburg-schwarzwald.de\/blog\/wp-json\/wp\/v2\/posts"}],"about":[{"href":"https:\/\/www.freiburg-schwarzwald.de\/blog\/wp-json\/wp\/v2\/types\/post"}],"author":[{"embeddable":true,"href":"https:\/\/www.freiburg-schwarzwald.de\/blog\/wp-json\/wp\/v2\/users\/2"}],"replies":[{"embeddable":true,"href":"https:\/\/www.freiburg-schwarzwald.de\/blog\/wp-json\/wp\/v2\/comments?post=109146"}],"version-history":[{"count":5,"href":"https:\/\/www.freiburg-schwarzwald.de\/blog\/wp-json\/wp\/v2\/posts\/109146\/revisions"}],"predecessor-version":[{"id":109152,"href":"https:\/\/www.freiburg-schwarzwald.de\/blog\/wp-json\/wp\/v2\/posts\/109146\/revisions\/109152"}],"wp:attachment":[{"href":"https:\/\/www.freiburg-schwarzwald.de\/blog\/wp-json\/wp\/v2\/media?parent=109146"}],"wp:term":[{"taxonomy":"category","embeddable":true,"href":"https:\/\/www.freiburg-schwarzwald.de\/blog\/wp-json\/wp\/v2\/categories?post=109146"},{"taxonomy":"post_tag","embeddable":true,"href":"https:\/\/www.freiburg-schwarzwald.de\/blog\/wp-json\/wp\/v2\/tags?post=109146"}],"curies":[{"name":"wp","href":"https:\/\/api.w.org\/{rel}","templated":true}]}}