{"id":109043,"date":"2023-01-27T10:18:10","date_gmt":"2023-01-27T09:18:10","guid":{"rendered":"https:\/\/www.freiburg-schwarzwald.de\/blog\/?p=109043"},"modified":"2023-01-27T10:30:47","modified_gmt":"2023-01-27T09:30:47","slug":"grundrechte-im-wandel","status":"publish","type":"post","link":"https:\/\/www.freiburg-schwarzwald.de\/blog\/grundrechte-im-wandel\/","title":{"rendered":"Grundrechte im Wandel?"},"content":{"rendered":"<p>Von Geburt an geh\u00f6ren jedem <a href=\"https:\/\/www.freiburg-schwarzwald.de\/blog\/engagement\/buerger\/\">B\u00fcrger<\/a> die vollen <a href=\"https:\/\/www.freiburg-schwarzwald.de\/blog\/engagement\/zukunft\/demokratie\/grundgesetz\/grundrechte\/\">Grundrechte<\/a>. Man nennt sie auch <a href=\"https:\/\/www.freiburg-schwarzwald.de\/blog\/engagement\/zukunft\/demokratie\/freiheit\/freiheitsrechte\/\">Freiheitsrechte<\/a>. Als Abwehrrechte gegen etwaige \u00dcbergriffe des Staates dienen sie dem Schutz seiner Privatautonomie. Aus diesem Grunde haben weder Regierung noch Bundestag das Recht, dem B\u00fcrger ein <a href=\"https:\/\/www.freiburg-schwarzwald.de\/blog\/global\/deutschland\/gesellschaft\/buergerrechte\/\">Grundrecht<\/a> &#8222;wegzunehmen&#8220; bzw. &#8222;zur\u00fcckzugeben&#8220;.<!--more--> Grundrechte k\u00f6nnen allenfalls tempor\u00e4r ausgesetzt werden (z.B. <a href=\"https:\/\/www.freiburg-schwarzwald.de\/blog\/business\/gesund\/corona-virus\/corona-grundrechte\/\">Corona<\/a>), aber auch dies ist juristisch umstritten.<br \/>\nDie Grundrechte sind im Grundgesetz festgeschrieben und als solche nicht ver\u00e4nderbar. Nun wird vermehrt auf die Tendenz hingewiesen, die Grundrechte nicht dem Text nach zu ver\u00e4ndern, sondern umzuinterpretieren &#8211; und zwar \u00fcber die Rechtsprechung (A) bzw. \u00fcber deren Auslegung als Tugendkatalog (B).<\/p>\n<p><em>(A) &#8222;Grundrechte nur so weit vertretbar&#8220;-Rechtsprechung<\/em><br \/>\nNicht der Text des Grundgesetzes wird ge\u00e4ndert, sondern das Bundesverfassungsgericht deutet den bestehenden Verfassungstext um.<br \/>\n1) Fr\u00fcher konnte aus der Menschenw\u00fcrdegarantie (Artikel 1 Absatz 1 Grundgesetz) kein Recht auf Abtreibung abgeleitet werden. Heute besteht \u00fcber die Kombination von Fristen- und Indikationsl\u00f6sung und Beratungspflicht aber de fakto dieses Recht.<br \/>\n2) Fr\u00fcher galten die Grundrechte als Abwehrrechte des B\u00fcrgers gegen den Staat an oberster Stelle. Nach dem <a href=\"https:\/\/www.freiburg-schwarzwald.de\/blog\/engagement\/zukunft\/demokratie\/grundgesetz\/grundgesetz-klima\/\"><em><strong>Klima-Ur<\/strong><strong>teil<\/strong><\/em><\/a> des <a href=\"https:\/\/www.freiburg-schwarzwald.de\/blog\/engagement\/zukunft\/demokratie\/verfassung\/bundesverfassungsgericht\/\">Bundesverfassungsgerichts<\/a> (erster Senat) vom Fr\u00fchjahr 2021 stehen Grundrechte unter dem Vorbehalt der <a href=\"https:\/\/www.freiburg-schwarzwald.de\/blog\/koennen-wir-das-klima-retten\/\">Klimavertr\u00e4glichkeit<\/a>: <em><strong>Zum (fiktiven!) Schutz der Grundrechte zuk\u00fcnftiger Generationen k\u00f6nnen diese Rechte f\u00fcr die heute lebende B\u00fcrger eingeschr\u00e4nkt werden.<\/strong> <\/em>Zum Beispiel Fahrverbote, um CO2 einzusparen.<br \/>\nSiehe dazu die Ausf\u00fchrungen von Ulrich Vosgerau zu &#8222;Der Wandel der Grundrechte hin zum postdemokratischen Erziehungsstaat&#8220;, Abschnitt (A), <a href=\"https:\/\/www.freiburg-schwarzwald.de\/blog\/engagement\/zukunft\/demokratie\/grundgesetz\/grundrechte\/\">hier<\/a>.<br \/>\n.<br \/>\n<em>(B) Grundrechte: Fr\u00fcher Abwehrrechte des B\u00fcrgers, heute Tugendkatalog<\/em><br \/>\nDie Grundrechte geh\u00f6ren dem B\u00fcrger von Geburt an. Als Abwehrrechte gegen den \u00fcbergriffigen Staat dienen sie dem Schutz seiner Privatautonomie. Nun wird auch \u00fcber NGOs wie das &#8222;Deutsche Institut f\u00fcr Menschenrechte&#8220; versucht, diese Abwehrrechte des B\u00fcrgers in einen Tugendkatalog umzudeuten, \u00fcber dessen Einhaltung dann staatliche Institutionen wachen. So kann z.B. das Recht auf <a href=\"https:\/\/www.freiburg-schwarzwald.de\/blog\/kultur\/medien\/meinungsfreiheit\/\">freie Meinungs\u00e4u\u00dferung<\/a> beschnitten werden, wenn es nicht in Einklang steht zu irgendwelchen neuen Konstrukten wie dem der &#8222;Delegitimierung des Staates&#8220; .<br \/>\nSiehe dazu die Ausf\u00fchrungen von Ulrich Vosgerau zu &#8222;Der Wandel der Grundrechte hin zum postdemokratischen Erziehungsstaat&#8220;, Abschnitt (B), <a href=\"https:\/\/www.freiburg-schwarzwald.de\/blog\/engagement\/zukunft\/demokratie\/grundgesetz\/grundrechte\/\">hier<\/a>.<br \/>\n27.1.2023<\/p>\n","protected":false},"excerpt":{"rendered":"<p>Von Geburt an geh\u00f6ren jedem B\u00fcrger die vollen Grundrechte. Man nennt sie auch Freiheitsrechte. Als Abwehrrechte gegen etwaige \u00dcbergriffe des Staates dienen sie dem Schutz seiner Privatautonomie. Aus diesem Grunde haben weder Regierung noch Bundestag das Recht, dem B\u00fcrger ein &hellip; <a href=\"https:\/\/www.freiburg-schwarzwald.de\/blog\/grundrechte-im-wandel\/\">Weiterlesen <span class=\"meta-nav\">&rarr;<\/span><\/a><\/p>\n","protected":false},"author":2,"featured_media":0,"comment_status":"open","ping_status":"closed","sticky":false,"template":"","format":"standard","meta":{"footnotes":""},"categories":[18,181,36,9,171,172],"tags":[682,549,715,795,793],"class_list":["post-109043","post","type-post","status-publish","format-standard","hentry","category-bildung","category-buergerbeteiligung","category-engagement","category-soziales","category-verbraucher","category-zukunft","tag-freiheit","tag-gesetz","tag-klima","tag-menschen","tag-rechtsstaat"],"_links":{"self":[{"href":"https:\/\/www.freiburg-schwarzwald.de\/blog\/wp-json\/wp\/v2\/posts\/109043","targetHints":{"allow":["GET"]}}],"collection":[{"href":"https:\/\/www.freiburg-schwarzwald.de\/blog\/wp-json\/wp\/v2\/posts"}],"about":[{"href":"https:\/\/www.freiburg-schwarzwald.de\/blog\/wp-json\/wp\/v2\/types\/post"}],"author":[{"embeddable":true,"href":"https:\/\/www.freiburg-schwarzwald.de\/blog\/wp-json\/wp\/v2\/users\/2"}],"replies":[{"embeddable":true,"href":"https:\/\/www.freiburg-schwarzwald.de\/blog\/wp-json\/wp\/v2\/comments?post=109043"}],"version-history":[{"count":3,"href":"https:\/\/www.freiburg-schwarzwald.de\/blog\/wp-json\/wp\/v2\/posts\/109043\/revisions"}],"predecessor-version":[{"id":109054,"href":"https:\/\/www.freiburg-schwarzwald.de\/blog\/wp-json\/wp\/v2\/posts\/109043\/revisions\/109054"}],"wp:attachment":[{"href":"https:\/\/www.freiburg-schwarzwald.de\/blog\/wp-json\/wp\/v2\/media?parent=109043"}],"wp:term":[{"taxonomy":"category","embeddable":true,"href":"https:\/\/www.freiburg-schwarzwald.de\/blog\/wp-json\/wp\/v2\/categories?post=109043"},{"taxonomy":"post_tag","embeddable":true,"href":"https:\/\/www.freiburg-schwarzwald.de\/blog\/wp-json\/wp\/v2\/tags?post=109043"}],"curies":[{"name":"wp","href":"https:\/\/api.w.org\/{rel}","templated":true}]}}