{"id":108989,"date":"2023-01-26T18:23:01","date_gmt":"2023-01-26T17:23:01","guid":{"rendered":"https:\/\/www.freiburg-schwarzwald.de\/blog\/?p=108989"},"modified":"2023-03-02T12:02:32","modified_gmt":"2023-03-02T11:02:32","slug":"erneute-messerattacke-im-zug","status":"publish","type":"post","link":"https:\/\/www.freiburg-schwarzwald.de\/blog\/erneute-messerattacke-im-zug\/","title":{"rendered":"Erneute Messerattacke &#8211; im Zug"},"content":{"rendered":"<p>Zwei Sch\u00fcler, ein 16-j\u00e4hriges M\u00e4dchen und ein 19-j\u00e4hriger junger Mann, wurden am 25.1.2023 im <a href=\"https:\/\/www.freiburg-schwarzwald.de\/blog\/global\/deutschland\/bahnsteig\/\">Regionalzug<\/a> von Kiel nach Hamburg bei <a href=\"https:\/\/www.freiburg-schwarzwald.de\/blog\/global\/migration\/brokstedt-messermord-zug\/\">Brokstedt<\/a> von dem 33-j\u00e4hrigen Ibrahim A. <a href=\"https:\/\/www.freiburg-schwarzwald.de\/blog\/selbsthilfe\/soziales\/justiz\/messerstecher\/\">mit dem Messer<\/a> ermordet sowie Mitreisende schwerverletzt <a href=\"https:\/\/www.freiburg-schwarzwald.de\/blog\/global\/migration\/migranten-gewalt\/\">niedergestochen<\/a>. Die <a href=\"https:\/\/www.freiburg-schwarzwald.de\/blog\/global\/integration\/fluechtlinge-kriminalitaet\/opfer\/\">Opfer<\/a> k\u00f6nnten noch leben (1): Der mutma\u00dfliche T\u00e4ter reiste 2014 illegal ein, <!--more-->erhielt 2016 subsidi\u00e4ren Schutz und trat mehrfach mit Gewaltdelikten in Erscheinung.<br \/>\n.<br \/>\nWeitere Messerattacken mit Toten wurden am gleichen Tag in Bremen, Hagen, Essen, Wiesbaden, Ravensburg und Freiburg gemeldet (2). Kurz zuvor der Messermord an einer <a href=\"https:\/\/www.freiburg-schwarzwald.de\/blog\/bildung\/schulen\/schulen-gewalt\/\">Lehrerin in Ibbenb\u00fcren<\/a>. Alles <a href=\"https:\/\/www.freiburg-schwarzwald.de\/blog\/selbsthilfe\/soziales\/justiz\/einzelfall\/\">&#8222;Einzelf\u00e4lle&#8220;<\/a> von <a href=\"https:\/\/www.freiburg-schwarzwald.de\/blog\/global\/integration\/fluechtlinge-kriminalitaet\/\">Migranten<\/a>. Diese Bluttaten d\u00fcrfen von der Bev\u00f6lkerung nicht als Terror wahrgenommen werden, sondern allenfalls als &#8211; perverse &#8211; Alltagsgewalt.<\/p>\n<p>&#8222;Der Messerangriff in einem Regionalzug ist eine ersch\u00fctternde Nachricht. All unsere Gedanken sind bei den Opfern dieser furchtbaren Tat und ihren Familien.&#8220; Diesem Tweet der Bundesinnenministerin(1) folgte leider nichts weiteres als nur die \u00fcbliche Vermutung, der T\u00e4ter, dessen <a href=\"https:\/\/www.freiburg-schwarzwald.de\/blog\/global\/migration\/herkunft\/\">Herkunft<\/a> die Medien zumeist verschweigen bzw. als &#8222;ein Mann&#8220; beschreiben, sei psychisch gest\u00f6rt oder traumatisiert. Wenn es aber in einer bestimmten Bev\u00f6lkerungsgruppe, n\u00e4mlich der junger M\u00e4nner mit islamisch-westasiatischem Migrationshintergrund (wobei &#8222;westasiatisch&#8220; vom LKA Berlin als diskriminierungs-sensible Bezeichnung vorgeschrieben ist), derart viele psychische St\u00f6rungen gibt, die zur Gefahr der \u00f6ffentlichen Sicherheit geworden sind, dann mu\u00df Nancy Faeser endlich Vorkehrungen zum Schutz der B\u00fcrger treffen.<br \/>\nEs ist nicht zu verantworten, die Grenzen weiterhin <a href=\"https:\/\/www.freiburg-schwarzwald.de\/blog\/global\/migration\/kontrollierte-grenzen\/\">unkontrolliert<\/a> offen zu lassen (3) und Messermorde von Migranten aus dem islamischen Kulturkreis als schicksalhaft abzutun.<br \/>\n26.1.2023<br \/>\n.<br \/>\nEnde von Beitrag &#8222;Erneute Messerattacke &#8211; im Zug&#8220;<br \/>\n========================================================<br \/>\nBeginn von Anlagen (1) bis (4)<br \/>\n.<\/p>\n<p><strong>(1) Messerattacke von Brokstedt: T\u00e4ter vor einer Woche aus Haft entlassen<\/strong><br \/>\n&#8230; Allerdings sei der Messerangreifer seit seiner Einreise in 2014 bereits in Nordrhein-Westfalen und in Hamburg straff\u00e4llig geworden &#8211; unter anderem wegen Gewalttaten. Erst am 19. Januar 2023 sei er aus der Hamburger JVA Billwerder entlassen worden. Dort habe er wegen gef\u00e4hrlicher K\u00f6rperverletzung eingesessen, &#8230;<br \/>\nDer Mann habe im Januar 2022 vor einer Essensausgabe f\u00fcr Wohnungslose einen anderen Mann mit einem Messer schwer verletzt. Sein Urteil sei noch nicht rechtskr\u00e4ftig gewesen, da der Mann aber bereits ein Jahr in Haft sa\u00df, entschied das Landgericht Hamburg, ihn zu entlassen.<br \/>\n&#8230; Alles vom 26.1.2023 bitte lesen auf<br \/>\n<a href=\"https:\/\/www.ndr.de\/nachrichten\/schleswig-holstein\/Messerattacke-von-Brokstedt-Taeter-vor-einer-Woche-aus-Haft-entlassen,messerattacke386.html\">https:\/\/www.ndr.de\/nachrichten\/schleswig-holstein\/Messerattacke-von-Brokstedt-Taeter-vor-einer-Woche-aus-Haft-entlassen,messerattacke386.html<\/a><\/p>\n<p>(2) Brokstedt, Essen, Algeciras: Messertaten ersch\u00fcttern Deutschland und Europa<br \/>\nDie Messertat eines angeblich verwirrten Arabers aus dem Gazastreifen ist das bislang schwerste Gewaltverbrechen in einem Zug in Schleswig-Holstein. Die Politik gibt sich alarmiert und bleibt doch eigentlich sprachlos \u00fcber Ursachen und Schl\u00fcsse, die f\u00fcr viele B\u00fcrger auf der Hand liegen.<br \/>\n&#8230;<br \/>\nKriminelle Gewalttaten haben nicht immer notwendig einen extremistischen Hintergrund. Aber in F\u00e4llen, in denen junge (oder auch \u00e4ltere) M\u00e4nner sich erm\u00e4chtigt f\u00fchlen, sich mit Messern an Unschuldigen abzureagieren, muss auch von ihrem kulturellen Hintergrund gesprochen werden \u2013 und das ist in den meisten berichteten F\u00e4llen der Islam.<br \/>\nDer NDR hat in seiner Berichterstattung auf die Herkunftsnennung verzichtet und spricht stattdessen von \u201eeinem Mann\u201c. Die Herkunft des T\u00e4ters sei \u201ef\u00fcr den Bericht nicht relevant\u201c und f\u00fchre \u201ezu einer diskriminierenden Verallgemeinerung oder zu Fehlinterpretationen\u201c. Statt zu informieren, ma\u00dfregelt der \u00f6ffentlich-rechtliche Rundfunk den B\u00fcrger.<\/p>\n<p>\u00d6RR Blog: &#8222;Nach der t\u00f6dlichen Messerattacke in einem Zug von Kiel nach Hamburg verweigert der NDR die Herkunft des T\u00e4ters zu nennen. Dies sei keine Zensur, sondern erhalte die Demokratie. #ReformOERR #OerrBlog&#8220; 25. Jan 2023<\/p>\n<p>CS: Wollt ihr mich verarschen? Ein Mann, der illegal in dieses Land gekommen ist, keine Asylberechtigung hat und trotzdem seit Jahren vollversorgt wird, der Frauen sexuell bel\u00e4stigt, gewaltt\u00e4tig ist und am Ende Menschen t\u00f6tet ist also kein Gef\u00e4hrder? #Hamburg #Kiel #Tote&#8220;. 25. Jan 2023.<\/p>\n<p>Viele Nutzer kritisieren daneben, dass die Bundesinnenministerin inzwischen offenbar gesch\u00fctzte Tweets absetzt, auf die man nicht direkt antworten kann.<br \/>\n&#8230; Alles vom 26.1.2023 bitte lesen auf<br \/>\n<a href=\"https:\/\/www.tichyseinblick.de\/daili-es-sentials\/brokstedt-essen-algeciras\/\">https:\/\/www.tichyseinblick.de\/daili-es-sentials\/brokstedt-essen-algeciras\/<\/a><\/p>\n<p>.<br \/>\n<strong>(3) Messerattacke in SH: Diese Tat folgt leider einem Muster<\/strong><br \/>\nDie Tat jetzt betrifft sehr wohl eben auch Merkels \u201eWir schaffen das\u201c. Dieser Slogan hat f\u00e4lschlicherweise bei vielen den Eindruck erweckt, als k\u00e4me es \u00fcberhaupt nicht auf die Zahl der unkontrolliert hereinstr\u00f6menden Migranten an. Wie wir aber sehen, sind die Ausl\u00e4nderbeh\u00f6rden, die Justiz, die f\u00fcr die Unterbringung Verantwortlichen, die medizinischen und psychologischen personellen Kapazit\u00e4ten f\u00fcr einen geordneten Umgang mit den Zuwanderern begrenzt \u2013 und inzwischen auch l\u00e4ngst ersch\u00f6pft. Die Kommunen kommen nicht mehr hinterher, auch weil nat\u00fcrlich auch die finanziellen Ressourcen begrenzt sind.<br \/>\nEs ist deshalb unverantwortlich, die Au\u00dfengrenzen weiterhin so gut wie unkontrolliert zu lassen, diese Art von Zuwanderung als schicksalhaft zu deklarieren und es einfach weitgehend zu unterlassen, diejenigen, die keine Aufenthaltsrechte haben und die \u2013 ja, auch darauf kommt es an \u2013 ohne Aussicht darauf sind, dass ihre Zuwanderung dem Gastland Deutschland n\u00fctzt, wieder zur\u00fcckzuf\u00fchren. Hierbei gibt es noch sehr, sehr viel Luft nach oben. Der Anteil der anerkannten Asylantr\u00e4ge sagt alles. Wir schaffen viel, aber eben nicht alles. Oder, wie der Titel des Buches des gr\u00fcnen B\u00fcrgermeisters von T\u00fcbingen, Boris Palmer, lautet: \u201eWir k\u00f6nnen nicht allen helfen\u201c.<br \/>\n&#8230; Alles vom 26.1.2023 bitte lesen auf<br \/>\n<a href=\"https:\/\/www.achgut.com\/artikel\/messersattacke_in_slh_diese_tat_folgt_leider_einem_muster\">https:\/\/www.achgut.com\/artikel\/messersattacke_in_slh_diese_tat_folgt_leider_einem_muster<\/a><\/p>\n<p>.<\/p>\n<p><strong>(4) Das Attentat von Brokstedt \u2013 eine vorl\u00e4ufige psychiatrische Bestandsaufnahme<\/strong><br \/>\nNach dem Attentat von Brokstedt offenbaren die zust\u00e4ndigen Beh\u00f6rden in zwei Bundesl\u00e4ndern eine ganze Versagenskette und schieben sich die Verantwortung gegenseitig zu. Aber auch die psychiatrische Einsch\u00e4tzung des T\u00e4ters durch Psychiater, Gutachter, Gerichte und Gef\u00e4ngnisleitung wirft multiple Fragen auf.<br \/>\nNur langsam entsteht nach offiziellen Verlautbarungen und etlichen Medienberichten \u2013 vor allem denen des NDR \u2013 ein etwas umfassenderes und klareres Bild des Attent\u00e4ters Ibrahim A., der am 25. Januar dieses Jahres im Regionalzug zwischen Kiel und Hamburg ein Blutbad mit zwei Toten und mehreren Verletzten anrichtete \u2013 mit einem wenige Stunden zuvor in einem Kieler Supermarkt erstandenen Messer. Wichtige Fragen sind aber immer noch offen, teils noch gar nicht gestellt.<br \/>\n&#8230; Alles vom 17.2.2023 von Wolfgang Meins bitte lesen auf<br \/>\n<a href=\"https:\/\/www.achgut.com\/artikel\/das_attentat_von_brokstedt_eine_vorlaeufige_psychiatrische_bestandsaufnahme\">https:\/\/www.achgut.com\/artikel\/das_attentat_von_brokstedt_eine_vorlaeufige_psychiatrische_bestandsaufnahme<\/a><\/p>\n<p>&nbsp;<\/p>\n","protected":false},"excerpt":{"rendered":"<p>Zwei Sch\u00fcler, ein 16-j\u00e4hriges M\u00e4dchen und ein 19-j\u00e4hriger junger Mann, wurden am 25.1.2023 im Regionalzug von Kiel nach Hamburg bei Brokstedt von dem 33-j\u00e4hrigen Ibrahim A. mit dem Messer ermordet sowie Mitreisende schwerverletzt niedergestochen. Die Opfer k\u00f6nnten noch leben (1): &hellip; <a href=\"https:\/\/www.freiburg-schwarzwald.de\/blog\/erneute-messerattacke-im-zug\/\">Weiterlesen <span class=\"meta-nav\">&rarr;<\/span><\/a><\/p>\n","protected":false},"author":2,"featured_media":0,"comment_status":"open","ping_status":"closed","sticky":false,"template":"","format":"standard","meta":{"footnotes":""},"categories":[210,14,155,60,80,157,19],"tags":[732,622],"class_list":["post-108989","post","type-post","status-publish","format-standard","hentry","category-gewalt","category-global","category-integration","category-jugend","category-medien","category-oeffentlicher-raum","category-religion","tag-gewalt","tag-migration"],"_links":{"self":[{"href":"https:\/\/www.freiburg-schwarzwald.de\/blog\/wp-json\/wp\/v2\/posts\/108989","targetHints":{"allow":["GET"]}}],"collection":[{"href":"https:\/\/www.freiburg-schwarzwald.de\/blog\/wp-json\/wp\/v2\/posts"}],"about":[{"href":"https:\/\/www.freiburg-schwarzwald.de\/blog\/wp-json\/wp\/v2\/types\/post"}],"author":[{"embeddable":true,"href":"https:\/\/www.freiburg-schwarzwald.de\/blog\/wp-json\/wp\/v2\/users\/2"}],"replies":[{"embeddable":true,"href":"https:\/\/www.freiburg-schwarzwald.de\/blog\/wp-json\/wp\/v2\/comments?post=108989"}],"version-history":[{"count":4,"href":"https:\/\/www.freiburg-schwarzwald.de\/blog\/wp-json\/wp\/v2\/posts\/108989\/revisions"}],"predecessor-version":[{"id":110229,"href":"https:\/\/www.freiburg-schwarzwald.de\/blog\/wp-json\/wp\/v2\/posts\/108989\/revisions\/110229"}],"wp:attachment":[{"href":"https:\/\/www.freiburg-schwarzwald.de\/blog\/wp-json\/wp\/v2\/media?parent=108989"}],"wp:term":[{"taxonomy":"category","embeddable":true,"href":"https:\/\/www.freiburg-schwarzwald.de\/blog\/wp-json\/wp\/v2\/categories?post=108989"},{"taxonomy":"post_tag","embeddable":true,"href":"https:\/\/www.freiburg-schwarzwald.de\/blog\/wp-json\/wp\/v2\/tags?post=108989"}],"curies":[{"name":"wp","href":"https:\/\/api.w.org\/{rel}","templated":true}]}}