{"id":108975,"date":"2023-01-25T19:08:31","date_gmt":"2023-01-25T18:08:31","guid":{"rendered":"https:\/\/www.freiburg-schwarzwald.de\/blog\/?p=108975"},"modified":"2023-01-28T09:53:55","modified_gmt":"2023-01-28T08:53:55","slug":"keine-panzer-nie-wieder-panzer","status":"publish","type":"post","link":"https:\/\/www.freiburg-schwarzwald.de\/blog\/keine-panzer-nie-wieder-panzer\/","title":{"rendered":"Keine Panzer! Nie wieder Panzer"},"content":{"rendered":"<p>&#8222;Panzer gegen Russland&#8220;. Allein die Symbolik macht alles zunichte: <a href=\"https:\/\/www.freiburg-schwarzwald.de\/blog\/engagement\/zukunft\/demokratie\/entspannungspolitik\/\">Entspannungspolitik<\/a>, <a href=\"https:\/\/www.freiburg-schwarzwald.de\/blog\/global\/deutschland\/deutsche-interessen\/\">Deutsche Interessen<\/a>, <a href=\"https:\/\/www.freiburg-schwarzwald.de\/blog\/engagement\/zukunft\/frieden\/pazifismus\/\">Frieden<\/a>. Der 24.1.2023, an dem Olaf Scholz eingeknickt ist und nun doch Leopard-<a href=\"https:\/\/www.freiburg-schwarzwald.de\/blog\/engagement\/zukunft\/krieg\/panzer\/\">Panzer<\/a> in die <a href=\"https:\/\/www.freiburg-schwarzwald.de\/blog\/global\/ukraine\/ukraine-frieden\/\">Ukraine<\/a> liefert, wird hoffentlich kein historischer Tag werden. Auch wenn auch die Au\u00dfenministerin <!--more--> mit ihrer informellen Kriegserkl\u00e4rung \u201eWe are fighting a war against Russia\u201c <a href=\"https:\/\/twitter.com\/i\/status\/1618227215803768832\">https:\/\/twitter.com\/i\/status\/1618227215803768832<\/a> dem entgegensteht. Wer ist &#8222;we&#8220;: D, EU oder Nato? Wer ist &#8222;Russia&#8220;: Das gr\u00f6\u00dfte Land der Welt und zudem Atommacht? Was ist &#8222;fighting a war&#8220;: Das gr\u00f6\u00dfte Elend und Unheil? Solange Scholz ein derart gef\u00e4hrliches <a href=\"https:\/\/www.freiburg-schwarzwald.de\/blog\/bildung\/infantil\/\">infantiles<\/a> Geplapper im Au\u00dfenamt zul\u00e4\u00dft, ist seine Politik unverantwortlich und\u00a0 unglaubw\u00fcrdig, wie das internationale Presseecho zeigt (1).<br \/>\n.<br \/>\nUnd auch die Antwort von Andrij Melnik, stellv. Au\u00dfenminister der Ukraine, auf Twitter am 25.1.2023, klingt nach weiterer Eskalation: &#8222;Halleluah! Jesus Christ! And now, dear allies, let&#8217;s establish a powerful fighter jet coalition for Ukraine with F-16 &amp; F-35, Eurofighter &amp; Tornado, Rafale &amp; Gripen jets &amp; evertything you can deliver to save Ukraine&#8220;<br \/>\n.<br \/>\nDas <a href=\"https:\/\/www.freiburg-schwarzwald.de\/blog\/engagement\/zukunft\/demokratie\/bundestag\/\">Parlament<\/a> in Berlin wird zu diese wichtigen Entscheidung nicht nochmals angeh\u00f6rt, um dann frei, geheim und ohne Fraktionszwang entscheiden zu k\u00f6nnen. Erfahrene deutsche Milit\u00e4rs werden ignoriert, so Ex-Brigadegeneral Erich Vad (2) und Nato-Milit\u00e4rausschuss-Vorsitzender Harald Kujat (3).<br \/>\nIn den meisten Medienberichten wird die Botschaft &#8222;Die Panzerlieferungen kommen zu sp\u00e4t&#8220; verbreitet. Soll damit ein sp\u00e4teres Scheitern antizipiert werden? Oder nur die Botschaft &#8222;Panzerlieferungen sind in jedem Fall sinnvoll&#8220; vermittelt werden (siehe (4))?<\/p>\n<p>Der Abgeordnete Petr Bystron hat darauf eine Antwort, die nachdenklich macht: \u00bbLiebe Kollegen von der CDU\/CSU: Das ist schon ein interessanter Ansatz, den Sie hier fahren: Deutsche Panzer gegen Russland in der Ukraine?! Das haben schon ihre Gro\u00dfv\u00e4ter versucht. Und was ist das Ergebnis?! Uns\u00e4gliches Leid, zig Millionen Tote auf beiden Seiten und am Ende russische Panzer hier in Berlin. Zwei davon stehen als Denkmal da drau\u00dfen. Sie sollten jeden Morgen daran vorbeigehen und sich daran erinnern! Au\u00dfenpolitik ist nicht Panzer durch die Gegend schicken, sondern das ist Diplomatie, das ist Suche nach Ausgleich und Verst\u00e4ndigung, nach Kompromiss. (&#8230;). <strong><em>Die Mehrheit der Deutschen will diesen Krieg nicht!<\/em><\/strong>\u00ab<br \/>\n<a href=\"http:\/\/www.bundestag.de\/dokumente\/textarchiv\/2023\/kw03-de-ukraine-kampfpanzer-929556\">http:\/\/www.bundestag.de\/dokumente\/textarchiv\/2023\/kw03-de-ukraine-kampfpanzer-929556<\/a><br \/>\n.<br \/>\nJ\u00fcrgen Gr\u00e4sslin, <a href=\"https:\/\/www.freiburg-schwarzwald.de\/blog\/engagement\/zukunft\/frieden\/friedensbewegung\/\">Deutsche Friedensgesellschaft<\/a>, warnt vor der Eskalation: &#8222;Nach den schweren Kampfpanzern k\u00f6nnten Kampfhubschrauber und Jets kommen \u2013 dadurch steigt die Eskalationsspirale bis hin zum Einsatz von Atomwaffen durch Russland. Dann ist alles verloren. Es gibt nur eine einzige Chance, diesem Schreckensszenario zu entweichen: Einen sofortigen Waffenstillstand und Friedensverhandlungen unter der Leitung von UN-Generalsekret\u00e4r Ant\u00f3nio Guterres an einem neutralen Ort.&#8220;<br \/>\nWie recht Gr\u00e4sslin doch hat: Denn prompt nach Scholz&#8216; Entscheidung bittet Selenskyi um Kampfjets und Raketen (5). Die Leopard-Panzer als Puzzle in der nun immer weiter rollenden Waffenspirale?<br \/>\nSahra Wagenknecht: \u201eMit immer mehr Waffen beendet man keinen Krieg\u201c (6).<br \/>\nEva Herman: &#8222;Die Deutschen waren es (US-Journalist Alex Jones)&#8220; (7)<br \/>\n25.1.2023<br \/>\n.<br \/>\nEnde von Beitrag &#8222;Keine Panzer! Nie wieder Panzer!&#8220;<br \/>\n==============================================================<br \/>\nBeginn von Anlagen (1) bis (7)<br \/>\n.<br \/>\n.<br \/>\n<strong>(1) Internationale Pressestimmen zur \u201einformellen Kriegserkl\u00e4rung\u201c Annalena Baerbocks<br \/>\n<\/strong>Die deutsche Au\u00dfenministerin Annalena Baerbock ist gestern durch die sehr starke Aussage man befinde sich im Krieg mit Russland vor dem Europaparlament in Stra\u00dfburg aufgefallen. Die internationalen Reaktionen darauf sind entweder scharf, oder es wird ignoriert und man konzentriert sich nur auf die Eskalation des Krieges durch die Lieferung von Panzern. Die indische Hindustan Times berichtet recht ausf\u00fchrlich und hat auch folgendes Video dazu online gestellt <a href=\"https:\/\/youtu.be\/KrknOOYhlKg\">https:\/\/youtu.be\/KrknOOYhlKg<\/a>,<br \/>\ndas einen relativ guten \u00dcberblick \u00fcber internationale Reaktionen gibt<br \/>\n&#8230; Alles vom 26.1.2023 von Dr. Peter F. Mayer bitte lesen auf<br \/>\n<a href=\"https:\/\/tkp.at\/2023\/01\/26\/internationale-pressestimmen-zur-informellen-kriegserklaerung-annalena-baerbocks\/\">https:\/\/tkp.at\/2023\/01\/26\/internationale-pressestimmen-zur-informellen-kriegserklaerung-annalena-baerbocks\/<\/a><\/p>\n<p><strong>German foreign minister: &#8222;We are fighting Russia, not each other&#8220;<\/strong><br \/>\n&#8230; Alles vom 24.1.2023 bitte lesen auf<br \/>\n<a href=\"https:\/\/www.anews.com.tr\/economy\/2023\/01\/24\/german-foreign-minister-we-are-fighting-russia-not-each-other\">https:\/\/www.anews.com.tr\/economy\/2023\/01\/24\/german-foreign-minister-we-are-fighting-russia-not-each-other<\/a><br \/>\n.<br \/>\n<a href=\"https:\/\/www.freiburg-schwarzwald.de\/blog\/engagement\/zukunft\/krieg\/panzer\/\">Deutsche Panzerlieferungen sind falsch \u2013 verl\u00e4ngert nur den Krieg<\/a> (20.1.2023)<br \/>\n.<br \/>\n.<\/p>\n<p><strong>(2) Fr\u00fcherer Brigadegeneral Vad lehnt die Lieferung von Leopard-Panzern ab<\/strong><br \/>\nDer fr\u00fchere Brigadegeneral Vad lehnt die Lieferung von Leopard-Panzern an die Ukraine ab. Eine Lieferung von Leopard-Panzern w\u00e4re ein \u201eweiterer Schritt auf der Eskalation nach oben\u201c, sagte der ehemalige Brigadegeneral Erich Vad. Er warnte vor einer \u201esymboltr\u00e4chtigen Politik\u201c mit immer mehr Waffenlieferungen. Man m\u00fcsse \u00fcber Ziele reden.<br \/>\n&#8230; Alles vom 20.1.2023 bitte lesen auf<br \/>\n<a href=\"https:\/\/www.deutschlandfunk.de\/frueherer-brigadegeneral-vad-vor-panzerlieferung-politische-ziele-klaeren-102.htm\">https:\/\/www.deutschlandfunk.de\/frueherer-brigadegeneral-vad-vor-panzerlieferung-politische-ziele-klaeren-102.htm<\/a>l<br \/>\n<a href=\"https:\/\/www.deutschlandfunk.de\/interview-mit-erich-vad-brigadegeneral-a-d-dlf-b8ef1d2a-100.htmlles\">https:\/\/www.deutschlandfunk.de\/interview-mit-erich-vad-brigadegeneral-a-d-dlf-b8ef1d2a-100.htmlles<\/a><br \/>\n.<\/p>\n<p><strong>(3) Ex-Nato-General Kujat zum Russland-Ukraine-Krieg<\/strong><br \/>\nIm Interview mit der Schweizer Zeitung Zeitgeschehen im Fokus hat der fr\u00fchere Generalinspekteur der Bundeswehr und ehemalige Vorsitzende des Nato-Milit\u00e4rausschusses, Harald Kujat, sich sehr ausf\u00fchrlich und kritisch zur Rolle Deutschlands und der Nato im Ukraine-Konflikt ge\u00e4u\u00dfert. Hier einige der wichtigsten Aussagen.<br \/>\n&#8230;<br \/>\nZur Berichterstattung in den Mainstream-Medien sagt Kujat u.a.: \u201eDer Ukrainekrieg ist nicht nur eine milit\u00e4rische Auseinandersetzung; er ist auch ein Wirtschafts- und ein Informationskrieg. In diesem Informationskrieg kann man zu einem Kriegsteilnehmer werden, wenn man sich Informationen und Argumente zu eigen macht, die man weder verifizieren noch aufgrund eigener Kompetenz beurteilen kann. (\u2026) Besonders \u00e4rgerlich finde ich, dass die deutschen Sicherheitsinteressen und die Gefahren f\u00fcr unser Land durch eine Ausweitung und Eskalation des Krieges so wenig beachtet werden.\u201c<br \/>\n&#8230;<br \/>\nScharf kritisiert Kujat das westliche Agieren im Zusammenhang mit dem Abkommen Minsk II. Angela Merkel habe unmissverst\u00e4ndlich einger\u00e4umt, sie habe das Abkommen Minsk II nur ausgehandelt, um der Ukraine Zeit zu verschaffen. Und die Ukraine habe diese auch genutzt, um milit\u00e4risch aufzur\u00fcsten. Das habe auch der ehemalige franz\u00f6sische Pr\u00e4sident Hollande best\u00e4tigt, und Petro Poroschenko, der ehemalige ukrainische Staatspr\u00e4sident, ebenfalls. Er \u00e4u\u00dfert Verst\u00e4ndnis daf\u00fcr, dass Russland das als Betrug betrachte. Und auch die Regierung der Ukraine kritisiert Kujat. Deren \u201eWeigerung, das Abkommen umzusetzen, noch wenige Tage vor Kriegsbeginn\u201c, sei einer der Ausl\u00f6ser f\u00fcr den Krieg gewesen. Das Handeln der Bundesregierung in diesem Zusammenhang nennt er sogar einen V\u00f6lkerrechtsbruch<br \/>\n&#8230; Alles vom 21.1.2023 bitte lesen auf<br \/>\n<a href=\"https:\/\/norberthaering.de\/news\/kujat\/\">https:\/\/norberthaering.de\/news\/kujat\/<\/a><br \/>\n.<br \/>\n<strong>Ukrainekonflikt: \u00abJetzt w\u00e4re der richtige Zeitpunkt, die abgebrochenen Verhandlungen wieder aufzunehmen\u00bb<\/strong><br \/>\n\u00abWaffenlieferungen bedeuten, dass der Krieg sinnlos verl\u00e4ngert wird\u00bb&#8220;<br \/>\n&#8230; Interview vom 18.1.2023 mit General a.D. Harald Kuat bitte lesen auf<br \/>\n<a href=\"https:\/\/zeitgeschehen-im-fokus.ch\/de\/newspaper-ausgabe\/nr-1-vom-18-januar-2023.html\">https:\/\/zeitgeschehen-im-fokus.ch\/de\/newspaper-ausgabe\/nr-1-vom-18-januar-2023.html<\/a><br \/>\n.<br \/>\n.<\/p>\n<p><strong>(4) Die Entscheidung f\u00fcr die Panzerlieferung kommt zu sp\u00e4t \u2013 warum sagen das so viele?<\/strong><br \/>\nZum Ende des Tages noch eine Anmerkung zu einer auffallend einheitlich laufenden Debatte: Was heute von Medien und Politik so penetrant zu den Lieferungen der Panzer verlautbart wird, ist ein gutes Beispiel f\u00fcr die Anwendung der Methode \u201eB sagen und A meinen\u201c. Die Botschaft, die Panzerlieferungen h\u00e4tten schon fr\u00fcher erfolgen m\u00fcssen, sie k\u00e4men zu sp\u00e4t oder \u00e4hnlich, wird seit gestern Abend penetrant verbreitet. Einige Quellen siehe unten.<br \/>\nDiese vielen kritischen Anmerkungen erfolgen nicht aus irgendwelchen sachlichen Erw\u00e4gungen \u00fcber die Notwendigkeit, die Entscheidung f\u00fcr die Panzerlieferung schon vor einem Monat oder vor einem halben Jahr getroffen zu haben. Das Argument \u2013 zu sp\u00e4t = Botschaft B \u2013 wird wiederholt und st\u00e4ndig verbreitet, weil damit die Botschaft A \u2013 Panzerlieferungen sind sinnvoll \u2013 als jedem Zweifel enthoben und als richtig festgeklopft wird. Pr\u00fcfen Sie einfach mal an sich selbst oder in Ihrem Bekannten- und Familienkreis, wie die <a href=\"https:\/\/www.freiburg-schwarzwald.de\/blog\/kultur\/medien\/manipulation\/\">Manipulationsmethode<\/a> funktioniert.<br \/>\n&#8230; Alles vom 25.1.2023 von Albrecht M\u00fcller bitte lesen auf<br \/>\n<a href=\"https:\/\/www.nachdenkseiten.de\/?p=93001\">https:\/\/www.nachdenkseiten.de\/?p=93001<\/a><br \/>\n<a href=\"https:\/\/www.nachdenkseiten.de\/?p=92996\">https:\/\/www.nachdenkseiten.de\/?p=92996<\/a><br \/>\n.<\/p>\n<p><strong>(5) Selenskyj bittet Stoltenberg um Flugzeuge und Langstreckenraketen<\/strong><br \/>\nNach Darstellung des ukrainischen Pr\u00e4sidenten Wolodymyr Selenskyj sind Tempo und Anzahl die wichtigsten Faktoren bei den Panzerlieferungen f\u00fcr die Kriegsbem\u00fchungen seines Landes. Es m\u00fcsste eine Panzerstreitmacht aufgestellt werden, damit Tyrannei keine Chance mehr habe, sagt Selenskyj in seiner abendlichen Videoansprache.Der Pr\u00e4sident berichtete auch, dass er mit NATO-Generalsekret\u00e4r Jens Stoltenberg telefoniert und ihn um die Lieferung von Langstreckenraketen und Flugzeugen gebeten habe<br \/>\n25.1.2023 um 22:01 Uhr:<br \/>\n<a href=\"https:\/\/www.tagesschau.de\/newsticker\/liveblog-ukraine-mittwoch-209.html#Selenskyj-bittet-Stoltenberg-um-Flugzeuge-und-Langstreckenraketen\">https:\/\/www.tagesschau.de\/newsticker\/liveblog-ukraine-mittwoch-209.html#Selenskyj-bittet-Stoltenberg-um-Flugzeuge-und-Langstreckenraketen<\/a><\/p>\n<p>.<\/p>\n<p><strong>(6) Sahra Wagenknecht: \u201eMit immer mehr Waffen beendet man keinen Krieg\u201c<\/strong><br \/>\nDie fr\u00fchere Fraktionsvorsitzende der Linken im Bundestag, Sahra Wagenknecht, hat den Beschluss der Bundesregierung, Leopard-Kampfpanzer in die Ukraine zu liefern, scharf kritisiert. \u201eIch halte das f\u00fcr hochgef\u00e4hrlich und ich habe Sorge, dass man durch solche Entscheidungen diesen Krieg immer mehr eskaliert. Mit immer mehr Waffen beendet man keinen Krieg\u201c, erkl\u00e4rte Wagenknecht im Fernsehsender phoenix und f\u00fcgte hinzu: \u201eWir lassen uns immer tiefer in diesen Krieg hineinziehen. Das ist eine v\u00f6llig falsche Antwort auf diese Situation.\u201c Die Bundesregierung verkenne offenbar die Risiken v\u00f6llig. <em><strong>\u201eWenn man Soldaten ausbildet, ist man Teil des Krieges.\u201c<\/strong><\/em> Die Linken-Bundestagsabgeordnete sprach sich f\u00fcr diplomatische Initiativen und Verhandlungen aus. \u201eWir haben auf dem Gefechtsfeld faktisch eine Patt-Situation. Keine Seite kann gewinnen, also muss es Druck geben in Richtung Verhandlungen.\u201c<br \/>\n<a href=\"https:\/\/youtu.be\/KuHbCIw8rMc\">https:\/\/youtu.be\/KuHbCIw8rMc<\/a><br \/>\n&#8230; Alles vom 26.1.2023 bitte lesen auf<br \/>\n<a href=\"https:\/\/www.phoenix.de\/sahra-wagenknecht-a-3052431.html\">https:\/\/www.phoenix.de\/sahra-wagenknecht-a-3052431.html<\/a><br \/>\n.<br \/>\nErst Panzer, dann Kampfjets, dann deutsche Soldaten? Wer stoppt den Wahnsinn?<br \/>\n19.1.2023, <a href=\"https:\/\/youtu.be\/U0rBBMStw9Q\">https:\/\/youtu.be\/U0rBBMStw9Q<\/a><\/p>\n<p>.<\/p>\n<p><strong>(7) Eva Herman: &#8222;Die Deutschen waren es (US-Journalist Alex Jones)&#8220;<\/strong><br \/>\nMit der Zusage Deutschlands, Panzer an die Ukraine zu liefern, erreicht der Krieg eine neue Eskalationsstufe. Ein direkter Konflikt mit Russland scheint immer wahrscheinlicher. In seiner Sendung vom Mittwoch behauptete US-Journalist Alex Jones, Deutschland solle gar als S\u00fcndenbock herhalten. Wir bef\u00e4nden uns bereits im Dritten Weltkrieg.<br \/>\n\u201eZum ersten Mal seit dem Zweiten Weltkrieg schicken sie Panzer in die russische Zone. (\u2026) Und wenn sie einmal den Kopf daf\u00fcr hinhalten m\u00fcssen, werden alle anderen schwere Kampfpanzer beisteuern. Auf diese Weise kann man in der Geschichte sagen, dass es die Deutschen waren.\u201d<br \/>\nSeine Behauptung, dass wir uns bereits im Dritten Weltkrieg befinden, belegt Jones auch mit einem aktuellen Video von Au\u00dfenministerin Baerbock, das sie vor der Parlamentarischen Versammlung des Europarates in Stra\u00dfburg zeigt.<br \/>\n26.1.2023, <a href=\"https:\/\/t.me\/EvaHermanOffiziell\/121074\">https:\/\/t.me\/EvaHermanOffiziell\/121074<\/a> (Video von Alex Jones)<br \/>\n<a href=\"https:\/\/www.eva-herman.net\/offiziell\/\">https:\/\/www.eva-herman.net\/offiziell\/<\/a><\/p>\n","protected":false},"excerpt":{"rendered":"<p>&#8222;Panzer gegen Russland&#8220;. Allein die Symbolik macht alles zunichte: Entspannungspolitik, Deutsche Interessen, Frieden. Der 24.1.2023, an dem Olaf Scholz eingeknickt ist und nun doch Leopard-Panzer in die Ukraine liefert, wird hoffentlich kein historischer Tag werden. Auch wenn auch die Au\u00dfenministerin<\/p>\n","protected":false},"author":2,"featured_media":0,"comment_status":"open","ping_status":"closed","sticky":false,"template":"","format":"standard","meta":{"footnotes":""},"categories":[210,14,162,63,80,157,172],"tags":[520,667,525,86],"class_list":["post-108975","post","type-post","status-publish","format-standard","hentry","category-gewalt","category-global","category-internet","category-krise","category-medien","category-oeffentlicher-raum","category-zukunft","tag-frieden","tag-krieg","tag-politik","tag-waffen"],"_links":{"self":[{"href":"https:\/\/www.freiburg-schwarzwald.de\/blog\/wp-json\/wp\/v2\/posts\/108975","targetHints":{"allow":["GET"]}}],"collection":[{"href":"https:\/\/www.freiburg-schwarzwald.de\/blog\/wp-json\/wp\/v2\/posts"}],"about":[{"href":"https:\/\/www.freiburg-schwarzwald.de\/blog\/wp-json\/wp\/v2\/types\/post"}],"author":[{"embeddable":true,"href":"https:\/\/www.freiburg-schwarzwald.de\/blog\/wp-json\/wp\/v2\/users\/2"}],"replies":[{"embeddable":true,"href":"https:\/\/www.freiburg-schwarzwald.de\/blog\/wp-json\/wp\/v2\/comments?post=108975"}],"version-history":[{"count":5,"href":"https:\/\/www.freiburg-schwarzwald.de\/blog\/wp-json\/wp\/v2\/posts\/108975\/revisions"}],"predecessor-version":[{"id":109106,"href":"https:\/\/www.freiburg-schwarzwald.de\/blog\/wp-json\/wp\/v2\/posts\/108975\/revisions\/109106"}],"wp:attachment":[{"href":"https:\/\/www.freiburg-schwarzwald.de\/blog\/wp-json\/wp\/v2\/media?parent=108975"}],"wp:term":[{"taxonomy":"category","embeddable":true,"href":"https:\/\/www.freiburg-schwarzwald.de\/blog\/wp-json\/wp\/v2\/categories?post=108975"},{"taxonomy":"post_tag","embeddable":true,"href":"https:\/\/www.freiburg-schwarzwald.de\/blog\/wp-json\/wp\/v2\/tags?post=108975"}],"curies":[{"name":"wp","href":"https:\/\/api.w.org\/{rel}","templated":true}]}}