{"id":10891,"date":"2012-09-19T19:44:44","date_gmt":"2012-09-19T17:44:44","guid":{"rendered":"https:\/\/www.freiburg-schwarzwald.de\/blog\/?p=10891"},"modified":"2012-09-19T19:44:44","modified_gmt":"2012-09-19T17:44:44","slug":"zarten-10-jahre-ohne-b31-fest-22-und-23-9","status":"publish","type":"post","link":"https:\/\/www.freiburg-schwarzwald.de\/blog\/zarten-10-jahre-ohne-b31-fest-22-und-23-9\/","title":{"rendered":"Zarten 10 Jahre ohne B31 &#8211; Fest 22. und 23.9."},"content":{"rendered":"<p>Vor 10 Jahren kurz nach 11:30 Uhr am 24.10.2002 war es soweit; der <a title=\"Kirchzarten\" href=\"https:\/\/www.freiburg-schwarzwald.de\/blog\/regio\/orte\/kirchzarten\/\">Kirchzartener<\/a> Ortsteil Zarten wurde endlich vom Verkehr befreit. Dies indem die neue B31-Ost und deren Freiburger Tunnel er\u00f6ffnet und die bestehende B31 durch den kleinen Ortsteil f\u00fcr den <a title=\"Verkehr\" href=\"https:\/\/www.freiburg-schwarzwald.de\/blog\/regio\/verkehr\/\">Durchgangsverkehr<\/a> geschlossen wurde. Damals wie heute ein gro\u00dfer Festtag f\u00fcr die Zartener B\u00fcrger. Der B\u00fcrgerverein Zarten verwandelt schon damals in kurzer Zeit die alte Bundesstra\u00dfe in einen Festplatz, geschm\u00fcckt mit Strohballen, herbstlicher Dekoration, Fahnen und Kr\u00e4nzen sowie musikalischer Untermalung dieses Triumphtages durch den Musikverein.<!--more--><\/p>\n<p>Nun, 10 Jahre danach, sind es wiederum die Zartener Vereine, welche mit einem gro\u00dfen Festwochenende an diesen historischen Moment erinnern und abermals gemeinsam mit der Bev\u00f6lkerung feiern wollen. Das 2t\u00e4gige Jubil\u00e4um steht komplett unter dem Motto <strong>\u201eEine Zeitreise durch die Mobilit\u00e4t\u201c <\/strong>und soll die Geschichte der Fortbewegungsmittel von Damals bis Heute (unter anderem auf der B31) aufzeigen. Der Beginn ist am <strong>Samstag<\/strong>, den 22. September 2012 um 18 Uhr mit dem traditionellen Fa\u00dfanstich und der Er\u00f6ffnungsrede durch Herrn B\u00fcrgermeister Andreas Hall im Festzelt welches beim Gasthaus B\u00e4ren errichtet wird. Im Anschluss daran wird der Abend mit der Kirchzartener <strong>Partyband \u201eHock\u00b4n\u00b4Roll\u201c<\/strong> untermalt, wobei gleichzeitig eine Ausstellung \u201ehistorischer Schlepper\u201c auf dem Festgel\u00e4nde stattfindet. Gegen 22\u00b0\u00b0 Uhr hei\u00dft es dann \u201eParty-Time mit Musik von Damals bis Heute\u201c im B\u00e4renkeller mit den DJs Afra &amp; Sky.<\/p>\n<p>Am Sonntag, den 23. September 2012 findet um 10\u00b0\u00b0 Uhr der Gemeindegottesdienst der Kirchengemeinde Stegen im Festzelt statt. Geleitet wird dieser feierliche Festgottesdienst von Herrn Dr. Peter Birkhofer, dem Leiter des Referats Liturgie und \u00d6kumene und Mitglied des Domkapitals der Erzdi\u00f6zese Freiburg i. Br.\u00a0 &#8211; Herr Dr. Peter Birkhofer war gleichzeitig Koordinator des Papstbesuches 2011 im Erzbistum Freiburg, von dessen Jahrhundertereignis noch dutzende Papstb\u00e4nke in der Kirchengemeinde zeugen. Einige diese von der Feuerwehr Kirchzarten und Zarten liebevoll restaurierten B\u00e4nke werden auch bei diesem Gottesdienst als Sitzm\u00f6glichkeiten den Besucher dienen.<\/p>\n<p>Ab 11\u00b0\u00b0 Uhr wird der Musikverein Kirchzarten zum Fr\u00fchschoppenkonzert aufspielen und die Mittagszeit unterhaltsam gestalten. Gleichzeitig findet ab 11\u00b0\u00b0 Uhr \u00fcber die Dauer des ganzen Tages auf der alten B31 ab dem Kreisverkehr Ortsmitte bis zum Ortsende ein buntes Rahmenprogramm zum Motto der Mobilit\u00e4t Fr\u00fcher &amp; Heute statt. Fahrzeugausstellungen &amp; Aktionsst\u00e4nde namhafter Autoh\u00e4user aus Nah und Fern sowie Oldtimer, Nutzfahrzeuge, US-Fahrzeuge zum Anschauen und Erleben werden auf der Festmeile erwartet. Es bietet sich die M\u00f6glichkeiten zu einer Aktionsfahrt in einem der diversen Elektrofahrzeugen \u2013 das \u201eGef\u00e4hrt von morgen\u201c &#8211; oder einen Sprung zur\u00fcck in die Vergangenheit mit der Postkutsche durch Zarten. Ab 14\u00b0\u00b0 Uhr geht es dann wieder stimmungsvoll weiter. Die Rockabilly-Country-Swing-Band <strong>\u201eBallroom Stompers\u201c<\/strong> konnte f\u00fcr ein Konzert gewonnen werden und wird mit Ihrer Mischung aus Rock\u00b4n\u00b4Roll, Country und weiterer Musik der 50iger\/60iger Jahre den Besucher auf der B31 kr\u00e4ftig einheizen. Gleichzeitig wird f\u00fcr die kleinen G\u00e4ste ein buntes Rahmenprogramm geboten. Dies besteht u. a. aus einem kleinen Streichelzoo, Pony-Reiten und dem lustigen Kinderprogramm der Jugendfeuerwehr Kirchzarten. F\u00fcr die Besucher, welche hoffentlich zahlreich erscheinen werden, wird auch die ein oder andere Tour durch einen Segway-Parcour oder einer Fahrt in einer der l\u00e4ngsten Limousinen Freiburgs vor Ort m\u00f6glich sein. Gleichzeitig werden den ganzen Tag G\u00e4ste, welche mit dementsprechenden, dem Motto angepassten eigenen Fahrzeugen anreisen und eine Runde durch den Ausstellungsparcours fahren und somit das Gesamtbild bereichern, im Namen der Zartener Vereine zu einem Gratisgedeck \u201eKaffee &amp; Kuchen\u201c eingeladen.\u00a0<br \/>\nZwei Tage lang wird die B31 durch viele Personen und Fahrzeuge wieder so stark frequentiert sein\u00a0wie damals, jedoch mit dem Unterschied, dass die Ruhe wieder einkehren wird und die Bev\u00f6lkerung sich auf dieses interessante und vielseitige Wochenende freuen darf.<br \/>\n<a href=\"https:\/\/www.dreisamtaeler.de\">www.dreisamtaeler.de<\/a><\/p>\n<p><a href=\"https:\/\/www.freiburgB31.de\">www.freiburgB31.de<\/a><\/p>\n","protected":false},"excerpt":{"rendered":"<p>Vor 10 Jahren kurz nach 11:30 Uhr am 24.10.2002 war es soweit; der Kirchzartener Ortsteil Zarten wurde endlich vom Verkehr befreit. Dies indem die neue B31-Ost und deren Freiburger Tunnel er\u00f6ffnet und die bestehende B31 durch den kleinen Ortsteil f\u00fcr &hellip; <a href=\"https:\/\/www.freiburg-schwarzwald.de\/blog\/zarten-10-jahre-ohne-b31-fest-22-und-23-9\/\">Weiterlesen <span class=\"meta-nav\">&rarr;<\/span><\/a><\/p>\n","protected":false},"author":4,"featured_media":0,"comment_status":"open","ping_status":"closed","sticky":false,"template":"","format":"standard","meta":{"footnotes":""},"categories":[50,249,125,118],"tags":[374,248],"class_list":["post-10891","post","type-post","status-publish","format-standard","hentry","category-dreisamtal","category-hock","category-musikvereine","category-verkehr","tag-b31","tag-feste"],"_links":{"self":[{"href":"https:\/\/www.freiburg-schwarzwald.de\/blog\/wp-json\/wp\/v2\/posts\/10891","targetHints":{"allow":["GET"]}}],"collection":[{"href":"https:\/\/www.freiburg-schwarzwald.de\/blog\/wp-json\/wp\/v2\/posts"}],"about":[{"href":"https:\/\/www.freiburg-schwarzwald.de\/blog\/wp-json\/wp\/v2\/types\/post"}],"author":[{"embeddable":true,"href":"https:\/\/www.freiburg-schwarzwald.de\/blog\/wp-json\/wp\/v2\/users\/4"}],"replies":[{"embeddable":true,"href":"https:\/\/www.freiburg-schwarzwald.de\/blog\/wp-json\/wp\/v2\/comments?post=10891"}],"version-history":[{"count":0,"href":"https:\/\/www.freiburg-schwarzwald.de\/blog\/wp-json\/wp\/v2\/posts\/10891\/revisions"}],"wp:attachment":[{"href":"https:\/\/www.freiburg-schwarzwald.de\/blog\/wp-json\/wp\/v2\/media?parent=10891"}],"wp:term":[{"taxonomy":"category","embeddable":true,"href":"https:\/\/www.freiburg-schwarzwald.de\/blog\/wp-json\/wp\/v2\/categories?post=10891"},{"taxonomy":"post_tag","embeddable":true,"href":"https:\/\/www.freiburg-schwarzwald.de\/blog\/wp-json\/wp\/v2\/tags?post=10891"}],"curies":[{"name":"wp","href":"https:\/\/api.w.org\/{rel}","templated":true}]}}