{"id":108831,"date":"2023-01-22T10:52:50","date_gmt":"2023-01-22T09:52:50","guid":{"rendered":"https:\/\/www.freiburg-schwarzwald.de\/blog\/?p=108831"},"modified":"2023-01-22T11:40:22","modified_gmt":"2023-01-22T10:40:22","slug":"abdel-samad-islam-und-europa","status":"publish","type":"post","link":"https:\/\/www.freiburg-schwarzwald.de\/blog\/abdel-samad-islam-und-europa\/","title":{"rendered":"Abdel-Samad: Islam und Europa"},"content":{"rendered":"<p>Die Str\u00f6mungen <a href=\"https:\/\/www.freiburg-schwarzwald.de\/blog\/kultur\/kulturverlust\/woke\/\">Woke<\/a>, <a href=\"https:\/\/www.freiburg-schwarzwald.de\/blog\/kultur\/kulturverlust\/cancelculture\/\">CancelCulture<\/a> und <a href=\"https:\/\/www.freiburg-schwarzwald.de\/blog\/engagement\/rassismus\/antirassismus\/\">Anti-Rassismus<\/a> haben die <a href=\"https:\/\/www.freiburg-schwarzwald.de\/blog\/kultur\/medien\/diskussionskultur\/\">Diskursr\u00e4ume<\/a> so eingeengt, da\u00df in Hochschulen , Kirchen, NGOs , Politik und Medien kaum eine offene und <a href=\"https:\/\/www.freiburg-schwarzwald.de\/blog\/kultur\/medien\/kritik\/\">kritische<\/a> Auseinandersetzung mit dem <a href=\"https:\/\/www.freiburg-schwarzwald.de\/blog\/religion\/islam\/saekularer-islam\/\">Islam<\/a> mehr erfolgt. Mit seinem Buch &#8222;Islam. Eine kritische Geschichte&#8220; will <a href=\"https:\/\/www.freiburg-schwarzwald.de\/blog\/religion\/islam\/abdel-samad\/\">Hamed Abdel-Samad<\/a> dazu beitragen, <!--more-->diese Diskussion um den Islam in Deutschland wieder zu beleben.islampoli<br \/>\nEr stellt die zentrale Frage:<br \/>\n<em><strong>Ver\u00e4ndert der Islam Europa &#8211; oder der Europa den Islam?<\/strong><\/em><br \/>\nAbdel-Samad meint Ersteres und begr\u00fcndet dies so:<br \/>\n<em><strong>\u201eVertreter des Islams glauben energischer an ihre Sache<br \/>\nals Europ\u00e4er an die Freiheit.\u201c<\/strong><\/em><\/p>\n<p>Dem linken Establishment, das <a href=\"https:\/\/www.freiburg-schwarzwald.de\/blog\/religion\/islam\/islamismus\/\">Islamismus<\/a> in Deutschland kaum bek\u00e4mpft und jegliche Kritik an Muslimen als Rassismus tabuisiert, wirft der Autor selbst Rassismus vor: \u201eEs ist ein Rassismus der gesenkten Erwartungshaltung\u201c, der Muslime <a href=\"https:\/\/www.freiburg-schwarzwald.de\/blog\/engagement\/zukunft\/demokratie\/naivitaet\/infantilisierung\/\">infantilisiert<\/a>, ihnen eigene Kritikf\u00e4higkeit abspricht und die bequeme Opferrolle zubilligt.<\/p>\n<p>Die Zukunft sieht der Autor geteilt: In islamischen L\u00e4ndern erkennt er Reformen &#8211; nicht am Islam selbst, den er f\u00fcr nicht reformierbar h\u00e4lt, sondern an der &#8222;Mentalit\u00e4t der Menschen&#8220;. In einem Europa des nachlassenden <a href=\"https:\/\/www.freiburg-schwarzwald.de\/blog\/freiheit-ist-das-einzige-was-zaehlt\/\">Freiheitswillens<\/a> hingegen k\u00f6nnte der fundamentalistische Islam die Oberhand gewinnen. Er selbst bietet ein Beispiel zur aktuellen Lage:<br \/>\nHamed Abdel-Samad, ehemaliger Muslimbruder aus Kairo und inzwischen Deutscher, kann sich hierzulande nicht mehr frei bewegen, sondern nur in Begleitung mehrerer <a href=\"https:\/\/www.freiburg-schwarzwald.de\/blog\/kultur\/medien\/meinungsterror\/\">Personensch\u00fctzer<\/a>. Tagein tagaus. Seit Jahren. Seit er sich f\u00fcr ein friedliches Miteinander der <a href=\"https:\/\/www.freiburg-schwarzwald.de\/blog\/religion\/zivilreligion\/\">Religionen<\/a> in Deutschland einsetzt. So wurde er auch bei der Vorstellung seines Buchs in Berlin von Muslimen bespuckt und bedroht &#8211; was h\u00e4tte passieren k\u00f6nnen, wenn er ohne Personenschutz aufgetreten w\u00e4re?<br \/>\n.<br \/>\nFazit: Das Buch &#8222;Islam. Eine kritische Geschichte&#8220; ist lesenswert, weil informativ. Das Statement <em><strong>\u201eVertreter des Islams glauben energischer an ihre Sache als Europ\u00e4er an die Freiheit.\u201c<\/strong><\/em> mu\u00df ernst genommen und als Mahnung akzeptiert werden: Die <a href=\"https:\/\/www.freiburg-schwarzwald.de\/blog\/engagement\/zukunft\/demokratie\/freiheit\/frei\/\">individuelle Freiheit<\/a> der B\u00fcrger als h\u00f6chster Wert mu\u00df bewahrt, gef\u00f6rdert bzw. gesichert werden. Auch im Hinblick darauf, dass sonst der Islam Deutschland ver\u00e4ndern wird &#8211; hin zu einem unfreien Land. Es darf nicht sein, da\u00df Extremisten (von links, rechts und vom Islam) sich hierzulande frei bewegen und <a href=\"https:\/\/www.freiburg-schwarzwald.de\/blog\/religion\/islam\/saekularer-islam\/\">Islamkritiker<\/a> wie <a href=\"https:\/\/www.freiburg-schwarzwald.de\/blog\/religion\/juden\/\">Juden<\/a> bedrohen.<\/p>\n<p>In seiner <a href=\"https:\/\/www.freiburg-schwarzwald.de\/blog\/aus-liebe-zu-deutschland\/\">&#8222;Liebeserkl\u00e4rung an Deutschland&#8220;<\/a> schreibt Hamed Abdel Samad am 25.7.2020 auf Facebook: &#8222;Durch die Au\u00dfen- und die Innensicht, durch die Zuneigung und die Distanz zum Land kann ich Deutschland anders sehen und vielleicht besser verstehen als viele, die hier geboren sind.&#8220; <a href=\"https:\/\/www.freiburg-schwarzwald.de\/blog\/global\/migration\/migrationshintergrund\/\">Migrationshintergrund<\/a> bildet.<br \/>\nDaraus sollten wir Deutschen Profit ziehen und das neue Buch von Abdel-Samad als Appell verstehen &#8211; vor allem an die Ampel &#8211; f\u00fcr \u00fcberf\u00e4llige Entscheidungen: Endlich den Islamismus bzw. &#8222;politischen Islam&#8220; (<a href=\"https:\/\/www.freiburg-schwarzwald.de\/blog\/religion\/islam\/mansour\/\">Ahmad Mansour<\/a>) als Gefahr f\u00fcr den inneren Frieden bek\u00e4mpfen, gegen extreme Islam-Verb\u00e4nde wie <a href=\"https:\/\/www.freiburg-schwarzwald.de\/blog\/global\/tuerkei\/ditib\/\">Ditib<\/a> und <a href=\"https:\/\/www.freiburg-schwarzwald.de\/blog\/religion\/islam\/islam-terror\/\">Graue W\u00f6lfe<\/a> vorgehen, die von Bundesinnenministerin Faeser verf\u00fcgte Aufhebung der Islam-Arbeitsgruppe r\u00fcckg\u00e4ngig machen und die Kontrolle der Grenzen wieder einf\u00fchren.<br \/>\n22.1.2023<br \/>\n.<br \/>\nHamed Abdel-Samad, Islam. Eine kritische Geschichte.<br \/>\nDeutscher Taschenbuch Verlag (dtv), 320 Seiten,<br \/>\n24,00 \u20ac<br \/>\n.<br \/>\nEnde von Beitrag &#8222;Abdel-Samad: Islam und Europa&#8220;<br \/>\n.<br \/>\n======================================================================<br \/>\nBeginn der Anlagen (1) und (2)<br \/>\n.<\/p>\n<p><strong>(1) Ver\u00e4ndert der Islam Europa? Oder Europa den Islam?<\/strong><br \/>\nDer Politikwissenschaftler Hamed Abdel-Samad hat in Berlin sein neues Buch vorgestellt: &#8222;Islam, Eine Kritische Geschichte&#8220;. Mehrere Personensch\u00fctzer sicherten die Lesung.<br \/>\n&#8230;<br \/>\nW\u00e4hrend in den islamischen L\u00e4ndern selbst die jungen Menschen erkannten, welche hemmende Folgen der archaische Einfluss der Religion auf den Fortschritt habe, k\u00f6nnten junge Menschen in Europa den Islam verkl\u00e4ren, ohne daf\u00fcr die wirtschaftlichen Folgen tragen zu m\u00fcssen. Das bringe diesen jungen Menschen hierzulande in eine bequeme Situation: Sie k\u00f6nnten die Opferrolle annehmen, die das woke-linke Establishment ihnen anbiete. Dieses stelle jede Kritik an jungen Muslimen als Rassismus unter ein Tabu. So erhielten sie Freir\u00e4ume sich auszutoben, ohne Konsequenzen f\u00fcrchten zu m\u00fcssen \u2013 wie etwa in der Silvesternacht in Berlin.<br \/>\n&#8230;<br \/>\nF\u00fcr Politiker sei das bequem: Kritik an Muslimen steht unter einem Tabu. Gewalt gegen Frauen, die Unterdr\u00fcckung von Frauen, die Verweigerung, Lehrerinnen zu akzeptieren \u2013 das alles gibt es in der \u00f6ffentlichen Diskussion nicht, wenn es niemand anspricht. Aber wenn es jemand anspreche, werde der diskreditiert und m\u00fcsse mit schweren Folgen rechnen: \u201eDie Nazikeule funktioniert immer noch.\u201c In der Konsequenz w\u00fcrde \u00fcber Probleme \u00f6ffentlich geschwiegen, \u201eobwohl jeder Politiker wei\u00df, dass die Integration gescheitert ist\u201c. Das werde erm\u00f6glicht durch Journalisten, die sich nicht mehr in der Rolle s\u00e4hen, Informationen zu liefern, sondern die Welt retten zu wollen. Das t\u00e4ten sie aber nur mit Themen, durch die sie keinen eigenen Schaden f\u00fcrchten m\u00fcssten. Etwa Klimaschutz oder Rassismus. Deutscher Rassismus wohlgemerkt. Zu den Grauen W\u00f6lfen schwiegen deutsche Medien so beharrlich.<br \/>\n&#8230;<br \/>\nWeil die Nazikeule funktioniere, sagt Abdel-Samad, traue sich kaum ein deutschst\u00e4mmiger Publizist an das Thema Islam ran. \u201eIch habe einen Ausl\u00e4nderbonus \u2013 ich darf das noch.\u201c<br \/>\n&#8230; Alles vom 20.1.2023 von Mario Thurnes bitte lesen auf<br \/>\n<a href=\"https:\/\/www.tichyseinblick.de\/feuilleton\/buecher\/veraendert-der-islam-europa-oder-europa-den-islam\/\">https:\/\/www.tichyseinblick.de\/feuilleton\/buecher\/veraendert-der-islam-europa-oder-europa-den-islam\/<\/a><\/p>\n<p>Einige Kommentare:<br \/>\nZitat: \u201eW\u00e4hrend in den islamischen L\u00e4ndern selbst die jungen Menschen erkannten, welche hemmende Folgen der archaische Einfluss der Religion auf den Fortschritt habe\u201c.Auch wenn ich mich wiederhole\u2026 as ich nicht kapiere ist: Wenn \u201ein den islamischen L\u00e4ndern\u201c -auch- die jungen Menschen die hemmenden Folgen ihre Religion(den Islam) erkannt haben, WARUM bitte leben sie dann hier im modernen und offenen europ\u00e4ischen Westen ihre Religion mit den \u201ehemmenden Folgen\u201c weiter und sorgen f\u00fcr die Verbreitung dieser islamischen Steinzeit-Religion anstatt froh zu sein das sie sich vom altert\u00fcmlichen Islam befreit haben? Also mir ist deren Verhalten zu hoch\u2026..<br \/>\n21.1.2023, M_H<\/p>\n<p>Meine Einsch\u00e4tzung: In der heutigen Zeit mit den weltweiten Medien wird es keinen europ\u00e4ischen Islam geben. Der Islam in Europa wird mehr oder weniger so sein wie der Islam in anderen Teilen der Welt.<br \/>\nEuropa propagiert aus Sicht der hier lebenden Moslems ein \u201eAnything goes\u201c. Das nimmt man als junger Mann (z.B. bei Frauen, Alkohol, Drogen, \u2026) gerne mit. Aber man m\u00f6chte es ganz sicher nicht innerhalb der eigenen Familie haben. Deshalb k\u00f6nnte der Islam hier sogar noch wichtiger werden, um diesen europ\u00e4ischen Einfluss auf die eigene Familie abzuwehren.<br \/>\n21.1.2023, Ein<\/p>\n<p>Abdel-Samad ist zu bewundern. Diese Ausdauer, nicht m\u00fcde werdend, bei anhaltender Kritik von Islamisten und Linken. Und dann dieses stoische Negieren seiner Thesen durch Politik und Presse. Aber zum Gl\u00fcck ist er anderswo anerkannt und wird geh\u00f6rt. Merkw\u00fcrdigerweise hat er dort keinen Ausl\u00e4nderbonus. Der besteht hierzulande wohl aus warmer Toleranz verbunden mit konsequentem Negieren seiner Thesen und seiner Person. Man streicht ihm sanft die Schulter und sagt \u2013 Deine Thesen brauchen wir hier nicht und Deine Debatte wollen wir hier nicht. Zum Fremdsch\u00e4men ist das.<br \/>\n21.1.2023, Men<br \/>\nEnde Kommentare<br \/>\n.<\/p>\n<p><strong>(2) Hamed Abdel-Samad analysiert die Geschichte des Islam<\/strong><br \/>\nDas soeben erschienene, 320-seitige Buch von Hamed Abdel-Samad mit dem Titel \u201eDer Islam. Eine kritische Geschichte\u201c ist dabei eine Lekt\u00fcre erster Wahl. Allein schon wegen des biographischen Hintergrundes des Autors, der 1972 als Sohn eines sunnitischen Imams bei Kairo geboren wurde, zu den Moslembr\u00fcdern stie\u00df, sich von dort frei machte, 1995 nach Deutschland kam, 2013 wegen islamkritischer B\u00fccher mit einer Fatwa des \u00e4gyptischen Scheichs Assem Abdel-Maged belegt wurde und mittlerweile zu den mutigsten, aber auch gef\u00e4hrdetsten deutschsprachigen Analytikern des Islam geh\u00f6rt. Er z\u00e4hlt zusammen mit Ahmad Mansour, Seyran Ates und Necla Kelek zu den f\u00fchrenden Intellektuellen Deutschlands. Was wiederum dazu gef\u00fchrt hat, dass er \u2013 wie auch andere muslimische Islamkritiker \u2013 einen 24-Stunden-Polizeischutz braucht.<br \/>\n&#8230;.<br \/>\nVor allem geht es dem Autor in seinem j\u00fcngsten Buch \u2013 ohne jede Glorifizierung und ohne jede D\u00e4monisierung des Islam \u2013 um eine Darstellung der Geschichte des Islam als einer Geschichte aus Phasen der militanten Konfrontation und des kreativen Miteinanders. Den \u201ewahren\u201c Islam, so Abdel-Samad, habe es ohnehin nie gegeben.<br \/>\n&#8230;<br \/>\nAbdel-Samads politische und p\u00e4dagogische Absicht ist klar: Es geht es ihm nicht nur um die Aufkl\u00e4rung von Nicht-Muslimen, sondern auch um die Inklusion der vielen europ\u00e4ischen Muslime, die sich zu den Werten des demokratischen Rechtsstaates bekennen. Der Autor stellt sich ein muslimisches B\u00fcrgertum vor, das sich eine Verwestlichung des Islam w\u00fcnscht, das Religion als Privatsache definiert und eine Personalunion von g\u00f6ttlichem und weltlichem Herrscher in der Person eines Kalifen ablehnt. So endet die \u201ekritische Geschichte des Islam\u201c denn auch mit einem verhalten optimistischen Ausblick des Autors.<br \/>\n,,, Alles vom 11.1.2023 von Jose Kraus bitte lesen auf<br \/>\n<a href=\"https:\/\/www.tichyseinblick.de\/feuilleton\/buecher\/hamad-abdel-samad-analysiert-die-geschichte-des-islam\/\">https:\/\/www.tichyseinblick.de\/feuilleton\/buecher\/hamad-abdel-samad-analysiert-die-geschichte-des-islam\/<\/a><\/p>\n<p>Einige Kommentare:<br \/>\n<a href=\"https:\/\/www.freiburg-schwarzwald.de\/blog\/religion\/islam\/mansour\/\">Ahmad Mansour<\/a>, <a href=\"https:\/\/www.freiburg-schwarzwald.de\/blog\/religion\/islam\/ates\/\">Seyran Ate\u015f<\/a> oder eben auch Hamed Abdel-Samad wissen, dass der Islam eine misanthropisch-totalit\u00e4re Ideologie ist. Die Enttotalisierung soll so oder \u00e4hnlich gelingen: \u201eIch stelle mir ein muslimisches B\u00fcrgertum vor, das sich eine Verwestlichung des Islam w\u00fcnscht, das Religion als Privatsache definiert und eine Personalunion von g\u00f6ttlichem und weltlichem Herrscher in der Person eines Kalifen ablehnt.\u201c Eine \u201eVerwestlichung\u201c des Islams ist eine Illusion und wird es auch immer bleiben, denn die Quellen des Islams, sind mit anderen als islamischen Gesellschaften nicht kompatibel. Dort, wo die Scharia nicht herrscht, ist \u201eDar al harb\u201c, das Haus des Krieges, der Ort der \u201eUngl\u00e4ubigen\u201c. Ein Privatislam a la Abdel-Samad ist eben kein Islam mehr. Darin liegt seine und der anderen \u201eIslamreformer\u201c Tragik \u2013 und das wissen sie auch.<br \/>\n11.1.203 Tom<\/p>\n<p>So sympathisch mir Herr Abdel-Samad auch ist und so interessant und lesenswert sein Buch auch sein mag, ich kann nicht mehr. Ich habe mit dem Islam und seinen Gl\u00e4ubigen abgeschlossen. Viel zu lange und viel zu sehr ist mir das alles aufgedr\u00e4ngt worden, sind mir diese Menschen aufgedr\u00e4ngt worden und werden es weiter. Weder mein Land noch mein Leben will ich mit diesen Menschen einer v\u00f6llig anderen Kultur teilen. Aber ich werde dazu gezwungen und ich muss erleben, wie meine eigene Kultur und Gesellschaft auf dem R\u00fcckzug ist. Nein, es tut mir leid, kein Buch mehr \u00fcber den Islam, will ich nicht, mein Verh\u00e4ltnis zu Moslems allgemein und zu ihrem Wirken insbesondere in meinem Land ist irreparabel besch\u00e4digt. Also, herzlichen Dank f\u00fcr das Angebot, aber, Islam nein Danke. Im \u00fcbrigen lese ich grunds\u00e4tzlich keine B\u00fccher mit Gendersternchen.<br \/>\n11.1.2023, J.T.<\/p>\n<p>Es geht mir \u00e4hnlich, ich habe mehrere B\u00fccher von Hamed Abdel-Samad gelesen und ihn zweimal im Vortrag in natura erlebt, plus Vortr\u00e4ge auf YT angesehen. Er ist einer der kl\u00fcgsten Menschen, die wir in Deutschland haben. Aber ich kann auch nicht mehr. Dabei w\u00e4re das Gendersternchen noch das kleinste Problem. Ich werde das sicherlich sehr gute neue Buch nicht mehr lesen, empfehle aber ausdr\u00fccklich das Buch \u00fcber den muslimischen Faschismus und das Buch \u00fcber Mohammed von Hamed Abdel-Samad.<br \/>\n11.1.2023, Sol<\/p>\n<p>Ach, \u201eden Islam\u201c gibt es doch gar nicht, sagen kulturrelativistische Linke. Ich habe Arabisch studiert und den Koran im Original gelesen. Dabei habe ich genau drei Spuren gefunden, die wir \u201ekuffar\u201c (Ketzer) kennen m\u00fcssen:<br \/>\n5:51 \u201eNehmt euch die Juden und Christen nicht zu Freunden\u201c<br \/>\n5:61 \u201eAllah hat sie als Affen und Schweine erschaffen\u201c<br \/>\n9:5 \u201eT\u00f6tet sie, wo immer ihr sie findet\u201c<br \/>\nMehr muss kein \u201ekuffar\u201c im Koran gelesen haben.<br \/>\n11.1.2023, J.F.<\/p>\n<p>Die B\u00fccher Herr Abdel-Samads sind stets hervorragend und ich habe ihn auch einmal an einem Abend erlebt und war sehr beeindruckt. Aber welchen Nutzen bringen all seine treffenden Texte und Analysen, wenn einem Gro\u00dfteil unserer Bev\u00f6lkerung einfach offensichtlich die n\u00f6tige geistige Kapazit\u00e4t fehlt, seine wichtige Botschaft zu verstehen? Und das trotz allem, was seit Merkels Masseneinwanderung 2015 Furchtbares in Deutschland geschehen ist? Mir f\u00e4llt nichts ein, was gegen die grassierende Dummheit in diesem unserem Lande helfen w\u00fcrde, es gibt kein Kraut dagegen.<br \/>\n11.1.2023, Soz<br \/>\nEnde Kommentar<\/p>\n","protected":false},"excerpt":{"rendered":"<p>Die Str\u00f6mungen Woke, CancelCulture und Anti-Rassismus haben die Diskursr\u00e4ume so eingeengt, da\u00df in Hochschulen , Kirchen, NGOs , Politik und Medien kaum eine offene und kritische Auseinandersetzung mit dem Islam mehr erfolgt. Mit seinem Buch &#8222;Islam. Eine kritische Geschichte&#8220; will &hellip; <a href=\"https:\/\/www.freiburg-schwarzwald.de\/blog\/abdel-samad-islam-und-europa\/\">Weiterlesen <span class=\"meta-nav\">&rarr;<\/span><\/a><\/p>\n","protected":false},"author":2,"featured_media":0,"comment_status":"open","ping_status":"closed","sticky":false,"template":"","format":"standard","meta":{"footnotes":""},"categories":[18,100,96,52,36,400,210,155,13,19],"tags":[749,682,520,732,421,525,405],"class_list":["post-108831","post","type-post","status-publish","format-standard","hentry","category-bildung","category-buch","category-dichter","category-einewelt","category-engagement","category-freiwillig","category-gewalt","category-integration","category-kultur","category-religion","tag-diskussionskultur","tag-freiheit","tag-frieden","tag-gewalt","tag-islam","tag-politik","tag-polizei"],"_links":{"self":[{"href":"https:\/\/www.freiburg-schwarzwald.de\/blog\/wp-json\/wp\/v2\/posts\/108831","targetHints":{"allow":["GET"]}}],"collection":[{"href":"https:\/\/www.freiburg-schwarzwald.de\/blog\/wp-json\/wp\/v2\/posts"}],"about":[{"href":"https:\/\/www.freiburg-schwarzwald.de\/blog\/wp-json\/wp\/v2\/types\/post"}],"author":[{"embeddable":true,"href":"https:\/\/www.freiburg-schwarzwald.de\/blog\/wp-json\/wp\/v2\/users\/2"}],"replies":[{"embeddable":true,"href":"https:\/\/www.freiburg-schwarzwald.de\/blog\/wp-json\/wp\/v2\/comments?post=108831"}],"version-history":[{"count":5,"href":"https:\/\/www.freiburg-schwarzwald.de\/blog\/wp-json\/wp\/v2\/posts\/108831\/revisions"}],"predecessor-version":[{"id":108849,"href":"https:\/\/www.freiburg-schwarzwald.de\/blog\/wp-json\/wp\/v2\/posts\/108831\/revisions\/108849"}],"wp:attachment":[{"href":"https:\/\/www.freiburg-schwarzwald.de\/blog\/wp-json\/wp\/v2\/media?parent=108831"}],"wp:term":[{"taxonomy":"category","embeddable":true,"href":"https:\/\/www.freiburg-schwarzwald.de\/blog\/wp-json\/wp\/v2\/categories?post=108831"},{"taxonomy":"post_tag","embeddable":true,"href":"https:\/\/www.freiburg-schwarzwald.de\/blog\/wp-json\/wp\/v2\/tags?post=108831"}],"curies":[{"name":"wp","href":"https:\/\/api.w.org\/{rel}","templated":true}]}}