{"id":108250,"date":"2023-01-09T14:59:41","date_gmt":"2023-01-09T13:59:41","guid":{"rendered":"https:\/\/www.freiburg-schwarzwald.de\/blog\/?p=108250"},"modified":"2023-01-09T21:20:44","modified_gmt":"2023-01-09T20:20:44","slug":"gewaltmonopol-und-integration","status":"publish","type":"post","link":"https:\/\/www.freiburg-schwarzwald.de\/blog\/gewaltmonopol-und-integration\/","title":{"rendered":"Gewaltmonopol und Integration"},"content":{"rendered":"<p>\u201eDieses Buch m\u00f6chte ich den Personensch\u00fctzern des LKA Berlin widmen, die mich in den letzten sechs Jahren \u00fcberallhin begleitet und mich gesch\u00fctzt haben. Durch ihren Schutz gaben sie mir den Mut, trotz Bedrohungen kritisch zu bleiben und dieses Buch schreiben zu k\u00f6nnen.\u201c<!--more--><br \/>\nDiese best\u00fcrzende und f\u00fcr alle Deutschen besch\u00e4mende Widmung schreibt <a href=\"https:\/\/www.freiburg-schwarzwald.de\/blog\/religion\/islam\/mansour\/\">Ahmad Mansour<\/a> im Vorwort zu seinem <a href=\"https:\/\/www.freiburg-schwarzwald.de\/blog\/kultur\/dichter\/literatur\/sachbuch\/\">Buch<\/a> &#8222;Operation Allah. Wie der politische Islam unsere Demokratie unterwandern will&#8220; (siehe (1) unten).<br \/>\n.<br \/>\nDiese Widmung besagt klipp und klar: Wer sich hierzulande f\u00fcr die <a href=\"https:\/\/www.freiburg-schwarzwald.de\/blog\/bildung\/bildung-integration\/\">Integration<\/a> von <a href=\"https:\/\/www.freiburg-schwarzwald.de\/blog\/global\/migration\/migration2021\/\">Migranten<\/a> einsetzt und dabei u.a. auch den <a href=\"https:\/\/www.freiburg-schwarzwald.de\/blog\/global\/integration\/integration-islam\/\">Islam<\/a> kritisiert, kann sich ohne Personen- bzw. Polizeischutz m\u00f6glicherweise nicht mehr frei bewegen. Aus welchem Grund?<\/p>\n<p><em>Der Staat gibt das Gewaltmonopol ab:<\/em>\u00a0Da der <a href=\"https:\/\/www.freiburg-schwarzwald.de\/blog\/engagement\/zukunft\/demokratie\/staatsapparat\/\">Staat<\/a> im <a href=\"https:\/\/www.freiburg-schwarzwald.de\/blog\/kultur\/oeffentlicher-raum\/\">\u00f6ffentlichen Raum<\/a> auf sein Gewaltmonopol mehr und mehr verzichtet und dies &#8222;westasiatisch&#8220; (so die laut Berliner Polizei-Sprachvorschrift &#8222;diskriminierungssensibel&#8220; korrekte Bezeichnung) aussehenden jungen M\u00e4nnern \u00fcberl\u00e4\u00dft, k\u00f6nnen sich immer mehr B\u00fcrger nicht mehr frei und gefahrlos im eigenen Land bzw. der eigenen Stadt bewegen. Au\u00dfer, sie nehmen einen Polizei- bzw. Personenschutz in Anspruch wie <a href=\"https:\/\/www.freiburg-schwarzwald.de\/blog\/migration-in-ard-tagesschau\/\">Ahmad Mansour<\/a> oder auch <a href=\"https:\/\/www.freiburg-schwarzwald.de\/blog\/religion\/islam\/kelek\/\">Necla Kelek<\/a>, <a href=\"https:\/\/www.freiburg-schwarzwald.de\/blog\/religion\/islam\/abdel-samad\/\">Hamed Abdel-Samad<\/a>, <a href=\"https:\/\/www.freiburg-schwarzwald.de\/blog\/religion\/islam\/ates\/\">Seyran Ates<\/a> und viele andere.<br \/>\n<em>.<\/em><br \/>\n<em>Der Staat gibt das Gewaltmonopol ab:<\/em>\u00a0&#8222;Anarchie und P\u00f6bel hatten die Regentschaft auf unseren Stra\u00dfen \u00fcbernommen&#8220;, sagt <a href=\"https:\/\/www.freiburg-schwarzwald.de\/blog\/global\/integration\/parallelgesellschaft\/buschkowsky\/\">Heinz Buschkowsky<\/a> (2), langj\u00e4hriger B\u00fcrgermeister von Berlin-Neuk\u00f6lln, zur <a href=\"https:\/\/www.freiburg-schwarzwald.de\/blog\/parallelgesellschaften-silvester\/\">Silvesterrandale<\/a>\u00a0in Berlin. <em><strong>&#8222;Diese Jugendlichen kriegen JEDEN TAG vorgef\u00fchrt, wer die Macht hat in der Stadt&#8220; <\/strong><\/em>&#8211; n\u00e4mlich sie selbst, da der Staat sich zur\u00fcckgezogen hat und sie den rechtsfrei gewordenen Raum \u00fcbernehmen.<br \/>\n.<br \/>\n<em>Der Staat gibt das Gewaltmonopol ab:<\/em>\u00a0An Clans, die in ihren <a href=\"https:\/\/www.freiburg-schwarzwald.de\/blog\/global\/integration\/parallelgesellschaft\/\">Parallelgesellschaften<\/a> mit der Polizei Katz und Maus spielen. Da legt zum Beispiel ein Mitglied des Remmo-Clans seinen Arm um einen SEK-Polizeibeamten zwecks Selfie (siehe (3) unten), das er dann stolz in die sozialen Medien hochl\u00e4d.<br \/>\n.<br \/>\n<em>Kleiner Exkurs zu Gewaltenteilung und Gewaltmonopol<\/em><br \/>\n20 GG \u201eAlle Staatsgewalt geht vom Volke aus\u201c. Alle vier Jahre w\u00e4hlt das Wahlvolk seine Vertreter, damit diese es in der Wahrnehmung seine Rechte vertreten. F\u00fcr diese n\u00e4chsten vier Jahre gilt also die staatliche Macht bzw. Gewalt.<br \/>\nDie <a href=\"https:\/\/www.freiburg-schwarzwald.de\/blog\/engagement\/zukunft\/demokratie\/gewaltenteilung\/\">Gewaltenteilung<\/a> der Demokratie &#8211; im Englischen griffig &#8222;Checks and Balances&#8220; genannt &#8211; soll die gegenseitige Kontrolle und Balance der staatlichen Gewalten gew\u00e4hrleisten. Tut sie aber nicht mehr so richtig in Deutschland. <a href=\"https:\/\/www.freiburg-schwarzwald.de\/blog\/engagement\/zukunft\/demokratie\/gewaltenteilung\/\">Fabian Nicolay<\/a> erl\u00e4utert dies am Bild eines vierbeinigen Tisches, der zunehmend wackelt, da die drei Gewalten Legislative, Judikative und Exekutive nicht mehr unabh\u00e4ngig voneinander den unebenen gesellschaftlichen Untergrund auszugleichen verm\u00f6gen und da die Medien als viertes Tischbein bzw. <a href=\"https:\/\/www.freiburg-schwarzwald.de\/blog\/kultur\/medien\/vierte-gewalt\/\">vierte Gewalt<\/a> nicht mehr sagen, was ist, sondern im Einklang mit der Regierung nur noch <a href=\"https:\/\/www.freiburg-schwarzwald.de\/blog\/engagement\/zukunft\/demokratie\/nudging\/\">erzieherisch<\/a> (Nudging) sagen, was zu sein hat (<a href=\"https:\/\/www.freiburg-schwarzwald.de\/blog\/kultur\/medien\/journalismus\/haltungsjournalismus\/\">Haltung<\/a>, Moral).<br \/>\n<a href=\"https:\/\/www.freiburg-schwarzwald.de\/blog\/ellwangen-gewaltmonopol-ade\/\">Das Gewaltmonopol<\/a> des Staates beinhaltet, da\u00df die B\u00fcrger darauf verzichten, ihre vermeintlichen Anspr\u00fcche bzw. Rechte selbst mit Gewalt durchzusetzen, sondern sie diese an die staatlichen Justiz- und Exekutivorgane (Gericht, Polizei, Verwaltung) \u00fcbertragen. Kann oder will der Staat seinem Gewaltmonopol nicht mehr nachkommen, dann werden die so entstehenden rechtsfreien R\u00e4ume unverz\u00fcglich von irgendwelchen Gruppen besetzt.<br \/>\nEs beginnt stets im Kleinen. Zwei Beispiele: In immer mehr Gebiete, Kieze, Quartiere, Ghettos, <a href=\"https:\/\/www.freiburg-schwarzwald.de\/blog\/business\/dienste\/immobilien\/wohnen\/no-go-area\/\">No-Go-Areas<\/a> bzw. Wohnviertel traut sich die Polizei selbst in Doppelstreife oder Mannschaftsst\u00e4rke und zu bestimmten Uhrzeiten nicht mehr hinein. Wenn ein B\u00fcrger wegen Falschparkens einen Strafzettel \u00fcber 15 Euro erh\u00e4lt, dann werden diese 15 Euro unbarmherzig eingetrieben. Der Rechtsstaat gilt &#8211; au\u00dfer in den o.a. Gebieten, in denen Parallelgesellschaften die Gewalt haben.<br \/>\n.<\/p>\n<p>Zur\u00fcck zu Ahmad Mansour, Heinz Buschkowsky und dem Remmo-Clan: Die Ereignisse auf der <a href=\"https:\/\/www.freiburg-schwarzwald.de\/blog\/global\/integration\/koeln-silvester2015\/\">K\u00f6lner Domplatte 2015\/16<\/a>, die <a href=\"https:\/\/www.freiburg-schwarzwald.de\/blog\/parallelgesellschaften-silvester\/\">Berliner Silvesterrandale<\/a> und die <a href=\"https:\/\/www.freiburg-schwarzwald.de\/blog\/selbsthilfe\/krise\/gewalt\/krawalle\/\">Strassenkrawalle<\/a> vielerorts und zu vielen Anl\u00e4ssen sind Alarmsignale. Wem die Freiheit lieb ist, der mu\u00df die &#8222;Checks and Balances&#8220; verteidigen bzw. darauf dr\u00e4ngen, da\u00df das Gewaltmonopol des Staates wieder immer und \u00fcberall im Land gilt &#8211; oben auf der Alm im Karwendel bei Mittenwald wie auch unten im ehemaligen Ruhrpott in Essen-Altenessen.<br \/>\n9.1.2023<br \/>\n.<br \/>\nEnde von Artikel &#8222;Gewaltmonopol und Integration&#8220;<br \/>\n=========================================================<br \/>\nBeginn von Anlagen (1) bis (3)<br \/>\n.<\/p>\n<p><strong>(1) Kultur-Kompass: Buch \u201eOperation Allah\u201c von Ahmad Mansour<\/strong><br \/>\nIrgendetwas ist in der Migrationsdebatte schiefgelaufen. Genau darauf geht Ahmad Mansour ein: Auf die Gefahr, die vom politischen Islam ausgehe; auf die falsch verstandene Nachsicht Deutschlands: \u201eWir m\u00fcssen reden. Und zwar richtig. Ohne Besch\u00f6nigung, ohne falsche Toleranz und ohne Panikmache.\u201c<br \/>\nD\u00e9j\u00e0-Vu. Zun\u00e4chst das ber\u00fcchtigte Antanzen in der Silvesternacht 2015 in K\u00f6ln. Nun da exzessive B\u00f6llern und Knallen zu Silvester 2022 in Berlin-Neuk\u00f6lln. Der gelegentliche Exzess junger \u201ewestasiatischer\u201c M\u00e4nner, um es nach dem LKA \u201ediskriminierungssensibel\u201c zu formulieren, entwickelt sich so langsam zu einer festen Institution hierzulande.<br \/>\n&#8230;<br \/>\nAlles in Allem: \u201eOperation Allah\u201c ist ein unabdingbarer Weckruf. An Gesellschaft und Politik, en gros, an Linke und Gr\u00fcne, en d\u00e9tail. Denn Mansour erl\u00e4utert auf \u00fcber 170 Seiten, leicht und eing\u00e4ngig, jedoch sachlich und pointiert, welche Gefahr vom politischen Islam und den ideologisierten Linken und Gr\u00fcnen ausgeht. Es ist zwar weniger eine Lekt\u00fcre f\u00fcr den Islamkenner, jedoch Pflichtlekt\u00fcre f\u00fcr Politiker und Entscheidungstr\u00e4ger dieses Landes.<br \/>\n&#8230; Alles vom 8.1.2023 von Deborah Ryszka bitte lesen auf<br \/>\n<a href=\"https:\/\/www.achgut.com\/artikel\/kultur_kompass_operation_allah\">https:\/\/www.achgut.com\/artikel\/kultur_kompass_operation_allah<\/a><br \/>\n.<br \/>\nAhmad Mansour: \u201eOperation Allah.<br \/>\nWie der politische Islam unsere Demokratie unterwandern will\u201c,<br \/>\n2022, Frankfurt\/Main: Fischer.<br \/>\n.<br \/>\n.<\/p>\n<p><strong>(2) Buschkowsky \u00fcber das Versagen der Berliner Politik<\/strong><br \/>\nEr ist der Klartext-Vorg\u00e4nger von Franziska Giffey (44, SPD). <a href=\"https:\/\/www.freiburg-schwarzwald.de\/blog\/global\/integration\/parallelgesellschaft\/buschkowsky\/\">Heinz Buschkowsky<\/a> (74) war bis zum Jahr 2015 B\u00fcrgermeister des Problem-Bezirks Neuk\u00f6lln. Vier Jahre folgte ihm danach die heutige Regierende im Amt. Nach der Horrornacht zum Jahreswechsel rechnet der SPD-Politiker mit dem Versagen der Politik ab.<br \/>\n&#8230;<br \/>\nSilvester war wieder so ein Tag. Anarchie und P\u00f6bel hatten die Regentschaft auf unseren Stra\u00dfen \u00fcbernommen. .. . Und unsere Obrigkeit, was tut die? Sie labert, wie immer. Unsere Regiermeisterin ist emp\u00f6rt.<br \/>\n&#8230;<br \/>\nDiese Jugendlichen kriegen JEDEN TAG vorgef\u00fchrt, wer die Macht hat in der Stadt: NICHT der Stra\u00dfenpolizist, der sich bespucken lassen muss, wenn er einem 100.000-Euro-Sportwagen, der in zweiter Reihe parkt, ein Kn\u00f6llchen verpasst, das nie gezahlt wird. Diese Halbstarken aus dem Irak, aus Eritrea, Afghanistan oder dem Libanon folgen ihren Br\u00fcdern, deren Maserati mitten auf der Stra\u00dfe parkt \u2013 ohne dass es Folgen hat.<br \/>\nWas wollen diese Leutchen hier, wenn sie unsere Gesellschaft, unser Land und unser Miteinander verachten? Uns fehlen Fachkr\u00e4fte und keine Verbrecher. Keine Abzocker und Betr\u00fcger. Organisierte Kriminalit\u00e4t, Autoraser und Schl\u00e4ger aus Gro\u00dffamilien zerst\u00f6ren den Ruf eines Bezirkes oder einer Stra\u00dfe.<br \/>\nAls Gesellschaft m\u00fcssen wir uns entscheiden, wo wir hinwollen. Wie lange wollen wir uns von einer kleinen Minderheit und ihrem verbrecherischen Tun tyrannisieren lassen? Wann schreiten wir sichtbar und sp\u00fcrbar ein? Auf ewig werden es die friedliebenden Menschen nicht hinnehmen, dass alle die, die bei der Arbeit eine Uniform tragen, hochgradig gef\u00e4hrdet sind.<br \/>\n&#8230; Alles vom 5.1.2023 bitte lesen auf<br \/>\n<a href=\"https:\/\/www.bz-berlin.de\/berlin\/buschkowsky-ueber-das-versagen-der-berliner-politik\">https:\/\/www.bz-berlin.de\/berlin\/buschkowsky-ueber-das-versagen-der-berliner-politik<\/a><\/p>\n<p>.<\/p>\n<p><strong>(3) Frau Polizeipr\u00e4sidentin, dieses Foto m\u00fcssen Sie uns bitte noch erkl\u00e4ren!<\/strong><br \/>\nWie war es m\u00f6glich, dass sich ein SEK-Mann von einem <a href=\"https:\/\/www.freiburg-schwarzwald.de\/blog\/clan\/\">Clan<\/a>-Mitglied in den Arm nehmen und fotografieren lie\u00df? Polizeipr\u00e4sidentin Slowik gibt darauf keine sinnvolle Antwort. Das muss sie aber tun, denn hier geht es um das Vertrauen in den demokratischen Staat und seine Beamten, meint Gunnar Schupelius. &#8230;.<\/p>\n<div id=\"attachment_108253\" style=\"width: 650px\" class=\"wp-caption alignnone\"><a href=\"https:\/\/www.freiburg-schwarzwald.de\/blog\/wp-content\/uploads\/2023\/01\/clan-polizei-berlin-pan221227.jpg\"><img loading=\"lazy\" decoding=\"async\" aria-describedby=\"caption-attachment-108253\" class=\"size-full wp-image-108253\" src=\"https:\/\/www.freiburg-schwarzwald.de\/blog\/wp-content\/uploads\/2023\/01\/clan-polizei-berlin-pan221227.jpg\" alt=\"\" width=\"640\" height=\"359\" srcset=\"https:\/\/www.freiburg-schwarzwald.de\/blog\/wp-content\/uploads\/2023\/01\/clan-polizei-berlin-pan221227.jpg 640w, https:\/\/www.freiburg-schwarzwald.de\/blog\/wp-content\/uploads\/2023\/01\/clan-polizei-berlin-pan221227-180x101.jpg 180w\" sizes=\"auto, (max-width: 640px) 100vw, 640px\" \/><\/a><p id=\"caption-attachment-108253\" class=\"wp-caption-text\">Ein Clan-Mitglied nimmt einen Polizeibeamten der SEK-Berlin f\u00fcr ein \u00fcbers Internet verbreitetes Selfie in den Arm<\/p><\/div>\n<p>.<br \/>\nDas Selfie-Foto versinnbildlicht die grenzenlose Respektlosigkeit der Remmos und aller ihrer Br\u00fcder gegen\u00fcber dem demokratischen Staat, seinen Gesetzen und seinen Beamten. Sie lachen sich tot \u00fcber die deutsche Polizei und ihre Deeskalation. Mit drastischen Worten artikulieren sie ihre Verachtung tagt\u00e4glich auf den Stra\u00dfen von Neuk\u00f6lln.<br \/>\nDas Foto untergr\u00e4bt au\u00dferdem auch vollkommen das Vertrauen der Bev\u00f6lkerung darauf, dass dieser Staat energisch gegen die <a href=\"https:\/\/www.freiburg-schwarzwald.de\/blog\/selbsthilfe\/krise\/gewalt\/kriminalitaet\/\">Organisierte Kriminalit\u00e4t<\/a> vorgeht.<br \/>\n&#8230; Alles vom 4.1.2023 von Gunnar Schupelius bitte lesen auf<br \/>\n<a href=\"https:\/\/www.bz-berlin.de\/meinung\/kolumne\/kolumne-mein-aerger\/frau-polizeipraesidentin-dieses-foto-muessen-sie-uns-bitte-noch-erklaeren\">https:\/\/www.bz-berlin.de\/meinung\/kolumne\/kolumne-mein-aerger\/frau-polizeipraesidentin-dieses-foto-muessen-sie-uns-bitte-noch-erklaeren<\/a><\/p>\n","protected":false},"excerpt":{"rendered":"<p>\u201eDieses Buch m\u00f6chte ich den Personensch\u00fctzern des LKA Berlin widmen, die mich in den letzten sechs Jahren \u00fcberallhin begleitet und mich gesch\u00fctzt haben. Durch ihren Schutz gaben sie mir den Mut, trotz Bedrohungen kritisch zu bleiben und dieses Buch schreiben &hellip; <a href=\"https:\/\/www.freiburg-schwarzwald.de\/blog\/gewaltmonopol-und-integration\/\">Weiterlesen <span class=\"meta-nav\">&rarr;<\/span><\/a><\/p>\n","protected":false},"author":2,"featured_media":0,"comment_status":"open","ping_status":"closed","sticky":false,"template":"","format":"standard","meta":{"footnotes":""},"categories":[36,210,155,13,80,157,19,9,172],"tags":[725,388],"class_list":["post-108250","post","type-post","status-publish","format-standard","hentry","category-engagement","category-gewalt","category-integration","category-kultur","category-medien","category-oeffentlicher-raum","category-religion","category-soziales","category-zukunft","tag-integration","tag-social"],"_links":{"self":[{"href":"https:\/\/www.freiburg-schwarzwald.de\/blog\/wp-json\/wp\/v2\/posts\/108250","targetHints":{"allow":["GET"]}}],"collection":[{"href":"https:\/\/www.freiburg-schwarzwald.de\/blog\/wp-json\/wp\/v2\/posts"}],"about":[{"href":"https:\/\/www.freiburg-schwarzwald.de\/blog\/wp-json\/wp\/v2\/types\/post"}],"author":[{"embeddable":true,"href":"https:\/\/www.freiburg-schwarzwald.de\/blog\/wp-json\/wp\/v2\/users\/2"}],"replies":[{"embeddable":true,"href":"https:\/\/www.freiburg-schwarzwald.de\/blog\/wp-json\/wp\/v2\/comments?post=108250"}],"version-history":[{"count":5,"href":"https:\/\/www.freiburg-schwarzwald.de\/blog\/wp-json\/wp\/v2\/posts\/108250\/revisions"}],"predecessor-version":[{"id":108278,"href":"https:\/\/www.freiburg-schwarzwald.de\/blog\/wp-json\/wp\/v2\/posts\/108250\/revisions\/108278"}],"wp:attachment":[{"href":"https:\/\/www.freiburg-schwarzwald.de\/blog\/wp-json\/wp\/v2\/media?parent=108250"}],"wp:term":[{"taxonomy":"category","embeddable":true,"href":"https:\/\/www.freiburg-schwarzwald.de\/blog\/wp-json\/wp\/v2\/categories?post=108250"},{"taxonomy":"post_tag","embeddable":true,"href":"https:\/\/www.freiburg-schwarzwald.de\/blog\/wp-json\/wp\/v2\/tags?post=108250"}],"curies":[{"name":"wp","href":"https:\/\/api.w.org\/{rel}","templated":true}]}}