{"id":108138,"date":"2023-01-05T18:46:08","date_gmt":"2023-01-05T17:46:08","guid":{"rendered":"https:\/\/www.freiburg-schwarzwald.de\/blog\/?p=108138"},"modified":"2023-01-05T18:47:49","modified_gmt":"2023-01-05T17:47:49","slug":"covidnovelle-nichts-vergessen","status":"publish","type":"post","link":"https:\/\/www.freiburg-schwarzwald.de\/blog\/covidnovelle-nichts-vergessen\/","title":{"rendered":"Covidnovelle &#8211; nichts vergessen"},"content":{"rendered":"<p>Zurzeit wird in <a href=\"https:\/\/www.freiburg-schwarzwald.de\/blog\/global\/deutschland\/deutschland2020\/\">Deutschland<\/a> eine <a href=\"https:\/\/www.freiburg-schwarzwald.de\/blog\/business\/gesund\/corona-virus\/corona-aufarbeitung\/\">Aufarbeitung<\/a> der <a href=\"https:\/\/www.freiburg-schwarzwald.de\/blog\/business\/gesund\/corona-virus\/\">Coronapolitik<\/a> gefordert, die aber nicht stattfinden wird. Allerdings sieht das in <a href=\"https:\/\/www.freiburg-schwarzwald.de\/blog\/global\/usa\/desantis\/\">anderen L\u00e4ndern<\/a> anders aus und die Ergebnisse werden auch in unserem Land bekannt werden. Bennerts Buch &#8222;Covidnovelle&#8220; ist ein St\u00fcck gegen das <a href=\"https:\/\/www.freiburg-schwarzwald.de\/blog\/business\/gesund\/corona-virus\/corona-rechenschaft\/\">Vergessen<\/a>. <!--more-->Es sollte weite Verbreitung finden. Dazu kann jeder beitragen, indem er das B\u00e4ndchen kauft und verschenkt. Das hilft dabei, solche <a href=\"https:\/\/www.freiburg-schwarzwald.de\/blog\/engagement\/zukunft\/demokratie\/staatsapparat\/\">staatlichen \u00dcbergriffe<\/a> in Zukunft <a href=\"https:\/\/www.freiburg-schwarzwald.de\/blog\/business\/gesund\/corona-virus\/corona-regiment\/\">schwerer<\/a> zu machen.<\/p>\n<p>Der Autor Wulf Bennert, der nach einem langen, sehr erfolgreichen Leben als Retter historischer Gem\u00e4uer mit knapp 80 Jahren sein schriftstellerisches Talent entdeckt und seitdem mehrere B\u00fccher vorgelegt hat, die auf diesem Blog alle rezensiert wurden, hat nun eine \u201eCovidnovelle\u201c vorgelegt. Daf\u00fcr hat Bennert viele Menschen gebeten, ihm ihre Erlebnisse in der Coronazeit zu berichten. Aus diesen Erz\u00e4hlungen hat er ein spannendes und beklemmendes St\u00fcck Literatur geschaffen. Gerhard Hauptmann, oder Friedrich Wolf k\u00f6nnten daf\u00fcr seine Vorbilder gewesen sein. Seine Gesellschaftskritik steht den Webern oder Professor Mamlock in nichts nach.<\/p>\n<p>Ein Beispiel gef\u00e4llig?<br \/>\nEin erfahrener <a href=\"https:\/\/www.freiburg-schwarzwald.de\/blog\/weimar-kinder-ohne-maske\/\">Weimarer Familienrichter<\/a> wagte es nach Einholung von drei Gutachten die <a href=\"https:\/\/www.freiburg-schwarzwald.de\/blog\/business\/gesund\/corona-virus\/maske\/\">Maskenpflicht<\/a> f\u00fcr Grundsch\u00fcler einer Weimarer Schule f\u00fcr unzul\u00e4ssig zu erkl\u00e4ren. Auf diese Entscheidung reagierte die Staatsanwaltschaft, die gegen den Richter ein Ermittlungsverfahren wegen Anfangsverdachts auf Rechtsbeugung einleitete. Er habe sich \u201ebewusst und in schwerwiegender Weise von Recht und Gesetz entfernt\u201c, wurde ihm vorgeworfen. Zeitgleich wurden sein B\u00fcro, sein Haus und sein Auto durchsucht, Handy und Laptop einbehalten.<br \/>\nWenige Wochen darauf folgte eine zweite Durchsuchung. Insgesamt gab es vierzehn Durchsuchungen, in denen man nach Beweisen f\u00fcr illegale Absprachen fahndete. Betroffen waren: Die Gutachter, der Anwalt der Kl\u00e4gerin, die Kl\u00e4gerin selbst und verschiedene Zeugen.<\/p>\n<p>Das Verfahren gegen den Richter l\u00e4uft heute noch, obwohl seine Entscheidung schon \u00fcber zwanzig Monate zur\u00fcckliegt. Die n\u00f6tigen Beweise f\u00fcr eine Verurteilung scheint die Staatsanwaltschaft nicht gefunden zu haben. Ich \u00fcberlasse es meinen Lesern zu beurteilen, wie <a href=\"https:\/\/www.freiburg-schwarzwald.de\/blog\/selbsthilfe\/soziales\/justiz\/rechtsstaat\/\">rechtsstaatlich<\/a> sie diese Vorgehensweise nennen wollen.<br \/>\n&#8230; Alles vom 5.1.2023 bitte lesen auf<br \/>\n<a href=\"https:\/\/vera-lengsfeld.de\/2023\/01\/05\/inside-corona\/#more-6835\">https:\/\/vera-lengsfeld.de\/2023\/01\/05\/inside-corona\/#more-6835<\/a><br \/>\n.<\/p>\n<p>Wulf Bennert: Covidnovelle,<br \/>\nkaleidoscriptum-verlag.de,<br \/>\nErfurt 2022<br \/>\n19,30 Euro<\/p>\n<p><em>Prof. Dr. Dr. Wulf Bennert, Studium der Geophysik und Physik in Freiberg und Jena. T\u00e4tigkeit am Institut f\u00fcr Physik der Hochschule f\u00fcr Architektur und Bauwesen in Weimar, Autor von \u201eWindenergie\u201c, dem einzigen zu diesem Thema in der DDR erschienen Buches, 2. Auflage 1991, fr\u00fcherer Vorstand und wissenschaftlicher Direktor der Stiftung Schloss Ettersburg (Gestaltung des demografischen Wandels): <a href=\"https:\/\/schlossettersburg.de\/\">https:\/\/schlossettersburg.de\/<\/a><\/em><\/p>\n<p><em>Bennert gr\u00fcndete 1990 mit sieben Mitarbeitern die Firma BENNERT, Betrieb f\u00fcr Bauwerks\u00adsicherung. Ihre Eintrittskarte in die Marktwirtschaft war eine Referenzliste mit mehr als 200 kirchlichen und staatlichen Objekten, an denen sie ger\u00fcstlos mit alpiner Seil- und Sicherungs\u00adtechnik Instand\u00adsetzungen ausgef\u00fchrt hatten. Sie erhielten zwar keinen Bankkredit, verf\u00fcgten jedoch \u00fcber ein anderes Kapital: Kreativit\u00e4t und ein au\u00dfer\u00adgew\u00f6hnliches Engagement der Mitarbeiter; ihr Unternehmens\u00adkonzept basierte auf der gewerke\u00ad\u00fcber\u00adgreifenden Verbindung von innovativer Technologie und handwerklicher Perfektion. Damit gelang ihnen eine Erfolgs\u00adgeschichte, die schlie\u00dflich zur Markt\u00adf\u00fchrerschaft unter den Denkmal\u00adpflege\u00adbetrieben Deutschlands f\u00fchrte. Seit der Gr\u00fcndung hat BENNERT erfolgreich an mehr als 4.000 Objekten gearbeitet. Die meisten standen unter Denkmalschutz; viele sind weltbekannt, wie das Brandenburger Tor[wp], die Wartburg[wp] oder das Schloss Neuschwanstein[wp]. Ihr Spektrum ist breit gef\u00e4chert und reicht von bedeutenden Sakralbauten \u00fcber Schl\u00f6sser, Burgen, Rath\u00e4user und Villen bis zu den baulichen Komponenten der \u00f6ffentlichen Infrastruktur.<\/em><br \/>\n<a href=\"https:\/\/www.bennert.de\"><em>https:\/\/www.bennert.de<\/em><\/a><\/p>\n","protected":false},"excerpt":{"rendered":"<p>Zurzeit wird in Deutschland eine Aufarbeitung der Coronapolitik gefordert, die aber nicht stattfinden wird. Allerdings sieht das in anderen L\u00e4ndern anders aus und die Ergebnisse werden auch in unserem Land bekannt werden. Bennerts Buch &#8222;Covidnovelle&#8220; ist ein St\u00fcck gegen das &hellip; <a href=\"https:\/\/www.freiburg-schwarzwald.de\/blog\/covidnovelle-nichts-vergessen\/\">Weiterlesen <span class=\"meta-nav\">&rarr;<\/span><\/a><\/p>\n","protected":false},"author":2,"featured_media":0,"comment_status":"open","ping_status":"closed","sticky":false,"template":"","format":"standard","meta":{"footnotes":""},"categories":[433,18,100,36,158],"tags":[552,700,682,793],"class_list":["post-108138","post","type-post","status-publish","format-standard","hentry","category-arzt","category-bildung","category-buch","category-engagement","category-gesund","tag-buch-2","tag-corona","tag-freiheit","tag-rechtsstaat"],"_links":{"self":[{"href":"https:\/\/www.freiburg-schwarzwald.de\/blog\/wp-json\/wp\/v2\/posts\/108138","targetHints":{"allow":["GET"]}}],"collection":[{"href":"https:\/\/www.freiburg-schwarzwald.de\/blog\/wp-json\/wp\/v2\/posts"}],"about":[{"href":"https:\/\/www.freiburg-schwarzwald.de\/blog\/wp-json\/wp\/v2\/types\/post"}],"author":[{"embeddable":true,"href":"https:\/\/www.freiburg-schwarzwald.de\/blog\/wp-json\/wp\/v2\/users\/2"}],"replies":[{"embeddable":true,"href":"https:\/\/www.freiburg-schwarzwald.de\/blog\/wp-json\/wp\/v2\/comments?post=108138"}],"version-history":[{"count":3,"href":"https:\/\/www.freiburg-schwarzwald.de\/blog\/wp-json\/wp\/v2\/posts\/108138\/revisions"}],"predecessor-version":[{"id":108141,"href":"https:\/\/www.freiburg-schwarzwald.de\/blog\/wp-json\/wp\/v2\/posts\/108138\/revisions\/108141"}],"wp:attachment":[{"href":"https:\/\/www.freiburg-schwarzwald.de\/blog\/wp-json\/wp\/v2\/media?parent=108138"}],"wp:term":[{"taxonomy":"category","embeddable":true,"href":"https:\/\/www.freiburg-schwarzwald.de\/blog\/wp-json\/wp\/v2\/categories?post=108138"},{"taxonomy":"post_tag","embeddable":true,"href":"https:\/\/www.freiburg-schwarzwald.de\/blog\/wp-json\/wp\/v2\/tags?post=108138"}],"curies":[{"name":"wp","href":"https:\/\/api.w.org\/{rel}","templated":true}]}}