{"id":108104,"date":"2023-01-04T21:44:28","date_gmt":"2023-01-04T20:44:28","guid":{"rendered":"https:\/\/www.freiburg-schwarzwald.de\/blog\/?p=108104"},"modified":"2023-01-04T21:44:28","modified_gmt":"2023-01-04T20:44:28","slug":"steimle-und-drewermann-2023","status":"publish","type":"post","link":"https:\/\/www.freiburg-schwarzwald.de\/blog\/steimle-und-drewermann-2023\/","title":{"rendered":"Steimle und Drewermann: 2023"},"content":{"rendered":"<p>Zwei etwas andere <a href=\"https:\/\/www.freiburg-schwarzwald.de\/blog\/zwei-neujahrsansprachen-2023\/\">Neujahrsansprachen<\/a> 2023 haben mir es besonders angetan. Die von <a href=\"https:\/\/www.freiburg-schwarzwald.de\/blog\/kultur\/medien\/mediendemokratie\/\">Uwe Steimle<\/a> (1) und die andere von <a href=\"https:\/\/www.freiburg-schwarzwald.de\/blog\/denker-drewermann-klonovsky\/\">Eugen Drewermann<\/a> (2). Beiden gemeinsam ist laut Steimle &#8222;wir sind nicht gepusht, sondern unsere eigenen Auftraggeber&#8220; und beide verbreiten eine gewisse Zuversicht f\u00fcr das <a href=\"https:\/\/www.freiburg-schwarzwald.de\/blog\/natur\/neujahr\/\">Neue Jahr<\/a>. <!--more-->Zugleich jedoch k\u00f6nnten beide Ansprachen unterschiedlicher wohl kaum sein:<br \/>\n.<br \/>\nEinerseits der 59-j\u00e4hrige Schauspieler und <a href=\"https:\/\/www.freiburg-schwarzwald.de\/blog\/kultur\/kunst\/kabarett\/\">Kabarettist<\/a> Uwe Steimle aus Dresden, der gerade nach <a href=\"https:\/\/www.freiburg-schwarzwald.de\/blog\/global\/deutschland\/mauerfall1989\/\">1989<\/a> f\u00fcr Minderheiten spricht, denn &#8222;viele Minderheiten sind die Spitze des Eisbergs&#8220;.<br \/>\nAndererseits der 82-j\u00e4hrige Theologe, Psychoanalytiker und Philosoph <a href=\"https:\/\/www.freiburg-schwarzwald.de\/blog\/religion\/katholisch\/drewermann\/\">Eugen Drewermann<\/a>, wohl einer der gebildetsten <a href=\"https:\/\/www.freiburg-schwarzwald.de\/blog\/global\/deutschland\/gesellschaft\/intellektuelle\/\">Intellektuellen<\/a> im heutigen Deutschland. Der Aktivist der <a href=\"https:\/\/www.freiburg-schwarzwald.de\/blog\/engagement\/zukunft\/frieden\/friedensbewegung\/\">Friedensbewegung<\/a> ist stets unterwegs: als Verk\u00fcnder der <a href=\"https:\/\/www.freiburg-schwarzwald.de\/blog\/engagement\/zukunft\/frieden\/pazifismus\/\">Friedensbotschaft<\/a>\u00a0. Am Ende seiner Neujahrsansprache liest er ein Gedicht mit den Eseln vor.<br \/>\n4.12.2022<br \/>\n.<\/p>\n<p><strong>(1) Uwe Steimles Neujahrsansprache 2023:<\/strong><br \/>\n<strong>Steimles Aktuelle Kamera \/ Ausgabe 88<\/strong><br \/>\nWieder ist ein Jahr mit Steimles Welt vor\u00fcber, mit vielen Geschichten und Erlebnissen von und mit Uwe Steimle. Getragen von der Hausgemeinschaft, den Moderatoren, den Steimle Fans m\u00f6chten wir uns ganz herzlich bei Euch bedanken f\u00fcr diese sch\u00f6ne Zeit, die wir hier in Steimles Welt auf YouTube erlebt haben. Ein Jahr mit vielen gro\u00dfartigen LIVE Veranstaltungen, die unvergessen bleiben. Mit viel Hingabe und Liebe tritt Uwe Steimle nicht nur auf der B\u00fchne auf, sondern auch hier auf \u201cSteimles Welt\u201d wo Uwe Steimle als K\u00fcnstler mit einem Feuerwerk an Ideen nicht nur das kleine Fernsehkollektiv \u00fcberrascht und begeistert. Voller Vorfreude schauen wir ins n\u00e4chste Jahr und lassen dabei ein Jahr voller Sorgen und \u00c4ngste hinter uns. Ein Jahr, in dem jeder einzelne versucht hat, es so gut wie m\u00f6glich zu meistern.<br \/>\nDabei haben wir f\u00fcr das neue Jahr viele Hoffnungen und W\u00fcnsche, f\u00fcr deren Erf\u00fcllung wir noch viel Geduld aufbringen m\u00fcssen. Die Leichtigkeit des Lebens scheint vorbei zu sein und man hat das Gef\u00fchl in globalen Krisen zu ersticken. Wir hoffen, dass Uwe Steimle und das kleine Fernsehkollektiv Ihnen auch 2022 etwas Freude und Zuversicht schenken konnten. Und wir hoffen, dass Sie den Sprung ins neue Jahr gut gemeistert haben. Passend dazu pr\u00e4sentieren wir Ihnen Uwe Steimles Neujahrsansprache am 01.01.2023 um 19 Uhr hier auf YouTube, die wir, das kleine Fernsehkollektiv, noch etwas verziert haben, mit unver\u00f6ffentlichtem Material und Momenten zum Schmunzeln. Und damit herzlich willkommen im neuen Jahr auf Uwe Steimles YouTube-Kanal.<br \/>\nSteimles Welt, 01.01.2023, 23 min<br \/>\n<a href=\"https:\/\/youtu.be\/TyH96DXwBBY\">https:\/\/youtu.be\/TyH96DXwBBY<\/a><br \/>\n<a href=\"https:\/\/www.youtube.com\/watch?v=TyH96DXwBBY\">https:\/\/www.youtube.com\/watch?v=TyH96DXwBBY<\/a><br \/>\n<a href=\"http:\/\/www.uwesteimle.de\/\">http:\/\/www.uwesteimle.de\/<\/a><br \/>\n.<br \/>\n.<br \/>\n<strong>(2) Neujahrsansprache 2023 \u2013 Eugen Drewermann: <\/strong><br \/>\n<strong>Von der Geburt des neuen Menschen<\/strong><br \/>\nIn dieser Neujahrsansprache analysiert der bekannte Theologe und Psychoanalytiker Dr. Eugen Drewermann die kriegerischen Geschehnisse der Gegenwart und j\u00fcngeren Vergangenheit vor dem Hintergrund der Weihnachtsbotschaft: Er l\u00e4dt dazu ein, uns mit dem Kind von Betlehem unverf\u00e4lscht unserer eigenen Kindlichkeit bewusst zu werden. Der Gesang der Hirten und Engel sei eine Aufforderung, den anderen zu verstehen und nicht zu bek\u00e4mpfen. Der Krieg sei nicht legitimierbar durch eine einseitige Unterteilung in Gut und B\u00f6se, keine L\u00f6sung herbeif\u00fchrbar ohne Verhandlungen, das B\u00f6se nicht bek\u00e4mpfbar durch noch mehr B\u00f6ses.<br \/>\nIm Gegenteil: Nur die Gewaltlosigkeit kann eine Antwort auf die Schrecken der Gewalt sein. In Verst\u00e4ndigung und Diplomatie liegt die Chance auf Frieden.<\/p>\n<p>Inhalt: 00:00:00 Anmoderation \u2013 Dr. phil. Mathias Jung &amp; Dr. med. J\u00fcrgen Birmanns 00:03:35 Neujahrsansprache 2023 \u2013 Dr. Eugen Drewermann 00:11:10 Punkt 1 \u2013 Der Gesang der Hirten 00:42:18 Punkt 2 \u2013 Das Bild des Kindes von Betlehem 01:07:39 Punkt 3 \u2013 Die Tiere an der Krippe<\/p>\n<p>1.1.2023, Dr. Eugen Drewermann<br \/>\n<a href=\"https:\/\/youtu.be\/mjJFD28vj_Y\">https:\/\/youtu.be\/mjJFD28vj_Y<\/a><br \/>\n<a href=\"https:\/\/drewermann.wordpress.com\/\">https:\/\/drewermann.wordpress.com\/<\/a><\/p>\n","protected":false},"excerpt":{"rendered":"<p>Zwei etwas andere Neujahrsansprachen 2023 haben mir es besonders angetan. Die von Uwe Steimle (1) und die andere von Eugen Drewermann (2). Beiden gemeinsam ist laut Steimle &#8222;wir sind nicht gepusht, sondern unsere eigenen Auftraggeber&#8220; und beide verbreiten eine gewisse &hellip; <a href=\"https:\/\/www.freiburg-schwarzwald.de\/blog\/steimle-und-drewermann-2023\/\">Weiterlesen <span class=\"meta-nav\">&rarr;<\/span><\/a><\/p>\n","protected":false},"author":2,"featured_media":0,"comment_status":"open","ping_status":"closed","sticky":false,"template":"","format":"standard","meta":{"footnotes":""},"categories":[1],"tags":[],"class_list":["post-108104","post","type-post","status-publish","format-standard","hentry","category-allgemein"],"_links":{"self":[{"href":"https:\/\/www.freiburg-schwarzwald.de\/blog\/wp-json\/wp\/v2\/posts\/108104","targetHints":{"allow":["GET"]}}],"collection":[{"href":"https:\/\/www.freiburg-schwarzwald.de\/blog\/wp-json\/wp\/v2\/posts"}],"about":[{"href":"https:\/\/www.freiburg-schwarzwald.de\/blog\/wp-json\/wp\/v2\/types\/post"}],"author":[{"embeddable":true,"href":"https:\/\/www.freiburg-schwarzwald.de\/blog\/wp-json\/wp\/v2\/users\/2"}],"replies":[{"embeddable":true,"href":"https:\/\/www.freiburg-schwarzwald.de\/blog\/wp-json\/wp\/v2\/comments?post=108104"}],"version-history":[{"count":2,"href":"https:\/\/www.freiburg-schwarzwald.de\/blog\/wp-json\/wp\/v2\/posts\/108104\/revisions"}],"predecessor-version":[{"id":108106,"href":"https:\/\/www.freiburg-schwarzwald.de\/blog\/wp-json\/wp\/v2\/posts\/108104\/revisions\/108106"}],"wp:attachment":[{"href":"https:\/\/www.freiburg-schwarzwald.de\/blog\/wp-json\/wp\/v2\/media?parent=108104"}],"wp:term":[{"taxonomy":"category","embeddable":true,"href":"https:\/\/www.freiburg-schwarzwald.de\/blog\/wp-json\/wp\/v2\/categories?post=108104"},{"taxonomy":"post_tag","embeddable":true,"href":"https:\/\/www.freiburg-schwarzwald.de\/blog\/wp-json\/wp\/v2\/tags?post=108104"}],"curies":[{"name":"wp","href":"https:\/\/api.w.org\/{rel}","templated":true}]}}