{"id":10800,"date":"2012-09-12T17:41:31","date_gmt":"2012-09-12T15:41:31","guid":{"rendered":"https:\/\/www.freiburg-schwarzwald.de\/blog\/?p=10800"},"modified":"2012-09-12T17:41:31","modified_gmt":"2012-09-12T15:41:31","slug":"elektro-lickert-125-jahre-in-st-maergen","status":"publish","type":"post","link":"https:\/\/www.freiburg-schwarzwald.de\/blog\/elektro-lickert-125-jahre-in-st-maergen\/","title":{"rendered":"Elektro Lickert 125 Jahre in St.Maergen"},"content":{"rendered":"<p>Die Urspr\u00fcnge von \u201eElektro-Lickert\u201c, der am kommenden Sonntag sein zwanzigj\u00e4hriges Betriebsjubil\u00e4um \u00f6ffentlich feiert, reichen bis zum April 1957 zur\u00fcck. Da legte Hermann Hug in <a title=\"St Maergen \u2013 Tourismus \u2013 Demografie \u2013 Nahversorgung \u2013 Mobilitaet\" href=\"https:\/\/www.freiburg-schwarzwald.de\/blog\/st-maergen-tourismus-demografie-nahversorgung-mobilitaet\/\">St. M\u00e4rgen <\/a>den Grundstein f\u00fcr einen <a title=\"Handwerk\" href=\"https:\/\/www.freiburg-schwarzwald.de\/blog\/business\/handwerk\/\">bodenst\u00e4ndigen Elektrobetrieb<\/a>, den er \u00fcber 35 Jahre erfolgreich betrieb. 1977 kam Andreas Lickert als Lehrling in die Firma seines Onkels und erlernte dort das Elektro-Handwerk. Nach erfolgreicher Meisterpr\u00fcfung \u00fcbernahm er im Februar 1992 die Firma und f\u00fchrte die Familientradition fort. <!--more--><\/p>\n<p>\u00a0Als Meisterbetrieb betreut Andreas Lickert heute haupts\u00e4chlich Kunden in der n\u00e4heren Umgebung. Er wird unterst\u00fctzt von Clemens Wehrle, der 1995 als Lehrling in die Firma kam und heute eine erfahrene fachliche St\u00fctze ist. Seit Anfang September wird Robin Waldvogel zum Elektroniker ausgebildet. Lickerts Ehefrau Claudia unterst\u00fctzt das Unternehmen im B\u00fcro und im Elektroladen. Der konnte 2005 durch den Einzug in neues Wohn- und Gesch\u00e4ftshaus in St. M\u00e4rgen, Pf\u00e4ndlermatte 8 eingerichtet werden. Hier erf\u00fcllte sich ein gro\u00dfer Wunsch der Chefin. Sie erweiterte das Sortiment um Magnetschmuck, allerlei Spielwaren und vielem mehr sowie kleinen Geschenkartikeln. Zus\u00e4tzlich ist hier eine Annahmestelle der \u201eHimmelsbach-Reinigung\u201c aus Freiburg. Zu den Leistungen und Angeboten von Andreas Lickert und seinen Mitarbeitern geh\u00f6ren alle Arten von Elektro-Installationen sowie Elektro-Heizungen, Sat-TV-Anlagen, Einbauk\u00fcchen, Kundendienst, Solarstromanlagen, Telekommunikation, Elektro-Ger\u00e4te, W\u00e4rmepumpen sowie E-Checks.<\/p>\n<div id=\"attachment_10801\" style=\"width: 190px\" class=\"wp-caption alignnone\"><a href=\"https:\/\/www.freiburg-schwarzwald.de\/blog\/elektro-lickert-125-jahre-in-st-maergen\/lickert-stmaergen1209\/\" rel=\"attachment wp-att-10801\"><img loading=\"lazy\" decoding=\"async\" aria-describedby=\"caption-attachment-10801\" class=\"size-thumbnail wp-image-10801\" title=\"lickert-stmaergen1209\" src=\"https:\/\/www.freiburg-schwarzwald.de\/blog\/wp-content\/uploads\/2012\/09\/lickert-stmaergen1209-180x124.jpg\" alt=\"\" width=\"180\" height=\"124\" srcset=\"https:\/\/www.freiburg-schwarzwald.de\/blog\/wp-content\/uploads\/2012\/09\/lickert-stmaergen1209-180x124.jpg 180w, https:\/\/www.freiburg-schwarzwald.de\/blog\/wp-content\/uploads\/2012\/09\/lickert-stmaergen1209.jpg 640w\" sizes=\"auto, (max-width: 180px) 100vw, 180px\" \/><\/a><p id=\"caption-attachment-10801\" class=\"wp-caption-text\">Sie alle geh\u00f6ren zu \u201eElektro-Lickert\u201c in St. M\u00e4rgen: Robin Waldvogel, Clemens Wehrle, Andreas Lickert, Claudia Lickert und die Kinder Maja, Matti, Leon und Nino (v.l.). Foto: Privat<\/p><\/div>\n<p>Zur Jubil\u00e4umsfeier am kommenden Sonntag, dem 16. September 2012 von 11 bis 18 Uhr ist die gesamte Bev\u00f6lkerung ins Gesch\u00e4ft eingeladen. Beratung und Verkauf von attraktiven Elektro-Angeboten findet bis 16 Uhr statt. Die Bewirtung erfolgt durch den F\u00f6rderverein und die Jugendabteilung vom Sportverein St. M\u00e4rgen. F\u00fcr die j\u00fcngsten G\u00e4ste gibt es Kinderprogramm mit Gl\u00fccksrad, Kinderschminken und Luftballonmodellage. Im Internet ist unter www.elektro-lickert.de mehr \u00fcber das Jubil\u00e4umsunternehmen zu finden.<br \/>\nGerhard L\u00fcck, 12.9.2012, <a href=\"https:\/\/www.dreisamtaeler.de\">www.dreisamtaeler.de<\/a><\/p>\n<p>&nbsp;<\/p>\n<p>&nbsp;<\/p>\n<p>&nbsp;<\/p>\n<p>&nbsp;<\/p>\n","protected":false},"excerpt":{"rendered":"<p>Die Urspr\u00fcnge von \u201eElektro-Lickert\u201c, der am kommenden Sonntag sein zwanzigj\u00e4hriges Betriebsjubil\u00e4um \u00f6ffentlich feiert, reichen bis zum April 1957 zur\u00fcck. Da legte Hermann Hug in St. M\u00e4rgen den Grundstein f\u00fcr einen bodenst\u00e4ndigen Elektrobetrieb, den er \u00fcber 35 Jahre erfolgreich betrieb. 1977 &hellip; <a href=\"https:\/\/www.freiburg-schwarzwald.de\/blog\/elektro-lickert-125-jahre-in-st-maergen\/\">Weiterlesen <span class=\"meta-nav\">&rarr;<\/span><\/a><\/p>\n","protected":false},"author":4,"featured_media":0,"comment_status":"open","ping_status":"closed","sticky":false,"template":"","format":"standard","meta":{"footnotes":""},"categories":[22,180],"tags":[329],"class_list":["post-10800","post","type-post","status-publish","format-standard","hentry","category-handwerk","category-hochschwarzwald","tag-jubilaeum"],"_links":{"self":[{"href":"https:\/\/www.freiburg-schwarzwald.de\/blog\/wp-json\/wp\/v2\/posts\/10800","targetHints":{"allow":["GET"]}}],"collection":[{"href":"https:\/\/www.freiburg-schwarzwald.de\/blog\/wp-json\/wp\/v2\/posts"}],"about":[{"href":"https:\/\/www.freiburg-schwarzwald.de\/blog\/wp-json\/wp\/v2\/types\/post"}],"author":[{"embeddable":true,"href":"https:\/\/www.freiburg-schwarzwald.de\/blog\/wp-json\/wp\/v2\/users\/4"}],"replies":[{"embeddable":true,"href":"https:\/\/www.freiburg-schwarzwald.de\/blog\/wp-json\/wp\/v2\/comments?post=10800"}],"version-history":[{"count":0,"href":"https:\/\/www.freiburg-schwarzwald.de\/blog\/wp-json\/wp\/v2\/posts\/10800\/revisions"}],"wp:attachment":[{"href":"https:\/\/www.freiburg-schwarzwald.de\/blog\/wp-json\/wp\/v2\/media?parent=10800"}],"wp:term":[{"taxonomy":"category","embeddable":true,"href":"https:\/\/www.freiburg-schwarzwald.de\/blog\/wp-json\/wp\/v2\/categories?post=10800"},{"taxonomy":"post_tag","embeddable":true,"href":"https:\/\/www.freiburg-schwarzwald.de\/blog\/wp-json\/wp\/v2\/tags?post=10800"}],"curies":[{"name":"wp","href":"https:\/\/api.w.org\/{rel}","templated":true}]}}