{"id":10795,"date":"2012-09-12T11:04:42","date_gmt":"2012-09-12T09:04:42","guid":{"rendered":"https:\/\/www.freiburg-schwarzwald.de\/blog\/?p=10795"},"modified":"2012-09-12T11:04:42","modified_gmt":"2012-09-12T09:04:42","slug":"stadtgeschichten-staufen-900-jahre-baden","status":"publish","type":"post","link":"https:\/\/www.freiburg-schwarzwald.de\/blog\/stadtgeschichten-staufen-900-jahre-baden\/","title":{"rendered":"Stadtgeschichten Staufen &#8211; 900 Jahre Baden"},"content":{"rendered":"<p>Von Freitag, 21. bis Sonntag, 23. September, begibt sich die Fauststadt wieder mit den &#8222;Stadtgeschichten&#8220; auf Zeitreise. Die historische Staufener Altstadt wird sich dabei in ein spannendes begehbares <a title=\"Geschichte\" href=\"https:\/\/www.freiburg-schwarzwald.de\/blog\/regio\/heimat\/geschichte\/\">Geschichtsbuch <\/a>verwandeln. 600 Darsteller in historischen Kost\u00fcmen wirken bei der Veranstaltung mit. Die Besucher erwartet Kanonendonner, mittelalterliche Musik, Bettler, Gaukler, Ritterk\u00e4mpfe, Revolution\u00e4re, Lagerleben vieles mehr. &#8222;Wir wollen die faszinierende Geschichte Staufens durch die Jahrhunderte zum Leben und vor allem zum Miterleben erwecken&#8220;, beschreibt Organisator Andy M\u00fcller die Faszination &#8222;Staufener Zeitreise&#8220;.<!--more--><br \/>\n&#8222;Die Staufener B\u00fcrger leben hier ihre eigene Geschichte und bekommen so ein intensives Verst\u00e4ndnis f\u00fcr die Vergangenheit ihrer wundersch\u00f6nen Stadt.&#8220; Dass Geschichte nicht verstaubt und langweilig ist, zeigen die &#8222;Stadtgeschichten&#8220; mit einem vielf\u00e4ltigen Programm, das in diesem Jahr mit einem Schwerpunkt auf &#8222;900 Jahre Baden&#8220; einl\u00e4dt.<br \/>\nDer Startschuss f\u00fcr das mittelalterliche Spektakel f\u00e4llt am Freitag, 21. September, um 18 Uhr mit dem Aufmarsch der Stadtwache und einem bunten Abendprogramm &#8222;Menschen und Musik aus 1200 Jahren&#8220;.<br \/>\nEine n\u00e4chtliche Auff\u00fchrung des Schauspiels &#8222;Faustens Tod&#8220; von Herrmann Ays um 22 Uhr er\u00f6ffnet den Geschichtenreigen. Der Samstag wird von dem gemeinschaftlichen Fr\u00fchst\u00fcck &#8222;z\u2019Nini um Elfi&#8220; er\u00f6ffnet, bei dem sich jedermann mit Tisch, Stuhl und Fr\u00fchst\u00fcck seiner Wahl der gro\u00dfen Tafel durch das &#8222;Hinterst\u00e4dtle&#8220; anschlie\u00dfen darf, ehe die Staufener in ihren historischen Kost\u00fcmen zwei Tage lang in Aktion treten.<br \/>\nNeben Rittern und ihren holden Maiden, den tapferen Revolution\u00e4ren der Badischen Revolution und den treusorgenden Schwestern des Staufener Spitals wird im Rahmen des Jubil\u00e4ums &#8222;900 Jahre Baden&#8220; der Besuch des Gro\u00dfherzogs von Baden anno 1909 am Sonntag mit einem festlichen Einzug ins St\u00e4dtle gefeiert. Selbstverst\u00e4ndlich stehen die Geschichten der Ritter von Staufen mit einer neuen Folge im Programm, genau so wie Elemente der vergangenen Zeitreisen, beispielsweise die &#8222;Schule anno dazumal&#8220; oder die &#8222;Wappen von Staufen&#8220; in einer Neuauflage. Auch die d\u00fcstere Geschichte der Pest im &#8222;Schwarzen Tod&#8220; wird noch einmal aufgef\u00fchrt. Als abendlichen H\u00f6hepunkt am Samstag ziehen alle Mitwirkenden in ihren Kost\u00fcmen in einem historischen Zug bei Fackelschein durch die abgedunkelte Altstadt mit Musik und Tanz zu mittelalterlichen Weisen auf dem Marktplatz.<br \/>\nDas historische Karussell und ein &#8222;Kinder-Spectaculum&#8220; lassen nicht nur Kinderherzen h\u00f6her schlagen. K\u00f6stlichkeiten aus K\u00fcche und Keller, der historische Bauernhof, viel Musik und Gauklerei d\u00fcrfen beim gro\u00dfen Historienspektakel der Staufener Zeitreise nicht fehlen.<br \/>\nInfo: Der Vorverkauf f\u00fcr den &#8222;Wegezoll&#8220; l\u00e4uft bereits in vielen Gesch\u00e4ften: Mittwochs von 15 Uhr bis 18 Uhr und samstags von 10 bis 13 Uhr werden auf dem Staufener Marktplatz die B\u00e4nder f\u00fcr die Veranstaltung verkauft. Der &#8222;Wegezoll&#8220; betr\u00e4gt f\u00fcr Samstag und Sonntag jeweils 7,50 Euro pro Tag. Im Vorverkauf sind die nicht \u00fcbertragbaren Zutrittsb\u00e4nder, die man um das Handgelenk bindet, f\u00fcr den erm\u00e4\u00dfigten Preis von 6 Euro erh\u00e4ltlich. Kinder bis 14 Jahre sind frei. Erm\u00e4\u00dfigte Eintrittskarten gibt es bis zum 20. September. Informationen<br \/>\n<a title=\"\" href=\"https:\/\/www.stadtgeschichten-staufen.de\/\" target=\"_blank\">https:\/\/www.stadtgeschichten-staufen.de<\/a><\/p>\n<p><!-- RSPEAK_STOP -->Programm<br \/>\nFreitag: 18 Uhr Einzug der Stadtwache, 20 Menschen und Musik aus 1000 Jahren, 22 &#8222;Dr. Faustens Tod&#8220; \u2013 am Stadtschloss.<br \/>\nSamstag: 11 bis 13 Uhr &#8222;Z\u2019nini um elfi&#8220;, St\u00e4dtle-Fr\u00fchst\u00fcck f\u00fcr jedermann, 13 bis 20 Uhr Staufener Stadtgeschichten, 21 Uhr Historischer Fackelumzug durch die Altstadt mit anschlie\u00dfendem Tanz und Musik auf dem Marktplatz.<br \/>\nSonntag: 11 Uhr Aufmarsch der Stadtwache, 11 bis18 Uhr Staufener Stadtgeschchichten, 14 Uhr Einzug des Gro\u00dfherzogs &#8222;900 Jahre Land Baden&#8220;, 18.30 Uhr Finale mit allen Mitwirkenden.<br \/>\nErm\u00e4\u00dfigte Eintrittskarten gibt es bis zum 20. September.<\/p>\n","protected":false},"excerpt":{"rendered":"<p>Von Freitag, 21. bis Sonntag, 23. September, begibt sich die Fauststadt wieder mit den &#8222;Stadtgeschichten&#8220; auf Zeitreise. Die historische Staufener Altstadt wird sich dabei in ein spannendes begehbares Geschichtsbuch verwandeln. 600 Darsteller in historischen Kost\u00fcmen wirken bei der Veranstaltung mit. &hellip; <a href=\"https:\/\/www.freiburg-schwarzwald.de\/blog\/stadtgeschichten-staufen-900-jahre-baden\/\">Weiterlesen <span class=\"meta-nav\">&rarr;<\/span><\/a><\/p>\n","protected":false},"author":4,"featured_media":0,"comment_status":"open","ping_status":"closed","sticky":false,"template":"","format":"standard","meta":{"footnotes":""},"categories":[235,249,179,6],"tags":[248,175],"class_list":["post-10795","post","type-post","status-publish","format-standard","hentry","category-geschichte","category-hock","category-markgraeflerland","category-vereine","tag-feste","tag-ortsgeschichte"],"_links":{"self":[{"href":"https:\/\/www.freiburg-schwarzwald.de\/blog\/wp-json\/wp\/v2\/posts\/10795","targetHints":{"allow":["GET"]}}],"collection":[{"href":"https:\/\/www.freiburg-schwarzwald.de\/blog\/wp-json\/wp\/v2\/posts"}],"about":[{"href":"https:\/\/www.freiburg-schwarzwald.de\/blog\/wp-json\/wp\/v2\/types\/post"}],"author":[{"embeddable":true,"href":"https:\/\/www.freiburg-schwarzwald.de\/blog\/wp-json\/wp\/v2\/users\/4"}],"replies":[{"embeddable":true,"href":"https:\/\/www.freiburg-schwarzwald.de\/blog\/wp-json\/wp\/v2\/comments?post=10795"}],"version-history":[{"count":0,"href":"https:\/\/www.freiburg-schwarzwald.de\/blog\/wp-json\/wp\/v2\/posts\/10795\/revisions"}],"wp:attachment":[{"href":"https:\/\/www.freiburg-schwarzwald.de\/blog\/wp-json\/wp\/v2\/media?parent=10795"}],"wp:term":[{"taxonomy":"category","embeddable":true,"href":"https:\/\/www.freiburg-schwarzwald.de\/blog\/wp-json\/wp\/v2\/categories?post=10795"},{"taxonomy":"post_tag","embeddable":true,"href":"https:\/\/www.freiburg-schwarzwald.de\/blog\/wp-json\/wp\/v2\/tags?post=10795"}],"curies":[{"name":"wp","href":"https:\/\/api.w.org\/{rel}","templated":true}]}}