{"id":107759,"date":"2022-12-24T23:04:09","date_gmt":"2022-12-24T22:04:09","guid":{"rendered":"https:\/\/www.freiburg-schwarzwald.de\/blog\/?p=107759"},"modified":"2022-12-29T12:59:09","modified_gmt":"2022-12-29T11:59:09","slug":"weihnachten-2022-steinmeier","status":"publish","type":"post","link":"https:\/\/www.freiburg-schwarzwald.de\/blog\/weihnachten-2022-steinmeier\/","title":{"rendered":"Weihnachten 2022 &#8211;  Steinmeier"},"content":{"rendered":"<p><em>\u201eIch w\u00fcnsche mir, dass die \u00c4lteren auch sp\u00e4t im Leben noch einmal bereit sind, sich zu ver\u00e4ndern. Und dass die J\u00fcngeren sich engagieren, dass sie kritisch sind \u2013 ohne der Sache des Klimaschutzes zu schaden, indem sie andere gegen sich aufbringen.\u201c<\/em> Dies ist die Kernaussage der Weihnachtsansprache 2022 <!--more-->von Bundespr\u00e4sident Frank-Walter Steinmeier zum 23.12.2022.<br \/>\nWeihnachtsansprache 2022 anh\u00f6ren (8:33 min):<br \/>\n<a href=\"https:\/\/youtu.be\/8Rmii17TQ4U\">https:\/\/youtu.be\/8Rmii17TQ4U<\/a><br \/>\n<a href=\"https:\/\/www.bundespraesident.de\/\">https:\/\/www.bundespraesident.de\/<\/a><\/p>\n<p>Dazu Roland Tichy (siehe (1) unten): &#8222;Steinmeiers Rede kann wirklich in die Geschichtsb\u00fccher eingehen. Sie ist das Dokument jener hochtrabenden <a href=\"https:\/\/www.freiburg-schwarzwald.de\/blog\/global\/deutschland\/moral2015\/moralismus\/\">Moralisiererei<\/a>, die mit der st\u00e4ndig verbreiteten <a href=\"https:\/\/www.freiburg-schwarzwald.de\/blog\/engagement\/zukunft\/angst\/angstmachen\/\">Klimaangst<\/a> ein Vehikel gefunden hat, mit dem jede Rationalit\u00e4t und jeder Widerspruch in den Boden gestampft werden kann.&#8220;<br \/>\nZur Kernaussage von Steinmeier drei Punkte:<\/p>\n<p>1) <em>&#8222;Ich w\u00fcnsche mir&#8220;<\/em><br \/>\n&#8222;Ich&#8220;, das ist das Staatsoberhaupt. Die\u00a0 B\u00fcrger haben Staat und Regierung beauftragt, f\u00fcr die n\u00e4chste Wahlperiode ihre W\u00fcnsche (bezahlbare Energie, kontrollierte Grenzen) und politischen Vorstellungen (friedlicher Handel mit allen Nachbarn) umzusetzen und die ihnen qua Geburt geh\u00f6renden <a href=\"https:\/\/www.freiburg-schwarzwald.de\/blog\/engagement\/zukunft\/demokratie\/grundgesetz\/grundrechte\/\">Grundrechte<\/a> zu sichern. Dazu haben die B\u00fcrger als der\u00a0 Souver\u00e4n dem Staat als ihrem Dienstleister das Gewaltmonopol \u00fcbertragen. In <a href=\"https:\/\/www.freiburg-schwarzwald.de\/blog\/engagement\/zukunft\/demokratie\/grundgesetz\/\">Artikel 20<\/a> klingt das so: \u201eAlle Staatsgewalt geht vom Volke aus. Sie wird vom Volke in Wahlen und Abstimmungen und durch besondere Organe der Gesetzgebung, der vollziehenden Gewalt und der Rechtssprechung ausge\u00fcbt.\u201c Wenn Steinmeier (als Dienstleister) sich von seinem Auftraggeber (den B\u00fcrgern) w\u00fcnscht, da\u00df sich deren Verhalten \u00e4ndert, dann deutet dies auf einen Mi\u00dfstand der Kundenbeziehung B\u00fcrger-Staat hin. Nicht der Bundespr\u00e4sident bestimmt, sondern das Volk als der Souver\u00e4n.<\/p>\n<p>2) <em>&#8222;Die \u00c4lteren sollen sich ver\u00e4ndern&#8220;<br \/>\n<\/em>Nach dieser Aussage geht die Staatsgewalt anscheinend nicht mehr vom Volk aus, sondern vom <a href=\"https:\/\/www.freiburg-schwarzwald.de\/blog\/engagement\/zukunft\/demokratie\/staatsapparat\/\">Staatsapparat<\/a> aus Politik, Medien und NGOs, die zu wissen meinen, wie die <a href=\"https:\/\/www.freiburg-schwarzwald.de\/blog\/selbsthilfe\/senioren\/\">Senioren<\/a> zu leben haben. Aufgabe des Staatsapparates ist auch nicht , die B\u00fcrger umerziehen (<a href=\"https:\/\/www.freiburg-schwarzwald.de\/blog\/engagement\/zukunft\/demokratie\/nudging\/\">Nudging<\/a>) zu m\u00fcssen &#8211; weder durch <a href=\"https:\/\/www.freiburg-schwarzwald.de\/blog\/regierungskampagne-nudging\/\">Anzeigenkampagnen<\/a> in der Presse (&#8222;Impfen ist Freiheit!&#8220; ), durch Ma\u00dfnahmen der sog. Demokratief\u00f6rderung noch durch Weihnachtsansprachen sie diese.<br \/>\n&#8222;Die \u00c4lteren sollen sich ver\u00e4ndern&#8220;. Auch Herr Steinmeier geh\u00f6rt zu den \u00c4lteren und sollte hier mit gutem Beispiel vorangehen und sich m\u00f6glichst z\u00fcgig und ohne gro\u00dfe Worte ver\u00e4ndern. Doch als linker Ideologe und Apparatschik unterl\u00e4\u00dft er dies.<br \/>\nSteinmeier sollte sich besinnen auf seine eigentliche Aufgabe als Bundespr\u00e4sident: Von einer neutralen Warte aus vermittelnd und ausgleichend f\u00fcr alle B\u00fcrger, also f\u00fcr &#8222;sein&#8220; Volk sprechen. Nicht aber zum aktuellen politischen Geschehen einseitig Stellung beziehen. Leider tut er dies in der Weihnachtsansprache zu Corona, Klimawandel wie Ukrainekrieg. Besonders zu letzterem sollte sich Steinmeier zur\u00fcckhalten, ist er doch als ehem. SPD-Aussenminister in die Vorg\u00e4nge um Minsk recht zweifelhaft (4) verstrickt.<\/p>\n<p>3)<em> &#8222;Die J\u00fcngeren sollen kritisch sein&#8220;<\/em><br \/>\nJa, aber die Kritik darf sich nicht gegen die richten, die dem &#8222;Klimaschutz&#8220; kritisch gegen\u00fcber stehen. Kritik am Kritiker ist verboten. Eine f\u00fcrwahr systemkonforme, von oben gelenkte Quasi-Kritik, wie man sie aus totalit\u00e4ren Systeme her kennt. Demokratie lebt vom demokratischen Streit, von offener Kritik und <a href=\"https:\/\/www.freiburg-schwarzwald.de\/blog\/kultur\/medien\/diskussionskultur\/\">Diskussionskultur<\/a>.<br \/>\nSteinmeier spricht von &#8222;Klimaschutz&#8220;, obwohl er wei\u00df, das man das Klima als &#8222;das Wetter \u00fcber einen l\u00e4ngeren Zeitraum hinweg in einem gr\u00f6\u00dferen Gebiet&#8220; in seinem Wandel nicht sch\u00fctzen kann (au\u00dfer man sieht sich gr\u00f6\u00dfenwahnsinnig selbst als Hergott an) und warnt die &#8222;J\u00fcngeren&#8220; davor, durch ihre Kritik &#8222;der Sache des Klimaschutzes zu schaden&#8220;.<br \/>\n.<br \/>\nIn der Kernaussage seiner Weihnachtsansprache richtet sich der Bundespr\u00e4sident an die &#8222;\u00c4lteren&#8220; und die &#8222;J\u00fcngeren&#8220; &#8211; zwei Gruppen, denen die Coronapolitik immenses Leid und Unrecht zugef\u00fcgt hatte: Die Alten wurden weggesperrt und mu\u00dften alleine sterben; die M\u00f6glichkeit, von ihren Lieben Abschied zu nehmen wurde ihnen untersagt. Eine brutale Ma\u00dfnahme. Gegen\u00fcber den Jungen wurde gem\u00e4\u00df <a href=\"https:\/\/www.freiburg-schwarzwald.de\/blog\/business\/gesund\/corona-virus\/corona-strategiepapier\/\">Strategiepapier<\/a> eine &#8222;geschw\u00fcnschte Schockwirkung&#8220; erzeugt; die Kinder wurden per Lockdown und Maske ver\u00e4ngstigt in Zwangsisolation geschickt, sonst &#8222;<a href=\"https:\/\/www.freiburg-schwarzwald.de\/blog\/angst-vor-dem-erstickungstod\/\">stirbt Oma den Erstickungstot an Corona<\/a>&#8222;. Eine nicht minder brutale Ma\u00dfnahme.<br \/>\nInzwischen hat sich herausgestellt, da\u00df die als Verschw\u00f6rungstheorien diffamierte Skepsis von Millionen von B\u00fcrgern nicht L\u00fcge war, sondern der Wahrheit entspricht. Da dr\u00e4ngt sich f\u00fcr Steinmeier doch die Chance geradezu auf, in der Weihnachtsansprache diese &#8222;J\u00fcngeren&#8220; und &#8222;\u00c4lteren&#8220; um Entschuldigung zu bitten, um sie so zu einer Aufarbeitung des Corona-Unrechts zu ermutigen und eine sp\u00e4tere Vers\u00f6hnung der gespaltenen Gesellschaft zu erm\u00f6glichen. Wie dies in vielen L\u00e4ndern derzeit gemacht wird: In Kanada u.a. in <a href=\"https:\/\/www.freiburg-schwarzwald.de\/blog\/kanada-corona-entschuldigung\/\">Alberta<\/a>. In den USA in <a href=\"https:\/\/www.freiburg-schwarzwald.de\/blog\/global\/usa\/desantis\/\">Florida<\/a>. in Australien. In der Schweiz und Italien.<\/p>\n<p>Aber nein. Steinmeier vergibt die Chance auf <a href=\"https:\/\/www.freiburg-schwarzwald.de\/blog\/business\/gesund\/corona-virus\/corona-versoehnung\/\">Vers\u00f6hnung<\/a> an <a href=\"https:\/\/www.freiburg-schwarzwald.de\/blog\/religion\/kirchen\/weihnachten\/\">Weihnachten<\/a>, dem gro\u00dfen christlichen Fest der Hoffnung. Er setzt nicht auf Hoffnung und Zuversicht, sondern weiter auf Ver\u00e4ngstigung von B\u00fcrgern, die er damit glaubt erziehen zu k\u00f6nnen.<br \/>\n24.12.2022<br \/>\n.<br \/>\nEnde des Artikels &#8222;Weihnachten 2022 &#8211; Steinmeier&#8220;<br \/>\n============================================<br \/>\nBeginn der Anlagen (1) bis (4)<\/p>\n<p>.<br \/>\n<strong>(1) Steinmeiers Predigt zur Umerziehung<\/strong><br \/>\n<strong>Bundespr\u00e4sident Frank-Walter Steinmeier l\u00e4sst die Katze aus dem Sack, in dem der Weihnachtsmensch die Weihnachtsgeschenke mitbringt: Es geht um Umerziehung.<\/strong><br \/>\n&#8230;<br \/>\nSteinmeiers Rede kann wirklich in die Geschichtsb\u00fccher eingehen. Sie ist das Dokument jener hochtrabenden Moralisiererei, die mit der st\u00e4ndig verbreiteten Klimaangst ein Vehikel gefunden hat, mit dem jede Rationalit\u00e4t und jeder Widerspruch in den Boden gestampft werden kann. Dazu passt, dass \u201eWissenschafts-Leugnerei\u201c zu einem neuen Tatbestand bei der Bek\u00e4mpfung von Hass und Hetze hochgejazzt wird. Der Mensch hat sich zu beugen vor jenen, die meinen, das Rezept gefunden zu haben, wie man den Planeten rettet. Es ist eine In-Dienst-Nahme der W\u00e4hler und der Bev\u00f6lkerung insgesamt. Die Jungen sollen heftig demonstrieren, sie sollen kritisch sein. Nat\u00fcrlich nicht, was die fragw\u00fcrdigen Annahmen und Ma\u00dfnahmen betrifft. Nein, kritisch sollen sie sein gegen jene, die kritisch sind. So werden die Alten wie die Jungen in den Dienst der Bewegung gestellt.<br \/>\n&#8230;<br \/>\nEs ist keine Paragraphenreiterei, wenn man festh\u00e4lt: Die Politiker haben jene abgeschrieben, die sie in die \u00c4mter gew\u00e4hlt und mit ihrer Vertretung beauftragt haben, und haben sich zu deren Beherrscher aufgeschwungen. Der Souver\u00e4n wird erst wegdefiniert, denn es gibt ihn gar nicht mehr, und dann zum Untertan reduziert, der bestenfalls versorgt, aber ansonsten nur benutzt und belehrt wird. Das erkl\u00e4rt die merkw\u00fcrdige Entr\u00fccktheit des politischen Handelns, bei dem konkrete Lebensbed\u00fcrfnisse kaum mehr eine Rolle spielen. Wahlweise soll \u201eder Planet\u201c gerettet werden oder das Weltklima; beides eine monstr\u00f6se wie ungefragte In-Dienst-Nahme der B\u00fcrger in wahrhaft deutschem Gr\u00f6\u00dfenwahn.<br \/>\n&#8230; Alles vom 24.12.2022 von Roland Tichy bitte lesen auf<br \/>\n<a href=\"https:\/\/www.tichyseinblick.de\/tichys-einblick\/steinmeier-weihnachtsansprache-predigt-umerziehung\/\">https:\/\/www.tichyseinblick.de\/tichys-einblick\/steinmeier-weihnachtsansprache-predigt-umerziehung\/<\/a><\/p>\n<p>Einige Kommentare:<br \/>\n&#8222;Der Souver\u00e4n wird erst wegdefiniert, denn es gibt ihn gar nicht mehr, und dann zum Untertan reduziert, der bestenfalls versorgt, aber ansonsten nur benutzt und belehrt wird.&#8220;<br \/>\nLieber Herr Tichy, der so genannte Souver\u00e4n hat sich selbst zum recht- und machtlosen Untertanen geschrumpft, seitdem er bei zahllosen Wahlen bewiesen hat, dass er sich ein Feudalsystem w\u00fcnscht, in welchem er von den Feudalherren \u201enur benutzt und belehrt wird\u201c.<br \/>\nDie Feudalherren sind sich mittlerweile aus Erfahrung sicher, dass sich an diesen Verh\u00e4ltnissen nichts mehr \u00e4ndern wird und k\u00f6nnen deshalb ganz entspannt die Daumenschrauben f\u00fcr die Untertanen immer fester anziehen und \u2013 wie Sie es so brilliant beschrieben haben \u2013 \u201eHohn pur\u201c \u00fcber diese Untertanen ergie\u00dfen.<br \/>\nMerke: Der gl\u00fcckliche Sklave ist der Freiheit gr\u00f6\u00dfter Feind.<br \/>\n24.12.2022, C.C.<\/p>\n<p>Stattdessen immer neue Hasspredigten, und dann noch diese Weihnachtspredigt: gedankenlos, von oben herab, an den Menschen vorbei und voller Zumutungen.\u201c<br \/>\nIrrtum! Das trifft nur auf eine kleine Minderheit zu. Es sind \u201edie Menschen\u201c selbst, die Leute wie Steinmeier fortw\u00e4hrend per Wahl direkt oder indirekt ins Amt hieven. Steinmeier spricht aus einer gro\u00dfen Prozentzahl der W\u00e4hler, n\u00e4mlich derjenigen, die die \u00f6kosozialistischen Einheitsblockparteien w\u00e4hlen. Das ist das wirklich Schlimme!<br \/>\n24.12.2022, StB<\/p>\n<p>Herr Steinmeiers Aufforderung, mich im Alter zu ver\u00e4ndern, kommt zu sp\u00e4t. Ich habe mich bereits ver\u00e4ndert. Nach den Diskriminierungen und Beleidigungen, die ich als Ungeimpfter ertragen musste, und in Erfahrung der Tatsache, dass die mich Regierenden mit ihrer irrwitzigen Weltrettungspolitik Schuld daran tragen, dass meine Altersr\u00fccklagen schneller schmelzen als die Alpengletscher, habe ich jegliches Vertrauen in diese Regierung verloren, ich bin gegen diese mich belehrenden, moralisierenden und bel\u00fcgenden Politiker, sie haben mich zum Gegner ver\u00e4ndert<br \/>\n24.12.2022, Jan<\/p>\n<p>\u201eIch w\u00fcnsche mir, dass die \u00c4lteren auch sp\u00e4t im Leben noch einmal bereit sind, sich zu ver\u00e4ndern.\u201c<br \/>\nHallo Steini, ich bin 61 und habe deinen Wunsch bereits erf\u00fcllt! Als Ungeimpfter habe ich noch deine Hetze gegen uns im Hinterkopf, oder auch deinen Aufruf nach der Chemnitz-Demo, zu linksradikalen Konzerten zu gehen. Ich habe mich ver\u00e4ndert und schaue kein ARD und ZDF mehr, lese keine MSM-Medien mehr und schwanke als ehemaliger konservativ-liberaler nun zwischen Linken und AfD. Ist das ok so ?<br \/>\n24.12.2022, Uwe<br \/>\nSie schreiben es zu recht, lieber Herr Tichy. Der Kernsatz in Steinmeiers Predigt zu Weihnachten lautet: \u201eIch w\u00fcnsche mir, dass die \u00c4lteren auch sp\u00e4t im Leben noch einmal bereit sind, sich zu ver\u00e4ndern.\u201c Und genau das kann er nicht, unf\u00e4hig selbst sich zu ver\u00e4ndern. Das sagt ein unbelehrbarer und strammer Ideologe, ein Apparatschik. Sie schreiben ja auch \u00fcber die Reaktionen der B\u00fcrger, denn keine Sau interessiert das Gesabbel von diesem Bundesgr\u00fc\u00dfaugust mehr.<br \/>\n24.12.2022, M.R.<\/p>\n<p>Jedes Volk hat die Politiker, die es verdient, hat einmal ein kluger Kopf gesagt. Wir werden dieses \u00e4ngstliche, staatsgl\u00e4ubige und freiheitsscheue Volk nicht durch Argumente \u00fcberzeugen, f\u00fcrchte ich. Eric Guier (NZZ) hat Recht mit seiner j\u00fcngsten Diagnose \u00fcber uns als Volk insgesamt.<br \/>\n24.12.2022, O.B.<\/p>\n<p>\u201eDazu passt, dass \u201eWissenschafts-Leugnerei\u201c zu einem neuen Tatbestand bei der Bek\u00e4mpfung von Hass und Hetze hochgejazzt wird.\u201c<br \/>\nWenn diese Herrschaften sich mal an die eigenen Spielregeln halten w\u00fcrden, m\u00fcsste doch konsequenterweise der gesamte Staatsapparat in den Knast (Klimawandel und \u201eCorona\u201c-Management)<br \/>\nMerkel soll ja bei den wissenschaftlichen Beratungsgespr\u00e4chen, kurz vor den Abstimmungen der Ministerpr\u00e4sidenten, die nicht regierungskonformen Wissenschaftler einfach nicht eingeladen haben.<br \/>\nNennt sich seit neustem \u201eWissenschaft\u201c.<br \/>\n\u201eWenn dieses Jahr ein Gutes hatte, dann doch die Erfahrung: Gemeinsam kommen wir durch diese Zeit.\u201c<br \/>\nDas l\u00e4uft ja wohl unter totaler Realit\u00e4tsverleugnung. Die Ausgrenzung und die systematische Abwertung unendlich vieler Gruppen, vor allem Regierungkritikern oder den Kindern als Seuchenschleudern, hatte doch wohl Hochkonjunktur. Oder meint er das kollektive Abbarbiert werden von irgendwelchen ideologischen Politdarstellern mit Gottkomplex..<br \/>\n24.12.2022, Ana<\/p>\n<p>Die implizite Hetze gegen \u201e\u00c4ltere\u201c (ab wann ist jemand \u201e\u00e4lter\u201c?) basiert sowieso auf einer Falschbehauptung: die \u00fcberwiegende Mehrheit der jungen und \u201ej\u00fcngeren\u201c pflegt durchaus den Lebensstil, der den Gr\u00fcnen (bei anderen!) so verha\u00dft ist: F\u00fchrerschein m\u00f6glichst mit 17, um danach Auto zu fahren, Fernreisen bei der ersten Gelegenheit und dann immer wieder, regelm\u00e4\u00dfig neues Handy inkl. intensiver (energiezehrender Nutzung) \u2013 ich w\u00fcrde behaupten, viele haben heute mit Mitte\/Ende Zwanzig bereits einen wesentlich tieferen CO2-Abdruck als die wirklich \u00c4lteren.<br \/>\nAber was k\u00fcmmert Steinmeier und Konsorten schon die Wahrheit? Wenn es doch darum geht, die Gesellschaft in gute und b\u00f6se Gruppen zu spalten.<br \/>\n24.12.2022, Ima<\/p>\n<p>Im Artikel 20 (4) GG steckt noch viel mehr Potential !<br \/>\n\u201eArt. 20 Abs. 4 GG erlaubt es jedem Deutschen, gegen Bedrohungen der freiheitlich-demokratischen Grundordnung vorzugehen und die Verfassung auch gewaltsam zu verteidigen. Damit nicht jeder B\u00fcrger nach seinem Gutd\u00fcnken Gewalt anwendet, ist dies aber nur als letzte M\u00f6glichkeit vorgesehen, wenn andere Wege versperrt sind. Somit w\u00e4re schon in Sachen Pandemie\u00fcbergriffen des Staates die mit unverh\u00e4ltnism\u00e4\u00dfigen Volksz\u00fcchtigungen, sprich Freiheitseinschr\u00e4nkungen, Berufsverboten, Lokdowns, Aushebelung der Kontrollaufsicht der L\u00e4nder \u00fcber die Bundesregierung, u.a. der legale Volksaufstand m\u00f6glich und sogar dringend erforderlich gewesen. Was durch Unt\u00e4tigkeit entstanden ist, das sehen wir jetzt. immer mehr Gesetze .\/. das eigene Volk waren und sind die Folge der \u201eB\u00fcrgerkriecherei\u201c !<br \/>\nDas ganze w\u00e4re allerdings nur m\u00f6glich gewesen, wenn ein Bundesverfassungsgericht mit einem Pr\u00e4ses, der unser GG insbes. unsere Grundrechte zu sch\u00fctzen hat, pr\u00e4sent gewesen w\u00e4re.<br \/>\n24.12.2022, Deu<\/p>\n<p>Opfer muessen gebracht werden auf dem langen Marsch in die neue Normalitaet, die schoene neue Welt und die meisten dieser Opfer werden von den Taetern durchaus nicht nur billigend in Kauf genommen. Man darf feststellen, dass es nach fast 80 Jahren wieder einmal eine menschenverachtende, linksgruene Nomenklatura geschafft hat, an die totalitaere Macht zu kommen und der saubere Herr S. gehoert dazu. Er ist fuer das salbungsvolle Geschwafel zust\u00e4ndig, verantwortlich ist er ohnehin fuer nichts. Aus einer gewissen Distanz ist und bleibt es unglaublich, wenn auch erklaerlich, was hier ablaeuft und konkret, wie die politische Mischpoke auftritt, ohne irgendeine angemessene Reaktion der Untertanen.<br \/>\nIch weiss nicht, wen die Dame mit dem Medikamentenproblem w\u00e4hlt bzw gewaehlt hat, f\u00fcrchte aber wie bei Mio anderer das Schlimmste. Die zumindest in weiten Teilen kriminelle Coronapolitik blieb bekanntlich politisch folgenlos. Unter anderem, aber nicht nur deshalb bin ich, was den Demos betrifft, mehr als skeptisch. Es hilft auch nichts, gegen Irgendetwas zu sein, z. B. gegen die illegale Landnahme, wenn man immer wieder die Taeter w\u00e4hlt. Dieses Volk hat (sich) weitgehend aufgegeben. Man jammert ueber die einzelnen Folgen, hier bei der Medikamentenversorgung, und macht genauso weiter. Vielleicht glaubt die Dame beim Medikamentenproblem, es seien nicht die Regimes, konkret die Gesundheitsminister oder der jeweilige Kanzler verantwortlich, sondern irgendeine unbekannte Macht, vielleicht sogar die AfD, die hier ihre maechtigen Faeden im Hintergrund spinnt. Mein Mitgef\u00fchl haelt sich in engen Grenzen und beschraenkt sich auf die, die ihren zumutbaren, politischen Beitrag leisteten, das Elend zu verhindern.<\/p>\n<p>Ich kann rein logisch nicht permanent die Taeter waehlen und mich dann ueber deren Taten bzw Folgen beklagen. Da funktionieren bei etlichen Mio wieder einmal weder der Verstand, noch der evolution\u00e4r mitgegebene Ueberlebensimpuls. Selbst ohne den Oberspalter gaebe es inzwischen einen massive Distanz zwischen dem hellsichtigen, \u201enormalen\u201c Teil des Demos und der grossen Mehrheit aus Neurotikern oder Lemmingen. \u201eCorona\u201c duerfte es bereits an den Tag gebracht haben und beim \u201eKlima\u201c, der Migration oder der Kernkraft, um nur das Wesentliche zu nennen, ist es nicht viel besser. Die alternativlose Loesung steht wie der bekannte Elefant im Raum und so wird es hierzulande wie immer bleiben.<br \/>\n24.12.2022, R.E.<\/p>\n<p>Herr Steinmeier w\u00fcnscht sich, \u201edass die \u00c4lteren auch sp\u00e4t im Leben noch einmal bereit sind, sich zu ver\u00e4ndern\u201c. Ja, Herr Steinmeier, dann fangen Sie gleich mal damit an. Verlassen Sie Ihr eingefahrenes Denkschema. Machen Sie die Augen auf und sehen Sie die Welt so, wie sie tats\u00e4chlich ist. Sie k\u00fcmmern steigende Strompreise nicht, auch die Kosten f\u00fcr Miete und Lebensmittel k\u00f6nnen Ihnen gleichg\u00fcltig sein. Den B\u00fcrgern, die Ihre Apanage bezahlen, sind diese Kosten nicht egal. Wenn Menschen ihren Arbeitsplatz verlieren, weil die Firmen ins Ausland gehen, um \u00fcberleben zu k\u00f6nnen. \u201eIs egal!\u201c Wenn ganze Branchen wegbrechen. \u201eIs egal!\u201c Sie und die ihren finanzieren alles \u00fcber \u201eSonderverm\u00f6gen\u201c. Das drucken Sie, dann ist es eben da, wie die ehemals alternativlose Vorsitzende sagen w\u00fcrde. \u2013 Ver\u00e4ndern Sie Ihr Denkschema, Herr Steinmeier, die Zeit dr\u00e4ngt.<br \/>\n24.12.2022, Hof<\/p>\n<p>DIE \u00c4LTEREN SOLLEN WIEDER HALBSTARK WERDEN,<br \/>\nund gegen jedes bessere Wissen, gegen jede Lebenserfahrung und gegen jede Reife jeden Unsinn der woken linksgr\u00fcnen Milchb\u00e4rte nachmachen. Ein sonderbares Ziel. In der p\u00e4dagogischen Psychologie nennt man so etwas wohl \u201eRegression\u201c. Die im Alter zu Klugheit, Umsicht und Realit\u00e4tssinn Gereiften sollen sich zur\u00fcck entwickeln.<br \/>\nEine Aufgabe, die nicht l\u00f6sbar ist und es gar nicht sein darf, bedeutet sie doch die Umkehr der (menschlichen) Evolution. Da hatte der oberste Bundesprediger mal wieder einen Mega-Aussetzer \u2013 und das ausgerechnet zu Weihnachten. Er m\u00f6ge zur geneigten Kenntnis nehmen: gereifte Konservative meiner Pr\u00e4gung pfeifen ihm eins drauf.<br \/>\n24.12.2022, H.C.<br \/>\nEnde Kommentare<br \/>\n<strong>(2) Weihnachten in Gefahr: Niemand darf uns dieses Fest nehmen! \/ Julian Reichelts Weihnachts-Botschaft<\/strong><br \/>\n24.12.2022<br \/>\n<a href=\"https:\/\/youtu.be\/_NL58KTEKzM3?\">https:\/\/youtu.be\/_NL58KTEKzM3?<\/a>, 19 min<br \/>\n.<\/p>\n<p><strong>(3) Sahra Wagenknecht zu Weihnachten 2022<\/strong><br \/>\nDie gr\u00f6\u00dften Flops und L\u00fcgen 2022 &#8211; mein ganz spezieller Jahresr\u00fcckblick<br \/>\n<a href=\"https:\/\/youtu.be\/ulQSF6d13GI\">https:\/\/youtu.be\/ulQSF6d13GI<\/a>, 20 min<\/p>\n<p>.<\/p>\n<p><strong>(4) Weihnachten 2022 \u2013 Warum Steinmeier uns nicht belehren muss<\/strong><br \/>\nSteinmeier sagt: \u201eLiebe Landsleute, auch Sie sp\u00fcren die Folgen dieses Krieges, vor allem die wirtschaftlichen Folgen. Aber Sie tragen die Lasten, weil Ihnen das Schicksal der Ukrainerinnen und Ukrainer nicht gleichg\u00fcltig ist; weil Ihnen ihr Kampf f\u00fcr die Freiheit nicht egal ist; weil Sie solidarisch und mitmenschlich sind.\u201c<br \/>\nDas stimmt nicht. Faktisch tragen wir Lasten, weil unsere Regierung diese Lasten so entschieden hat. Und ja, vielen ist das Schicksal der Ukrainer nicht egal. Und das ist auch gut so. Deshalb fordern viele Deutsche, endlich diplomatische Verhandlungen aufzunehmen und mitzuhelfen, das Grauen zu beenden. Aber daf\u00fcr werden sie vom polit-medialen Komplex sofort als \u201ePutinversteher\u201c diffamiert.<br \/>\nDabei sollte man nicht vergessen, dass Frank-Walter Steinmeier lange Jahre ein Abonnement auf diesen Begriff hatte. Thomas Schmidt, Herausgeber der Welt-Gruppe schrieb im April dieses Jahres \u00fcber Steinmeiers Ukraines\u00fcnden: \u201eEr war als Au\u00dfenminister an zentraler Stelle f\u00fcr eine verfehlte Russland-Politik zumindest mitverantwortlich, die auf Kosten der Ukraine ging und sie in eine schwache Position brachte.\u201c<\/p>\n<p>Ganz gleich, wie man Steinmeiers Engagement beim Minsker Abkommen bewertet: Wer sich einmischt, wer Vorschl\u00e4ge macht, \u00fcbernimmt Verantwortung. Steinmeiers Vorschlag stimmten im Oktober 2019 Russland und die Ukraine zu, der Vorschlag ging sogar als \u201eSteinmeier-Formel\u201c in die Geschichte ein.<br \/>\nDas Ergebnis kennen wir heute: Der Vorschlag konnte den Krieg mindestens nicht verhindern. Zehntausende Soldaten und Zivilisten sind seit dem 14. Februar 2022 elend verreckt. Hier gibt es f\u00fcr Steinmeier r\u00fcckblickend auf seine Au\u00dfenministerrolle nur zwei M\u00f6glichkeiten: Entweder er weist jede Verantwortung energisch von sich oder er steht zu einer wie auch immer gearteten Verantwortung \u2013 dann allerdings w\u00e4re er f\u00fcr den Posten des Bundespr\u00e4sidenten g\u00e4nzlich ungeeignet.<br \/>\nSteinmeier hat sich eingemischt und als deutscher Au\u00dfenminister Weltpolitik gemacht. Er hat mehr Verantwortung als jeder einzelne Deutsche, der heute unter dem Tannenbaum sitzt und jetzt von Steinmeiner quasi hinterr\u00fccks bekniet wird, diesen furchtbaren Krieg zu seinem eigenen zu machen. Es ist aber viel mehr der Krieg des Bundespr\u00e4sidenten als unserer. Der ausbleibende sofortige R\u00fccktritt Steinmeiers ist in dem Zusammenhang betrachtet ein politischer Skandal.<br \/>\n&#8230; Alles vom 25.12.2022 bitte lesen auf<br \/>\n<a href=\"https:\/\/www.alexander-wallasch.de\/gesellschaft\/weihnachten-2022-warum-steinmeier-uns-nicht-belehren-muss\">https:\/\/www.alexander-wallasch.de\/gesellschaft\/weihnachten-2022-warum-steinmeier-uns-nicht-belehren-muss<\/a><\/p>\n<p>Kommentar:<br \/>\nJa, warum sollte ein Herr Steinmeier uns nicht belehren? Sicherlich gibt es daf\u00fcr mehrere Gr\u00fcnde. Ich will nicht auf Stereotypen \u201aherumreiten\u2018. Mir ist Eines wichtig: Herr Steinmeier f\u00fcllt seine Rolle als Bundespr\u00e4sident nicht aus. Er m\u00fcsste im Sinne der Neutralit\u00e4t zuh\u00f6ren, nachdenken (bzw. nachdenklich sein) und moderieren. Das macht er aber nicht. Er politisiert und polarisiert. Dieser Bundespr\u00e4sidenten kann sich also nicht f\u00fcr mich gewinnen. Seine Vorg\u00e4nger konnten das, zumindest Einige von ihnen. Ich denke nur an diese \u201aGranden\u2018 wie Weizs\u00e4cker und Herzog. Ich trauere diesem Niveau immer noch nach.<br \/>\n24.12.2022, Sene<\/p>\n","protected":false},"excerpt":{"rendered":"<p>\u201eIch w\u00fcnsche mir, dass die \u00c4lteren auch sp\u00e4t im Leben noch einmal bereit sind, sich zu ver\u00e4ndern. Und dass die J\u00fcngeren sich engagieren, dass sie kritisch sind \u2013 ohne der Sache des Klimaschutzes zu schaden, indem sie andere gegen sich &hellip; <a href=\"https:\/\/www.freiburg-schwarzwald.de\/blog\/weihnachten-2022-steinmeier\/\">Weiterlesen <span class=\"meta-nav\">&rarr;<\/span><\/a><\/p>\n","protected":false},"author":2,"featured_media":0,"comment_status":"open","ping_status":"closed","sticky":false,"template":"","format":"standard","meta":{"footnotes":""},"categories":[18,13,80],"tags":[633,525,468],"class_list":["post-107759","post","type-post","status-publish","format-standard","hentry","category-bildung","category-kultur","category-medien","tag-demokratie","tag-politik","tag-weihnacht"],"_links":{"self":[{"href":"https:\/\/www.freiburg-schwarzwald.de\/blog\/wp-json\/wp\/v2\/posts\/107759","targetHints":{"allow":["GET"]}}],"collection":[{"href":"https:\/\/www.freiburg-schwarzwald.de\/blog\/wp-json\/wp\/v2\/posts"}],"about":[{"href":"https:\/\/www.freiburg-schwarzwald.de\/blog\/wp-json\/wp\/v2\/types\/post"}],"author":[{"embeddable":true,"href":"https:\/\/www.freiburg-schwarzwald.de\/blog\/wp-json\/wp\/v2\/users\/2"}],"replies":[{"embeddable":true,"href":"https:\/\/www.freiburg-schwarzwald.de\/blog\/wp-json\/wp\/v2\/comments?post=107759"}],"version-history":[{"count":5,"href":"https:\/\/www.freiburg-schwarzwald.de\/blog\/wp-json\/wp\/v2\/posts\/107759\/revisions"}],"predecessor-version":[{"id":107880,"href":"https:\/\/www.freiburg-schwarzwald.de\/blog\/wp-json\/wp\/v2\/posts\/107759\/revisions\/107880"}],"wp:attachment":[{"href":"https:\/\/www.freiburg-schwarzwald.de\/blog\/wp-json\/wp\/v2\/media?parent=107759"}],"wp:term":[{"taxonomy":"category","embeddable":true,"href":"https:\/\/www.freiburg-schwarzwald.de\/blog\/wp-json\/wp\/v2\/categories?post=107759"},{"taxonomy":"post_tag","embeddable":true,"href":"https:\/\/www.freiburg-schwarzwald.de\/blog\/wp-json\/wp\/v2\/tags?post=107759"}],"curies":[{"name":"wp","href":"https:\/\/api.w.org\/{rel}","templated":true}]}}