{"id":107040,"date":"2022-12-09T11:30:40","date_gmt":"2022-12-09T10:30:40","guid":{"rendered":"https:\/\/www.freiburg-schwarzwald.de\/blog\/?p=107040"},"modified":"2022-12-09T11:34:56","modified_gmt":"2022-12-09T10:34:56","slug":"ioannidis-rettet-die-demokratie","status":"publish","type":"post","link":"https:\/\/www.freiburg-schwarzwald.de\/blog\/ioannidis-rettet-die-demokratie\/","title":{"rendered":"Ioannidis: Rettet die Demokratie"},"content":{"rendered":"<p>Der Epidemiologe <a href=\"https:\/\/www.freiburg-schwarzwald.de\/blog\/corona-prof-ioannidis-hat-recht\/\">John Ioannidis<\/a>, Stanford-Professor und einer der meistzitierten Wissenschaftler der Welt, zieht zusammen mit der Professorin Micha\u00e9la Schippers eine kritische Bilanz der weltweiten <a href=\"https:\/\/www.freiburg-schwarzwald.de\/blog\/business\/gesund\/corona-virus\/corona-grundrechte\/\">Corona-Ma\u00dfnahmen<\/a>. <a href=\"https:\/\/www.freiburg-schwarzwald.de\/blog\/ioannidis-wissenschaft-cudos\/\">Die Autoren<\/a> beschreiben<br \/>\ndie weltweite Besch\u00e4digung der <a href=\"https:\/\/www.freiburg-schwarzwald.de\/blog\/engagement\/zukunft\/demokratie\/demokratie-verteidigen\/\">Demokratien<\/a> und Gesundheitssysteme,<br \/>\n<!--more-->den Verlust demokratischer <a href=\"https:\/\/www.freiburg-schwarzwald.de\/blog\/engagement\/zukunft\/demokratie\/grundgesetz\/grundrechte\/\">Grundfreiheiten<\/a>,<br \/>\ndie Konzentration von <a href=\"https:\/\/www.freiburg-schwarzwald.de\/blog\/global\/globalisierung\/macht\/\">Macht<\/a> und Reichtum in den H\u00e4nden von <a href=\"https:\/\/www.freiburg-schwarzwald.de\/blog\/global\/globalisierung\/wef\/\">sehr wenigen Menschen<\/a>, die weitreichende Ver\u00e4nderung gesellschaftlicher <a href=\"https:\/\/www.freiburg-schwarzwald.de\/blog\/global\/integration\/werte\/\">Werte<\/a>,<br \/>\nden gesellschaftlichen Schaden durch <a href=\"https:\/\/www.freiburg-schwarzwald.de\/blog\/business\/gesund\/corona-virus\/lockdown\/\">Lockdown<\/a> Ma\u00dfnahmen,<br \/>\nden Irrglauben an eine fehlerfreie <a href=\"https:\/\/www.freiburg-schwarzwald.de\/blog\/bildung\/wissenschaft\/\">Wissenschaft<\/a> und objektive <a href=\"https:\/\/www.freiburg-schwarzwald.de\/blog\/engagement\/zukunft\/wahrheit\/\">Wahrheit<\/a>,<br \/>\nsowie die mediale <a href=\"https:\/\/www.freiburg-schwarzwald.de\/blog\/kultur\/medien\/zensur\/\">Zensur<\/a> freier <a href=\"https:\/\/www.freiburg-schwarzwald.de\/blog\/kultur\/medien\/meinungsfreiheit\/\">Meinungsbildung<\/a>.<br \/>\n.<br \/>\n<strong>John Ioannidis: Rettet die Demokratie!<\/strong><br \/>\nDrei Jahre der Krise wurden genutzt, um Machtkonzentration und Unterdr\u00fcckung der Freiheiten zu rechtfertigen, die nun zur\u00fcckerobert werden m\u00fcssen.<br \/>\n&#8230;<br \/>\nDie breite Bev\u00f6lkerung w\u00fcrde von wissenschaftlichem Skeptizismus (f\u00fcr den man keinen Doktortitel braucht) mehr profitieren als von der Beseitigung von \u201eVorurteilen\u201c durch falsche Informationsreiniger. Freie B\u00fcrger \u00fcber das Risiko vielf\u00e4ltiger Vorurteile aufzukl\u00e4ren und ihnen vorzubeugen, sie zu erkennen und zu vermeiden, ist eine Aufgabe f\u00fcr Bildungseinrichtungen wie Schulen und Universit\u00e4ten \u2013 nicht f\u00fcr Technologieunternehmen, Milliard\u00e4re, Bundesb\u00fcrokraten oder Online-Mobs. Die Sensibilisierung f\u00fcr Voreingenommenheit hat nichts mit Verschw\u00f6rungstheorien zu tun und ist vielleicht der beste Weg, um die alarmierende Zahl der Anh\u00e4nger von Verschw\u00f6rungstheorien zu verringern. Die Bereitschaft, anzuerkennen, was wir nicht wissen, schafft Raum f\u00fcr Respekt und W\u00fcrde; pseudowissenschaftlicher Dogmatismus f\u00fchrt nur zu Mobbing, Gewalt und Unterdr\u00fcckung. Dies gilt in Krisen- und Notzeiten ebenso wie in Zeiten des Friedens und des Wohlstands.<\/p>\n<p>Viele Regierungen haben in den letzten drei Jahren bewiesen, dass sie freien Menschen ohne deren Zustimmung kurzerhand Entscheidungen aufzwingen und ihre Handlungen sogar besch\u00f6nigen k\u00f6nnen, wenn sie nach hinten losgehen. In einer gut informierten Demokratie ist eine ausgleichende Kraft erforderlich, die eine durchdachte Diskussion und die Verabschiedung einer vorsichtigen und gem\u00e4\u00dfigten Politik f\u00f6rdert, anstatt widerspr\u00fcchliche Agenden zu verfolgen, die auf den Proklamationen eines manipulierten Mobs basieren. Intoleranz und Dem\u00fctigung m\u00f6gen als Mittel der Wahl erscheinen, aber Toleranz und wissenschaftliche Bescheidenheit k\u00f6nnen noch mehr bewirken.<\/p>\n<p>W\u00e4hrend die Pandemie abebbt, werden die kommenden Jahre dazu beitragen, festzustellen, ob wir als demokratische B\u00fcrger und freie Menschen noch in der Lage sind, unsere eigenen Entscheidungen zu treffen, nach Gl\u00fcck zu streben und von Schaden abzusehen, ohne den autorit\u00e4ren Versuchungen zu erliegen, die Demokratien in der Vergangenheit zu Fall gebracht haben.<br \/>\n&#8230; Alles vom 30.1.2022 von John P.A. Ioannidis und Micha\u00e9la C. Schippers bitte lesen auf<br \/>\n<a href=\"https:\/\/www.akanthos-akademie.de\/2022\/01\/30\/john-ioannidis-rettet-die-demokratie\/\">https:\/\/www.akanthos-akademie.de\/2022\/01\/30\/john-ioannidis-rettet-die-demokratie\/<\/a><\/p>\n<p>Der englische Originalartikel erschien hier.<br \/>\n<a href=\"https:\/\/www.tabletmag.com\/sections\/science\/articles\/saving-democracy-from-pandemic\">https:\/\/www.tabletmag.com\/sections\/science\/articles\/saving-democracy-from-pandemic<\/a><\/p>\n<p><em>John P. A. Ioannidis ist Professor f\u00fcr Medizin und Professor f\u00fcr Epidemiologie und Bev\u00f6lkerungsgesundheit sowie Professor f\u00fcr Biomedizinische Wissenschaft und Statistik an der Stanford University. Seine wissenschaftlichen Aktivit\u00e4ten und vollst\u00e4ndigen Ver\u00f6ffentlichungen finden Sie hier.<br \/>\n<\/em><br \/>\n<em>Micha\u00e9la C. Schippers ist Professorin f\u00fcr Verhaltens- und Leistungsmanagement an der Rotterdam School of Management, Erasmus Universit\u00e4t, und Direktorin des Erasmus Centre for Study and Career Success<\/em><\/p>\n","protected":false},"excerpt":{"rendered":"<p>Der Epidemiologe John Ioannidis, Stanford-Professor und einer der meistzitierten Wissenschaftler der Welt, zieht zusammen mit der Professorin Micha\u00e9la Schippers eine kritische Bilanz der weltweiten Corona-Ma\u00dfnahmen. Die Autoren beschreiben die weltweite Besch\u00e4digung der Demokratien und Gesundheitssysteme,<\/p>\n","protected":false},"author":2,"featured_media":0,"comment_status":"open","ping_status":"closed","sticky":false,"template":"","format":"standard","meta":{"footnotes":""},"categories":[433,18,52,36,158,267,40],"tags":[700,633,749,682,338,762],"class_list":["post-107040","post","type-post","status-publish","format-standard","hentry","category-arzt","category-bildung","category-einewelt","category-engagement","category-gesund","category-hochschulen","category-klima","tag-corona","tag-demokratie","tag-diskussionskultur","tag-freiheit","tag-uni","tag-wissen"],"_links":{"self":[{"href":"https:\/\/www.freiburg-schwarzwald.de\/blog\/wp-json\/wp\/v2\/posts\/107040","targetHints":{"allow":["GET"]}}],"collection":[{"href":"https:\/\/www.freiburg-schwarzwald.de\/blog\/wp-json\/wp\/v2\/posts"}],"about":[{"href":"https:\/\/www.freiburg-schwarzwald.de\/blog\/wp-json\/wp\/v2\/types\/post"}],"author":[{"embeddable":true,"href":"https:\/\/www.freiburg-schwarzwald.de\/blog\/wp-json\/wp\/v2\/users\/2"}],"replies":[{"embeddable":true,"href":"https:\/\/www.freiburg-schwarzwald.de\/blog\/wp-json\/wp\/v2\/comments?post=107040"}],"version-history":[{"count":4,"href":"https:\/\/www.freiburg-schwarzwald.de\/blog\/wp-json\/wp\/v2\/posts\/107040\/revisions"}],"predecessor-version":[{"id":107044,"href":"https:\/\/www.freiburg-schwarzwald.de\/blog\/wp-json\/wp\/v2\/posts\/107040\/revisions\/107044"}],"wp:attachment":[{"href":"https:\/\/www.freiburg-schwarzwald.de\/blog\/wp-json\/wp\/v2\/media?parent=107040"}],"wp:term":[{"taxonomy":"category","embeddable":true,"href":"https:\/\/www.freiburg-schwarzwald.de\/blog\/wp-json\/wp\/v2\/categories?post=107040"},{"taxonomy":"post_tag","embeddable":true,"href":"https:\/\/www.freiburg-schwarzwald.de\/blog\/wp-json\/wp\/v2\/tags?post=107040"}],"curies":[{"name":"wp","href":"https:\/\/api.w.org\/{rel}","templated":true}]}}