{"id":106910,"date":"2022-12-06T18:09:52","date_gmt":"2022-12-06T17:09:52","guid":{"rendered":"https:\/\/www.freiburg-schwarzwald.de\/blog\/?p=106910"},"modified":"2022-12-29T13:47:11","modified_gmt":"2022-12-29T12:47:11","slug":"schuelerinnen-ulm-messermord","status":"publish","type":"post","link":"https:\/\/www.freiburg-schwarzwald.de\/blog\/schuelerinnen-ulm-messermord\/","title":{"rendered":"Sch\u00fclerinnen Ulm &#8211; Messermord"},"content":{"rendered":"<p>Vermutlich ein <a href=\"https:\/\/www.freiburg-schwarzwald.de\/blog\/global\/integration\/asyl\/\">Asylbewerber<\/a> aus <a href=\"https:\/\/www.freiburg-schwarzwald.de\/blog\/global\/migration\/migration2021\/\">Eritrea<\/a> hat in Illerkirchberg bei Ulm zwei 14-j\u00e4hrige <a href=\"https:\/\/www.freiburg-schwarzwald.de\/blog\/selbsthilfe\/kinder\/maedchen\/\">M\u00e4dchen<\/a> auf dem Weg zur Schule mit dem <a href=\"https:\/\/www.freiburg-schwarzwald.de\/blog\/selbsthilfe\/soziales\/justiz\/messerstecher\/\">Messer<\/a> niedergestochen &#8211; laut SWR &#8222;riesige Stichwunde im Bauch&#8220;: Ein Kind tot, das andere schwerverletzt. Furchtbar &#8211; und was die Eltern nun erleiden m\u00fcssen. <!--more-->Das <a href=\"https:\/\/www.freiburg-schwarzwald.de\/blog\/kultur\/medien\/gez-medien\/zdf\/\">ZDF-heuteJournal<\/a> hat daf\u00fcr am 5.12.2022 als letzte Nachricht gerade mal ganze 20 Sekunden \u00fcbrig.<\/p>\n<p>Fragen \u00fcber Fragen: Warum differenzieren die Medien bei der Berichterstattung \u00fcber solche Gewaltverbrechen nach T\u00e4tern mit und ohne <a href=\"https:\/\/www.freiburg-schwarzwald.de\/blog\/global\/migration\/migrationshintergrund\/\">Migrationshintergrund<\/a> (1)? Warum tragen so viele\u00a0 den Namen &#8222;Einmann&#8220; (9)? Warum nehmen Messerstechereien und Sexualdelikte nach der <a href=\"https:\/\/www.freiburg-schwarzwald.de\/blog\/global\/deutschland\/grenzoeffnung2015\/\">Grenz\u00f6ffnung 2015<\/a> immer noch weiter zu? Warum wird so gut wie keine Ursachenforschung der <a href=\"https:\/\/www.freiburg-schwarzwald.de\/blog\/global\/integration\/integration-gescheitert\/\">gescheiterten Integration<\/a> betrieben, zumal der kleine Ort Illerkirchberg 2019 schon einmal geschockt wurde, damals durch eine Gruppenvergewaltigung (2)?<br \/>\nWarum sind die sozialen Medien wieder voll von Schuldumkehr (3) wie &#8222;Wie kann man nur 14-j\u00e4hrige M\u00e4dchen fr\u00fchmorgens alleine zur Schule gehen lassen?&#8220; Woher wei\u00df der CDU-Vorsitzende von BW bereits kurz nach der Tat, da\u00df keine politische bzw. religi\u00f6se Motivation vorliegt? Warum meint die Ulmer Polizei, die Bev\u00f6lkerung erziehen zu m\u00fcssen und unterstellt, sie w\u00fcrde einen <a href=\"https:\/\/www.freiburg-schwarzwald.de\/blog\/kultur\/medien\/diskussionskultur\/106921-2\/\">Generalverdacht<\/a> gegen Migranten hegen (5)?<br \/>\n.<br \/>\nDie deutsche Migrationspolitik orientiert sich an der Reduktion der marxistischen Erkenntnislehre auf den Leitsatz &#8222;Das Sein pr\u00e4gt das Bewu\u00dftsein&#8220;. Damit konnte <a href=\"https:\/\/www.freiburg-schwarzwald.de\/blog\/global\/deutschland\/merkel-deutschland\/\">Angela Merkel<\/a> sagen <em>&#8222;Nun sind sie halt da&#8220;<\/em> und Nancy Faeser &#8222;<em>Ich sehen aktuell keine Probleme bei der Migration&#8220;<\/em>. Damit gelingt es der Migrationspoltik der Ampel, die Fragen nach der Vergangenheit von Migranten auszuklammern: Wer kommt? Woher? Warum? Weshalb ohne Pa\u00df? Wie sind die famili\u00e4ren Verh\u00e4ltnisse? Aus welchem kulturell-religi\u00f6s gepr\u00e4gten Umfeld? Wie <a href=\"https:\/\/www.freiburg-schwarzwald.de\/blog\/selbsthilfe\/jugend\/sozialisation\/\">sozialisiert<\/a>? Welche psychischen Belastungen werden mitgebracht?<br \/>\nOhne Beantwortung all dieser Fragen steckt man junge M\u00e4nner aus <a href=\"https:\/\/www.freiburg-schwarzwald.de\/blog\/global\/eritrea\/\">kaputten bzw. kaputtmachenden L\u00e4ndern wie Eritrea<\/a> oder Somalia in ein Fl\u00fcchtlingswohnheim nach Illerkirchberg &#8211; wie es sich gezeigt hat ohne psychologische Hilfen, ohne Betreuung, ohne Anleitung, aber mit viel Geld. Man l\u00e4\u00dft die Fl\u00fcchtlinge alleine mit dem Aufforderung <em>&#8222;Nun integriert euch mal sch\u00f6n&#8220;<\/em>. Dies kann nicht funktionieren, da die Annahme, da\u00df mit dem Grenz\u00fcbertritt das Bewusstsein umgeschaltet wird, sobald das Sein ein anderes geworden ist, marxistisch-feministischer Tr\u00e4umerei entsprechen mag, aber nicht der Realit\u00e4t. Die Migrationspolitik von Berlin tr\u00e4gt eine Mitschuld am Messermord der 14-j\u00e4hrigen Ece S. (6).<br \/>\n.<br \/>\n<em><strong>&#8222;Illerkirchberg ist \u00fcberall!&#8220;<\/strong><\/em> meint die DDR-B\u00fcrgerrechtlerin Vera Lengsfeld und fordert deshalb dazu auf, die &#8218;Petition f\u00fcr Demokratie und gegen illegale Einwanderung&#8216; zu unterst\u00fctzen (siehe (7) unten).<br \/>\nEs ist alles so unfassbar traurig.<br \/>\n7.12.2022<br \/>\n.<br \/>\n<a href=\"https:\/\/www.freiburg-schwarzwald.de\/blog\/kultur\/medien\/diskussionskultur\/106921-2\/\">Generalverdacht-Vorwurf beleidigt die B\u00fcrger<\/a>\u00a0(7.12.2022).<br \/>\n<a href=\"https:\/\/www.freiburg-schwarzwald.de\/blog\/global\/integration\/migrationsindustrie\/\">Integrationsmanager: Versagen in Illerkirchberg<\/a> (13.12.2022)<\/p>\n<p>.<br \/>\nEnde des Artikels &#8222;Sch\u00fclerinnen Ulm: Messermord&#8220;<br \/>\n==============================================<br \/>\nBeginn der Anlagen (1) bis (9)<br \/>\n.<br \/>\n.<\/p>\n<p><strong>(1) Ein Mord und die Asymmetrie des Hinschauens<\/strong><br \/>\nAlle Erfahrung spricht daf\u00fcr, dass eine vergleichbare Tat, w\u00e4re sie ausgef\u00fchrt worden von Angeh\u00f6rigen einer anderen der genannten abgrenzbaren Gruppen, eine erheblich gr\u00f6\u00dfere Bedeutung im heute-Journal erfahren h\u00e4tte, kein Zweifel. Die Berichterstattung w\u00e4re mit Stimmen von Augenzeugen, Experten und Politikern angereichert worden, h\u00e4tte mehr Gewicht erhalten, w\u00e4re nach vorne ger\u00fcckt, wahrscheinlich sogar als erste Meldung.<br \/>\nEs geht hier nicht um Ausl\u00e4nder-Hetze. Meine Bef\u00fcrchtung ist aber, dass eine solche eklatante und vor allem f\u00fcr jeden ersichtliche Asymmetrie in der Gewichtung genau dazu f\u00fchrt, zu Verschw\u00f6rungsvermutungen, zum Verdruss. Auch die jetzt gerade wieder stark ansteigenden Migrationszahlen d\u00fcrfen das so nicht rechtfertigen. Ganz im Gegenteil.<br \/>\n&#8230; Alles vom 6.12.2022 von Ulli Kulke bitte lesen auf<br \/>\n<a href=\"https:\/\/www.achgut.com\/artikel\/kurzkommentar_ein_mord_und_die_asmmetrie_des_hinschauens\">https:\/\/www.achgut.com\/artikel\/kurzkommentar_ein_mord_und_die_asmmetrie_des_hinschauens<\/a><\/p>\n<p>Einige Kommentare:<br \/>\nAuch in den ARD-Nachrichten kommt der Bericht erst am Ende der Sendung. Vorher, scheinbar zur Relativierung ein Bericht \u00fcber einen IS-Anschlag auf einen Bahnhof vor einigen Jahren, mit \u00fcber 3o Toten. Also Leute, was regt ihr euch auf, scheint das heissen zu wollen. Dieser Staatsfunk wird von Tag zu Tag unertr\u00e4glicher. Der Terror der Klebeterroristen ist Aktivismus, der Krieg in der Ukraine muss weitergef\u00fchrt werden, egal wenn da schon \u00fcber 250000 Menschen get\u00f6tet worden sind, zu einem gro\u00dfen Teil mit deutschen Waffen. Und unsere Wirtschaft wird t\u00e4glich immer weiter ruiniert. Ideologie, fehlende Expertise oder einfach nur Bl\u00f6dheit. Vermutlich eine toxische Mischung aus allem.<br \/>\nHeilung? Ich hab da so meine Zweifel. Man erinnere sich nur an den M\u00e4dchenmord in <a href=\"https:\/\/www.freiburg-schwarzwald.de\/blog\/engagement\/zukunft\/demokratie\/kandel-bluttat27-12-2017\/\">Kandel<\/a> vor einigen Jahren durch einen Migranten. Nach kurzem Schweigen gro\u00dfe Aufm\u00e4rsche der Woken, weil scheinbar die Rechten das Thema kapern wollten. Darauf deuten jetzt auch wieder solche \u201eFeststellungen\u201c hin, man habe \u201efremde Kennzeichen\u201c gesehen und vermutet wieder die Kaperung durch Rechte.<br \/>\nDie \u00fcberwiegende Mehrheit der Bev\u00f6lkerung empfindet dagegen nur Trauer und Entsetzen, vereinzelt auch gro\u00dfe Wut, aber sie wird nach ein paar Tagen wieder verstummen. Das Schweigen der L\u00e4mmer eben. Umso lauter werden wieder den linksgr\u00fcnen Weltenretter t\u00f6nen. Wann endlich wird dem ganzen Irrsinn ein Ende bereitet?<br \/>\n6.12.2022, F.K.<\/p>\n<p>Alles, was nicht ins Narrativ pa\u00dft, Migration sei etwas Positives, wird nach hinten gesetzt, ignoriert oder gar totgeschwiegen. Ich erinnere an den Fall des Brandes in einer Fl\u00fcchtlingsunterkunft im mecklenburgischen Gro\u00df Str\u00f6mkendorf. Obwohl noch \u00fcberhaupt nicht klar war, wie die Tat abgelaufen war und wer der T\u00e4ter sein k\u00f6nnte, wurde eifrig und absichtsvoll geraunt, das d\u00fcrften Rechte gewesen sein. Im Twitter-Reich erhob sich der Chor der Stimmen, die vor der Gefahr von rechts warnte, die Bundesinnenministerin war vor Ort, um ein Zeichen gegen rechts zu setzen. Was war? Ein geltungss\u00fcchtiger Feuerwehrmann hatte den Brand gelegt. Und die Medien? Falls die Nachricht \u00fcberhaupt verbreitet wurde, war sie nur noch eine Randnotiz. Die L\u00f6sung des Falls pa\u00dfte nicht ins Konzept. So soll unser Denken in die gew\u00fcnschte Richtung gelenkt werden. Ich bin \u00fcberzeugt davon, da\u00df viele B\u00fcrger, vielleicht sogar die meisten, auf die Frage, ob sie sich an den Brand in der Fl\u00fcchtlingsunterkunft in Mecklenburg erinnern k\u00f6nnten, antworten w\u00fcrden: \u201eJa klar, da haben doch Rechte einen Brand gelegt.\u201c<br \/>\n6.12.2022, T.H.<\/p>\n<p>Ein Regierung, die hunderttausende M\u00e4nner aus archaischen Gesellschaften unkontrolliert einreisen l\u00e4sst, hasst die M\u00e4dchen und Frauen des eigenen Landes. So einfach.<br \/>\n5.12.2022, C.S.<\/p>\n<p>Es ist einfach nur uns\u00e4glich, dass die Polizei glaubt, politische Statements (die Polizei betonte, dass Ereignisse dieser Art \u201e\u00c4ngste und Emotionen sch\u00fcren\u201c k\u00f6nnten und bat darum \u201ekeinen Generalverdacht gegen Fremde, Schutzsuchende oder Asylbewerber allgemein zu hegen oder solchem Verdacht Vorschub oder Unterst\u00fctzung zu leisten\u201c) abgeben zu m\u00fcssen. Das ist wie eine politische Polizei in einem totalit\u00e4ren Gesinnungsstaat. Die sollen verdammt noch mal endlich ihren Job machen und z.B. gegen die politischen Verantwortlichen ermitteln.<br \/>\n5.12.2022, Lun<\/p>\n<p>Ich mag mir gar nicht vorstellen, in welchen Abgrund die Eltern dieser Kinder gerissen werden. Wann h\u00f6rt das endlich auf? Ich habe selber eine junge erwachsene Tochter und einen Sohn und habe mittlerweile Angst um sie. Fast jedes Wochenende gibt es einen Messervorfall in der D\u00fcsseldorfer Altstadt. Heute ist wegen einer Warnung der Weihnachtsmarkt gesperrt.<br \/>\n5,12,29022, Mis<\/p>\n<p>Obwohl l\u00e4ngst klar ist, was tats\u00e4chlich gelaufen ist, wird bei einigen Sendern bei den 18:00 Uhr Nachrichten noch die Verschleierungstaktik von \u201eM\u00e4nnern\u201c und einem \u201eWohnhaus\u201c gefahren. Es ist unertr\u00e4glich, in welch gigantischen Ausma\u00df wir von den Medien belogen werden!!!<br \/>\n5.12.2022, Sch<\/p>\n<p>In meiner Kindheit und Jugend gab es keine Messertoten auf dem Weg zur Schule. Heute ist das Alltag und diese Meldung schafft es nur ausnahmsweise in die Medien, weil Weihnachten ist und weil eine Augenzeugin die Tat filmen konnte.<br \/>\n5.12.2022, Rob<\/p>\n<p>Traurigerweise wird in drei Wochen auch \u00fcber diese Tat niemand mehr sprechen. Au\u00dferdem bin ich mir sicher, dass der T\u00e4ter hervorragend medizinisch betreut und nach seiner Genesung bis an sein Lebensende vom deutschen Steuerzahler hier im Land versorgt und untergebracht wird.<br \/>\n5,12,2022, H.T.<br \/>\nEnde Kommentare<br \/>\n.<\/p>\n<p><strong>(2) M\u00e4dchenmord schon der zweite Schock f\u00fcr Gemeinde<\/strong><br \/>\nEce S. (14) und Nerea M. (13) waren am Montag um 7.30 Uhr auf dem Weg zum Bus, um in ihre Ulmer Realschule zu fahren. Der Fu\u00dfweg der M\u00e4dchen ist kurz, f\u00fchrt an einer Asylunterkunft vorbei. Pl\u00f6tzlich kam ein Mann aus diesem Haus gelaufen \u2013 und attackierte die M\u00e4dchen mit einem Messer! Der Angreifer, nach BILD-Informationen ein Asylbewerber aus Eritrea, rammte der \u00c4lteren die Klinge in den Bauch, die J\u00fcngere verletzte er an der Brust. Dann fl\u00fcchtete er in die Asylunterkunft.<br \/>\n&#8230; Alles vom 6.12.2022 bitte lesen auf<br \/>\n<a href=\"https:\/\/www.bild.de\/regional\/stuttgart\/stuttgart-aktuell\/asylbewerber-erstach-14-jaehrige-und-verletzt-ihre-freundin-schwer-der-killer-la-82162198.bild.html\">https:\/\/www.bild.de\/regional\/stuttgart\/stuttgart-aktuell\/asylbewerber-erstach-14-jaehrige-und-verletzt-ihre-freundin-schwer-der-killer-la-82162198.bild.html<\/a><\/p>\n<p>.<\/p>\n<p><strong>(3) Ein Ort unter Schock \u2013 schon einmal traf es ein junges M\u00e4dchen<\/strong><br \/>\nEs ist schon das zweite Mal in kurzer Zeit, dass in Illerkirchberg eine Gewalttat an einer Minderj\u00e4hrigen ver\u00fcbt wird. In der Halloween-Nacht 2019 war ein ebenfalls 14-j\u00e4hriges M\u00e4dchen von mehreren M\u00e4nnern vergewaltigt worden. Weil der Ort so klein ist, wurde der Ortsteil, in dem sich die Tat zugetragen hatte, in der \u00d6ffentlichkeit nicht genannt, um die Identit\u00e4t von Opfer und T\u00e4tern sowie deren Familien zu sch\u00fctzen.<br \/>\n&#8230;<br \/>\nDas 14-j\u00e4hrige Vergewaltigungsopfer war von mehreren jungen M\u00e4nnern aus dem Irak und Afghanistan \u00fcberredet worden, in eine Fl\u00fcchtlingsunterkunft der Gemeinde Illerkirchberg mitzukommen, wo die Taten dann begangen wurden. Vier M\u00e4nner im Alter zwischen 17 und 26 wurden im M\u00e4rz 2021 vom Landgericht Ulm zu Haftstrafen von jeweils knapp \u00fcber zwei Jahren verurteilt.<br \/>\n&#8230; Alles vom 6.12.2022 bitte lesen auf<br \/>\n<a href=\"https:\/\/www.t-online.de\/nachrichten\/panorama\/kriminalitaet\/id_100092730\/illerkirchberg-vor-toedlichem-angriff-wurde-eine-14-jaehrige-vergewaltigt.html\">https:\/\/www.t-online.de\/nachrichten\/panorama\/kriminalitaet\/id_100092730\/illerkirchberg-vor-toedlichem-angriff-wurde-eine-14-jaehrige-vergewaltigt.html<\/a><\/p>\n<p>.<\/p>\n<p><strong>(4) Die letzte Hausaufgabe<\/strong><br \/>\nKeiner der politisch Verantwortlichen f\u00fcr den Mord an der 14-J\u00e4hrigen wird belangt werden. Man wird bestreiten, dass \u00fcberhaupt jemand politisch verantwortlich ist. Wenn aber Moral und Gesetz in einem Land auseinanderfallen, f\u00e4llt das Land auseinander!<br \/>\n&#8230;<br \/>\nJa, das Blut auch dieses 14-j\u00e4hrigen M\u00e4dchens klebt an den H\u00e4nden der Gutmenschen, an den H\u00e4nden der politisch verantwortlichen Funktion\u00e4re und der willigen Journalisten. Wenn diese Funktion\u00e4re ein Gewissen haben sollten, dann arbeitet dieses wohl sehr anders als meins.<br \/>\nIch lese von Politikern, deren erste Sorge es nun ist, dass die B\u00fcrger schlecht \u00fcber den jungen Mann reden k\u00f6nnten. Man wird jede politische und moralische Verantwortung f\u00fcr den Tod des M\u00e4dchens ablehnen, und zwar mit einem der vielen magischen Abwehrworte gegen Meinungs\u00e4u\u00dferung, wenn diese gegen das Narrativ versto\u00dfen: Es sei \u00bbInstrumentalisierung\u00ab, \u00bbHass und Hetze\u00ab et cetera. Mich ekelt schon l\u00e4nger vor solchem politischen Handeln. Hier werden, so f\u00fchlt es sich nicht nur f\u00fcr mich an, wehrlose Kinder f\u00fcr eine Ideologie geopfert \u2013 diktiert von fernen Funktion\u00e4ren hinter hohen Mauern, deren eigene Kinder, so vorhanden, mit schweren Limousinen in teure Privatschulen gefahren werden.<br \/>\nMoral und Gesetz<br \/>\nJedoch, neben dem ersten, hilflos-w\u00fctenden Schmerz als Mensch und Vater, ahne ich einen zweiten Schmerz in mir, und der ist etwas abstrakter.<br \/>\n&#8230;.<br \/>\nIn Deutschland gehen die Moral (der von der Politik offen verachteten) \u00bbgew\u00f6hnlichen Deutschen\u00ab und die \u00bblegalen\u00ab Handlungen der Politik seit Jahren auseinander.<br \/>\nDie politisch Verantwortlichen f\u00fcr den Tod der 14-J\u00e4hrigen werden nie zur Verantwortung gezogen werden. Nach aller leidvollen Erfahrung k\u00f6nnten aber einige B\u00fcrger in hilfloser Wut die Verantwortlichen beschimpfen, und dann werden es diese Schimpfenden sein, die der Staat bestrafen wird. Die politisch Verantwortlichen und ihre n\u00fctzlichen Gutmenschen werden dann einander Orden an die Brust heften, f\u00fcr die Zivilcourage, das Leben von Kindern f\u00fcr die Ideologie geopfert zu haben.<br \/>\n&#8230;<br \/>\nJa, zwei Arten von Schmerz f\u00fchle ich. Meine eigene Tochter wird 16 Jahre, und ich will gar nicht erst dar\u00fcber spekulieren, was meine Reaktion w\u00e4re, wenn sie f\u00fcr den Wahn der Gutmenschen geopfert w\u00fcrde. Der Kern jener Nachricht schmerzt mich auf basale Weise.<br \/>\nDoch da ist noch der Schmerz \u00fcber die sichtliche Aufl\u00f6sung einer Gesellschaft, in welcher Moral und das legal M\u00f6gliche so eklatant auseinanderdriften&#8230;..<br \/>\nMoral, Gesetz, Verstand und Gewissen wieder zusammenzubringen, und dann das Ergebnis durchzusetzen (!), das sind auch Deutschlands wichtigste Hausaufgaben \u2013 und wenn die Deutschen diese Hausaufgaben nicht sehr bald erledigen, waren das ihre letzten.<br \/>\n&#8230; Alles vom 6.12.2022 von Dushan Wegner bitte lesen auf<br \/>\n<a href=\"https:\/\/www.dushanwegner.com\/letzte-hausaufgabe\/\">https:\/\/www.dushanwegner.com\/letzte-hausaufgabe\/<\/a><br \/>\n.<\/p>\n<p><strong>(5) Eine Antwort an die Ulmer Polizei<\/strong><br \/>\n&#8212; In einer Presseerkl\u00e4rung des Polizeipr\u00e4sidiums Ulm hei\u00dft es w\u00f6rtlich: <em>\u201eDie Polizei betont, dass sie sich bewusst ist, dass Ereignisse dieser Art \u00c4ngste und Emotionen sch\u00fcren. Sie bittet daher darum, keinen Generalverdacht gegen Fremde, Schutzsuchende oder Asylbewerber allgemein zu hegen oder solchem Verdacht Vorschub oder Unterst\u00fctzung zu leisten.\u201c<\/em> Wenn die Polizei nach so einer Tat die B\u00fcrger um etwas bittet, m\u00f6chte ich als B\u00fcrger gerne antworten:<\/p>\n<p>Liebe Damen und Herren der Polizei,<br \/>\nEin B\u00fcrger betont, dass es nicht Ihre Aufgabe ist, mich im Umgang mit meinen \u00c4ngsten und Emotionen zu belehren. Ihre Aufgabe ist es, daf\u00fcr zu sorgen, dass wir B\u00fcrger in Sicherheit sind und dass unsere Kinder, egal welcher Herkunft, sicher zur Schule gehen k\u00f6nnen. Die Polizei tr\u00e4gt Waffen, um Gewaltt\u00e4ter zu stoppen, nicht, um uns B\u00fcrger Nachhilfe in Staatsb\u00fcrgerlehre und N\u00e4chstenliebe zu geben.<br \/>\nIch bitte Sie daher, davon abzusehen mir zu sagen, ich solle aufpassen, keinen Generalverdacht gegen Fremde, Schutzsuchende oder Asylbewerber zu hegen. Nat\u00fcrlich tue ich das nicht. Ich werde weiterhin Menschen helfen, so weit es in meiner F\u00e4higkeit liegt und Schutzsuchenden Schutz bieten, wenn ich es kann. Ich werde Fremden mit Respekt begegnen und gleichen Respekt f\u00fcr mich erwarten. All das ist eine Selbstverst\u00e4ndlichkeit.<br \/>\nIch erwarte von der Polizei, dass sie uns B\u00fcrgern vertraut und einen B\u00fcrger nur ermahnt, wenn er etwas getan hat. Die Polizei ist nicht berechtigt, das Volk zu erziehen, schon gar nicht, wenn die Polizei es nicht verhindern konnte, dass zwei M\u00e4dchen, zwei Schutzbefohlene, niedergestochen wurden.<br \/>\nIch verbitte es mir daher, dass die Polizei dem Verdacht Vorschub und Unterst\u00fctzung leistet, dass nach dem Niederstechen von zwei schutzbefohlenen B\u00fcrgerinnen dieses Landes die B\u00fcrger erzogen geh\u00f6ren.<br \/>\n&#8230; Alles vom 6.12.2022 von Gerd Buurmann bitte lesen auf<br \/>\n<a href=\"https:\/\/www.achgut.com\/artikel\/eine_antwort_an_die_ulmer_polizei\">https:\/\/www.achgut.com\/artikel\/eine_antwort_an_die_ulmer_polizei<\/a><\/p>\n<p>.<\/p>\n<p><strong>(6) Die deutsche Politik tr\u00e4gt Mitverantwortung<\/strong><br \/>\nDie pers\u00f6nliche Schuld tr\u00e4gt der T\u00e4ter von Illerkirchberg selbst. Doch eine Mitverantwortung daf\u00fcr liegt bei der deutschen Politik, die den Herkunftshintergrund von Einwanderern einfach ausblendet. Der mutma\u00dfliche T\u00e4ter stammt aus <a href=\"https:\/\/www.freiburg-schwarzwald.de\/blog\/global\/eritrea\/\">Eritrea<\/a>, einem Land, das Menschen seelisch zerst\u00f6ren kann.<br \/>\n&#8230; Alles vom 8.12.2022 von Tomas Spahn bitte lesen auf<br \/>\n<a href=\"https:\/\/www.tichyseinblick.de\/kolumnen\/spahns-spitzwege\/illerkirchberg-messerueberfall-eritreer\/\">https:\/\/www.tichyseinblick.de\/kolumnen\/spahns-spitzwege\/illerkirchberg-messerueberfall-eritreer\/<\/a><\/p>\n<p>&nbsp;<\/p>\n<p><strong>(7) Illerkirchberg ist \u00fcberall!<\/strong><br \/>\nWieder ist ein Kind am helllichten Tag Opfer eines Gewaltverbrechens geworden. Das M\u00e4dchen aus Illerkirchberg war nicht das erste. Die anderen sind nur bereits vergessen: <a href=\"https:\/\/www.freiburg-schwarzwald.de\/blog\/engagement\/zukunft\/demokratie\/kandel-bluttat27-12-2017\/\">Mia, 15, aus Kandel<\/a>,<br \/>\n<a href=\"https:\/\/www.freiburg-schwarzwald.de\/blog\/global\/migration\/wiesbaden-susanna23-05-2018\/\">Susanna,14, aus Mainz<\/a>,<br \/>\n<a href=\"https:\/\/www.freiburg-schwarzwald.de\/blog\/global\/integration\/fluechtlinge-kriminalitaet\/\">Leo Stettin, 8<\/a>, der in Frankfurt auf die Gleise gesto\u00dfen,<br \/>\nein Junge, 14, aus L\u00fcnen, der von einem Mitsch\u00fcler erstochen wurde,<br \/>\neine 11-j\u00e4hrige, die von ihrer Mutter vor einem Messerangriff gesch\u00fctzt wurde und dabei ums Leben kam.<br \/>\nDie T\u00e4ter werden in der Regel f\u00fcr schuldunf\u00e4hig erkl\u00e4rt, oder eine T\u00f6tungsabsicht konnte angeblich nicht nachgewiesen werden, wie im Falle des 14-j\u00e4hrigen. Die Opfer werden schnell vergessen. Sie bekommen oft nicht mal einen Namen. Wer an die Taten erinnert, ist ein Nazi.<br \/>\n&#8230;.<br \/>\nAu\u00dfenministerin Baerbock, die der Meinung ist, die Leute k\u00e4mmen zum Teil aus hunderttausenden Kilometer Entfernung, spricht davon, dass Deutschland weitere 8 Millionen Fl\u00fcchtlinge aufnehmen wird \u2013 jedenfalls wenn es nach den Gr\u00fcnen geht. Deshalb muss auf die Politik Druck ausge\u00fcbt werden, von diesen zerst\u00f6rerischen Pl\u00e4nen abzur\u00fccken. Sie k\u00f6nnen etwas tun: Unterst\u00fctzen Sie die Petition f\u00fcr Demokratie und gegen illegale Einwanderung:<br \/>\n<a href=\"https:\/\/petitionfuerdemokratie.de\/asylkrise-stoppen\/\">https:\/\/petitionfuerdemokratie.de\/asylkrise-stoppen\/<\/a><\/p>\n<p>&#8230; Alles vom 7.12.2022 bitte lesen auf<br \/>\n<a href=\"https:\/\/vera-lengsfeld.de\/2022\/12\/07\/illerkirchberg-ist-ueberall\">https:\/\/vera-lengsfeld.de\/2022\/12\/07\/illerkirchberg-ist-ueberall<\/a><br \/>\n.<br \/>\n.<br \/>\n<strong>(8) Notwendige Anmerkungen zum Mord an Ece in Illerkirchberg<\/strong><br \/>\nEs sind gerade f\u00fcnf Tage vergangen und das abscheuliche Verbrechen an einer Sch\u00fclerin ist in den Medien kein Thema mehr. Die Gef\u00e4hrdung der Bev\u00f6lkerung durch gewaltt\u00e4tige Migranten soll auch jetzt nicht diskutiert, Konsequenzen nicht gezogen werden. \u00dcbrigens ist der M\u00f6rder nach dem neuen Chancen-Aufenthaltsgesetz der Ampel und einiger Unionsabgeordneter berechtigt, den deutschen Pass zu beantragen, denn er kam 2016 zu uns.<br \/>\n&#8230;<br \/>\nDie wehrhaften Demokraten sind weder willens noch in der Lage, die Eces unseres Landes zu sch\u00fctzen, die nicht von Rentnern, sondern von jungen, religi\u00f6sen M\u00e4nnern bedroht sind. Laut Pressebericht liegt in Illerkirchberg das Asylheim direkt an einem vielbegangenen Schulweg. Obwohl es in dieser Unterkunft schon einmal zu einer Vergewaltigung einer 12-j\u00e4hringen durch Heimbewohner kam, sind offenbar keinerlei Ma\u00dfnahmen getroffen worden, um den Schulweg f\u00fcr die Kinder sicher zu machen. Beschwerden, nachdem M\u00e4dchen, auch Kindergartenkinder, von den Heimbewohnern bel\u00e4stigt wurden, f\u00fchrten zu keiner Reaktion der Verantwortlichen. \u00dcbrigens wurde bei der Meldung \u00fcber die Beschwerden betont, dass es sich um t\u00fcrkische Eltern gehandelt habe. Haben deutsche Eltern Angst die Bel\u00e4stigung ihrer Kinder durch Asylbewerber zu melden, weil sie dann als ausl\u00e4nderfeindlich stigmatisiert werden?<br \/>\nJedenfalls hat die Beschwerde t\u00fcrkische Eltern nicht dazu gef\u00fchrt, dass die Beh\u00f6rde t\u00e4tig wurde und das hat Ece das Leben gekostet.<br \/>\nWie gleichg\u00fcltig der Politik das Leben derer ist, die sie vertreten soll, demonstrierte der Bayrische Landtag, als seine Mehrheit ablehnte, eine Schweigeminute f\u00fcr Ece zu halten. Innenministerin Faeser besuchte eine Fl\u00fcchtlingsunterkunft in Mecklenburg-Vorpommern, weil der Verdacht ge\u00e4u\u00dfert wurde, dass der Brand dort ein fremdenfeindliches Motiv gehabt haben k\u00f6nnte. Es war ein Feuerwehrmann, der endlich einmal richtig l\u00f6schen wollte.<br \/>\nIn Illerkirchberg hat sich Faeser nicht blicken lassen, auch kein anderes Kabinettsmitglied, nicht mal bei der Beerdigung.<br \/>\nEce soll so schnell wie m\u00f6glich vergessen werden. Das d\u00fcrfen wir nicht zulassen.<br \/>\n&#8230; Alles vom 10.12.2022 von Vera Lengsfeld bitte lesen auf<br \/>\n<a href=\"https:\/\/vera-lengsfeld.de\/2022\/12\/09\/notwendige-anmerkungen-zum-mord-an-ece\/\">https:\/\/vera-lengsfeld.de\/2022\/12\/09\/notwendige-anmerkungen-zum-mord-an-ece\/<\/a><\/p>\n<p>.<\/p>\n<p><strong>(9) Einfach nur ein Mann<\/strong><br \/>\nNehmen wir an, gestern h\u00e4tte ein Mann, geb\u00fcrtiger Deutscher, ein Kind auf offener Stra\u00dfe erstochen. Wir h\u00e4tten zwei Stunden sp\u00e4ter alles \u00fcber ihn gewusst. Die Polizei h\u00e4tte die Presse informiert, dass bei der Hausdurchsuchung beim T\u00e4ter ein b\u00f6ses Buch gefunden worden sei und auf dem Dachboden in einem alten Koffer eine Reichskriegsflagge. Und auf seinem PC Kinderpornos. Die BILD h\u00e4tte ein Foto ver\u00f6ffentlicht, wo der Mann \u2013 er hei\u00dft Hans \u2013 als Kind mit seinem Bruder und den Eltern neben dem Tannenbaum Weihnachten im Jahr 2007 steht, Lichterkette an. Wir w\u00fcssten alles \u00fcber den T\u00e4ter.<br \/>\nAls gestern per Eilmeldung \u00fcber \u201eTicker\u201c kam, dass ein \u201eMann\u201c zwei M\u00e4dchen auf dem Weg zur Schule angegriffen, eine (13) schwer verletzt und eine (14) get\u00f6tet hat, erfuhren wir erstmal\u2026nichts.<\/p>\n<p>Ein Mann. Mit einem Messer.<br \/>\nAls Zyniker denkt man unwillk\u00fcrlich, sicher ein Tourist aus Schweden\u2026 Wir m\u00fcssen erstmal ermitteln, \u00fcber die Hintergr\u00fcnde ist noch nichts bekannt, blablabla\u2026sagen sie dann erstmal. Aber jeder hat geahnt, jeder wusste sofort, was hier passiert ist. Mann ohne Herkunft zu nennen, Messer als Tatwaffe, wie oft haben wir das erlebt in den vergangenen Jahren seit 2015? Wie oft wird geschwiegen, vertuscht, um blo\u00df nicht die r\u00fchrselige Geschichte von den \u201eGoldst\u00fccken\u201c in Frage zu stellen, wie ein SPD-Politiker Fl\u00fcchtlinge mal sinngem\u00e4\u00df pauschal bezeichnet hat.<br \/>\nWie immer bekr\u00e4ftige ich auch hier: Wir m\u00fcssen Menschen in Not helfen, die es bis nach Deutschland geschafft haben. Menschen, die wirklich in Not sind. Nicht die mit Smartphones aber ohne Reisepass, die alle an einem 1. Januar geboren wurden. Kriegsfl\u00fcchtlinge aus Syrien oder der Ukraine, politisch Verfolgte aus Russland und dem Iran. Das ist doch gar keine Frage. Auch andere L\u00e4nder haben w\u00e4hrend der Nazi-Zeit Fl\u00fcchtlinge aus Deutschland aufgenommen. Man hilft sich in h\u00f6chster Not unter zivilisierten Staaten.<br \/>\nAber es gibt keine Verpflichtung, Menschen aufzunehmen, die nicht verfolgt werden. Die kein Recht haben, in Deutschland zu sein. \u00dcber 300.000 rechtskr\u00e4ftig abgelehnte Asylbewerber leben derzeit in Deutschland. Richter haben die F\u00e4lle gepr\u00fcft, die Antragsteller wurden auf unsere Kosten anwaltlich vertreten \u2013 und abgelehnt. Und es passiert nichts. Sie bleiben einfach hier. Und manche begehen schlimme Straftaten.<br \/>\n&#8230; Alles vom 6.12.2022 von Klaus Kelle bitte lesen auf<br \/>\n<a href=\"https:\/\/denken-erwuenscht.com\/einfach-nur-ein-mann\/\">https:\/\/denken-erwuenscht.com\/einfach-nur-ein-mann\/<\/a><\/p>\n","protected":false},"excerpt":{"rendered":"<p>Vermutlich ein Asylbewerber aus Eritrea hat in Illerkirchberg bei Ulm zwei 14-j\u00e4hrige M\u00e4dchen auf dem Weg zur Schule mit dem Messer niedergestochen &#8211; laut SWR &#8222;riesige Stichwunde im Bauch&#8220;: Ein Kind tot, das andere schwerverletzt. Furchtbar &#8211; und was die &hellip; <a href=\"https:\/\/www.freiburg-schwarzwald.de\/blog\/schuelerinnen-ulm-messermord\/\">Weiterlesen <span class=\"meta-nav\">&rarr;<\/span><\/a><\/p>\n","protected":false},"author":2,"featured_media":0,"comment_status":"open","ping_status":"closed","sticky":false,"template":"","format":"standard","meta":{"footnotes":""},"categories":[52,210,155,60,157,19,95],"tags":[680,732,725,622,405,585],"class_list":["post-106910","post","type-post","status-publish","format-standard","hentry","category-einewelt","category-gewalt","category-integration","category-jugend","category-oeffentlicher-raum","category-religion","category-schulen","tag-frauen-2","tag-gewalt","tag-integration","tag-migration","tag-polizei","tag-schule"],"_links":{"self":[{"href":"https:\/\/www.freiburg-schwarzwald.de\/blog\/wp-json\/wp\/v2\/posts\/106910","targetHints":{"allow":["GET"]}}],"collection":[{"href":"https:\/\/www.freiburg-schwarzwald.de\/blog\/wp-json\/wp\/v2\/posts"}],"about":[{"href":"https:\/\/www.freiburg-schwarzwald.de\/blog\/wp-json\/wp\/v2\/types\/post"}],"author":[{"embeddable":true,"href":"https:\/\/www.freiburg-schwarzwald.de\/blog\/wp-json\/wp\/v2\/users\/2"}],"replies":[{"embeddable":true,"href":"https:\/\/www.freiburg-schwarzwald.de\/blog\/wp-json\/wp\/v2\/comments?post=106910"}],"version-history":[{"count":5,"href":"https:\/\/www.freiburg-schwarzwald.de\/blog\/wp-json\/wp\/v2\/posts\/106910\/revisions"}],"predecessor-version":[{"id":107899,"href":"https:\/\/www.freiburg-schwarzwald.de\/blog\/wp-json\/wp\/v2\/posts\/106910\/revisions\/107899"}],"wp:attachment":[{"href":"https:\/\/www.freiburg-schwarzwald.de\/blog\/wp-json\/wp\/v2\/media?parent=106910"}],"wp:term":[{"taxonomy":"category","embeddable":true,"href":"https:\/\/www.freiburg-schwarzwald.de\/blog\/wp-json\/wp\/v2\/categories?post=106910"},{"taxonomy":"post_tag","embeddable":true,"href":"https:\/\/www.freiburg-schwarzwald.de\/blog\/wp-json\/wp\/v2\/tags?post=106910"}],"curies":[{"name":"wp","href":"https:\/\/api.w.org\/{rel}","templated":true}]}}