{"id":106728,"date":"2022-11-30T13:36:39","date_gmt":"2022-11-30T12:36:39","guid":{"rendered":"https:\/\/www.freiburg-schwarzwald.de\/blog\/?p=106728"},"modified":"2022-12-30T20:01:44","modified_gmt":"2022-12-30T19:01:44","slug":"nebelkerzen-zwecks-ablenkung","status":"publish","type":"post","link":"https:\/\/www.freiburg-schwarzwald.de\/blog\/nebelkerzen-zwecks-ablenkung\/","title":{"rendered":"Nebelkerzen zwecks Ablenkung"},"content":{"rendered":"<p><a href=\"https:\/\/www.freiburg-schwarzwald.de\/blog\/engagement\/zukunft\/demokratie\/gruen-links\/\">Rot-Gr\u00fcn<\/a> ist dabei, sich in Berlin auf Dauer einzurichten. Dazu werden erstens 10.000 neue Stellen in der Regierungsverwaltung eingerichtet &#8211; um die Wichtigkeit von noch mehr B\u00fcrokratie zu betonen und mit der Einstellung gut-gesinnter <a href=\"https:\/\/www.freiburg-schwarzwald.de\/blog\/vereine\/ngo\/\">NGO<\/a>-Mitarbeiter und sonst arbeitsloser Geisteswissenschaftler den Machterhalt zu sichern (1). <!--more--> Zudem wird das Bundeskanzleramt weiter ausgebaut zu einer gigantischen Gr\u00f6\u00dfe, an die kein anderer Regierungssitz weltweit heranreicht &#8211; auch nicht der in Washington.<\/p>\n<p>Zweitens werden Nebelkerzen geworfen, um den <a href=\"https:\/\/www.freiburg-schwarzwald.de\/blog\/engagement\/buerger\/\">B\u00fcrgern<\/a> den klaren Blick zu nehmen, um sie aufzuregen und so von den zahlreicheen Problemen abzulenken, die durch die Arbeit\u00a0 der Ampel-Regierung nicht dauerhaft gel\u00f6st bzw. nur tempor\u00e4r durch immer neue schuldenfinanzierte Hilfsgelder bzw. Entlastungspakete \u00fcberbr\u00fcckt werden k\u00f6nnen: <a href=\"https:\/\/www.freiburg-schwarzwald.de\/blog\/energie\/energiekosten\/\">Energiekosten<\/a>, Migration wie 2015, EU-<a href=\"https:\/\/www.freiburg-schwarzwald.de\/blog\/target-saldo-eu-1-billion-euro\/\">Targe<\/a>t-Haftung 1,1 Billionen, Inflation, Innere Sicherheit, B\u00fcrgerrechte &#8230; . Die aktuell drei brennendsten Nebelkerzen: 1) Haltungs-Armbinden, 2) Klima-Kleber und 3) Corona-Lauterbach:<\/p>\n<p>Zu 1): Nancy Faeser hat der altbew\u00e4hrten Armbinde zu neuer Bedeutung verholfen, als sie zur Niederlage Deutschland-Japan 1:2 im Fussballstadion in Katar am linken Arm mit <a href=\"https:\/\/www.freiburg-schwarzwald.de\/blog\/katar-mund-zu-oder-fussball\/\">&#8222;One love-Binde<\/a> ihre Gesinnung offenbarte &#8211; und strahlt pure Diskriminisierungsenergie aus: Man wei\u00df um ihre eigene <a href=\"https:\/\/www.freiburg-schwarzwald.de\/blog\/kultur\/medien\/gesinnungsdiktatur\/\">Haltung<\/a>. Und wer keine Binde tr\u00e4gt, von dem wei\u00df man, was man von ihm aufgrund seiner abweichenden Haltung zu halten hat.<br \/>\n.<br \/>\n<a href=\"https:\/\/www.freiburg-schwarzwald.de\/blog\/wp-content\/uploads\/2022\/11\/faeser-onelove-armbinde-katar2211.jpg\"><img loading=\"lazy\" decoding=\"async\" class=\"alignnone size-thumbnail wp-image-106645\" src=\"https:\/\/www.freiburg-schwarzwald.de\/blog\/wp-content\/uploads\/2022\/11\/faeser-onelove-armbinde-katar2211-180x176.jpg\" alt=\"\" width=\"180\" height=\"176\" srcset=\"https:\/\/www.freiburg-schwarzwald.de\/blog\/wp-content\/uploads\/2022\/11\/faeser-onelove-armbinde-katar2211-180x176.jpg 180w, https:\/\/www.freiburg-schwarzwald.de\/blog\/wp-content\/uploads\/2022\/11\/faeser-onelove-armbinde-katar2211.jpg 640w\" sizes=\"auto, (max-width: 180px) 100vw, 180px\" \/><\/a><br \/>\n.<br \/>\nWas der fein gekleidete Katari neben Faeser wohl gedacht haben (2)? Wo zur Armbinde noch die <a href=\"https:\/\/www.freiburg-schwarzwald.de\/blog\/katar-mund-zu-oder-fussball\/\">&#8222;Mund zu&#8220;-Geste<\/a> hinzukommt &#8211; der neue &#8217;neuersche&#8216; deutsche Gru\u00df gem\u00e4\u00df dem alten Spruch &#8222;Reden ist Silber, Schweigen ist Gold&#8220;.<\/p>\n<p>Zu 2): <a href=\"https:\/\/www.freiburg-schwarzwald.de\/blog\/vereine\/ngo\/aktivisten\/\">Klima-Kleber<\/a>\u00a0als zweiter Nebelkerze. Diese ist aus zwei Gr\u00fcnden f\u00fcr die B\u00fcrger besonders aufregend:<br \/>\nZum einen, weil neben Medien und Links-Gr\u00fcn sogar <a href=\"https:\/\/www.freiburg-schwarzwald.de\/blog\/engagement\/zukunft\/demokratie\/verfassung\/bundesverfassungsgericht\/\">Verfassungsschutzpr\u00e4siden<\/a>t Thomas Haldenwang gegenw\u00e4rtig nicht erkennen mag, &#8222;dass sich diese Gruppierung gegen die freiheitlich demokratische Grundordnung richtet, und insofern ist das kein Beobachtungsobjekt f\u00fcr den Verfassungsschutz&#8220;. Obwohl er wei\u00df, da\u00df die <a href=\"https:\/\/www.freiburg-schwarzwald.de\/blog\/natur\/klima\/extinction\/\">Letzte Generation<\/a> von der US-Stiftung ClimateEmergencyund.org finanziert wird (organanisierte Kriminalit\u00e4t?).<br \/>\nZum anderen, weil die B\u00fcrger sich durch die Aktionen in ihrem Alltag &#8211; auf dem Weg zur Arbeit, zum Flugzeug &#8211; in ihrer Sicherheit bedroht f\u00fchlen und der Staat mit bei der Wahl gegebene Sicherheitsgarantie nicht aufrechterhalten will.<\/p>\n<p>Zu 3): Die dritte Nebelkerze liegt in der Person von Prof. Dr. Karl Lauterbach begr\u00fcndet. &#8222;Lauterbach&#8220; ist zum Synonym zu <a href=\"https:\/\/www.freiburg-schwarzwald.de\/blog\/business\/gesund\/corona-virus\/\">&#8222;Corona&#8220;<\/a> geworden: wer Lauterbach h\u00f6rt, denkt an Corona. Zum einen entwickelt sich die von ihm krampfhaft vertretene strenge Coronapolitik (<a href=\"https:\/\/www.freiburg-schwarzwald.de\/blog\/engagement\/zukunft\/angst\/angstmachen\/\">Angstmache<\/a>, Impfung, Testen, <a href=\"https:\/\/www.freiburg-schwarzwald.de\/blog\/business\/gesund\/corona-virus\/lockdown-endlos\/\">Lockdown<\/a>, Isolation) zum Exoten innerhalb der EU, \u00fcber den man in Br\u00fcssel zunehmend spottet. Zum anderen vernachl\u00e4ssigt Lauterbach die zahlreichen anderen Problemfelder der Gesundheitspolitik wie <a href=\"https:\/\/www.freiburg-schwarzwald.de\/blog\/business\/dienste\/pflege\/\">Pflege<\/a>, Krankenhaus, Ern\u00e4hrung (D hinter den USA Vizeweltmeister der Adip\u00f6sen, besonders Kinder), Pharma (u.a. Medikamentenherstellung im Land), &#8230; Warum macht der Kanzler nicht von seinem Machtmittel der Richtlinienkompetenz Gebrauch und ersetzt Lauterbach durch einen Minister, der diese Problemfelder nicht weiter im wahrsten Sinne des Wortes &#8222;links liegen&#8220; l\u00e4\u00dft?<\/p>\n<p>All diese Nebelkerzen der Politik versetzen die B\u00fcrger in Aufregung und sorgen so &#8211; mit gewohnter Unterst\u00fctzung durch die <a href=\"https:\/\/www.freiburg-schwarzwald.de\/blog\/kultur\/medien\/mainstream\/\">Mainstreammedien<\/a> mitsamt <a href=\"https:\/\/www.freiburg-schwarzwald.de\/blog\/kultur\/medien\/oerr\/\">\u00d6RR<\/a>&#8211; zur Ablenkung von den eigenen Vers\u00e4umnissen. Doch die B\u00fcrger werden nicht nur von der Wahrnehmung der zahlreichen ungel\u00f6sten Problemen abgelenkt, sondern auch vom parallel dazu\u00a0 stattfindenden Umbau der <a href=\"https:\/\/www.freiburg-schwarzwald.de\/blog\/postmigrantische-gesellschaft\/\">Gesellschaft<\/a>. Soll dieser durch das Werfen von Nebelkerzen bzw. durch herbeigeredete <a href=\"https:\/\/www.freiburg-schwarzwald.de\/blog\/selbsthilfe\/krise\/krisenpolitik\/\">Krisen<\/a> etwa verschleiert werden? In der gro\u00dfen Aufregung der Nation \u00fcber immer neue und radikalere Aktionen der <a href=\"https:\/\/www.freiburg-schwarzwald.de\/blog\/natur\/klima\/extinction\/\">Klimakleber<\/a>, die Menschenleben gef\u00e4hrden und dabei ungestraft bleiben, geht das zentrale Statement der Bundesinnenministerin <a href=\"https:\/\/www.freiburg-schwarzwald.de\/blog\/faeser-contra-meinungsfreiheit\/\">Nancy Faeser zum gesellschaftlichen Umbau<\/a> unter:<br \/>\n<em>&#8222;Wir haben Meinungsfreiheit,<br \/>\ndie an den Grenzen endet,<br \/>\nwo andere beleidigt werden, betroffen sind, verletzt werden.&#8220;<\/em><br \/>\nDieses Statement ist ungeheuerlich, f\u00fchrt sie doch letztendlich zur Aufhebung von <a href=\"https:\/\/www.freiburg-schwarzwald.de\/blog\/kultur\/medien\/meinungsfreiheit\/\">Meinungsfreiheit<\/a> und damit von Freiheit, <a href=\"https:\/\/www.freiburg-schwarzwald.de\/blog\/religion\/pluralismus\/\">Pluralismus<\/a>, <a href=\"https:\/\/www.freiburg-schwarzwald.de\/blog\/kultur\/medien\/diskussionskultur\/\">Diskussionskultur<\/a> bzw. Demokratie \u00fcberhaupt. Diskussion und \u00d6ffentlichkeit als Grundpfeiler der demokratischen Republik werden damit einer Gleichheitsideologie geopfert. Denn der demokratische Streit in seiner gew\u00fcnschten und erforderlichen Heftigkeit und Sch\u00e4rfe wird erledigt, wenn man nur noch das sagen und damit denken darf, was keine <a href=\"https:\/\/www.freiburg-schwarzwald.de\/blog\/engagement\/zukunft\/demokratie\/identitaet\/\">Identit\u00e4t<\/a> &#8211; in der Mehr- oder Minderheit &#8211; beleidigen, betroffen machen oder verletzen k\u00f6nnte. Sollen alle zur gleichen Einheitsmeinung verpflichtet werden? Darf der Staat derart in die Privatheit des B\u00fcrgers eingreifen? Soll die individuelle Freiheit des m\u00fcndigen, eigenverantwortlichen B\u00fcrgers geopfert werden f\u00fcr die angebliche Sicherheit des versorgten <a href=\"https:\/\/www.freiburg-schwarzwald.de\/blog\/global\/deutschland\/gesellschaft\/untertan\/\">Untertan<\/a>? Warum wird das o.a. genannte Statement von Nancy Faeser nicht hinterfragt und diskutiert? Wozu das dr\u00f6hnende <a href=\"https:\/\/www.freiburg-schwarzwald.de\/blog\/global\/deutschland\/schweigen\/\">Schweigen<\/a>?<br \/>\n30.11.2022<br \/>\n.<br \/>\nEnde des Artikels &#8222;Nebelkerzen zwecks Ablenkung&#8220;<br \/>\n=========================================================<br \/>\nBeginn der Anlagen (1)\u00a0 und (2)<br \/>\n.<br \/>\n.<br \/>\n<strong>(1) Vater Staat, du bist zu fett!<\/strong><br \/>\nIch habe doch nur \u2026, sagt die Regierung<br \/>\n10.000 neue Stellen haben sich allein in den letzten Jahren im Staatsapparat eingenistet. Der chronisch \u00dcbergewichtige will nicht heute, sondern erst morgen mit dem Abnehmen beginnen. Die R\u00e4dchen im dicken Staat wollen ja alle sparen \u2013 aber eben nicht bei sich und ihren Parteifreunden.<br \/>\n&#8230;<br \/>\nDie Regierung des deutschen Propagandastaates wuchs in den letzten Jahren um 10.000 Stellen, so lesen wir aktuell in der Welt<br \/>\n<a href=\"https:\/\/www.welt.de\/wirtschaft\/plus242229483\/Regierung-10-000-neue-Stellen-Ampel-Minister-haben-jedes-Mass-verloren.html\">https:\/\/www.welt.de\/wirtschaft\/plus242229483\/Regierung-10-000-neue-Stellen-Ampel-Minister-haben-jedes-Mass-verloren.html<\/a><br \/>\n\u2013 Ende der Gewichtszunahme nicht in Sicht. Dazu kommen all die anderen Verpflichtungen und nicht zuletzt die hunderte Millionen Euro f\u00fcrs Kanzleramt.<br \/>\n&#8230;<br \/>\nIch w\u00fcnsche den 10.000 neuen Sesself\u00fcllern im Regierungsapparat (und weiterhin all den millionenteuren \u201eBeauftragten\u201c (t-online.de, 14.11.2022)<br \/>\nhttps:\/\/www.t-online.de\/nachrichten\/deutschland\/innenpolitik\/id_100078470\/22-millionen-euro-fuer-beauftragte-verheimlicht-uns-die-regierung-etwas-.html ) viel Spa\u00df und guten Erfolg im Job. Gewiss werden auch sie Sinn und Gl\u00fcck in ihrem Leben finden, w\u00e4hrend sie kollektiv Deutschland zu Tode sitzen. Die m\u00f6glichen Begr\u00fcndungen der Rot-Gr\u00fcnrot-Gelbrot-Regierung, warum es tausende neue Stellen braucht, sie klingen den Selbstl\u00fcgen des morbiden Adip\u00f6sen gef\u00e4hrlich \u00e4hnlich.<br \/>\n&#8230; Alles vom 21.11.2022 von Dushan wegner bitte lesen auf<br \/>\n<a href=\"https:\/\/www.tichyseinblick.de\/kolumnen\/vorwort-zum-sonntag\/gruende-gegen-politisierung-fussball-nationalmannschaft\/\">https:\/\/www.dushanwegner.com\/ich-habe-doch-nur\/<\/a><strong><br \/>\n.<\/strong><\/p>\n<p><strong>(2) Sechs gewichtige Gr\u00fcnde gegen die Politisierung der Fu\u00dfball-Nationalmannschaft<\/strong><br \/>\n&#8230; Wie w\u00e4re es, wenn Katar mit einer \u201eScharia-Binde\u201c aufl\u00e4uft? Schweden mit der \u201eMaskenfrei-Binde\u201c? Polen mit der \u201eAtomkraft-Ja-Bitte-Binde\u201c? Norwegen mit der \u201eKeine-Impfung-unter-60-Binde\u201c? Iran mit der \u201ePal\u00e4stina-den-Pal\u00e4stinensern-Binde\u201c? Und Kamerun mit der \u201eKampf-den-sexuellen-Verirrungen-Binde\u201c?<br \/>\nOder hat nur Deutschland das einzig wahre Motto, an dem die ganze Welt genesen soll?<br \/>\n&#8230;<br \/>\nWill die Nationalmannschaft mit ihrer Binde eine Regenbogenrevolution in Katar ausl\u00f6sen? Das wird ihr nicht gelingen, da f\u00fcr die Mehrheit der Muslime die Regenbogenideologie lediglich ein abschreckendes Symbol f\u00fcr westliche Dekadenz ist.<br \/>\nVielleicht zielt die Binde aber gar nicht auf Katar, sondern nur auf das eigene Publikum in Deutschland: Etwa als deutscher Ablass f\u00fcr die 200 Millionen Euro, die ARD und ZDF mit den GEZ-Zwangsgeb\u00fchren von uns allen f\u00fcr die Fu\u00dfball\u00fcbertragungsrechte an die FIFA und Katar \u00fcberwiesen haben? Geht es bei der Binde letztlich um Schuld und S\u00fchne, um Gewissensreinwaschung?<br \/>\nOder will sich die Nationalmannschaft schlicht und einfach in dem Gutmenschentum ihrer eigenen politischen Filterblase baden, ohne dabei auch nur ansatzweise die Konsequenzen des eigenen Handelns bedenken zu wollen? Die Politisierung des Fu\u00dfballs ist f\u00fcr die V\u00f6lkerverst\u00e4ndigung kontraproduktiv.<br \/>\n&#8230; Alles vom 6.11.2022 von Achijah Zorn bitte lesen auf<br \/>\n<a href=\"https:\/\/www.tichyseinblick.de\/kolumnen\/vorwort-zum-sonntag\/gruende-gegen-politisierung-fussball-nationalmannschaft\/\">https:\/\/www.tichyseinblick.de\/kolumnen\/vorwort-zum-sonntag\/gruende-gegen-politisierung-fussball-nationalmannschaft\/<\/a><\/p>\n","protected":false},"excerpt":{"rendered":"<p>Rot-Gr\u00fcn ist dabei, sich in Berlin auf Dauer einzurichten. Dazu werden erstens 10.000 neue Stellen in der Regierungsverwaltung eingerichtet &#8211; um die Wichtigkeit von noch mehr B\u00fcrokratie zu betonen und mit der Einstellung gut-gesinnter NGO-Mitarbeiter und sonst arbeitsloser Geisteswissenschaftler den &hellip; <a href=\"https:\/\/www.freiburg-schwarzwald.de\/blog\/nebelkerzen-zwecks-ablenkung\/\">Weiterlesen <span class=\"meta-nav\">&rarr;<\/span><\/a><\/p>\n","protected":false},"author":2,"featured_media":0,"comment_status":"open","ping_status":"closed","sticky":false,"template":"","format":"standard","meta":{"footnotes":""},"categories":[13,80,171,172],"tags":[766,633,525,631],"class_list":["post-106728","post","type-post","status-publish","format-standard","hentry","category-kultur","category-medien","category-verbraucher","category-zukunft","tag-buerger","tag-demokratie","tag-politik","tag-staat"],"_links":{"self":[{"href":"https:\/\/www.freiburg-schwarzwald.de\/blog\/wp-json\/wp\/v2\/posts\/106728","targetHints":{"allow":["GET"]}}],"collection":[{"href":"https:\/\/www.freiburg-schwarzwald.de\/blog\/wp-json\/wp\/v2\/posts"}],"about":[{"href":"https:\/\/www.freiburg-schwarzwald.de\/blog\/wp-json\/wp\/v2\/types\/post"}],"author":[{"embeddable":true,"href":"https:\/\/www.freiburg-schwarzwald.de\/blog\/wp-json\/wp\/v2\/users\/2"}],"replies":[{"embeddable":true,"href":"https:\/\/www.freiburg-schwarzwald.de\/blog\/wp-json\/wp\/v2\/comments?post=106728"}],"version-history":[{"count":5,"href":"https:\/\/www.freiburg-schwarzwald.de\/blog\/wp-json\/wp\/v2\/posts\/106728\/revisions"}],"predecessor-version":[{"id":107941,"href":"https:\/\/www.freiburg-schwarzwald.de\/blog\/wp-json\/wp\/v2\/posts\/106728\/revisions\/107941"}],"wp:attachment":[{"href":"https:\/\/www.freiburg-schwarzwald.de\/blog\/wp-json\/wp\/v2\/media?parent=106728"}],"wp:term":[{"taxonomy":"category","embeddable":true,"href":"https:\/\/www.freiburg-schwarzwald.de\/blog\/wp-json\/wp\/v2\/categories?post=106728"},{"taxonomy":"post_tag","embeddable":true,"href":"https:\/\/www.freiburg-schwarzwald.de\/blog\/wp-json\/wp\/v2\/tags?post=106728"}],"curies":[{"name":"wp","href":"https:\/\/api.w.org\/{rel}","templated":true}]}}