{"id":106549,"date":"2022-11-19T21:03:53","date_gmt":"2022-11-19T20:03:53","guid":{"rendered":"https:\/\/www.freiburg-schwarzwald.de\/blog\/?p=106549"},"modified":"2022-11-22T21:21:58","modified_gmt":"2022-11-22T20:21:58","slug":"vorverurteilung-rechte-sind-es","status":"publish","type":"post","link":"https:\/\/www.freiburg-schwarzwald.de\/blog\/vorverurteilung-rechte-sind-es\/","title":{"rendered":"Vorverurteilung: Rechte sind es"},"content":{"rendered":"<p><a href=\"https:\/\/www.freiburg-schwarzwald.de\/blog\/kultur\/medien\/vorverurteilung\/\">Vorverurteilungen<\/a> passen nicht zum <a href=\"https:\/\/www.freiburg-schwarzwald.de\/blog\/selbsthilfe\/soziales\/justiz\/rechtsstaat\/\">Rechtsstaat<\/a>, sie geh\u00f6ren zur Kategorie von Hass und Hetze. Aber leider machen auch die <a href=\"https:\/\/www.freiburg-schwarzwald.de\/blog\/kultur\/medien\/mainstream\/\">Medien<\/a> mit, besonders dann, wenn es Absatzzahlen bzw. Einschaltquoten oder dem &#8222;<a href=\"https:\/\/www.freiburg-schwarzwald.de\/blog\/kultur\/medien\/kampf-gegen-rechts\/\">Kampf gegen Rechts<\/a>&#8220; dient. J\u00fcngstes Beispiel: Am j\u00fcdischen Feiertag Jom Kippur 5.10.2022 zerbarst eine Fensterscheibe der Synagoge <!--more-->in Hannover.<br \/>\nUmgehend wird ein Anschlag von <em><strong><a href=\"https:\/\/www.freiburg-schwarzwald.de\/blog\/engagement\/zukunft\/demokratie\/rechts\/rechts-links\/\">Rechten<\/a><\/strong><\/em> &#8211; gemeint sind wohl Rechtsextreme &#8211; unterstellt (1). <a href=\"https:\/\/www.freiburg-schwarzwald.de\/blog\/religion\/kirchen\/ekd\/\">Peter Hahne<\/a> gelingt es, diesen traurigen Umstand in einem Beitrag voller Humor und Ironie unterzubringen (2). Sechs Wochen sp\u00e4ter verk\u00fcndet die Staatsanwaltschaft, da\u00df <em><strong>der<\/strong><\/em> <em><strong>&#8222;T\u00e4ter&#8220; eine Taube war<\/strong><\/em>, die die Glasscheibe zertr\u00fcmmerte. Sie mu\u00df wohl \u00fcberlebt haben, schlie\u00dflich wurde sie um den Tatort nicht gefunden, war aber so freundlich &#8211; vielleicht war es ja eine rechte Taube? -, DNA-Spuren f\u00fcr die Polizei zu hinterlassen. Die molekulargenetische Untersuchungen dauerten eineinhalb Monate an.<br \/>\n19.11.2022dif<br \/>\n.<\/p>\n<p><strong>(1) Landesbischof Meister: Anschlag auf die Synagoge in Hannover besch\u00e4mt mich zutiefst<\/strong><br \/>\nUnbekannte haben am Mittwochabend w\u00e4hrend eines Gottesdienstes offenbar einen Anschlag auf die Synagoge der J\u00fcdischen Gemeinde Hannover ver\u00fcbt. Dabei warfen der oder die T\u00e4ter nach Angaben der Gemeinde mit einem Stein oder einem anderen harten Gegenstand ein Fenster ein. &#8230; . In der Synagoge hielten sich nach Angaben der Gemeinde zu diesem Zeitpunkt rund 150 bis 200 Menschen auf, um den Abschluss des h\u00f6chsten j\u00fcdischen Feiertags Jom Kippur zu feiern. Verletzt wurde niemand. Der Vorfall erinnert an den Anschlag auf die Synagoge in Halle vor drei Jahren, der ebenfalls an Jom Kippur begangen wurde. Gegen 19 Uhr h\u00e4tten die Anwesenden einen Schlag an einem Fenster an der Frauenempore geh\u00f6rt, sagte der Vorsitzende der Gemeinde und des Landesverbandes der J\u00fcdischen Gemeinden von Niedersachsen, Michael F\u00fcrst, dem epd. Etwa in dortiger Kopfh\u00f6he sei ein Gegenstand eingeschlagen &#8211; insgesamt in sechs Metern H\u00f6he. Im Bleiglas klaffe dort jetzt ein Loch in der Gr\u00f6\u00dfe eines DIN-A4-Blattes. Der Gegenstand konnte noch nicht gefunden werden. Vermutlich sei er zur\u00fcck ins Freie geprallt.<br \/>\n\u201eDas ist schockierend f\u00fcr die Gemeinde. Es ist das erste Mal in Hannover, dass so etwas passiert\u201c, sagte F\u00fcrst. Die Anwesenden seien zun\u00e4chst sehr aufgeregt gewesen, h\u00e4tten den Gottesdienst dann aber noch zu Ende gefeiert. \u201eEs spricht viel daf\u00fcr, dass jemand \u00fcber den Zaun geklettert ist\u201c, sagte F\u00fcrst. Diesen zu \u00fcberwinden, koste einiges an Kraft: \u201eDas k\u00f6nnen keine Kinder gewesen sein.\u201c Der hannoversche Landesbischof Ralf Meister sagte: \u201eDer Anschlag auf die Synagoge in Hannover gestern Abend entsetzt und besch\u00e4mt mich zutiefst. Unsere j\u00fcdischen Geschwister mussten erleben, wie ihre Jom-Kippur-Feier gewaltsam gest\u00f6rt wurde. Dass J\u00fcdinnen und Juden in unserer Gesellschaft in der Aus\u00fcbung ihrer religi\u00f6sen Praxis bedroht werden, ist unertr\u00e4glich. Wir m\u00fcssen weiterhin auf allen Ebenen und in allen Bereichen mit viel mehr Entschlossenheit als bisher gegen jede Form von Antisemitismus arbeiten.&#8220;<br \/>\nBeim Anschlag in Halle hatte ein Rechtsextremist am 9. Oktober 2019 versucht, mit Waffengewalt in die dortige Synagoge einzudringen. Er scheiterte jedoch an einer Sicherheitst\u00fcr. Kurz darauf erschoss er in der N\u00e4he der Synagoge zwei Menschen und verletzte zwei weitere.<br \/>\nNach dem Anschlag von Halle hatten sich die j\u00fcdischen Gemeinden in Niedersachsen mit der Landesregierung nach langen Verhandlungen darauf verst\u00e4ndigt, die Sicherheitseinrichtungen zu verst\u00e4rken. Die Arbeiten an der Synagoge in Hannover sollen demn\u00e4chst beginnen.<br \/>\n&#8230; Alles vom 6.10.2022 bitte lesen auf<br \/>\n<a href=\"https:\/\/www.ekd.de\/anschlag-synagoge-in-hannover-75364.htm\">https:\/\/www.ekd.de\/anschlag-synagoge-in-hannover-75364.htm<\/a><br \/>\n.<br \/>\n.<br \/>\n<strong>(2) Blaue Taube im Anflug auf Hannovers Synagoge: Hat der Verfassungsschutz versagt?<\/strong><br \/>\nUnverzeihlich! Sofort r\u00fcckg\u00e4ngig machen! \u201eBrehms Tierleben\u201c mu\u00df unverz\u00fcglich umgeschrieben werden. Wu\u00dfte dieser alte wei\u00dfe Mann und Zoologen-Darsteller Alfred Brehm schon nichts von non-bin\u00e4ren oder quattro-sexuellen Tierarten, dann noch weniger von diesem Ph\u00e4nomen, das Sie, liebe Leser, nun geboten bekommen. Eine echte Weltsensation! Fasten your seat belts! Es geht um unbemannte (bzw. -befraute) Flugobjekte. Ich kenne mich ja schon namensm\u00e4\u00dfig mit Gefl\u00fcgel aus. Eine Entdeckung, die nicht nur Zoologie und Biologie revolutioniert, sondern auch Politologie und jede Form von Ideologie. Ein kosmisches (und keineswegs komisches) Ereignis.<br \/>\nDer Reihe nach. Zun\u00e4chst die Frage: Was ist da schief gelaufen in Hannover? Es geht ausnahmsweise nicht um \u201eGas-Gerd\u201c, auch nicht um \u201eBobby-Car-Wulff\u201c oder die Pharma-Family von der Leyen. Auch nicht um Leibniz-Kekse. Nein, nein, viel viel dramatischer, folgenschwerer und an die Grundfesten unseres Rechtsstaates r\u00fcttelnd: Hat der Verfassungsschutz gepennt? Wo waren die demokratischen, von Haltung gepr\u00e4gten Nachfolger dieses unm\u00f6glich-unf\u00e4higen Herrn Maa\u00dfen? Wo war Merzens CDU-Freund Haldenwang an diesem Abend? Unverzeihlich!<br \/>\nIst er vielleicht \u00fcberfordert, weil er ja t\u00e4glich neue Aufgaben zugewiesen bekommt: Corona- und Klima-Leugner stellen, kritische Journalisten verfolgen, die \u201eRAF-nahen Demonstranten\u201c (S\u00f6der) oder die \u201eStaatsfeinde\u201c (CDU-Minister Reul) der Montagsspazierg\u00e4nge in Schach halten, Argumente pr\u00e4sentieren, nach denen die Klebe-Terroristen harmlose Klima-Kids sind\u2026 und nat\u00fcrlich als absolute Priorit\u00e4t: die blaue Schwefelpartei mit allen Mitteln zu \u00fcberwachen.<br \/>\nUnd bei \u201eblau\u201c w\u00e4ren wir schon bei des Pudels Kern. Besser: der Taube Kern. Denn es mu\u00df wohl eine blaue Taube gewesen sein, die als erwiesenerma\u00dfen rechtsradikale Antisemitin in Hannover agiert hat. Klar, sie konnte nat\u00fcrlich unkontrolliert als \u201eBereicherung der bunten Bundesrepublik\u201c (Claudia Roth) \u00fcber unsere Grenzen flattern. Sie brauchte noch nichtmal ein kirchensteuer-finanziertes Rettungsschiff oder eine Teddyb\u00e4r-Willkommensparty beim Zwischenstopp in M\u00fcnchen.<br \/>\nBlaue Tauben gibt es auf Mauritius, Madagaskar und den Komoren. Sie wohnen in B\u00e4umen. Ein Exemplar dieser Art wollte den \u201eSozialtourismus\u201c (Merz) nach Deutschland ausprobieren und landete prompt in Hannover. Bielefeld konnte sie nicht finden, weil es das bekanntlich ja gar nicht gibt.<\/p>\n<p>Unsere Taube, die im Fluge unter Garantie noch schnell Mitglied der Schwefelpartei geworden war, rechtsradikal und antisemitisch, knallte mit einem (An-)Schlag gegen ein sch\u00f6nes Buntglasfenster mit viel viel Blau drin. Der Frevel: Das nun zersplitterte Fenster geh\u00f6rt zu einer Synagoge. Und sofort brachten die Gutmenschen und Framing-Beauftragten in reflexhafter Narrativ-Nennung ihre volle Kanonade in Stellung.<\/p>\n<p>Allerdings hatten sie in ihrem bekannt-ber\u00fcchtigten \u00dcbereifer, der zu richtigen Haltungs-Leuten nun mal dazugeh\u00f6rt, v\u00f6llig \u00fcbersehen, dass es sich bei dem T\u00e4ter (von T\u00e4terin war erst gar nicht die Rede) dieses antisemitischen Anschlags gar nicht unbedingt um einen Menschen handeln mu\u00df. Nein, ihnen war sofort klar: Hier mu\u00df hart durchgegriffen werden, ohne lange auf die Untersuchungen der Kriminalbeh\u00f6rden und den f\u00fcr politische Anschl\u00e4ge dieser Art zust\u00e4ndigen Staatsschutz oder den Generalstaatsanwalt zu warten. Fakten st\u00f6ren nur.<br \/>\nUnd hier kurz die am Tatabend bekannten Tatsachen: Am 5. Oktober gegen 19 Uhr ging die Fensterscheibe der Synagoge von Hannover zu Bruch. Es war der h\u00f6chste j\u00fcdische Feiertag Jom Kippur. Die rund 200 Gl\u00e4ubigen wurden durch das Klirren aufgeschreckt. Da die Gemeinde von einem Steinwurf ausging, alarmierte sie die Polizei. Beamte suchten das Gel\u00e4nde noch am Abend und am folgenden Tag gr\u00fcndlich ab. Sie fanden jedoch keinen verd\u00e4chtigen Gegenstand, der das Loch h\u00e4tte verursachen k\u00f6nnen.<\/p>\n<p>Da der Vorfall an den Anschlag auf die Synagoge in Halle vor drei Jahren \u2013 auch an Jom Kippur \u2013 erinnerte, gab es kein Halten mehr, kein Warten auf kriminaltechnische Untersuchungen. Das Gutmenschentum sch\u00e4umte. Der evangelische Landesbischof Meister sagte gleich am Folgetag: \u201eDer Anschlag auf die Synagoge in Hannover gestern Abend entsetzt und besch\u00e4mt mich zutiefst. Unsere j\u00fcdischen Geschwister mussten erleben, wie ihre Jom-Kippur-Feier gewaltsam gest\u00f6rt wurde. Dass J\u00fcdinnen und Juden in unserer Gesellschaft in der Aus\u00fcbung ihrer religi\u00f6sen Praxis bedroht werden, ist unertr\u00e4glich. Wir m\u00fcssen weiterhin auf allen Ebenen und in allen Bereichen mit viel mehr Entschlossenheit als bisher gegen jede Form von Antisemitismus arbeiten.\u201c<br \/>\nNun k\u00f6nnte man meinen, ein bekannter Geistlicher (er ist seinen Bekannten bekannt) h\u00e4tte vielleicht hellseherische F\u00e4higkeiten. Das Christentum gilt als Offenbarungs-Religion. Und das Kirchenamt der Klima-Klebe-EKD liegt ja auch in Hannover.<br \/>\nNebelbei: Es fehlte erstaunlicherweise der Herr Bundespr\u00e4sident. Mit dem ICE ist man von Berlin doch in 1:28 Stunden am h\u00e4\u00dflichen Tatort. Wenn der Zug gerade wieder vergi\u00dft, in Wolfsburg zu halten, dann gehts nat\u00fcrlich schneller. Oder, wie gerade bis zum 27. November (kleine Verkehrsdurchsage, kostenfrei von reitschuster.de) die Strecke lahmgelegt ist und man in einen Bus steigen mu\u00df. Bundespr\u00e4sidenten fahren ja bekanntlich maskenfrei, also nix wie hin an die Antifaschistische Front!<\/p>\n<p>Gef\u00e4hrlicher als Putins Drohnen<br \/>\nRon Prosor, der israelische Botschafter in Deutschland, twitterte am Tag nach dem \u201eAnschlag\u201c: \u201eWer einen Stein wirft, z\u00f6gert auch nicht, eine Kugel abzufeuern. 3 Jahre nach Halle wurde in Hannover eine Synagoge angegriffen. Ich bin sicher, die Beh\u00f6rden werden die T\u00e4ter schnell festnehmen. Juden m\u00fcssen sich in Deutschland sicher f\u00fchlen, besonders in ihren Gottesh\u00e4usern.\u201c Merke: So eine Taube kann also gef\u00e4hrlicher sein als Putins Drohnen. Kugeln!<br \/>\nNicht anders \u00fcberschlug sich der Zentralrat der Juden in Deutschland in \u00fcbersch\u00e4umender Vorverurteilung: Der \u201eAnschlag\u201c sei ein weiteres Zeichen \u201ef\u00fcr den wiedererstarkten Judenhass in Deutschland.\u201c Pr\u00e4sident Schuster: \u201eIch verurteile ihn aufs Sch\u00e4rfste. Dass Juden im Jahr 2022 in Deutschland nicht ohne Furcht zum Gebet gehen k\u00f6nnen, ist besch\u00e4mend. Der Anschlag, kurz vor den Landtagswahlen in Niedersachsen, muss ein erneutes Signal an die Politik sein, den Kampf gegen Antisemitismus und Radikalismus jeder Art niemals zu vernachl\u00e4ssigen.\u201c<br \/>\nInteressant: Der CDU-Funktion\u00e4r Schuster macht gleich schwarzen Wahlkampf mit diesem v\u00f6llig unaufgekl\u00e4rten Vorfall. Und der vor-verurteilende Ha\u00df kann sich ja nur gegen eine Farbe richten, oder?! Da w\u00e4ren wir wieder bei der blauen Taube. Tage nach dem \u201eAnschlag\u201c von Hannover wurde Schuster in der Augsburger Allgemeinen, zitiert, er betrachte \u201eden erneuten Aufw\u00e4rtstrend der AfD, aber auch anderer radikaler Bewegungen\u201c mit \u201egro\u00dfer Sorge.\u201c<br \/>\nHerr Brehm, sch\u00e4men Sie sich: Radikale Tauben fehlen in Ihrem \u201eTierleben.\u201c Unverz\u00fcglich nachbessern! Auch die CDU-Justiz(!)ministerin Niedersachsens war schnell zur Stelle: der \u201eAngriff\u201c sei ein \u201eh\u00e4\u00dfliches Zeichen f\u00fcr zunehmenden Antisemitismus.\u201c Nun, die Frau wurde bekanntlich abgew\u00e4hlt.<br \/>\nNat\u00fcrlich mischen Medien Stunden nach dem v\u00f6llig unaufgekl\u00e4rten Vorfall sofort kr\u00e4ftig mit \u2013 gem\u00e4\u00df ihrer Selbstverpflichtung zur Aufkl\u00e4rung. Hier geht es schlie\u00dflich um die gute Sache, f\u00fcr die bekanntlich jedes Mittel (gegen rechts) recht ist.<\/p>\n<p>Sechs Wochen sp\u00e4ter ist nun der(!) \u201eT\u00e4ter\u201c gestellt, dessen Tat ein Zeichen f\u00fcr den \u201ewiedererstarkten Judenhass in Deutschland\u201c sein sollte. Laut Staatsanwaltschaft und Polizei in Hannover kann durch molekulargenetische Untersuchungen gesichert gesagt werden: Eine Taube ist in die Scheibe geflogen, sonst nix. Das best\u00e4tigt ein Gutachten des kriminaltechnischen Instituts des Landeskriminalamts Niedersachsen ebenso wie ein Gutachten des Bundeskriminalamts.<br \/>\nDazu f\u00e4llt einem doch nichts mehr ein. Man kann das alles nur noch mit bitterer Ironie verkraften. Kein Aufschrei geht durchs Land gegen diese haltlosen Haltungs-Gutmenschen-Vorverurteilungen. Gegen diesen elenden Ha\u00df, der dadurch ges\u00e4t wird. Ein Beispiel reiht sich an das andere. Nur ein kleines Feuer im Asylantenheim, gleich gro\u00dfes Geschrei. Und wenn alles dann aufgekl\u00e4rt ist und sich herausstellt, dass die (\u00fcblichen) Verd\u00e4chtigen nichts, aber rein gar nichts damit zu tun gehabt haben: eine Minimeldung in den Medien, wenn \u00fcberhaupt. Alles getreu dem Motto: Etwas bleibt immer h\u00e4ngen. Und das hat Methode. F\u00fcr die gute Sache.<br \/>\nDer Publizist Dushan Wegner bringt es auf den Punkt: \u201eWenn ein junger Mann mit einem Messer durch die Einkaufsstra\u00dfe l\u00e4uft, dabei die Gr\u00f6\u00dfe der von ihm pr\u00e4ferierten Gottheit preist und auf Ungl\u00e4ubige einsticht, dann wird berichtet, das Motiv sei \u00bbunbekannt\u00ab. Sp\u00e4ter hei\u00dft es dann mitunter, der T\u00e4ter habe an \u00bbpsychischen Problemen\u00ab gelitten, Gewalt sei schlimm, \u00bbegal aus welcher Richtung\u00ab, und \u00fcberhaupt sei jetzt ohnehin das Wichtigste, gegen \u00bbrechte Stimmungsmache\u00ab vorzugehen. Wenn aber ein Fenster an einer Synagoge zu Bruch geht, dann wei\u00df man gleich, dass es ein \u00bbAnschlag\u00ab und ein \u00bbAngriff\u00ab war \u2013 und man beschreibt es in einer Sprache, welche sonst verwendet wird, um die Opposition zu d\u00e4monisieren.\u201c<br \/>\nIm Fall Hannover ist es umso schlimmer. Da tun sich n\u00e4mlich Glaubensgemeinschaften als Hetzer hervor, die doch sonst immer auf Frieden, Gerechtigkeit und mitmenschliche Barmherzigkeit pochen. Die von Toleranz, Diversit\u00e4t und Vielfalt in Sonntagsreden schwafeln, im Alltag jedoch knallharte Vor-Verurteiler und gnadenlose Demagogen sind. Hannover ist ein erneutes Fanal, innezuhalten, endlich damit aufzuh\u00f6ren. Das Ma\u00df ist voll!<br \/>\nDie Taube ist in Judentum und Christentum ein Symbol f\u00fcr Frieden. Wann schlie\u00dfen unsere Sitten- und Glaubensw\u00e4chter endlich Frieden mit der Wahrheit? Wann wird die Landtagswahl in Niedersachsen wiederholt, die ja unter falschen Vorzeichen stattfand?<br \/>\nAch so, noch eine Kleinigkeit zum Schlu\u00df: Faschistische Hotels, Apotheken, U-Bahn-Haltestellen und Restaurants, die ein \u201eMohren\u201c im Namen haben, sind bereits als Rassisten in ihre Schranken gewiesen worden. Was aber ist nun mit Lokalen, die sich doch tats\u00e4chlich antisemitisch und rechtsradikal \u201eBlaue Taube\u201c nennen. Die gibt es tats\u00e4chlich. Es ist also noch viel zu tun.<br \/>\n&#8230; Alles vom 19.11.2022 von Peter Hahne bitte lesen auf<br \/>\n<a href=\"https:\/\/www.ekd.de\/anschlag-synagoge-in-hannover-75364.htm\">https:\/\/reitschuster.de\/post\/blaue-taube-im-anflug-auf-hannovers-synagoge-hat-der-verfassungsschutz-versagt\/<\/a><br \/>\n.<br \/>\nEinige Kommentare:<br \/>\nAls ob die etablierten Politnarren sich anders als in der von Hahne beschriebenen Vorgehensweise &#8220; rund um die Uhr die rechte Gefahr an die Wand malen &#8220; pr\u00e4sentieren k\u00f6nnten, um von ihrem desastr\u00f6sen Tun und Lassen m\u00f6glichst effizient abzulenken !<br \/>\n19.11.2022, Obe<br \/>\nWenn Nancy Faeser jetzt im Verfassungsschutz arbeiten w\u00fcrde, dann w\u00fcrde sie einfach sagen, die Taube sei rechtsradikal.<br \/>\n19.11.2022, V.M.<\/p>\n<p>Vielleicht war sie eine V-Taube vom Verfassungsschutz<br \/>\nIch w\u00fcrde die Nachrichten abwarten. Vielleicht wird demn\u00e4chst bei einer Autobahnabfahrt bei Erfurt ein halbabgebranntes Wohnmobil aufgefunden mit einer halbabgebrannten Taube in der Pfanne auf dem Herd, die sich unm\u00f6glich selbst erschossen haben kann. Ballistisch gesehen. Es bleibt spannend.<br \/>\n19.11.2022, F.U.<\/p>\n<p>Solange es gen\u00fcgend Dumme gibt, die auf alles hereinfallen, was sie im \u00d6RR sehen\/h\u00f6ren, unkritisch sind, nicht selber denken, weil ja auch das Denken neuerdings quer und verp\u00f6nt ist, so lange werden die vorurteiligen Hetzer immer wieder Erfolg haben. Und weil das Dementi, wenn \u00fcberhaupt, dann meist sp\u00e4t und kaum wahrnehmbar kommt, bleibt immer was h\u00e4ngen.<br \/>\nAll das, was vorschnell als &#8222;Wahrheit&#8220; verbreitet wird &#8211; wie gerade erst wieder aus Polen und der Ukraine &#8211; ist meistens eine L\u00fcge. Und zwar eine ganz gezielte und bewusste. Damit soll etwas erreicht werden, die Massen sollen manipuliert werden, damit sie mit dem, was danach folgt, sich einverstanden erkl\u00e4ren. Sogar Weltkriege wurden schon auf diese Weise eingeleitet. Deswegen sollten alle, die vorschnell &#8222;wissen&#8220;, wer es nur gewesen sein kann, und darauf ihre Hetze aufbauen (aktuelle Beispiele: Frau Strack-Zimmermann (FDP) und Alexander Graf Lambsdorff (FDP)) streng daf\u00fcr bestraft werden. Die gesetzliche Grundlage daf\u00fcr gibt es bereits: Paragraph 130 StGB. Das christliche Gebot (erkl\u00e4rte Christen sollten sich unbedingt daran halten) noch viel l\u00e4nger: &#8222;Du sollst nicht falsch Zeugnis reden wider deinen N\u00e4chsten!&#8220;<br \/>\n19.11.2022, M.R.<\/p>\n<p>Antisemitische Taube?<br \/>\nWar demnach keine Friedenstaube, die durch das Glas krachte. Es ist aber auch zum Verr\u00fccktwerden in diesem Land. Selbst die Tauben sind hier antisemitisch.<br \/>\n19.11.2022, G.M.<br \/>\nEnde Kommentare<br \/>\n.<br \/>\n.<br \/>\n<strong>(3) Synagoge in Hannover soll besser gesichert werden<\/strong><br \/>\nSchura: &#8222;Auf allen Ebenen gegen Antisemitismus und Rassismus eintreten&#8220;<br \/>\nAuch der Landesverband der Muslime in Niedersachsen (Schura) verurteilte den mutma\u00dflichen Angriff. &#8222;Ich bin entsetzt \u00fcber den antisemitischen Anschlag in Hannover. Meine Solidarit\u00e4t gilt allen meinen j\u00fcdischen Freunden\u201c, sagte der Vorsitzende Recep Bilgen laut Mitteilung. Es bleibe eine gemeinsame Verpflichtung, gegen jeden Antisemitismus und Rassismus auf allen Ebenen und in allen Bereichen mit viel mehr Entschlossenheit einzutreten.<br \/>\n&#8230; Alles vom 7.10.2022 bitte lesen au<br \/>\n<a href=\"https:\/\/www.ndr.de\/nachrichten\/niedersachsen\/hannover_weser-leinegebiet\/Synagoge-in-Hannover-soll-besser-gesichert-werden,synagoge604.html\">https:\/\/www.ndr.de\/nachrichten\/niedersachsen\/hannover_weser-leinegebiet\/Synagoge-in-Hannover-soll-besser-gesichert-werden,synagoge604.html<\/a><\/p>\n<p>&nbsp;<\/p>\n","protected":false},"excerpt":{"rendered":"<p>Vorverurteilungen passen nicht zum Rechtsstaat, sie geh\u00f6ren zur Kategorie von Hass und Hetze. Aber leider machen auch die Medien mit, besonders dann, wenn es Absatzzahlen bzw. Einschaltquoten oder dem &#8222;Kampf gegen Rechts&#8220; dient. J\u00fcngstes Beispiel: Am j\u00fcdischen Feiertag Jom Kippur &hellip; <a href=\"https:\/\/www.freiburg-schwarzwald.de\/blog\/vorverurteilung-rechte-sind-es\/\">Weiterlesen <span class=\"meta-nav\">&rarr;<\/span><\/a><\/p>\n","protected":false},"author":2,"featured_media":0,"comment_status":"open","ping_status":"closed","sticky":false,"template":"","format":"standard","meta":{"footnotes":""},"categories":[162,13,80],"tags":[749,525,780],"class_list":["post-106549","post","type-post","status-publish","format-standard","hentry","category-internet","category-kultur","category-medien","tag-diskussionskultur","tag-politik","tag-rechts"],"_links":{"self":[{"href":"https:\/\/www.freiburg-schwarzwald.de\/blog\/wp-json\/wp\/v2\/posts\/106549","targetHints":{"allow":["GET"]}}],"collection":[{"href":"https:\/\/www.freiburg-schwarzwald.de\/blog\/wp-json\/wp\/v2\/posts"}],"about":[{"href":"https:\/\/www.freiburg-schwarzwald.de\/blog\/wp-json\/wp\/v2\/types\/post"}],"author":[{"embeddable":true,"href":"https:\/\/www.freiburg-schwarzwald.de\/blog\/wp-json\/wp\/v2\/users\/2"}],"replies":[{"embeddable":true,"href":"https:\/\/www.freiburg-schwarzwald.de\/blog\/wp-json\/wp\/v2\/comments?post=106549"}],"version-history":[{"count":4,"href":"https:\/\/www.freiburg-schwarzwald.de\/blog\/wp-json\/wp\/v2\/posts\/106549\/revisions"}],"predecessor-version":[{"id":106553,"href":"https:\/\/www.freiburg-schwarzwald.de\/blog\/wp-json\/wp\/v2\/posts\/106549\/revisions\/106553"}],"wp:attachment":[{"href":"https:\/\/www.freiburg-schwarzwald.de\/blog\/wp-json\/wp\/v2\/media?parent=106549"}],"wp:term":[{"taxonomy":"category","embeddable":true,"href":"https:\/\/www.freiburg-schwarzwald.de\/blog\/wp-json\/wp\/v2\/categories?post=106549"},{"taxonomy":"post_tag","embeddable":true,"href":"https:\/\/www.freiburg-schwarzwald.de\/blog\/wp-json\/wp\/v2\/tags?post=106549"}],"curies":[{"name":"wp","href":"https:\/\/api.w.org\/{rel}","templated":true}]}}