{"id":106462,"date":"2022-11-21T20:01:27","date_gmt":"2022-11-21T19:01:27","guid":{"rendered":"https:\/\/www.freiburg-schwarzwald.de\/blog\/?p=106462"},"modified":"2022-11-24T11:26:49","modified_gmt":"2022-11-24T10:26:49","slug":"volkstrauertag-ohne-stadt-fr","status":"publish","type":"post","link":"https:\/\/www.freiburg-schwarzwald.de\/blog\/volkstrauertag-ohne-stadt-fr\/","title":{"rendered":"Volkstrauertag &#8211; ohne Stadt FR"},"content":{"rendered":"<p>Der <a href=\"https:\/\/www.freiburg-schwarzwald.de\/blog\/selbsthilfe\/psyche\/trauer\/\">Volkstrauertag<\/a> ist in Deutschland seit dem Jahr 1922 ein staatlicher, stiller Gedenktag zur <a href=\"https:\/\/www.freiburg-schwarzwald.de\/blog\/kultur\/erinnerungskultur\/\">Erinnerung<\/a> an die Opfer von <a href=\"https:\/\/www.freiburg-schwarzwald.de\/blog\/engagement\/zukunft\/krieg\/\">Krieg<\/a> und <a href=\"https:\/\/www.freiburg-schwarzwald.de\/blog\/engagement\/zukunft\/demokratie\/totalitarismus\/\">Gewaltherrschaft<\/a>. Der Volksbund Deutsche Kriegsgr\u00e4berf\u00fcrsorge (<a href=\"https:\/\/www.freiburg-schwarzwald.de\/blog\/selbsthilfe\/soziales\/vdk\/\">VDK<\/a>) unterst\u00fctzt den <a href=\"https:\/\/www.freiburg-schwarzwald.de\/blog\/engagement\/zukunft\/demokratie\/staat\/\">Staat<\/a> beim allj\u00e4hrlichen Volkstrauertag am 13. November. <em>&#8222;Nur Gedenktage k\u00f6nnten kollektives Gedenken schaffen. <!--more-->Wir brauchen sie, um uns zu erinnern, um einzuordnen. W\u00fcrde im Tod erlangt man nur, wenn sich sp\u00e4ter jemand erinnert\u201c<\/em> , so Claudia Schophius vom VDK (1).<br \/>\n.<br \/>\nNun ger\u00e4t der Volkstrauertag mehr und mehr in Vergessenheit. So auch in Freiburg, wo nicht nur auf dem Hauptfriedhof, sondern auf auf dem j\u00fcdischen Friedhof im Rosbaumweg der zahlreichen Opfer gedacht wird. Am 13.11.2022 war dies leider nur sehr eingeschr\u00e4nkt der Fall (2).<br \/>\nLiegt dies an der piet\u00e4tlosen Schlamperei der Stadt Freiburg? Oder liegt dies im allgemeinen <a href=\"https:\/\/www.freiburg-schwarzwald.de\/blog\/engagement\/zeitgeist\/\">Zeitgeist<\/a> begr\u00fcndet, der den zahlreichen Gedenktagen im <a href=\"https:\/\/www.freiburg-schwarzwald.de\/blog\/tod-allerheiligen-allerseelen\/\">\u201eTotenmonat\u201c November<\/a> (Allerheiligen 1.11,, Allerseelen 2.11. (<a href=\"https:\/\/www.freiburg-schwarzwald.de\/blog\/religion\/katholisch\/\">kath. Kirche<\/a>), <a href=\"https:\/\/www.freiburg-schwarzwald.de\/blog\/alter-friedhof-freiburg-6-nov\/\">\u201eTag des Alten Friedhofs\u201c<\/a> am 6.11.2022 (nur Freiburg), Volkstrauertag 13.11., Totensonntag bzw. Ewigkeitssonntag 20.11. (<a href=\"https:\/\/www.freiburg-schwarzwald.de\/blog\/religion\/evangelisch\/\">ev. Kirche<\/a>) und Bu\u00df- und Bettag 16.11.) einfach nicht mehr gewachsen ist?<br \/>\n21.11.2022<\/p>\n<p>.<br \/>\n<strong>(1) Volkstrauertag muss bleiben und sich \u00e4ndern<\/strong><br \/>\nWelche Bedeutung hat der Volkstrauertag 100 Jahre nach der ersten nationalen Gedenkveranstaltung dieser Art am 5. M\u00e4rz 1922? Bei einer Podiumsdiskussion ging es um Gestaltung und Rituale, um Gedenkorte und die Frage, wie die Akzeptanz in der Bev\u00f6lkerung gest\u00e4rkt werden kann. Eine Tagung in Rostock bot den Rahmen.<br \/>\n,,, Alles vom 19.10.2022 bitte lesen auf<br \/>\n<a href=\"https:\/\/www.volksbund.de\/nachrichten\/volkstrauertag-muss-bleiben-und-sich-aendern\">https:\/\/www.volksbund.de\/nachrichten\/volkstrauertag-muss-bleiben-und-sich-aendern<\/a><br \/>\n.<\/p>\n<p><strong>(2) Das Gedenken an die Opfer wird einem fragw\u00fcrdigen Zeitgeist geopfert<\/strong><br \/>\nMit ungl\u00e4ubigem Staunen habe ich diesen Artikel gelesen.<br \/>\n<a href=\"https:\/\/www.badische-zeitung.de\/am-volkstrauertag-gibt-es-in-diesem-jahr-nur-ein-stilles-gedenken-in-freiburg--223998223.html\">https:\/\/www.badische-zeitung.de\/am-volkstrauertag-gibt-es-in-diesem-jahr-nur-ein-stilles-gedenken-in-freiburg&#8211;223998223.html<\/a><br \/>\nDie Stadtverwaltung von Freiburg hat beschlossen, keine \u00f6ffentliche Gedenkfeier zum Volkstrauertag mehr zu veranstalten. Damit ist die Stadt Freiburg in der Region und dar\u00fcber hinaus einen einsamen und hinterfragungsw\u00fcrdigen Weg gegangen. In einer Zeit, die von Krisen und Krieg gepr\u00e4gt ist, wird das Gedenken an die Opfer aufgrund des &#8222;einge\u00fcbten Rituals&#8220; und der zu geringen Reflexion durch die Bev\u00f6lkerung einem fragw\u00fcrdigen Zeitgeist geopfert.<br \/>\nEs darf ferner die Frage gestellt werden, wie sich die Kirchen zu dieser Entscheidung stellen. In den letzten Jahren hielten im Wechsel Vertreter der katholischen Kirche beziehungsweise der evangelischen Kirche die zentrale Rede auf dem Hauptfriedhof.<br \/>\nVielleicht h\u00e4tten sich die Organisatoren mal fragen sollen, wie man Gedenkveranstaltungen im Wandel der Zeit gestaltet, um die entsprechende Wirkung zu erzielen. Gedenkveranstaltungen haben das Ziel, die Bev\u00f6lkerung einerseits an die Opfer von Krieg und Vertreibung zu erinnern und zeitgleich soll die \u00d6ffentlichkeit sensibilisiert werden, innerhalb der demokratischen Gesellschaft Kr\u00e4fte freizusetzen, dass Leid der Vergangenheit durch gesellschaftliches Engagement zuk\u00fcnftig nach besten Kr\u00e4ften und M\u00f6glichkeiten sich nicht wiederholt.<\/p>\n<p>In diesem Zusammenhang muss ein weiteres peinliches Verfahren von &#8222;Gedenkkultur&#8220; f\u00fcr eine Minorit\u00e4tengruppe in unserer st\u00e4dtischen Gesellschaft erw\u00e4hnt werden. Es handelt sich um die gefallenen deutschen Staatsb\u00fcrger j\u00fcdischen Glaubens aus dem Ersten Weltkrieg.<br \/>\nErst vor wenigen Jahren konnte erreicht werden, dass diese Opfer eine Erw\u00e4hnung bei der offiziellen Gedenkfeier auf dem Hauptfriedhof gefunden haben. Ihrer wurde durch die \u00dcberstellung eines Blumenstrau\u00dfes durch einen Beauftragten der Stadt dadurch &#8222;gedacht&#8220;, dass der Strau\u00df am Eingang des <a href=\"https:\/\/www.freiburg-schwarzwald.de\/blog\/kultur\/friedhoefe\/\">J\u00fcdischen Friedhofes<\/a> (FR-Mooswald, Rosbaumweg) abgegeben wurde, ein offizieller Vertreter der Stadt erschien dabei nicht, W\u00fcrde sieht anders aus.<br \/>\nDurch die Abschaffung der offiziellen Gedenkfeier f\u00fcr alle Kriegsopfer auf dem Zentralfriedhof ist nunmehr erg\u00e4nzend die Erw\u00e4hnung der gefallenen deutschen B\u00fcrger j\u00fcdischen Glaubens nicht mehr m\u00f6glich.<br \/>\nDamit entf\u00e4llt auch eine \u00f6ffentliche Erinnerung \u00a0f\u00fcr gesellschaftliche Fehlentwicklungen der besonderen Art wie z.B. die unter NS Herrschaft folgenden Denunzierung ehemaliger j\u00fcdischer Frontk\u00e4mpfer, die sich auf Grund der Gleichstellung im 19. Jhdt. besonders verpflichtet gef\u00fchlt haben, ein Beispiel an Loyalit\u00e4t geben wollten\u00a0 und letztlich mit Beginn der NS Herrschaft verraten wurden.<br \/>\nDamit entf\u00e4llt auch eine \u00f6ffentliche Erinnerung \u00a0f\u00fcr gesellschaftliche Fehlentwicklungen der besonderen Art wie z.B. die unter NS Herrschaft folgenden Denunzierung ehemaliger j\u00fcdischer Frontk\u00e4mpfer, die sich auf Grund der Gleichstellung im 19. Jhdt. besonders verpflichtet gef\u00fchlt haben, ein Beispiel an Loyalit\u00e4t geben wollten\u00a0 und letztlich mit Beginn der NS Herrschaft verraten wurden.<br \/>\nWerden Opfer nicht mehr benannt, sterben sie ein zweites Mal.<br \/>\n&#8230; Alles vom 21.11.2022 von Johannes Reiner, B\u00f6tzingen, bitte lesen auf<br \/>\n<a href=\"https:\/\/www.badische-zeitung.de\/am-volkstrauertag-gibt-es-in-diesem-jahr-nur-ein-stilles-gedenken-in-freiburg--223998223.html\">https:\/\/www.badische-zeitung.de\/am-volkstrauertag-gibt-es-in-diesem-jahr-nur-ein-stilles-gedenken-in-freiburg&#8211;223998223.html<\/a><br \/>\n.<br \/>\n.<br \/>\n<strong>(3) Handreichung des VDK zum Volkstrauertag<\/strong><br \/>\nDie neue Handreichung zum Volkstrauertag ist da. Damit unterst\u00fctzt der Volksbund bundesweit alle, die eine Gedenkveranstaltung vorbereiten. Hintergrundinformationen, Redebeispiele, Bausteine f\u00fcr Predigten und Praxistipps stehen mit der 64-seitigen Publikation bereit \u2013 als PDF zum Download oder gedruckt zum Bestellen (kostenfrei). Schwerpunkt ist die Situation der Menschen in der Ukraine.<br \/>\nJahr f\u00fcr Jahr begehen Kommunen und Kirchengemeinden, Schulen und Geschichtsvereine den Volkstrauertag, der 2022 auf den 13. November f\u00e4llt. Orte sind vor allem Friedh\u00f6fe und Kirchen, Gedenkst\u00e4tten und Schulen. Vom Gottesdienst \u00fcber einen Gedenkgang bis zu einem Seminar haben die Veranstaltungen sehr unterschiedliche Formate.<br \/>\n&#8230; Alles vom 8.8.2022 bitte lesen auf<br \/>\n<a href=\"https:\/\/gedenkportal.volksbund.de\/aktuell\/termine\/handreichung-zum-volkstrauertag-mit-thema-ukraine-jetzt-erhaeltlich-67408\">https:\/\/gedenkportal.volksbund.de\/aktuell\/termine\/handreichung-zum-volkstrauertag-mit-thema-ukraine-jetzt-erhaeltlich-67408<\/a><\/p>\n","protected":false},"excerpt":{"rendered":"<p>Der Volkstrauertag ist in Deutschland seit dem Jahr 1922 ein staatlicher, stiller Gedenktag zur Erinnerung an die Opfer von Krieg und Gewaltherrschaft. Der Volksbund Deutsche Kriegsgr\u00e4berf\u00fcrsorge (VDK) unterst\u00fctzt den Staat beim allj\u00e4hrlichen Volkstrauertag am 13. November. &#8222;Nur Gedenktage k\u00f6nnten kollektives &hellip; <a href=\"https:\/\/www.freiburg-schwarzwald.de\/blog\/volkstrauertag-ohne-stadt-fr\/\">Weiterlesen <span class=\"meta-nav\">&rarr;<\/span><\/a><\/p>\n","protected":false},"author":2,"featured_media":0,"comment_status":"open","ping_status":"closed","sticky":false,"template":"","format":"standard","meta":{"footnotes":""},"categories":[18,4,238,210,13,157,19],"tags":[498,420,667,399,463],"class_list":["post-106462","post","type-post","status-publish","format-standard","hentry","category-bildung","category-branchen","category-friedhoefe","category-gewalt","category-kultur","category-oeffentlicher-raum","category-religion","tag-friedhof","tag-juden","tag-krieg","tag-psychology","tag-tod"],"_links":{"self":[{"href":"https:\/\/www.freiburg-schwarzwald.de\/blog\/wp-json\/wp\/v2\/posts\/106462","targetHints":{"allow":["GET"]}}],"collection":[{"href":"https:\/\/www.freiburg-schwarzwald.de\/blog\/wp-json\/wp\/v2\/posts"}],"about":[{"href":"https:\/\/www.freiburg-schwarzwald.de\/blog\/wp-json\/wp\/v2\/types\/post"}],"author":[{"embeddable":true,"href":"https:\/\/www.freiburg-schwarzwald.de\/blog\/wp-json\/wp\/v2\/users\/2"}],"replies":[{"embeddable":true,"href":"https:\/\/www.freiburg-schwarzwald.de\/blog\/wp-json\/wp\/v2\/comments?post=106462"}],"version-history":[{"count":4,"href":"https:\/\/www.freiburg-schwarzwald.de\/blog\/wp-json\/wp\/v2\/posts\/106462\/revisions"}],"predecessor-version":[{"id":106557,"href":"https:\/\/www.freiburg-schwarzwald.de\/blog\/wp-json\/wp\/v2\/posts\/106462\/revisions\/106557"}],"wp:attachment":[{"href":"https:\/\/www.freiburg-schwarzwald.de\/blog\/wp-json\/wp\/v2\/media?parent=106462"}],"wp:term":[{"taxonomy":"category","embeddable":true,"href":"https:\/\/www.freiburg-schwarzwald.de\/blog\/wp-json\/wp\/v2\/categories?post=106462"},{"taxonomy":"post_tag","embeddable":true,"href":"https:\/\/www.freiburg-schwarzwald.de\/blog\/wp-json\/wp\/v2\/tags?post=106462"}],"curies":[{"name":"wp","href":"https:\/\/api.w.org\/{rel}","templated":true}]}}