{"id":106390,"date":"2022-11-19T22:03:38","date_gmt":"2022-11-19T21:03:38","guid":{"rendered":"https:\/\/www.freiburg-schwarzwald.de\/blog\/?p=106390"},"modified":"2022-11-20T09:33:48","modified_gmt":"2022-11-20T08:33:48","slug":"2-jahre-skeptiker-als-unmensch","status":"publish","type":"post","link":"https:\/\/www.freiburg-schwarzwald.de\/blog\/2-jahre-skeptiker-als-unmensch\/","title":{"rendered":"2 Jahre Skeptiker als Unmensch"},"content":{"rendered":"<p>Millionen B\u00fcrger wurden in den vergangenen zwei Jahren beleidigt, gedem\u00fctigt, bestraft, weggesperrt, diffamiert und ausgegrenzt (1). <a href=\"https:\/\/www.freiburg-schwarzwald.de\/blog\/engagement\/zukunft\/demokratie\/grundgesetz\/grundrechte\/\">Grundrechte<\/a> wurden ihnen genommen. Dies alles nur weil sie sich gegen\u00fcber\u00a0<a href=\"https:\/\/www.freiburg-schwarzwald.de\/blog\/business\/gesund\/corona-virus\/\">Corona<\/a>&#8211;<a href=\"https:\/\/www.freiburg-schwarzwald.de\/blog\/business\/gesund\/corona-virus\/corona-regiment\/\">Ma\u00dfnahmen<\/a> <a href=\"https:\/\/www.freiburg-schwarzwald.de\/blog\/kultur\/medien\/kritik\/\">kritisch<\/a> und <a href=\"https:\/\/www.freiburg-schwarzwald.de\/blog\/kultur\/aufklaerung\/skepsis\/\">skeptisch<\/a> zeigten. Der innere Frieden der so gespaltenen Gesellschaft kann nur wieder hergestellt werden, <!--more-->wenn alle Grundrechtsbeschr\u00e4nkungen aufgehoben werden, das Unrecht aufgekl\u00e4rt wird (2) und die T\u00e4ter zur Verantwortung gezogen werden. <a href=\"https:\/\/www.freiburg-schwarzwald.de\/blog\/business\/gesund\/corona-virus\/corona-versoehnung\/\">Vers\u00f6hnung<\/a> setzt <a href=\"https:\/\/www.freiburg-schwarzwald.de\/blog\/business\/gesund\/corona-virus\/corona-rechenschaft\/\">Rechenschaft<\/a> voraus. Nur so l\u00e4\u00dft sich vermeiden, da\u00df bei zuk\u00fcnftigen Problemen (Klima, Krieg, Energie, Ern\u00e4hrung, Schulden, &#8230;) der <a href=\"https:\/\/www.freiburg-schwarzwald.de\/blog\/global\/deutschland\/consent-of-the-governed\/\">Consent of the Governed<\/a>, ohne den die Gesellschaft in B\u00fcrgerkrieg oder <a href=\"https:\/\/www.freiburg-schwarzwald.de\/blog\/engagement\/zukunft\/demokratie\/totalitarismus\/\">Totalitarismus<\/a> versinkt, gewahrt bleibt.<br \/>\n.<br \/>\nMillionen B\u00fcrger mussten \u00fcber 32 Monate hinweg schmerzlich erfahren, da\u00df die <a href=\"https:\/\/www.freiburg-schwarzwald.de\/blog\/fuenf-lehren-nach-corona-ende\/\">freiheitlich-demokratische Grundordnung<\/a> nicht als Normalzustand automatisch funktioniert, sondern zerbrechlich und br\u00fcchig ist. Gerade sie sind gefordert, sich aktiv f\u00fcr den Erhalt der <a href=\"https:\/\/www.freiburg-schwarzwald.de\/blog\/kultur\/medien\/meinungsfreiheit\/\">Meinungsfreiheit<\/a> einzusetzen. Auch dadurch, da\u00df sie journalistisch t\u00e4tige Mitb\u00fcrger unterst\u00fctzen, die hierf\u00fcr \u00fcber die Medien ohne staatliche Unterst\u00fctzung aktiv sind. Wie z.B. der K\u00f6lner Theatermensch Gerd Buurmann mit seinem Indubio-Podcast (1), der Heidelberger Arzt <a href=\"https:\/\/www.freiburg-schwarzwald.de\/blog\/angstkommunikation-dr-frank\/\">Dr. Gunter Frank<\/a> mit seinen vielen medizinischen Beitr\u00e4gen (2) und der fr\u00fchere Deutschlandfunkredakteur <a href=\"https:\/\/www.freiburg-schwarzwald.de\/blog\/presseclub-oder-kontrafunk\/\">Burkhard M\u00fcller-Ullrich<\/a> mit seinem aus der Schweiz sendenden Kontrafunk (3).<\/p>\n<p>Wenn Friedrich Merz (<a href=\"https:\/\/www.freiburg-schwarzwald.de\/blog\/vereine\/partei\/cdu\/cdu-opposition\/\">CDU<\/a>) am 17.11.2022 im ZDF verk\u00fcndet &#8222;Wir sollten zur Normalit\u00e4t zur\u00fcckkehren und sp\u00e4testens im Fr\u00fchjahr n\u00e4chsten Jahres Corona offiziell als beendet erkl\u00e4ren&#8220;, dann ist dies der falsche Weg. Man kann die \u00fcber zweij\u00e4hrige &#8230; nicht einfach so <a href=\"https:\/\/www.freiburg-schwarzwald.de\/blog\/business\/gesund\/corona-virus\/corona-regiment\/\">von oben herab<\/a> &#8222;als beendet erkl\u00e4ren&#8220; &#8211; und basta.<br \/>\nMillionen von B\u00fcrgern wurden im wahrsten Sinne des Wortes die Herzen gebrochen bzw. psychische Verletzungen zugef\u00fcgt, abgesehen vom finanziellen und beruflichen Ruin, den sie erlitten. Hier m\u00fcssen Politik, Medien, NGOs und Kirchen all diese B\u00fcrger um Entschuldigung bitten und deren Rehabilitation in die Wege leiten.<br \/>\n19.11.2022<br \/>\n.<\/p>\n<p><strong>(1) Indubio 20.10.2022: Exegese der Unmensch-Werdung<\/strong><br \/>\nEs ist unfassbar, was von Regierenden und Mitb\u00fcrgern in den letzten 32 Monaten den Ungeimpften an den Kopf geworfen wurde. Morgen geht es in unserem Podcast Indubio um besonders \u00fcble Beispiele. Die Diskutanten widmen sich einer Exegese der Unmensch-Wertung.<br \/>\n<a href=\"https:\/\/youtu.be\/tTGnbc4nuN4\">https:\/\/youtu.be\/tTGnbc4nuN4<\/a><br \/>\n\u201eImpfverweigerer\u201c, \u201eSozialsch\u00e4dlinge\u201c, \u201eVerfassungsfeinde\u201c, mit diesen Worten der Verachtung wird seit \u00fcber zwei Jahren gegen Menschen polemisiert, die Zweifel haben an der Art und Weise, wie gegen Corona vorgegangen wurde und wird.<br \/>\nDie Worte der Verachtung richten sich gegen Menschen, die in der Corona-Krise ihre Existenz verloren haben, deren Beziehungen im Ausnahmezustand und in den Lockdowns zugrunde gegangen sind, gegen Eltern, deren Kinder Depressionen bekommen haben, weil sie nicht mehr rausgehen konnten, um zu spielen, weil ihre Schulen und Kitas geschlossen waren, und die nur dann miteinander spielen durften, wenn sie sich selber getestet und somit bewiesen hatten, dass sie keine Lebensgefahr f\u00fcr ihre Mitmenschen darstellen. Es sind Kinder, die Maske tragen mussten und teilweise noch m\u00fcssen, um ihre vermeintlich gef\u00e4hrlichen M\u00fcnder und Nasen zu bedecken. Es ist unfassbar, was in den letzten 32 Monaten alles sagbar wurde.<br \/>\n\u00dcber verbale Entgleisungen der letzten Jahre spricht Gerd Buurmann mit f\u00fcnf Autoren der Achse des Guten. Eingeladen sind der Arzt Dr. Gunter Frank, die Kulturwissenschaftlerin und Journalistin Ulrike Stockmann, der Journalist Felix Perrefort, die Juristin Annette Heinisch und die Publizistin Vera Lengsfeld. Ab 8 Uhr ist Indubio online.<br \/>\n&#8230; Alles vom 19.11.2022 bitte lesen auf<br \/>\n<a href=\"https:\/\/www.achgut.com\/artikel\/indubio_folge_251_19_11_2022_exegese_der_unmenschwerdung\">https:\/\/www.achgut.com\/artikel\/indubio_folge_251_19_11_2022_exegese_der_unmenschwerdung<\/a><br \/>\n<a href=\"https:\/\/youtu.be\/tTGnbc4nuN4\">https:\/\/youtu.be\/tTGnbc4nuN4<\/a><\/p>\n<p><a href=\"https:\/\/www.achgut.com\/artikel\/indubio_morgen_exegese_der_unmensch_werdung\">https:\/\/www.achgut.com\/artikel\/indubio_morgen_exegese_der_unmensch_werdung<\/a><br \/>\n<a href=\"https:\/\/www.achgut.com\/podcast\">https:\/\/www.achgut.com\/podcast<\/a><br \/>\n<a href=\"http:\/\/www.buurmann.de\/\">http:\/\/www.buurmann.de\/<\/a><br \/>\n<a href=\"https:\/\/tapferimnirgendwo.com\/\">https:\/\/tapferimnirgendwo.com\/<\/a><br \/>\n.<br \/>\nKommentare:<br \/>\n\u201cEs ist unfassbar, was in den letzten 32 Monaten alles sagbar wurde.\u201d\u2014- \u201cSagbar\u201d und durchf\u00fchrbar! Und das Ganze ist fassbar. Wir kennen jetzt die Wahrheit. Demokratie, Grundrechte und Menschenw\u00fcrde et cetera &#8211; alles gelogen, alles Lug und Trug! Wir werden von skrupellosen Kriminellen beherrscht, manipuliert und zutiefst verachtet. Dieses Spiel ist uralt. Die Griechen nannten es \u201cTyrannis\u201d!<br \/>\n19.11.2022, L.L.<\/p>\n<p>Wenn wir keine Immunit\u00e4t gegen\u00fcber den Verleumdungen von Seiten der M\u00e4chtigen entwickeln, werden wir wohl hilflos bleiben.<br \/>\nSolche Immunit\u00e4t macht zwar die Verleumdungen nicht wirkungslos, erh\u00e4lt uns selbst aber die Kraft. Und wenn dies regelm\u00e4\u00dfig gelingt, wird auch f\u00fcr viele andere sichtbarer, wo Glaubhaftigkeit, Authentizit\u00e4t und letztlich auch (innere) Autorit\u00e4t liegen.<br \/>\n19.11.2022, A.A.<br \/>\nEnde Kommentare<br \/>\n.<br \/>\n.<br \/>\n<strong>(2) Heftige Corona-Diskussion: Gunter Frank bei Bild-TV<\/strong><br \/>\nDr. Gunter Frank war bei Bild-TV. Es kam zu einer heftigen Diskussion, in der eigentlich tabuisierte Corona-Themen verhandelt wurden.<br \/>\n<a href=\"https:\/\/youtu.be\/q8Y1JimTZLI\">https:\/\/youtu.be\/q8Y1JimTZLI<\/a><br \/>\nHeftiger Corona-Zoff bei \u201eViertel nach Acht\u201c! Dr. Gunter Frank sorgt mit seiner Aussage, dass in der Corona-Krise seiner Meinung nach \u201eVerbrechen gegen die Menschlichkeit\u201c begangen worden seien, f\u00fcr ordentlich Z\u00fcndstoff in der Talk-Runde. Er geht sogar noch weiter und fordert, dass die Verursacher dieser angeblichen Verbrechen vor Gericht gestellt werden sollten.<br \/>\nHeftigen Gegenwind f\u00fcr seine These bekommt Dr. Frank zum Beispiel von Publizist Georg Gafron. Er m\u00fcsse sich der Dimension seines Vorwurfs voll bewusst sein, so Gafron. Denn der Ausdruck \u201eVerbrechen gegen die Menschlichkeit\u201c impliziere Vorsatz und habe au\u00dferdem eine schwerwiegende historische Konnotation. (aus dem Youtube-Begleittext)<br \/>\nDie ganze Sendung hier:<br \/>\n<a href=\"https:\/\/youtu.be\/edI8XId36Gk\">https:\/\/youtu.be\/edI8XId36Gk<\/a><br \/>\nAlle Clips zur Sendung:<br \/>\n<a href=\"https:\/\/www.youtube.com\/playlist\">https:\/\/www.youtube.com\/playlist<\/a><br \/>\n<a href=\"https:\/\/www.youtube.com\/watch?v=q8Y1JimTZLI\">https:\/\/www.youtube.com\/watch?v=q8Y1JimTZLI<\/a><\/p>\n<p>.<\/p>\n<p>&nbsp;<\/p>\n<p><strong>(3) Die Sonntagsrunde mit Burkhard M\u00fcller-Ullrich (Flg.45):<br \/>\nRegieren durch Spalten<\/strong><br \/>\nDie Publizisten Birgit Kelle, Roger Letsch und Stefan Millius diskutieren mit Burkhard M\u00fcller-Ullrich \u00fcber klebende Kinder und die Herabsetzung des Wahlalters, \u00fcber die direkte Finanzierung des mediterranen Migrantentransports durch die deutsche Regierung und \u00fcber Rettung des Weltklimas durch die <a href=\"https:\/\/www.freiburg-schwarzwald.de\/blog\/religion\/evangelisch\/\">Evangelische Kirche Deutschlands<\/a>, deren Vertreter k\u00fcnftig auf Dienstfahrten bummeln sollen. Au\u00dferdem geht es um den nonchalanten Vorschlag der f\u00fcr die <a href=\"https:\/\/www.freiburg-schwarzwald.de\/blog\/business\/gesund\/corona-virus\/corona-grundrechte\/\">Corona-Politik<\/a> Verantwortlichen, Ihre Un- und Missetaten gef\u00e4lligst zu vergessen und verzeihen.<br \/>\n<a href=\"https:\/\/www.youtube.com\/watch?v=l3q7A1NOpY4\">https:\/\/www.youtube.com\/watch?v=l3q7A1NOpY4<\/a><br \/>\n&#8230; Alles vom 13.11.2022 bitte lesen auf<br \/>\n<a href=\"https:\/\/kontrafunk.radio\/de\/sendung-nachhoeren\/die-sonntagsrunde\/die-sonntagsrunde-mit-burkhard-mueller-ullrich-flg-45-regieren-durch-spalten\">https:\/\/kontrafunk.radio\/de\/sendung-nachhoeren\/die-sonntagsrunde\/die-sonntagsrunde-mit-burkhard-mueller-ullrich-flg-45-regieren-durch-spalten<\/a><br \/>\n.<\/p>\n<p><strong>Die Sonntagsrunde mit Burkhard M\u00fcller-Ullrich (Flg.46): Eine r\u00e4tselhafte Rakete<\/strong><br \/>\nErika Steinbach (Vorsitzende der Desiderius-Erasmus-Stiftung), Klaus-R\u00fcdiger Mai (Dramaturg, Romanschriftsteller und Essayist) und Karl Peter Schwarz (ehemaliger Balkan-Korrespondent der FAZ) diskutieren mit Burkhard M\u00fcller-Ullrich \u00fcber die Chancen einer neuen konservativen Partei, die am Dienstag an die deutsche \u00d6ffentlichkeit treten will, \u00fcber deutsche Journalisten, die von einem kriegf\u00fchrenden Staat explizit f\u00fcr ihre kriegstreiberische Berichterstattung mit einem Preis ausgezeichnet werden und diesen auch annehmen und sich daf\u00fcr bedanken, sowie \u00fcber den Unterschied zwischen gl\u00e4sernen B\u00fcrgern und unbekannten Migranten.<br \/>\n&#8230; Alles vom 20.11.2022 bitte h\u00f6ren auf<br \/>\n<a href=\"https:\/\/kontrafunk.radio\/de\/sendung-nachhoeren\/die-sonntagsrunde\/die-sonntagsrunde-mit-burkhard-mueller-ullrich-flg-46-eine-raetselhafte-rakete\">https:\/\/kontrafunk.radio\/de\/sendung-nachhoeren\/die-sonntagsrunde\/die-sonntagsrunde-mit-burkhard-mueller-ullrich-flg-46-eine-raetselhafte-rakete<\/a><br \/>\noder auch<br \/>\n<a href=\"https:\/\/youtu.be\/l6N8KK3d8G8\">https:\/\/youtu.be\/l6N8KK3d8G8<\/a><\/p>\n<p>&nbsp;<\/p>\n","protected":false},"excerpt":{"rendered":"<p>Millionen B\u00fcrger wurden in den vergangenen zwei Jahren beleidigt, gedem\u00fctigt, bestraft, weggesperrt, diffamiert und ausgegrenzt (1). Grundrechte wurden ihnen genommen. Dies alles nur weil sie sich gegen\u00fcber\u00a0Corona&#8211;Ma\u00dfnahmen kritisch und skeptisch zeigten. Der innere Frieden der so gespaltenen Gesellschaft kann nur &hellip; <a href=\"https:\/\/www.freiburg-schwarzwald.de\/blog\/2-jahre-skeptiker-als-unmensch\/\">Weiterlesen <span class=\"meta-nav\">&rarr;<\/span><\/a><\/p>\n","protected":false},"author":2,"featured_media":0,"comment_status":"open","ping_status":"closed","sticky":false,"template":"","format":"standard","meta":{"footnotes":""},"categories":[433,18,355,158,172],"tags":[700,633,520],"class_list":["post-106390","post","type-post","status-publish","format-standard","hentry","category-arzt","category-bildung","category-buergerinitiativen","category-gesund","category-zukunft","tag-corona","tag-demokratie","tag-frieden"],"_links":{"self":[{"href":"https:\/\/www.freiburg-schwarzwald.de\/blog\/wp-json\/wp\/v2\/posts\/106390","targetHints":{"allow":["GET"]}}],"collection":[{"href":"https:\/\/www.freiburg-schwarzwald.de\/blog\/wp-json\/wp\/v2\/posts"}],"about":[{"href":"https:\/\/www.freiburg-schwarzwald.de\/blog\/wp-json\/wp\/v2\/types\/post"}],"author":[{"embeddable":true,"href":"https:\/\/www.freiburg-schwarzwald.de\/blog\/wp-json\/wp\/v2\/users\/2"}],"replies":[{"embeddable":true,"href":"https:\/\/www.freiburg-schwarzwald.de\/blog\/wp-json\/wp\/v2\/comments?post=106390"}],"version-history":[{"count":5,"href":"https:\/\/www.freiburg-schwarzwald.de\/blog\/wp-json\/wp\/v2\/posts\/106390\/revisions"}],"predecessor-version":[{"id":106405,"href":"https:\/\/www.freiburg-schwarzwald.de\/blog\/wp-json\/wp\/v2\/posts\/106390\/revisions\/106405"}],"wp:attachment":[{"href":"https:\/\/www.freiburg-schwarzwald.de\/blog\/wp-json\/wp\/v2\/media?parent=106390"}],"wp:term":[{"taxonomy":"category","embeddable":true,"href":"https:\/\/www.freiburg-schwarzwald.de\/blog\/wp-json\/wp\/v2\/categories?post=106390"},{"taxonomy":"post_tag","embeddable":true,"href":"https:\/\/www.freiburg-schwarzwald.de\/blog\/wp-json\/wp\/v2\/tags?post=106390"}],"curies":[{"name":"wp","href":"https:\/\/api.w.org\/{rel}","templated":true}]}}