{"id":105898,"date":"2022-11-02T09:13:26","date_gmt":"2022-11-02T08:13:26","guid":{"rendered":"https:\/\/www.freiburg-schwarzwald.de\/blog\/?p=105898"},"modified":"2022-11-02T09:14:23","modified_gmt":"2022-11-02T08:14:23","slug":"dulger-rentensystem-kollabiert","status":"publish","type":"post","link":"https:\/\/www.freiburg-schwarzwald.de\/blog\/dulger-rentensystem-kollabiert\/","title":{"rendered":"Dulger: Rentensystem kollabiert"},"content":{"rendered":"<p>Die Aussagen des deutschen <a href=\"https:\/\/www.freiburg-schwarzwald.de\/blog\/business\/industrie\/\">Arbeitgeberpr\u00e4sidenten<\/a> Rainer Dulger im Bild-Interview sind alarmierend. In drastischen Worten warnt er vor einem <em>\u201ebaldigen Zusammenbruch des Rentensystems\u201d<\/em>. Das riesige Volumen der <a href=\"https:\/\/www.freiburg-schwarzwald.de\/blog\/selbsthilfe\/soziales\/arbeit\/rente\/\">Rentenzahlungen<\/a> (Ausgaben in 2021: 341 Mrd Euro, von denen inzwischen schon 78 Mrd <!--more-->durch steuerfinanzierte Bundeszusch\u00fcsse zu tragen sind) stellen eine <a href=\"https:\/\/www.freiburg-schwarzwald.de\/blog\/global\/deutschland\/zerfall\/\">Zeitbombe<\/a> dar.<br \/>\n<a href=\"https:\/\/www.sozialpolitik-aktuell.de\/files\/sozialpolitik-aktuell\/_Politikfelder\/Alter-Rente\/Datensammlung\/PDF-Dateien\/abbVIII33.pdf\">https:\/\/www.sozialpolitik-aktuell.de\/files\/sozialpolitik-aktuell\/_Politikfelder\/Alter-Rente\/Datensammlung\/PDF-Dateien\/abbVIII33.pdf<\/a><\/p>\n<p>Dulger sieht zudem im <a href=\"https:\/\/www.freiburg-schwarzwald.de\/blog\/selbsthilfe\/soziales\/arbeit\/buergergeld\/\">\u201eB\u00fcrgergeld\u201d<\/a> einen Z\u00fcndstoff zur <a href=\"https:\/\/www.freiburg-schwarzwald.de\/blog\/global\/deutschland\/spaltung\/\">Spaltung<\/a> der Gesellschaft. Man brauche stattdessen <em>\u201eeine gro\u00dfe Sozialreform, die die Dimension der Wirtschafts-, W\u00e4hrungs- und Sozialunion nach der Wiedervereinigung hat\u201d<\/em>.<br \/>\n2.11.2022<br \/>\n.<\/p>\n<p><strong>(1) Rentensystem vor dem Kollaps<\/strong><br \/>\nArbeitgeberpr\u00e4sident Rainer Dulger warnt: Rentensystem in f\u00fcnf Jahren nicht mehr finanzierbar<br \/>\nDie Wirtschaft schw\u00e4chelt, die Sozialsysteme stehen vor dem Bankrott: Rainer Dulger, Chef vom Arbeitgeberverband BDA, sieht die Zukunft des Landes in Gefahr.<br \/>\n&#8230; Alles vom 29.10.2022 bitte lesen auf<br \/>\n<a href=\"https:\/\/www.bild.de\/bild-plus\/geld\/wirtschaft\/politik-inland\/arbeitgeberpraesident-rainer-dulger-warnt-rentensystem-vor-dem-kollaps-81773412.bild.html\">https:\/\/www.bild.de\/bild-plus\/geld\/wirtschaft\/politik-inland\/arbeitgeberpraesident-rainer-dulger-warnt-rentensystem-vor-dem-kollaps-81773412.bild.html<\/a><br \/>\n.<\/p>\n<p><strong>(2) Arbeitgeberpr\u00e4sident prophezeit Rentensystem baldigen Zusammenbruch<\/strong><br \/>\n&#8222;So wie unsere Sozialversicherungen heute funktionieren, werden sie in den kommenden f\u00fcnf Jahren nicht mehr funktionieren. Die Kosten werden explodieren. `Sozialstaat frisst Zukunft` darf nicht Realit\u00e4t werden.&#8220; Besonders dringend brauche es laut Dulger eine &#8222;Sanierung der Altersvorsorge&#8220;, denn: &#8222;Die Finanzierung unseres Rentensystems steht vor dem Zusammenbruch.&#8220; Konkret schl\u00e4gt er vor, das Renteneintrittsalter an die Lebenserwartung zu koppeln. &#8222;Es darf nicht sein, dass die weiter wachsende Lebenserwartung zu einem immer noch l\u00e4ngeren Ruhestand f\u00fchrt.&#8220; Um die Wichtigkeit des Themas zu verdeutlichen, brauche es &#8222;in der Sozialpolitik Prognosen wie in der Klimapolitik&#8220;, so Dulger weiter.<br \/>\n&#8222;Die Bundesregierung sollte regelm\u00e4\u00dfig \u00fcber die k\u00fcnftige Entwicklung der Sozialbeitr\u00e4ge berichten. So wird der Handlungsdruck f\u00fcr alle sichtbar.&#8220; Die Reform der sozialen Sicherungssysteme sei &#8222;sicherlich \u00e4hnlich herausfordernd&#8220; wie die Energiewende &#8211; &#8222;aber zweifelsfrei genauso wichtig f\u00fcr die Generationengerechtigkeit.&#8220; Eine gro\u00dfe Gefahr sieht Dulger auch in der Einf\u00fchrung des geplanten B\u00fcrgergeldes. &#8222;Das B\u00fcrgergeld droht unsere Gesellschaft zu spalten&#8220;, so der Arbeitgeberpr\u00e4sident. <em><strong>&#8222;Es kann nicht sein, dass ein Teil der Menschen, die morgens zur Arbeit gehen, nur wenig mehr Geld zur Verf\u00fcgung haben als jemand, der morgens nicht zur Arbeit geht.&#8220;<\/strong><\/em><br \/>\n&#8230; Alles vom 30.10.2022 bitte lesen auf<br \/>\n<a href=\"https:\/\/regionalheute.de\/arbeitgeberpraesident-prophezeit-rentensystem-baldigen-zusammenbruch-1667080867\/\">https:\/\/regionalheute.de\/arbeitgeberpraesident-prophezeit-rentensystem-baldigen-zusammenbruch-1667080867\/<\/a><\/p>\n","protected":false},"excerpt":{"rendered":"<p>Die Aussagen des deutschen Arbeitgeberpr\u00e4sidenten Rainer Dulger im Bild-Interview sind alarmierend. In drastischen Worten warnt er vor einem \u201ebaldigen Zusammenbruch des Rentensystems\u201d. Das riesige Volumen der Rentenzahlungen (Ausgaben in 2021: 341 Mrd Euro, von denen inzwischen schon 78 Mrd<\/p>\n","protected":false},"author":2,"featured_media":0,"comment_status":"open","ping_status":"closed","sticky":false,"template":"","format":"standard","meta":{"footnotes":""},"categories":[79,4,425,22,24,9,171,172],"tags":[190,382,766,170,426,244,388,597],"class_list":["post-105898","post","type-post","status-publish","format-standard","hentry","category-arbeit","category-branchen","category-duale-bildung","category-handwerk","category-industrie","category-soziales","category-verbraucher","category-zukunft","tag-alter","tag-arbeit-working","tag-buerger","tag-generationenvertrag","tag-job","tag-rente","tag-social","tag-subvention"],"_links":{"self":[{"href":"https:\/\/www.freiburg-schwarzwald.de\/blog\/wp-json\/wp\/v2\/posts\/105898","targetHints":{"allow":["GET"]}}],"collection":[{"href":"https:\/\/www.freiburg-schwarzwald.de\/blog\/wp-json\/wp\/v2\/posts"}],"about":[{"href":"https:\/\/www.freiburg-schwarzwald.de\/blog\/wp-json\/wp\/v2\/types\/post"}],"author":[{"embeddable":true,"href":"https:\/\/www.freiburg-schwarzwald.de\/blog\/wp-json\/wp\/v2\/users\/2"}],"replies":[{"embeddable":true,"href":"https:\/\/www.freiburg-schwarzwald.de\/blog\/wp-json\/wp\/v2\/comments?post=105898"}],"version-history":[{"count":2,"href":"https:\/\/www.freiburg-schwarzwald.de\/blog\/wp-json\/wp\/v2\/posts\/105898\/revisions"}],"predecessor-version":[{"id":105900,"href":"https:\/\/www.freiburg-schwarzwald.de\/blog\/wp-json\/wp\/v2\/posts\/105898\/revisions\/105900"}],"wp:attachment":[{"href":"https:\/\/www.freiburg-schwarzwald.de\/blog\/wp-json\/wp\/v2\/media?parent=105898"}],"wp:term":[{"taxonomy":"category","embeddable":true,"href":"https:\/\/www.freiburg-schwarzwald.de\/blog\/wp-json\/wp\/v2\/categories?post=105898"},{"taxonomy":"post_tag","embeddable":true,"href":"https:\/\/www.freiburg-schwarzwald.de\/blog\/wp-json\/wp\/v2\/tags?post=105898"}],"curies":[{"name":"wp","href":"https:\/\/api.w.org\/{rel}","templated":true}]}}