{"id":105645,"date":"2022-10-26T11:04:01","date_gmt":"2022-10-26T09:04:01","guid":{"rendered":"https:\/\/www.freiburg-schwarzwald.de\/blog\/?p=105645"},"modified":"2022-10-26T18:09:08","modified_gmt":"2022-10-26T16:09:08","slug":"vaterlandsliebe-nur-anderswo","status":"publish","type":"post","link":"https:\/\/www.freiburg-schwarzwald.de\/blog\/vaterlandsliebe-nur-anderswo\/","title":{"rendered":"Vaterlandsliebe nur anderswo"},"content":{"rendered":"<p>\u201e<a href=\"https:\/\/www.freiburg-schwarzwald.de\/blog\/global\/eu\/europa-der-vaterlaender\/\">Vaterlandsliebe<\/a> fand ich stets zum Kotzen. Ich wusste mit Deutschland noch nie etwas anzufangen und wei\u00df es bis heute nicht\u201c &#8211; so <a href=\"https:\/\/www.freiburg-schwarzwald.de\/blog\/engagement\/zukunft\/demokratie\/ampel\/\">Robert Habeck<\/a> in seinem Buch \u201ePatriotismus \u2013 Ein linkes Pl\u00e4doyer\u201c. Deutlicher als &#8222;zum Kotzen&#8220; l\u00e4\u00dft sich die Abneigung gegen\u00fcber der eigenen <a href=\"https:\/\/www.freiburg-schwarzwald.de\/blog\/engagement\/zukunft\/demokratie\/identitaet\/\">Identit\u00e4t<\/a> und <a href=\"https:\/\/www.freiburg-schwarzwald.de\/blog\/global\/deutschland\/deutsche-kultur\/\">Kultur<\/a> wohl nicht formulieren. <!--more-->Wie glaubhaft ist es, wenn Habeck nun als Minister bei der <a href=\"https:\/\/www.freiburg-schwarzwald.de\/blog\/engagement\/zukunft\/demokratie\/nationalfeiertag\/\">Nationalhymne<\/a> &#8222;Einigkeit und Recht und Freiheit, f\u00fcr das deutsche Vaterland&#8220; mitsingt?<\/p>\n<p><a href=\"https:\/\/www.freiburg-schwarzwald.de\/blog\/global\/deutschland\/deutschland-ukraine\/\">Katrin G\u00f6ring-Eckardt<\/a> (Gr\u00fcne) setzt sich einerseits vehement f\u00fcr den &#8222;Schutz der ukrainischen Identit\u00e4t und Kultur&#8220; ein (siehe (1) unten), applaudiert andererseits aber nicht minder heftig, wenn B\u00fcrger als rechts bis hin zu <a href=\"https:\/\/www.freiburg-schwarzwald.de\/blog\/religion\/juden\/nazi\/nazi-keule\/\">Nazi<\/a> bezeichnet werden, weil sie sich f\u00fcr die Besinnung auf die deutsche Identit\u00e4t und den Erhalt der deutschen Kultur einsetzen.<\/p>\n<p>Au\u00dfenministerin <a href=\"https:\/\/www.freiburg-schwarzwald.de\/blog\/egal-was-meine-waehler-denken\/\">Annalena Baerbock<\/a> sagte am 31. August 2022 in Prag: &#8222;Wenn ich den Menschen in der Ukraine das Versprechen gebe: \u201aWir stehen an eurer Seite, so lange, wie ihr uns braucht\u2018, dann will ich auch liefern. Egal, was meine deutschen W\u00e4hler denken: Ich m\u00f6chte f\u00fcr die Ukraine liefern&#8220;. Damit stellt sie das Interesse ihres Vaterlandes hinter das der Ukraine.<br \/>\n.<br \/>\nPolitiker der <a href=\"https:\/\/www.freiburg-schwarzwald.de\/blog\/engagement\/zukunft\/demokratie\/ampel\/\">Ampel<\/a>, darunter ganz besonders die der <a href=\"https:\/\/www.freiburg-schwarzwald.de\/blog\/vereine\/partei\/gruene\/gruene2021\/\">Gr\u00fcnen<\/a>, zeigen sich begeistert von all den Tugenden wie Wagemut, Einsatz, Kampfeswille, Widerstandsgeist, <a href=\"https:\/\/www.freiburg-schwarzwald.de\/blog\/regio\/heimat\/\">Heimatliebe<\/a>, <a href=\"https:\/\/www.freiburg-schwarzwald.de\/blog\/engagement\/zukunft\/demokratie\/nationalstolz\/\">Nationalstolz<\/a>, Opferbereitschaft, Verteidigungswille und Zusammengeh\u00f6rigkeitsgef\u00fchl, in denen sich die Vaterlandsliebe des ukrainischen Volkes zu ihrer <a href=\"https:\/\/www.freiburg-schwarzwald.de\/blog\/engagement\/zukunft\/demokratie\/nation\/\">Nation<\/a> nach dem v\u00f6lkerrechtswidrigen russischen Einmarsch ausdr\u00fcckt.<br \/>\n<em><strong>Sie bewundern bei der Ukraine Tugenden,<br \/>\ndie sie f\u00fcr Deutschland ablehnen.<\/strong><\/em><br \/>\nDieses Paradox beruht darauf, da\u00df diese Tugenden von den Gr\u00fcnen nur verdr\u00e4ngt wurden. Manfred Kleine-Hartlage (2) beschreibt das so: &#8222;Da\u00df das Verdr\u00e4ngte wiederkehrt, wenn auch in verwandelter Form, ja da\u00df es geradezu nach Vorw\u00e4nden sucht, aus den Tiefen der Seele wideraufzutauchen, ist ein psychologischer Gemeinplatz. Der Fanatismus, mit dem Parteig\u00e4nger des Kartells (Politik + NGOs + Medien) die Ukraine unterst\u00fctzen, hat insofern etwas Tragikkomisches: Mit einem Mal feiern dieselben Menschen tradierte Tugenden wie Heldenmut, M\u00e4nnlichkeit und Patriotismus, die sie bis zum 24. Februar 2022 als &#8218;toxisch&#8216; verteufelt haben. Sie feiern sie freilich nur, sofern die T\u00e4ger dieser Tugenden Ukrainer sind. Zeigen Deutsche diese Eigenschaften, so sind sie selbstredend nach wie vor toxisch.&#8220; (S. 87)<br \/>\nTrauriges Fazit: Vaterlandsliebe f\u00fcr die <a href=\"https:\/\/www.freiburg-schwarzwald.de\/blog\/global\/ukraine\/\">Ukraine<\/a> ja, f\u00fcr <a href=\"https:\/\/www.freiburg-schwarzwald.de\/blog\/global\/deutschland\/deutschland2020\/\">Deutschland<\/a> nein!<br \/>\n26.10.2022<\/p>\n<p>&nbsp;<\/p>\n<p><strong>(1) Das Gespenst Vaterlandsliebe<\/strong><br \/>\nDie Gr\u00fcne G\u00f6ring-Eckardt fordert \u00bbSchutz der ukrainischen Identit\u00e4t und Kultur\u00ab. Das f\u00fcr die Deutschen zu fordern g\u00e4lte als rechtsnazib\u00f6se! Widersprechen sich diese Leute \u2013 oder hassen sie einfach nur Deutschland?<br \/>\n&#8230;<br \/>\n\u00bbSchutz der ukrainischen Identit\u00e4t und Kultur\u00ab. Wer sich in Deutschland f\u00fcr den Schutz der deutschen Identit\u00e4t und Kultur stark macht, wird bald vom Verfassungsschutz beobachtet und zur Feindfigur des Propagandastaates erkl\u00e4rt (und wird wohl bald zum Gegenstand der staatlich gef\u00f6rderten \u00bbGegneranalyse\u00ab).<br \/>\n\u00bbIdentit\u00e4t\u00ab, das klingt nach \u00bbIdentit\u00e4re\u00ab, und \u00bbIdentit\u00e4re\u00ab sind b\u00f6se, und deshalb ist Identit\u00e4t b\u00f6se, aber nur die deutsche Identit\u00e4t. Oder, wie es im Dunstkreis der Gr\u00fcnen hei\u00dft: \u00bbNie wieder Deutschland.\u00ab<br \/>\nIst Frau Katrin-G\u00f6ring Eckardt also ein \u00bbNazi\u00ab, wenn sie den Schutz von \u00bbKultur und Identit\u00e4t\u00ab fordert? Nun, wenn sie dieselben Rechte, die sie ganz selbstverst\u00e4ndlich f\u00fcr die Ukrainer fordert, f\u00fcr die Deutschen fordern w\u00fcrde \u2013 und wenn sie weniger gut in gewissen Kreisen vernetzt w\u00e4re \u2013 w\u00fcrde sie von erschreckend vielen ihrer Parteifreunde als \u00bbNazi\u00ab und \u00bbFaschist\u00ab bezeichnet werden.<br \/>\n&#8230;<br \/>\nWenn Frau G\u00f6ring-Eckardt nun den \u00bbSchutz der ukrainischen Identit\u00e4t und Kultur\u00ab fordert, und (korrekt!) die Gef\u00e4hrdung von Identit\u00e4t und Kultur in die N\u00e4he des V\u00f6lkermords r\u00fcckt, aber gleichzeitig eine \u00e4hnliche Forderung f\u00fcr die Deutschen als \u00bbrechtsextrem\u00ab und \u00bbfaschistisch\u00ab verdammen w\u00fcrde, dann gr\u00fcbelt man durchaus, ob \u00bbkognitive Dissonanz\u00ab zur Erkl\u00e4rung gen\u00fcgt.<br \/>\n`&#8230;<br \/>\nWir w\u00fcnschen den Ukrainern ein baldiges Kriegsende \u2013 und dann echten Frieden. Die Wunden, die der Verlust von Familienmitgliedern schl\u00e4gt, kann nicht wirklich heilen; der Mensch kann nur lernen, mit den Schmerzen zu leben und das Leben neu aufzustellen. Und wir hoffen auf eine Weltordnung, in welcher jedes Volk sicher in und selbstbestimmt in seinem Land leben kann.<br \/>\nEin Gespenst geht um in Europa, und das Gespenst hei\u00dft Vaterlandsliebe, und anderswo darf es spuken (wenn es interessierten Parteien in den Kram passt), doch bei uns kommen auf eine vermutete Sichtung dieses \u00bbGespenstes\u00ab tausend staatliche Exorzisten.<br \/>\n&#8230; Alles vom 23.10.2022 von Dushan Wegner bitte lesen auf<br \/>\n<a href=\"https:\/\/www.dushanwegner.com\/gespenst-vaterlandsliebe\/\">https:\/\/www.dushanwegner.com\/gespenst-vaterlandsliebe\/<\/a><br \/>\n.<\/p>\n<p><strong>(2) Manfred Kleine-Hartlage: T\u00f6dliche Torheit<\/strong><br \/>\nDem Berliner Bestseller-Autor Manfred Kleine-Hartlage geht es in einem Buch &#8222;T\u00f6dliche Torheit&#8220; um die Torheit des Ukrainekriegs. Er will den Leser nicht zu einer Parteinahme f\u00fcr eines der beiden kriegf\u00fchrenden L\u00e4nder \u00fcberzeugen. F\u00fcr ihn reiht sich der Konflikt ein in eine Folge von Krisen: von der Euro- \u00fcber die Migrations zur Coronakrise. Kleine-Hartlage legt dar, wie die deutsche Regierung &#8211; er spricht von einem Kartell aus Politik, Medien, Wirtschaft und Zivilgesellschaft (NGOs) &#8211; nun auch im Ukrainekrieg Fehlentscheidungen produziert, die in Zusammenhang mit den vorherigen Krisen immer mehr zu einer Gro\u00dfkrise verschmelzen. Leser von seinen fr\u00fcheren B\u00fcchern wissen, da\u00df wir es bei ihm mit keinem Schwarzmaler, sondern einem Empiriker und Realisten zu tun haben.<\/p>\n<p>Der weltgr\u00f6\u00dfte Buchanbieter bespricht das Buch so:<br \/>\n&#8222;Ukrainekrise, Ukrainekrieg &#8211; das Verhalten der deutschen Politik war und ist in bezug darauf desastr\u00f6s. Erfolgsautor Manfred Kleine-Hartlage beschreibt die Entstehung der Lage, den Ausbruch des Krieges und die Propaganda-Maschinerie des Westens. Dann tut er, was die Aufgabe der Politik w\u00e4re: Er fragt nach den deutschen Interessen und analysiert mit dieser Zielvorgabe die deutsche Politik. Das Ergebnis ist eine Katastrophe. Die deutsche Politik<br \/>\n+ leistet sich als einziges Land eine moralische Au\u00dfenpolitik, die sich gegen fundamentale deutsche Interessen richtet,<br \/>\n+ f\u00f6rdert die Auspl\u00fcnderung unserer Wirtschaft durch fremde M\u00e4chte,<br \/>\n+ ruiniert unseren produktiven Mittelstand, um den uns die ganze Welt beneidet,<br \/>\n+ hat die Abh\u00e4ngigkeit unseres Landes von den USA bis zur Entm\u00fcndigung verst\u00e4rkt,<br \/>\n+ hat die Chance auf eine vern\u00fcnftige Zusammenarbeit mit Ru\u00dfland bis auf weiteres verspielt. Reicht das? Oder ist der Hinweis n\u00f6tig, da\u00df wir es mit der vierten, f\u00fcnften, sechsten zerst\u00f6rerischen Welle zu tun haben, die \u00fcber unser Land hereinbricht?&#8220;<\/p>\n<p>Inhaltsverzeichnis:<br \/>\nWorum es im Ukrainekrieg geht<br \/>\nZwischenfrage: Was ist ein Aggressor?<br \/>\nDie Strategie des Westens und der Ukraine<br \/>\nDie Fortschreibung des Merkel-Syndroms<br \/>\nDie mentale Disposition<br \/>\nDie multiple Krise<\/p>\n<p>Im Kapitel &#8222;Die mentale Disposition&#8220;, dem sicher st\u00e4rksten des Buchs, geht Kleine-Hartlage auf die <a href=\"https:\/\/www.freiburg-schwarzwald.de\/blog\/global\/deutschland\/deutsche-interessen\/\">deutschen Interessen<\/a> ein, denen <a href=\"https:\/\/www.freiburg-schwarzwald.de\/blog\/deutsche-interessen-statt-moral\/\">Egon Bahr<\/a> einst den h\u00f6chsten Stellenwert der Politik zugewiesen hat: &#8222;Die eigenen Interessen eines Staates z\u00e4hlen, nicht die Werte. Wenn ein Politiker anf\u00e4ngt, \u00fcber \u201eWerte\u201c zu schwadronieren, dann ist es h\u00f6chste Zeit, den Raum zu verlassen.&#8220;<br \/>\nDie von der Ampel praktizierte werte- bzw. moralbasierte Aussenpolitik wird von Kleine-Hartlage entsprechend hart kritisiert:<br \/>\n&#8222;Diese Frage &#8211; also die nach den Interessen &#8211; wird praktisch nur in alternativen Medien gestellt, in denen des Establishments aber tabuisiert. Da\u00df diese Tabuisierung akzeptiert wird, wirft ein Licht auf das Publikum, das sie sich gefallen l\u00e4\u00dft. Die F\u00e4higkeit, eigene Interessen zu identifizieren, zu artikulieren und zu vertreten ist f\u00fcr V\u00f6lker ebenso wie f\u00fcr Einzelpersonen in Zeichen von Reife.&#8220; Diesen Satz h\u00e4tte auch <a href=\"https:\/\/www.freiburg-schwarzwald.de\/blog\/engagement\/zukunft\/demokratie\/entspannungspolitik\/\">Willy Brandt<\/a> schreiben k\u00f6nnen.<\/p>\n<p>Als Land in der Mitte Europas ist es ist im deutschen Interesse, mit allen seinen Nachbarn &#8211; auch zu Russland &#8211; gute Beziehungen zu pflegen. Ein solches Interesse kann jedoch nur vertreten, wer sich mit der deutschen Identit\u00e4t und Kultur in Einklang f\u00fchlt. Damit kommen wir zum Eingangsproblem zur\u00fcck, zur Vaterlandsliebe.<br \/>\nDas Verdr\u00e4ngen der Vaterlands- bzw. Heimatliebe f\u00fchrt f\u00fcr Kleine-Hartlage zu einem Hass auf alles Eigene bzw. Deutsche, zum Selbsthass:<br \/>\n&#8222;Die paradoxe Wirkung einer Verdr\u00e4ngung besteht gerade darin, da\u00df die Verdr\u00e4ngung selbst und die verzerrte Form, in der das Verdr\u00e4ngte wiederkehrt, einander st\u00fctzen.<br \/>\nGenau dieses Ph\u00e4nomen ist im Zusammenhang mit dem Ukrainekrieg zu beobachten: Gerade weil die gr\u00f6\u00dften Antinationalisten am liebsten so sein m\u00f6chten wie die zu Helden stilisierten Ukrainer, dies aber nicht eingestehen k\u00f6nnen, bleiben sie umso mehr in ihrer autorassistischen Deutschfeindlichkeit verhaftet. Die deutschen Parteig\u00e4nger der Ukraine w\u00fcrden ihr eigenes Wohl niemals dem ihres eigenen Volkes opfern, wohl aber dieses Volk dem (vermeintlichen) Wohl eines anderen.&#8220;<\/p>\n<p>Manfred Kleine-Hartlage: T\u00f6dliche Wahrheit<br \/>\nDer Krieg in der Ukraine und das Desaster der deutschen Politik,<br \/>\nISBN 978-3-949041-52-5,<br \/>\n102 Seiten, 13 Euro<br \/>\n1. Aufl., 2022<br \/>\n.<br \/>\nT\u00f6dliche Torheit &#8211; Ukrainekrieg und die deutsche Politik:<br \/>\nCharles Fleischhauer im Gespr\u00e4ch mit Manfred Kleine Hartlage<br \/>\n5.10.2022, 1 Std<br \/>\n<a href=\"https:\/\/youtu.be\/m5iT1xNJQV0\">https:\/\/youtu.be\/m5iT1xNJQV0<\/a><\/p>\n<p>Buchbesprechung &#8222;T\u00f6dliche Torheit&#8220;<br \/>\n13.10.2022<br \/>\n<a href=\"https:\/\/www.youtube.com\/watch?v=2goN0fCY6aY\">https:\/\/www.youtube.com\/watch?v=2goN0fCY6aY<\/a><br \/>\n<a href=\"https:\/\/open.spotify.com\/episode\/6U8LUDprou7oD8LymFqXNP\">https:\/\/open.spotify.com\/episode\/6U8LUDprou7oD8LymFqXNP<\/a><\/p>\n<p>&nbsp;<\/p>\n","protected":false},"excerpt":{"rendered":"<p>\u201eVaterlandsliebe fand ich stets zum Kotzen. Ich wusste mit Deutschland noch nie etwas anzufangen und wei\u00df es bis heute nicht\u201c &#8211; so Robert Habeck in seinem Buch \u201ePatriotismus \u2013 Ein linkes Pl\u00e4doyer\u201c. Deutlicher als &#8222;zum Kotzen&#8220; l\u00e4\u00dft sich die Abneigung &hellip; <a href=\"https:\/\/www.freiburg-schwarzwald.de\/blog\/vaterlandsliebe-nur-anderswo\/\">Weiterlesen <span class=\"meta-nav\">&rarr;<\/span><\/a><\/p>\n","protected":false},"author":2,"featured_media":0,"comment_status":"open","ping_status":"closed","sticky":false,"template":"","format":"standard","meta":{"footnotes":""},"categories":[18,52,235,139,13],"tags":[26,682,520,724,301,621,525],"class_list":["post-105645","post","type-post","status-publish","format-standard","hentry","category-bildung","category-einewelt","category-geschichte","category-heimat","category-kultur","tag-deutsch","tag-freiheit","tag-frieden","tag-heimat","tag-culture","tag-land","tag-politik"],"_links":{"self":[{"href":"https:\/\/www.freiburg-schwarzwald.de\/blog\/wp-json\/wp\/v2\/posts\/105645","targetHints":{"allow":["GET"]}}],"collection":[{"href":"https:\/\/www.freiburg-schwarzwald.de\/blog\/wp-json\/wp\/v2\/posts"}],"about":[{"href":"https:\/\/www.freiburg-schwarzwald.de\/blog\/wp-json\/wp\/v2\/types\/post"}],"author":[{"embeddable":true,"href":"https:\/\/www.freiburg-schwarzwald.de\/blog\/wp-json\/wp\/v2\/users\/2"}],"replies":[{"embeddable":true,"href":"https:\/\/www.freiburg-schwarzwald.de\/blog\/wp-json\/wp\/v2\/comments?post=105645"}],"version-history":[{"count":4,"href":"https:\/\/www.freiburg-schwarzwald.de\/blog\/wp-json\/wp\/v2\/posts\/105645\/revisions"}],"predecessor-version":[{"id":105657,"href":"https:\/\/www.freiburg-schwarzwald.de\/blog\/wp-json\/wp\/v2\/posts\/105645\/revisions\/105657"}],"wp:attachment":[{"href":"https:\/\/www.freiburg-schwarzwald.de\/blog\/wp-json\/wp\/v2\/media?parent=105645"}],"wp:term":[{"taxonomy":"category","embeddable":true,"href":"https:\/\/www.freiburg-schwarzwald.de\/blog\/wp-json\/wp\/v2\/categories?post=105645"},{"taxonomy":"post_tag","embeddable":true,"href":"https:\/\/www.freiburg-schwarzwald.de\/blog\/wp-json\/wp\/v2\/tags?post=105645"}],"curies":[{"name":"wp","href":"https:\/\/api.w.org\/{rel}","templated":true}]}}