{"id":105423,"date":"2022-10-17T10:50:34","date_gmt":"2022-10-17T08:50:34","guid":{"rendered":"https:\/\/www.freiburg-schwarzwald.de\/blog\/?p=105423"},"modified":"2022-10-17T12:46:08","modified_gmt":"2022-10-17T10:46:08","slug":"framing-wir-sparen-viel-gas","status":"publish","type":"post","link":"https:\/\/www.freiburg-schwarzwald.de\/blog\/framing-wir-sparen-viel-gas\/","title":{"rendered":"Framing: Wir sparen viel Gas"},"content":{"rendered":"<p>&#8222;Deutsche sparen sehr viel <a href=\"https:\/\/www.freiburg-schwarzwald.de\/blog\/energie\/gas\/\">Gas<\/a>&#8222;. Das Lesen dieser Titelzeile (siehe (1) unten) in der Zeitung fr\u00fchmorgens tut gut. Dazu hebt der Untertitel &#8222;Verbrauch sinkt um 29 Prozent&#8220; die Stimmung noch mehr, zumal die Meldung von dpa kommt, also seri\u00f6s zu sein hat. Leider aber nein, statt &#8222;hat&#8220; w\u00e4re das schw\u00e4bische &#8222;h\u00e4be&#8220; eher angebracht, <!--more-->denn im Kleingedruckten des Berichts weiter unten wird der Inhalt des fettgedruckten Titels ad absurdum gef\u00fchrt: Der erfreuliche R\u00fcckgang des Gasverbrauchs beruht auf einer vergleichsweise viel zu warmen Woche, nicht aber auf dem <a href=\"https:\/\/www.freiburg-schwarzwald.de\/blog\/energie\/energiesparen\/\">Einsparverm\u00f6gen<\/a> und -willen von Privathaushalten, Handwerk und Handel.<\/p>\n<p>Also <a href=\"https:\/\/www.freiburg-schwarzwald.de\/blog\/kultur\/medien\/framing\/\">Framing<\/a> pur. Journalistisch findig gemacht, um uns einzulullen. Deutschlandweit, denn das Googlen von &#8222;Energieverbrauch Gas&#8220; f\u00fchrt zu einer F\u00fclle von ann\u00e4hernd gleichlautenden Treffern mit dem irref\u00fchrend <a href=\"https:\/\/www.freiburg-schwarzwald.de\/blog\/framing-manual-der-ard\/\">geframeten<\/a> Text (unten (2) und (3)) in den sog. Qualit\u00e4tsmedien.<br \/>\nWozu? Cui bono, wem nutzt diese Trickserei? Etwa der <a href=\"https:\/\/www.freiburg-schwarzwald.de\/blog\/engagement\/zukunft\/demokratie\/ampel\/\">Ampel<\/a>-Regierung, die den katastrophalen <a href=\"https:\/\/www.freiburg-schwarzwald.de\/blog\/global\/eu\/notverordnungen\/\">Gasmangel<\/a> hierzulande zu verantworten hat (siehe unten Klaus von Dohnanyi (94), den letzten noch lebenden Weggef\u00e4hrten von Willy Brandt) und die dies mithilfe der sie unterst\u00fctzenden <a href=\"https:\/\/www.freiburg-schwarzwald.de\/blog\/kultur\/medien\/mainstream\/\">Mainstream-Medien<\/a> per <a href=\"https:\/\/www.freiburg-schwarzwald.de\/blog\/stromkrise-framing-kernkraft\/\">Framing<\/a> vertuschen will im Sinne von &#8218;Seht her. Alles halb so schlimm. Mit viel weniger Gas gehts doch auch. Also weiter so.&#8216;<br \/>\nZur\u00fcck zur Frage: Warum berichtet die Presse anstelle des verlogenen <em>&#8222;Deutsche sparen sehr viel Gas &#8211; Verbrauch sinkt um 29 Prozent&#8220;<\/em> nicht <a href=\"https:\/\/www.freiburg-schwarzwald.de\/blog\/engagement\/zukunft\/ehrlichkeit\/\">ehrlich<\/a> <em>&#8222;11,4 Grad w\u00e4rmeres Wetter &#8211; Verbrauch sinkt um 29 Prozent&#8220;<\/em>? Warum treibt die mediale Berichterstattung nicht die <a href=\"https:\/\/www.freiburg-schwarzwald.de\/blog\/kultur\/medien\/journalismus\/\">Recherche<\/a> nach dem Zusammenhang von Ursache und Wirkung an, sondern die \u00dcbernahme des Vorrangs der <a href=\"https:\/\/www.freiburg-schwarzwald.de\/blog\/millionaers-sozialismus\/\">\u00f6kosozialistischen<\/a> <a href=\"https:\/\/www.freiburg-schwarzwald.de\/blog\/engagement\/zukunft\/ideologie\/\">Ideologie<\/a> vor der Realit\u00e4t?<br \/>\n17.10.2022<br \/>\n.<\/p>\n<p><strong>(1) Deutsche sparen sehr viel Gas<\/strong><br \/>\n<strong>Verbrauch sinkt um 29 Prozent<\/strong><br \/>\nErste Sparanstrengungen werden sichtbar: Die Haushalte und kleineren Firmen haben in der vergangenen Woche deutlich weniger Gas genutzt als in vergleichbaren Vorjahreszeitr\u00e4umen. Pro Tag seien im Schnitt 571 Gigawattstunden verbraucht worden und damit 29 Prozent weniger als im Schnitt der gleichen Kalenderwochen im Zeitraum 2018 bis 2021, teilte die Bundesnetzagentur am Donnerstag in Bonn mit. Nicht einbezogen sind hierbei Deutschlands 40 000 gr\u00f6\u00dfte Gasnutzer, also Industriefirmen.<br \/>\nBeh\u00f6rdenchef Klaus M\u00fcller begr\u00fcndete den gesunkenen Verbrauch mit dem zuletzt relativ warmen Wetter. Tats\u00e4chlich war die Temperatur mit 11,4 Grad in der vergangenen Woche h\u00f6her als in den Vorjahren, wie eine Liste der Durchschnittstemperaturen in der 40. Kalenderwoche zeigt.<br \/>\n&#8230; Alles vom 14.10.2022 von dpa bitte lesen auf<br \/>\n<a href=\"https:\/\/www.badische-zeitung.de\/der-gasverbrauch-der-deutschen-haushalte-ist-stark-gesunken--print--219139584.html\">https:\/\/www.badische-zeitung.de\/der-gasverbrauch-der-deutschen-haushalte-ist-stark-gesunken&#8211;print&#8211;219139584.html<\/a><\/p>\n<div id=\"attachment_105274\" style=\"width: 649px\" class=\"wp-caption alignnone\"><a href=\"https:\/\/www.freiburg-schwarzwald.de\/blog\/wp-content\/uploads\/2022\/10\/Dohnanyi-Krisen-pan20220923.jpg\"><img loading=\"lazy\" decoding=\"async\" aria-describedby=\"caption-attachment-105274\" class=\"size-full wp-image-105274\" src=\"https:\/\/www.freiburg-schwarzwald.de\/blog\/wp-content\/uploads\/2022\/10\/Dohnanyi-Krisen-pan20220923.jpg\" alt=\"\" width=\"639\" height=\"327\" srcset=\"https:\/\/www.freiburg-schwarzwald.de\/blog\/wp-content\/uploads\/2022\/10\/Dohnanyi-Krisen-pan20220923.jpg 639w, https:\/\/www.freiburg-schwarzwald.de\/blog\/wp-content\/uploads\/2022\/10\/Dohnanyi-Krisen-pan20220923-180x92.jpg 180w\" sizes=\"auto, (max-width: 639px) 100vw, 639px\" \/><\/a><p id=\"caption-attachment-105274\" class=\"wp-caption-text\">Klaus von Dohnanyi (SPD) 23.9.2022: USA und D haben unterschiedliche Interessen<\/p><\/div>\n<p><a href=\"https:\/\/www.bundesnetzagentur.de\">https:\/\/www.bundesnetzagentur.de <\/a><br \/>\n<a href=\"https:\/\/www.bundesnetzagentur.de\/DE\/Fachthemen\/ElektrizitaetundGas\/Versorgungssicherheit\/aktuelle_gasversorgung\/start.html\">https:\/\/www.bundesnetzagentur.de\/DE\/Fachthemen\/ElektrizitaetundGas\/Versorgungssicherheit\/aktuelle_gasversorgung\/start.html<\/a><br \/>\n.<\/p>\n<p><strong>(2) Zum ersten Mal seit Herbstbeginn: Gasverbrauch von Gewerbe und Privathaushalten zur\u00fcckgegangen<\/strong><br \/>\nDer Gasverbrauch deutscher Privathaushalte und Gewerbe lag in der vergangenen Woche mit 571 Gigawatt pro Tag etwa 29 Prozent unter dem Vorjahresdurchschnitt, wie die Bundesnetzagentur meldet. Damit ist der Verbrauch zum ersten Mal seit Herbstbeginn wieder zur\u00fcckgegangen.<br \/>\n&#8230;<br \/>\nIn den Monaten nach dem Beginn des Ukraine-Krieges hatte Russland seine Lieferungen an Deutschland schrittweise heruntergefahren. In der deutschen Politik war von einem \u201eEnergiekrieg\u201c die Rede. Derzeit erh\u00e4lt die Bundesrepublik Gas aus Norwegen, Belgien, den Niederlanden sowie im kleinen Rahmen aus der Schweiz, die Gas aus Italien weiterschickt. Teilweise kommt das Gas aus anderen Weltregionen und wird in europ\u00e4ischen Terminals angelandet, um nach Deutschland weitergeleitet zu werden. (Tsp, dpa, Reuters)<br \/>\n&#8230; Alles vom 14.10.2022 bitte lesen auf<br \/>\n<a href=\"https:\/\/www.tagesspiegel.de\/wirtschaft\/zum-ersten-mal-seit-herbstbeginn-gasverbrauch-von-gewerbe-und-privathaushalten-zuruckgegangen-8751334.html\">https:\/\/www.tagesspiegel.de\/wirtschaft\/zum-ersten-mal-seit-herbstbeginn-gasverbrauch-von-gewerbe-und-privathaushalten-zuruckgegangen-8751334.html<\/a><br \/>\n.<\/p>\n<p><strong>(3) Sparma\u00dfnahmen zeigen Wirkung<\/strong><br \/>\n<strong>Gasverbrauch in deutschen Haushalten gesunken<\/strong><br \/>\nHaushalte und kleinere Firmen haben in der vergangenen Woche deutlich weniger Gas verbraucht als in Vorjahreszeitr\u00e4umen. Der Pr\u00e4sident der Bundesnetzagentur spricht allerdings von Momentaufnahmen und betont, dass weitere Anstrengungen notwendig seien.<br \/>\nEine gute Nachricht in der Energiekrise: Die Haushalte und kleinere Firmen haben in der vergangenen Woche deutlich weniger Gas genutzt als in vergleichbaren Vorjahreszeitr\u00e4umen. Pro Tag seien im Schnitt 571 Gigawattstunden verbraucht worden und damit 29 Prozent weniger als im Schnitt der gleichen Kalenderwochen im Zeitraum 2018 bis 2021, teilte die Bundesnetzagentur in Bonn mit. Nicht einbezogen sind hierbei Deutschlands 40.000 gr\u00f6\u00dfte Gasnutzer, also vor allem Industriefirmen.<br \/>\n&#8230; Alles vom 13.10.022 bitte lesen auf<br \/>\n<a href=\"https:\/\/www.n-tv.de\/wirtschaft\/Gasverbrauch-in-deutschen-Haushalten-gesunken-article23649226.html\">https:\/\/www.n-tv.de\/wirtschaft\/Gasverbrauch-in-deutschen-Haushalten-gesunken-article23649226.html<\/a><\/p>\n","protected":false},"excerpt":{"rendered":"<p>&#8222;Deutsche sparen sehr viel Gas&#8222;. Das Lesen dieser Titelzeile (siehe (1) unten) in der Zeitung fr\u00fchmorgens tut gut. Dazu hebt der Untertitel &#8222;Verbrauch sinkt um 29 Prozent&#8220; die Stimmung noch mehr, zumal die Meldung von dpa kommt, also seri\u00f6s zu &hellip; <a href=\"https:\/\/www.freiburg-schwarzwald.de\/blog\/framing-wir-sparen-viel-gas\/\">Weiterlesen <span class=\"meta-nav\">&rarr;<\/span><\/a><\/p>\n","protected":false},"author":2,"featured_media":0,"comment_status":"open","ping_status":"closed","sticky":false,"template":"","format":"standard","meta":{"footnotes":""},"categories":[5,135,80],"tags":[239,720,525],"class_list":["post-105423","post","type-post","status-publish","format-standard","hentry","category-energie","category-energiepolitik","category-medien","tag-energiesparen","tag-medien","tag-politik"],"_links":{"self":[{"href":"https:\/\/www.freiburg-schwarzwald.de\/blog\/wp-json\/wp\/v2\/posts\/105423","targetHints":{"allow":["GET"]}}],"collection":[{"href":"https:\/\/www.freiburg-schwarzwald.de\/blog\/wp-json\/wp\/v2\/posts"}],"about":[{"href":"https:\/\/www.freiburg-schwarzwald.de\/blog\/wp-json\/wp\/v2\/types\/post"}],"author":[{"embeddable":true,"href":"https:\/\/www.freiburg-schwarzwald.de\/blog\/wp-json\/wp\/v2\/users\/2"}],"replies":[{"embeddable":true,"href":"https:\/\/www.freiburg-schwarzwald.de\/blog\/wp-json\/wp\/v2\/comments?post=105423"}],"version-history":[{"count":5,"href":"https:\/\/www.freiburg-schwarzwald.de\/blog\/wp-json\/wp\/v2\/posts\/105423\/revisions"}],"predecessor-version":[{"id":105428,"href":"https:\/\/www.freiburg-schwarzwald.de\/blog\/wp-json\/wp\/v2\/posts\/105423\/revisions\/105428"}],"wp:attachment":[{"href":"https:\/\/www.freiburg-schwarzwald.de\/blog\/wp-json\/wp\/v2\/media?parent=105423"}],"wp:term":[{"taxonomy":"category","embeddable":true,"href":"https:\/\/www.freiburg-schwarzwald.de\/blog\/wp-json\/wp\/v2\/categories?post=105423"},{"taxonomy":"post_tag","embeddable":true,"href":"https:\/\/www.freiburg-schwarzwald.de\/blog\/wp-json\/wp\/v2\/tags?post=105423"}],"curies":[{"name":"wp","href":"https:\/\/api.w.org\/{rel}","templated":true}]}}