{"id":105343,"date":"2022-10-14T15:33:33","date_gmt":"2022-10-14T13:33:33","guid":{"rendered":"https:\/\/www.freiburg-schwarzwald.de\/blog\/?p=105343"},"modified":"2022-10-15T15:59:14","modified_gmt":"2022-10-15T13:59:14","slug":"muezzinruf-an-moschee-in-koeln","status":"publish","type":"post","link":"https:\/\/www.freiburg-schwarzwald.de\/blog\/muezzinruf-an-moschee-in-koeln\/","title":{"rendered":"Muezzinruf an Moschee in K\u00f6ln"},"content":{"rendered":"<p>Seit 14.10.2022 ruft der Muezzin <a href=\"https:\/\/www.freiburg-schwarzwald.de\/blog\/religion\/islam\/koran\/\">&#8222;Allahu Akbar &#8222;<\/a> von der <a href=\"https:\/\/www.freiburg-schwarzwald.de\/blog\/religion\/islam\/moscheen\/\">Zentralmoschee<\/a> in K\u00f6ln der T\u00fcrkisch-Islamischen Union <a href=\"https:\/\/www.freiburg-schwarzwald.de\/blog\/global\/tuerkei\/ditib\/\">Ditib<\/a>, die der t\u00fcrkischen Regierung des autokratisch-islamistischen Pr\u00e4sidenten Recep <a href=\"https:\/\/www.freiburg-schwarzwald.de\/blog\/erdogan-chance-demokratie\/\">Erdogan<\/a> untersteht. Anders als das Glockenl\u00e4uten der <a href=\"https:\/\/www.freiburg-schwarzwald.de\/blog\/religion\/christen\/christentum\/\">christlichen<\/a> Kirchen ist der Muezzinruf nicht nur ein Aufruf zum Gebet, <!--more-->sondern ein Schachtruf. Denn &#8222;Allahu Akbar!&#8220; hei\u00dft &#8222;Allah ist gr\u00f6\u00dfer!&#8220; &#8211; gr\u00f6\u00dfer als die Angebeteten der anderer Religionen bzw. Ungl\u00e4ubigen (Kuffar), die als Feinde des Islam zu vernichten sind. Deshalb bezeichnet <a href=\"https:\/\/www.freiburg-schwarzwald.de\/blog\/religion\/islam\/abdel-samad\/\">Hamed Abdel-Samad<\/a> (siehe (1) unten) den Muezzinruf auch &#8222;Schlachtruf der Muslime&#8220;.<br \/>\n.<br \/>\n<a href=\"https:\/\/www.freiburg-schwarzwald.de\/blog\/religion\/islam\/mansour\/\">Ahmad Mansour<\/a> unterscheidet den <a href=\"https:\/\/www.freiburg-schwarzwald.de\/blog\/religion\/islam\/islam-reformen\/\">gem\u00e4\u00dfigten Islam<\/a> vom <a href=\"https:\/\/www.freiburg-schwarzwald.de\/blog\/religion\/islam\/islam-politik\/\">politischen Islam<\/a> (auch <a href=\"https:\/\/www.freiburg-schwarzwald.de\/blog\/religion\/islam\/islamismus\/\">Islamismus<\/a> genannt) und warnt, da\u00df letzterem mit der Legalisierung des Muezzinrufs Vorschub geleistet wird (siehe (2)). Bald wird von allen ca 3.000 Moscheen hierzulande per Lautsprecher der Muezzinruf erschallen.<\/p>\n<p>Das Problem liegt tiefer: Seit sp\u00e4testens <a href=\"https:\/\/www.freiburg-schwarzwald.de\/blog\/global\/eu\/budapest-dublin2015\/\">Budapest 2015<\/a> bewirkt die <a href=\"https:\/\/www.freiburg-schwarzwald.de\/blog\/global\/migration\/migrationspolitik\/\">Migrationspolitik<\/a>\u00a0der <a href=\"https:\/\/www.freiburg-schwarzwald.de\/blog\/global\/migration\/kontrollierte-grenzen\/\">unkontrollierten Grenzen<\/a>, da\u00df immer mehr Muslime nach Deutschland kommen, in ein Land, in dem es keine strenge <a href=\"https:\/\/www.freiburg-schwarzwald.de\/blog\/religion\/kirche-staat\/\">Trennung von Kirche und Staat<\/a> gibt. Deshalb werden die <a href=\"https:\/\/www.freiburg-schwarzwald.de\/blog\/religion\/islam\/islam-organisationen\/\">Islam-Organisationen<\/a> verst\u00e4ndlicherweise fordern, da\u00df ihnen genau die gleichen Rechte (Feiertage, <a href=\"https:\/\/www.freiburg-schwarzwald.de\/blog\/religion\/islam\/islamunterricht\/\">Religionsunterricht<\/a>, Steuervorteile, &#8230;) einger\u00e4umt werden wie den christlichen Kirchen. Und die deutschen Gerichte bis hin zum <a href=\"https:\/\/www.freiburg-schwarzwald.de\/blog\/engagement\/zukunft\/demokratie\/verfassung\/bundesverfassungsgericht\/\">BVerfG<\/a> werden den Muslimen Recht geben &#8211; schlie\u00dflich gilt gleiches Recht f\u00fcr alle.<br \/>\nFazit: Entweder die Trennung von Kirche und Staat einf\u00fchren (<a href=\"https:\/\/www.freiburg-schwarzwald.de\/blog\/engagement\/zukunft\/demokratie\/laizismus\/\">Laizismus<\/a>, <a href=\"https:\/\/www.freiburg-schwarzwald.de\/blog\/religion\/religionsfreiheit\/\">Religion<\/a> als Privatangelegenheit des gl\u00e4ubigen B\u00fcrgers) oder aber Verh\u00e4ltnisse wie in den islamischen Herkunftsl\u00e4ndern der Migranten auch hier einf\u00fchren.<\/p>\n<p>Mein Tip: Besuchen Sie mal die wundersch\u00f6nen St\u00e4dte <a href=\"https:\/\/www.freiburg-schwarzwald.de\/blog\/global\/iran\/isfahan\/\">Isfahan<\/a> im <a href=\"https:\/\/www.freiburg-schwarzwald.de\/blog\/global\/iran\/\">Iran<\/a> oder Allessandria in \u00c4gypten und genie\u00dfen Sie die allmorgendlich um 5 Uhr einsetzende &#8222;Allahu Akbar&#8220;-Beschallung aus den vielen Lautsprechern.<br \/>\n\u00dcbrigens: Die zahlreichen Migranten, die ich kenne, sprechen sich allesamt gegen die Legalisierung des Muezzinrufs in Deutschland aus.<br \/>\n14-10.2022<br \/>\n.<\/p>\n<p><strong>(1) Muezzinruf in K\u00f6ln: Weitere St\u00e4dte in Deutschland k\u00f6nnten folgen<\/strong><br \/>\nManche sprechen von einem weiteren Schritt zur Islamisierung der Viertel um die Moscheen, in denen ein hoher Anteil Muslime lebt. In K\u00f6ln leben gesch\u00e4tzt 120.000 Muslime, ein Anteil von rund 12 Prozent der Bev\u00f6lkerung.<br \/>\nDer Bild-Journalist Claus Strunz beschrieb den Muezzinruf unverbl\u00fcmt von einem \u201eSieg \u00fcber die Ungl\u00e4ubigen\u201c.<br \/>\n&#8230;<br \/>\nder Islamkritiker Hamed Abdel-Samad: <em>\u201eDer Gebetsruf beginnt mit Allahu Akbar, welcher auch der Schlachtruf der Muslime ist. Er bedeutet Allah ist gr\u00f6\u00dfer. Gr\u00f6\u00dfer als die Feinde, gr\u00f6\u00dfer als die Menschen, gr\u00f6\u00dfer als das Leben, gr\u00f6\u00dfer als Deutschland, gr\u00f6\u00dfer als alles. Da er gr\u00f6\u00dfer ist als Demokratie und Vielfalt, gilt am Ende nur sein Gesetz, die Scharia.\u201c<\/em> Die Stadt K\u00f6ln wolle mit einer symbolischen Aktion unter dem Mantel der \u201eVielfalt\u201c das Scheitern der Integration verdecken, bem\u00e4ngelt Abdel-Samad.<br \/>\nGegenw\u00e4rtig gibt es rund 3.000 Moscheen in Deutschland. Eine zunehmende Anzahl sind nicht mehr nur kleine Hinterhofgebetsr\u00e4ume, sondern repr\u00e4sentative Geb\u00e4ude, teils auch mit Minaretten, wie die DITIB-Zentralmoschee in K\u00f6ln. Die Zahl der Muslime ist durch die gro\u00dfe Fl\u00fcchtlingszuwanderung 2015 und 2016 auf mehr als 5,5 Millionen gestiegen.<br \/>\n&#8230;<br \/>\nDer Vergleich der \u201eAllahu Akbar\u201c-Rufe mit der Glocke einer christlichen Kirche geht fehl: Der Glockenschlag ist ein akustisches Signal, das keine auftrumpfende Botschaft (\u201eEs gibt keinen Gott au\u00dfer Allah\u201c) beinhaltet. Noch schwerer wiegt, dass die umliegende Nachbarschaft gezwungenerma\u00dfen mit dieser verbalen Botschaft konfrontiert wird. Es gibt auch eine negative Religionsfreiheit: Niemand sollte systematisch gen\u00f6tigt werden, religi\u00f6se Botschaften anderer zu \u201ekonsumieren\u201c.<br \/>\nDer Islam ist zudem keine rein spirituelle Religion, sondern eine umfassende Polit-Religion, die strikte Regelungen des gesamten Lebens einer Gesellschaft durch die Scharia etablieren will. Der Islam ist das Gegenteil eines freiheitlichen Systems, n\u00e4mlich ein Unterwerfungssystem (das arabische Wort \u201eIslam\u201c bedeutet \u201e<a href=\"https:\/\/www.freiburg-schwarzwald.de\/blog\/religion\/islam\/unterwerfung\/\">Unterwerfung<\/a>\u201c). Vermutlich wird es aber schwer werden, mit diesen Argumenten vor Gericht zu bestehen. Deshalb ist die Auseinandersetzung um den Muezzin-Ruf nur politisch zu f\u00fchren und zu gewinnen.<br \/>\n&#8230; Alles vom 13.10.2021 bitte lesen auf<br \/>\n<a href=\"https:\/\/www.tichyseinblick.de\/meinungen\/dem-muezzinruf-in-koeln-koennte-bald-ganz-deutschland-folgen\/\">https:\/\/www.tichyseinblick.de\/meinungen\/dem-muezzinruf-in-koeln-koennte-bald-ganz-deutschland-folgen\/<\/a><br \/>\n.<\/p>\n<p><strong>(2) Ahmad Mansour kritisiert die Zulassung des Muezzinrufs in K\u00f6ln als \u201estr\u00e4flich naiv\u201c<\/strong><br \/>\nIn der Pressemitteilung der Stadt vom Oktober 2021 steht zu Anfang der Satz: \u201eW\u00e4hrend in christlichen Kirchen die Glocken gel\u00e4utet werden, um die Gl\u00e4ubigen zum gemeinsamen Gottesdienst zu rufen, sind es in den Moscheen muslimischer Glaubensgemeinschaften die Rufe des Muezzins, die diesen Zweck erf\u00fcllen.\u201c<br \/>\n\u201eDas sehe ich anders\u201c, sagte Mansour dazu gegen\u00fcber der DPA. <em>\u201eBeim Glockengel\u00e4ut geht es um Klang, beim Muezzinruf geht es um konkrete religi\u00f6se Botschaften.\u201c<\/em> Der Muezzinruf enth\u00e4lt die Behauptung, dass es keinen anderen Gott als Allah gebe und dass Mohammed sein Gesandter sei.<br \/>\nMansour weist auch daraufhin, dass viele junge Muslime in Deutschland es zu sch\u00e4tzen w\u00fcssten, <em><strong>dass die Religion hier weniger \u00f6ffentlich pr\u00e4sent sei als in den islamischen Herkunftsl\u00e4ndern ihrer Familien.<\/strong><\/em> \u201eSie finden das entspannend, sie finden das gut\u201c, sagte Mansour. \u201eWenn sie p\u00fcnktlich zum Gebet erscheinen wollen, dann stellen sie einfach ihre Handys ein.\u201c<\/p>\n<p>Mansour kritisiert auch die K\u00f6lner Oberb\u00fcrgermeisterin Henriette Reker pers\u00f6nlich daf\u00fcr, dass vor ihrer Entscheidung keine \u00f6ffentliche Diskussion stattgefunden habe. Es gehe schlie\u00dflich um grunds\u00e4tzliche Fragen: \u201eWelche Stellung hat der Islam in unserer Gesellschaft? Ist er wirklich gleichberechtigt? Wenn das so ist, dann m\u00fcssten Muslime auch staatliche Feiertage einfordern k\u00f6nnen und vieles andere mehr. Und eben das wird jetzt geschehen: Die Konservativen f\u00fchlen sich best\u00e4tigt, sehen dies als einen wichtigen Schritt hin zur Islamisierung Europas und werden immer mehr fordern.\u201c Den Muezzinruf nur in den Kontext der Glaubensfreiheit zu stellen, sei \u201estr\u00e4flich naiv\u201c.<br \/>\n&#8230; Alles vom 12.10.2022 bitte lesen auf<br \/>\n<a href=\"https:\/\/www.tichyseinblick.de\/daili-es-sentials\/mansour-koeln-muezzin\/\">https:\/\/www.tichyseinblick.de\/daili-es-sentials\/mansour-koeln-muezzin\/<\/a><\/p>\n<p>Ein lesenswertes Buch<br \/>\nAhmad Mansour: \u201eOperation Allah<br \/>\n\u2013 Wie der politische Islam unsere Demokratie unterwandern will\u201c,<br \/>\n2022<\/p>\n<p>Einige Kommentare:<br \/>\n<strong>Im Iran und hier<\/strong><br \/>\nMan muss sich das nur mal vergegenw\u00e4rtigen: Im Iran gehen zurzeit Hunderttausende Frauen auf die Stra\u00dfe und verbrennen ihre Kopft\u00fccher, und hier im \u201ehillije K\u00f6lle\u201c lassen wir einen solchen islamistischen Mummenschanz mit Ruf der Muezzins zu. Und das alles wir mit der im GG garantierten Religion- und Narrenfreiheit gerechtfertigt. Unfassbar!<br \/>\n12.10.2022, A.H.<\/p>\n<p><strong>&#8230; so verhilf uns zum Sieg \u00fcber die Ungl\u00e4ubigen<\/strong><br \/>\nEs gibt, wie die hier einmal sehr hellsichtige WELT am 11.06.2021 irritiert berichtete, ein an prominenter Stelle der neuen DITIB-Moschee prangendes, kalligraphisch aufgeh\u00fcbschtes Koran-Zitat (Sure 2, Vers 286), welches mehreren \u00dcbersetzern zufolge lautet wie folgt: \u201eDu bist unser Schutzherr. So verhilf uns zum Sieg \u00fcber die Ungl\u00e4ubigen.\u201c<br \/>\nDer angef\u00fchrte Vers wird in den blumigen, kein noch so kleines Detail der Bau-Inschriften vergessenden Brosch\u00fcren der Moscheegemeinde konsequent ausgelassen \u2013 er k\u00f6nnte ja unliebsame Irritationen ausl\u00f6sen! Es scheint mir ansonsten absolut undenkbar, dass solch ein Kernspruch ohne Wissen und Einverst\u00e4ndnis des neo-osmanischen \u201eGro\u00dfherrn\u201c in Ankara angebracht worden sein k\u00f6nnte; er ist vielmehr Programm<br \/>\n12.10.2022, W.R.<\/p>\n<p><strong>Popper: Uneingeschr\u00e4nkte Toleranz f\u00fchrt zum Verschwinden der Toleranz<\/strong><br \/>\nZu solcherart \u201eToleranz\u201c hat Karl Popper bereits in den 40er Jahren des letzten Jahrhunderts im Toleranzparadoxon alles gesagt, was man wissen muss. Die Politik ist mit diesem Land und uns seit Jahren auf vielerlei Wegen auf Kamikazekurs \u2013 es ist hohe Zeit, denen allen die Macht zu nehmen!<br \/>\n\u201eUneingeschr\u00e4nkte Toleranz f\u00fchrt mit Notwendigkeit zum Verschwinden der Toleranz. Denn wenn wir die uneingeschr\u00e4nkte Toleranz sogar auf die Intoleranten ausdehnen, wenn wir nicht bereit sind, eine tolerante Gesellschaftsordnung gegen die Angriffe der Intoleranz zu verteidigen, dann werden die Toleranten vernichtet werden und die Toleranz mit ihnen.\u201c<br \/>\nEs sieht so aus, als h\u00e4tten sie uns das Genick auf mehreren Ebenen schon l\u00e4ngst gebrochen. Integration der \u201ejungen M\u00e4nner\u201c ist unm\u00f6glich. Das wussten die, die das in Angriff nahmen, aber bereits weit vor 2015.<br \/>\n12.10.2022, Kas<\/p>\n<p><strong>Wer in K\u00f6ln geboren ist, wie ich und es noch aus alten Zeiten kennt,<\/strong><br \/>\nwei\u00df dass wir niemals Probleme mit Migranten hatten. Doch seit Jahren \u00e4ndert sich das Bild immer mehr. Ganze Veddel sind komplett in islamischer Hand und wer als Deutscher dort noch lebt, bewegt sich leider am unteren Rand der Gesellschaft. Alkohol \u2013 und Drogenabh\u00e4ngige. Schade, dass ich das so offen schreiben muss. Es gibt hier viele sogenannte, recht gut betuchte \u201eGutmenschen\u201c, meist in sicheren Jobs t\u00e4tig und fernab von Multikulti wohnend, die diese Zust\u00e4nde preisen, weil sie samstags auf dem Biomarkt in ihrem meist deutschen Veddel, IHREN muslimischen und \u00fcberaus freundlichen Gem\u00fcseh\u00e4ndler treffen. Sie erz\u00e4hlen sehr gerne davon, wenn deutsche Freunde abends zum Essen kommen. Doch m\u00fcssen genau diese Menschen nicht 24\/7 mit Gro\u00dffamilien in direkter Nachbarschaft leben.<br \/>\nGenauso ist es bei Frau OB Reker. Aus Mitleid gew\u00e4hlt und auch sie h\u00e4lt mindestens eine Arml\u00e4nge Abstand in Ihrer Nachbarschaft, von den ihr gepriesenen muslimischen Mitmenschen. Komisch, oder!?<br \/>\n12.10.2022, Cor<\/p>\n<p><strong>Mansour steht schon seit mehreren Jahren unter Personenschutz<\/strong><br \/>\nHerr Mansour, Islamkritiker, scheint mit seiner Kritik des \u00d6fteren schwache Nerven zu treffen. Er wird erheblich bedroht und steht schon seit mehreren Jahren unter Personenschutz. So viel zur Rezeption einiger Muslime des Themas Meinungsfreiheit in Deutschland.<br \/>\nUnd solche Entwicklungen sollen jetzt \u00fcber die D\u00e4cher K\u00f6lns hinweg noch R\u00fcckenwind erhalten? Ja hat sich denn \u00fcberhaupt mal jemand den Anteil der Bev\u00f6lkerung mit Migrationshintergrund in den K\u00f6lner Bezirken (z. B. Ehrenfeld) angeschaut?<br \/>\n12.10.2022, Ind<\/p>\n<p>Endlich! Die K\u00f6lnerinnen und K\u00f6lner k\u00f6nnen es kaum noch abwarten! Erst der Karnevalsbeginn und jetzt das! Die Partystimmung kocht \u00fcber! <a href=\"https:\/\/www.youtube.com\/watch?v=1mKcQyvkwkM\">https:\/\/www.youtube.com\/watch?v=1mKcQyvkwkM<\/a><br \/>\n12010.2022, J.F.<br \/>\nEnde Kommentare<\/p>\n<p>.<br \/>\n.<br \/>\n<strong>(3) Muezzin-Ruf &#8211; Ein Ruf des Schreckens!<\/strong><br \/>\nAm Freitag, dem 14. Oktober um 13.24 Uhr, erklang zum ersten Mal der Ruf des Muezzins der Ditib-Moschee in K\u00f6ln. 1986 ist Hellen Vaziry aus dem Iran nach Deutschland geflohen. Damals war sie in Teheran Studentin der Elektrotechnik. Nach der Revolution 1979 durfte sie aus politischen Gr\u00fcnden nicht weiter studieren und sollte sich beim ber\u00fcchtigten Evin-Gef\u00e4ngnis zur Verhaftung melden. Heute ist sie IT-Entwicklerin und liebt ihre neue Heimat. Was h\u00e4lt sie vom Muezzin-Ruf in K\u00f6ln?<br \/>\n<em>Hellen, was hast du gedacht, als du davon geh\u00f6rt hast, dass die Ditib-Moschee den Muezzin rufen lassen will?<\/em><br \/>\nIch habe gedacht: Sie sind wieder da. Wieder sind die Islamisten in Deutschland ein St\u00fcck weitergekommen. Fast 40 Jahre lang hatte ich sie aus meinem Leben verbannt. K\u00f6ln ist meine Heimat, ich liebe diese Stadt \u2013 nun macht sie mir Angst. Wenn so etwas wie ein Muezzin-Ruf genehmigt werden soll, warum fragt eine Stadtverwaltung dann nur nach L\u00e4rmbel\u00e4stigung, nicht aber nach der tiefen Bedeutung, die dieser Ruf hat?<br \/>\n<em>Und was bedeutet der Muezzin-Ruf?<\/em><br \/>\nSeit der Islamischen Revolution unter der F\u00fchrung von Khomeini im Iran wurde dieses Freitagsgebet auf zentralen Pl\u00e4tzen in den St\u00e4dten zum politischen Akt, zu dem die jeweilige Tagespolitik verk\u00fcndet wurde. Jede Moschee kann jeden Tag etwas rufen, es aber am Freitag zu tun, das hat eine tiefe politische Bedeutung. Zu meiner Zeit in Teheran wurden am Freitag neue Gesetze der Scharia erlassen, zum Beispiel neue Restriktionen f\u00fcr Frauen. Hoch hinab vom Minarett sollte der Ruf symbolisieren: Die Scharia ist von Allah gewollt, ein Gesetz aus dem Himmel, es steht \u00fcber allem.<br \/>\n<em>Was bedeutet der Ruf konkret f\u00fcr Frauen?<\/em><br \/>\nDass wir uns der Sittenpolizei und der Scharia zu unterwerfen haben. Er ist die lautstarke Verk\u00fcndung einer neuen Gesellschaftsordnung, in der der Mann \u00fcber der Frau steht und die Frau sich zu verh\u00fcllen hat, unsichtbar wird. Hier in K\u00f6ln wie in vielen anderen deutschen St\u00e4dten leben Frauen, die unter dem Klang vom Muezzin-Ruf in iranischen Gef\u00e4ngnissen gefoltert worden sind. Dieser Ruf sollte die Folterknechte zu besonderer H\u00e4rte ermutigen. Und den Gefolterten sollte er sich zusammen mit den Schl\u00e4gen einbrennen, sie brechen. Auch wussten alle Frauen einer Stadt: Jetzt werden wieder manche von uns geschlagen, ja gefoltert. Der Ruf ging den Frauen damals durch Mark und Bein, es ist ein Ruf des Schreckens. In Deutschland leben viele tausende Frauen, die vor den Islamisten geflohen sind. Dass sie diesen Ruf hier in Deutschland h\u00f6ren m\u00fcssen, ist unmenschlich.<br \/>\n&#8230;.<br \/>\n<em>Die liberalen MuslimInnen wurden nicht gefragt?<\/em><br \/>\nNat\u00fcrlich nicht. Wir wollen keinen Muezzin-Ruf! Kein Kopftuch! Keine Scharia! Wir wollen einfach in Freiheit hier leben. Religionsfreiheit bedeutet f\u00fcr uns, frei vom Terror der Islamisten zu sein! Mouhanad Khorchide und Lale Akg\u00fcn haben sich kritisch dazu ge\u00e4u\u00dfert, benennen den Ruf klar als Signal des politischen Islam \u2013 trotzdem erschallt er, mitten in K\u00f6ln. Ich frage mich, warum die Ditib-Moschee, die bekannterma\u00dfen der verl\u00e4ngerte Arm von Erdogan ist, hier schalten und walten kann, wie sie will.<br \/>\n&#8230; Alles vom 14.10.2022 bitte lesen auf<br \/>\n<a href=\"https:\/\/www.emma.de\/artikel\/koeln-der-ruf-des-muezzins-und-was-er-fuer-frauen-bedeutet-339793\">https:\/\/www.emma.de\/artikel\/koeln-der-ruf-des-muezzins-und-was-er-fuer-frauen-bedeutet-339793<\/a><\/p>\n","protected":false},"excerpt":{"rendered":"<p>Seit 14.10.2022 ruft der Muezzin &#8222;Allahu Akbar &#8222; von der Zentralmoschee in K\u00f6ln der T\u00fcrkisch-Islamischen Union Ditib, die der t\u00fcrkischen Regierung des autokratisch-islamistischen Pr\u00e4sidenten Recep Erdogan untersteht. Anders als das Glockenl\u00e4uten der christlichen Kirchen ist der Muezzinruf nicht nur ein &hellip; <a href=\"https:\/\/www.freiburg-schwarzwald.de\/blog\/muezzinruf-an-moschee-in-koeln\/\">Weiterlesen <span class=\"meta-nav\">&rarr;<\/span><\/a><\/p>\n","protected":false},"author":2,"featured_media":0,"comment_status":"open","ping_status":"closed","sticky":false,"template":"","format":"standard","meta":{"footnotes":""},"categories":[18,89,157,19,9,172],"tags":[421,503,156,623,726],"class_list":["post-105343","post","type-post","status-publish","format-standard","hentry","category-bildung","category-kirchen","category-oeffentlicher-raum","category-religion","category-soziales","category-zukunft","tag-islam","tag-church","tag-larm","tag-moschee","tag-oeffentlicher-raum"],"_links":{"self":[{"href":"https:\/\/www.freiburg-schwarzwald.de\/blog\/wp-json\/wp\/v2\/posts\/105343","targetHints":{"allow":["GET"]}}],"collection":[{"href":"https:\/\/www.freiburg-schwarzwald.de\/blog\/wp-json\/wp\/v2\/posts"}],"about":[{"href":"https:\/\/www.freiburg-schwarzwald.de\/blog\/wp-json\/wp\/v2\/types\/post"}],"author":[{"embeddable":true,"href":"https:\/\/www.freiburg-schwarzwald.de\/blog\/wp-json\/wp\/v2\/users\/2"}],"replies":[{"embeddable":true,"href":"https:\/\/www.freiburg-schwarzwald.de\/blog\/wp-json\/wp\/v2\/comments?post=105343"}],"version-history":[{"count":4,"href":"https:\/\/www.freiburg-schwarzwald.de\/blog\/wp-json\/wp\/v2\/posts\/105343\/revisions"}],"predecessor-version":[{"id":105398,"href":"https:\/\/www.freiburg-schwarzwald.de\/blog\/wp-json\/wp\/v2\/posts\/105343\/revisions\/105398"}],"wp:attachment":[{"href":"https:\/\/www.freiburg-schwarzwald.de\/blog\/wp-json\/wp\/v2\/media?parent=105343"}],"wp:term":[{"taxonomy":"category","embeddable":true,"href":"https:\/\/www.freiburg-schwarzwald.de\/blog\/wp-json\/wp\/v2\/categories?post=105343"},{"taxonomy":"post_tag","embeddable":true,"href":"https:\/\/www.freiburg-schwarzwald.de\/blog\/wp-json\/wp\/v2\/tags?post=105343"}],"curies":[{"name":"wp","href":"https:\/\/api.w.org\/{rel}","templated":true}]}}