{"id":105253,"date":"2022-10-13T09:59:18","date_gmt":"2022-10-13T07:59:18","guid":{"rendered":"https:\/\/www.freiburg-schwarzwald.de\/blog\/?p=105253"},"modified":"2022-10-23T19:33:02","modified_gmt":"2022-10-23T17:33:02","slug":"pfizer-luege-zu-corona-impfung","status":"publish","type":"post","link":"https:\/\/www.freiburg-schwarzwald.de\/blog\/pfizer-luege-zu-corona-impfung\/","title":{"rendered":"Pfizer-L\u00fcge zu Corona-Impfung"},"content":{"rendered":"<p>Im <a href=\"https:\/\/www.freiburg-schwarzwald.de\/blog\/global\/eu\/eu-zentralstaat\/\">EU-Parlament<\/a> fragt der niederl\u00e4ndische Abgeordnete Rob Roos <em>&#8222;Haben Sie vor Markteinf\u00fchrung untersucht, ob Ihr Impfstoff die Virusverbreitung stoppt?<\/em>&#8220; Die <a href=\"https:\/\/www.freiburg-schwarzwald.de\/blog\/business\/gesund\/corona-virus\/impfung\/\">Pfizer<\/a>-Direktorin Janin Small antwortet lachend und ehrlich: <em>&#8222;Nein, haha, diese, \u00e4m, wissen Sie, &#8230;&#8220;<\/em> Es lohnt, sich diesen Dialog vom 10.10.2022 im Strasbourger <a href=\"https:\/\/www.freiburg-schwarzwald.de\/blog\/engagement\/zukunft\/demokratie\/parlament\/\">Parlament<\/a> anzuh\u00f6ren.<br \/>\n.<!--more--><br \/>\nPfizer did not know whether Covid vaccine stopped transmission before rollout: <a href=\"https:\/\/youtu.be\/mnxlxzxoZx0\">https:\/\/youtu.be\/mnxlxzxoZx0<\/a><br \/>\n<a href=\"https:\/\/youtu.be\/2YagXbprzFE\">https:\/\/youtu.be\/2YagXbprzFE<\/a><br \/>\nMit deutschen Untertiteln:<br \/>\n<a href=\"https:\/\/philosophia-perennis.com\/wp-content\/uploads\/2022\/10\/jScdBrz60QrmShW8.mp4?_=1\">https:\/\/philosophia-perennis.com\/wp-content\/uploads\/2022\/10\/jScdBrz60QrmShW8.mp4?_=1<\/a><br \/>\n.<br \/>\n<a href=\"https:\/\/multimedia.europarl.europa.eu\/de\/video\/ep-special-committee-on-the-covid-19-pandemic-lessons-learned-and-recommendations-for-the-future-extracts-from-the-exchange-of-views_I231213\">https:\/\/multimedia.europarl.europa.eu\/de\/video\/ep-special-committee-on-the-covid-19-pandemic-lessons-learned-and-recommendations-for-the-future-extracts-from-the-exchange-of-views_I231213<\/a><br \/>\n.<br \/>\nMit diesem Eingest\u00e4ndnis einer Direktorin von Pfizer (siehe auch (1) unten) bei einer offiziellen Covid19-Anh\u00f6rung vor dem europ\u00e4ischen Parlament, da\u00df die <a href=\"https:\/\/www.freiburg-schwarzwald.de\/blog\/business\/gesund\/corona-virus\/impfung\/\">Covid19-Vakzine<\/a> vor dem Verkauf in der Apotheke \u00fcberhaupt nicht getestet wurden, ob sie eine \u00dcbertragung bzw. Ansteckung von <a href=\"https:\/\/www.freiburg-schwarzwald.de\/blog\/business\/gesund\/corona-virus\/\">Corona<\/a> verhindern, bricht das Fundament ein, auf das sich Hersteller, Politiker, Medien, Mediziner wie auch das Bundesverfassungsgericht (BVerfG) bei ihren Impfgesetzen und -verordnungen seit 2020 beriefen.<br \/>\nAlle &#8222;Impfung bietet Fremdschutz&#8220;-Versprechungen sind L\u00fcge. Appelle wie &#8222;Seid solidarisch&#8220; und &#8222;Impfen ist Liebe&#8220; sind unlauter. Der Justiz ist das Argument zur Einf\u00fchrung der Impfpflicht f\u00fcr bestimmte Berufe entzogen.<br \/>\nDie Hetze gegen und <a href=\"https:\/\/www.freiburg-schwarzwald.de\/blog\/business\/gesund\/corona-virus\/corona-angst\/\">Ver\u00e4ngstigung<\/a> wie Ausgrenzung von Ungeimpften, die unsere Gesellschaft gespalten und sozialen Unfrieden gesch\u00fcrt hat, stellt sich sp\u00e4testens jetzt als Unrecht dar. Das schlimme <a href=\"https:\/\/www.freiburg-schwarzwald.de\/blog\/business\/gesund\/corona-virus\/corona-strategiepapier\/\">Strategiepapier<\/a> der Regierung (&#8222;Kinder in Angst und Panik versetzen&#8220;) gr\u00fcndet auf Erfindungen.<br \/>\n<a href=\"https:\/\/www.freiburg-schwarzwald.de\/blog\/business\/gesund\/corona-virus\/impfzwang\/\">Impfpflicht<\/a> und Impfpass sind die rechtlichen Grundlagen entzogen (siehe (2) unten).<br \/>\nDas BVerfG hatte den Fremdschutz der Pfizer-Impfung seiner Rechtm\u00e4\u00dfigkeitserkl\u00e4rung des Infektionsschutzgesetzes zugrundegelegt. Mu\u00df das BVerfG sein Urteil nicht revidieren, nachdem sich die Begr\u00fcndung als L\u00fcge entpuppt hat?<\/p>\n<p>Nun hat es der Hersteller Pfizer selbst zugegeben: Der Fremdschutz wie Selbstschutz seiner Corona-Vakzine war vorab nie getestet worden, d.h. es wurde bewu\u00dft mit unhaltbaren <a href=\"https:\/\/www.freiburg-schwarzwald.de\/blog\/business\/gesund\/corona-virus\/impf-versprechen\/\">Versprechungen<\/a> die Unwahrheit verbreitet. So etwas nennt man auch L\u00fcge. Die vielen <a href=\"https:\/\/www.freiburg-schwarzwald.de\/blog\/kultur\/aufklaerung\/skepsis\/\">skeptischen<\/a> Menschen sind zu unrecht als Schwurbler, Leugner, <a href=\"https:\/\/www.freiburg-schwarzwald.de\/blog\/kultur\/medien\/verschwoerungstheorien\/\">Verschw\u00f6rungstheoretiker<\/a> bis hin zu <a href=\"https:\/\/www.freiburg-schwarzwald.de\/blog\/religion\/juden\/nazi\/nazi-keule\/\">Nazi<\/a> abgetan und im gesellschaftlichen Leben diskriminiert worden.<\/p>\n<p>Nach dem <a href=\"https:\/\/www.freiburg-schwarzwald.de\/blog\/business\/gesund\/corona-virus\/corona-regiment\/\">Corona-Desaster<\/a> ist eine <a href=\"https:\/\/www.freiburg-schwarzwald.de\/blog\/business\/gesund\/corona-virus\/corona-versoehnung\/\">Vers\u00f6hnung der Gesellschaft<\/a> mehr als \u00fcberf\u00e4llig. Diese jedoch setzt eine ehrliche Aufarbeitung voraus, um die Verantwortlichen zur <a href=\"https:\/\/www.freiburg-schwarzwald.de\/blog\/business\/gesund\/corona-virus\/corona-rechenschaft\/\">Rechenschaft<\/a> zu ziehen. Dazu mu\u00df diese Anh\u00f6rung im EU-Parlament vom 10.10.2022 in Strasbourg publik gemacht (leider ist davon in den <a href=\"https:\/\/www.freiburg-schwarzwald.de\/blog\/kultur\/medien\/mainstream\/\">Mainstream-Medien<\/a> und im <a href=\"https:\/\/www.freiburg-schwarzwald.de\/blog\/kultur\/medien\/oerr\/\">\u00d6RR<\/a> bislang nichts zu lesen) und diskutiert werden.<br \/>\n13.10.2022<\/p>\n<p>&nbsp;<\/p>\n<p><strong>(1) Pfizer-Vertreterin schockt mit Aussage: Der Covid-Impfstoff sei nicht auf die \u00dcbertragbarkeit des Virus getestet worden<\/strong><br \/>\nRob Roos MEP @Rob_Roos<br \/>\nIn COVID hearing, #Pfizer director admits:<br \/>\n#vaccine was never tested on preventing transmission.<br \/>\n&#8222;Get vaccinated for others&#8220; was always a lie.<br \/>\nThe only purpose of the #COVID passport: forcing people to get vaccinated.<br \/>\nThe world needs to know. Share this video!<br \/>\n<a href=\"https:\/\/twitter.com\/i\/status\/1579759795225198593\">https:\/\/twitter.com\/i\/status\/1579759795225198593<\/a><br \/>\n11.10.2022<\/p>\n<p>Am Tag nach der Anh\u00f6rung hielten verschiedene EU-Parlamentarier eine Pressekonferenz.<br \/>\n<a href=\"https:\/\/www.youtube.com\/watch?v=2jTgDj7uiX8\">https:\/\/www.youtube.com\/watch?v=2jTgDj7uiX8<\/a><br \/>\nSie wurde von Cristian Terhes, einem EU-Abgeordneten aus Rum\u00e4nien, er\u00f6ffnet, der f\u00fcr seine kritische Haltung zu den Massnahmen in der Pandemie bekannt ist. Er meinte, dass die Europ\u00e4er f\u00fcr Produkte bezahlt h\u00e4tten, die nicht das leisten w\u00fcrden, wof\u00fcr sie angepriesen worden seien.<br \/>\n\u00abMeine Kollegen und ich sind schockiert, dass die Impfungen nicht auf die Eind\u00e4mmung der Verbreitung getestet wurden, als die Pharmakonzerne eine Sondergenehmigung f\u00fcr den Impfstoff beantragten.\u00bb<br \/>\n&#8230; Alles vom 12.10.2022 bitte lesen auf<br \/>\n<a href=\"https:\/\/weltwoche.ch\/daily\/pfizer-vertreterin-schockt-mit-aussage-der-covid-impfstoff-sei-nicht-auf-die-uebertragbarkeit-des-virus-getestet-worden\/\">https:\/\/weltwoche.ch\/daily\/pfizer-vertreterin-schockt-mit-aussage-der-covid-impfstoff-sei-nicht-auf-die-uebertragbarkeit-des-virus-getestet-worden\/<\/a><\/p>\n<p>Einige Kommentare:<br \/>\nDass die Impfung keinen Fremdschutz bietet war schon Mitte 21 klar. Deshalb wunderte ich mich, dass man unbedingt alle impfen wollte &#8211; auch diejenigen, die nicht zur Risikogruppe geh\u00f6rten und nie die Spit\u00e4ler \u00fcberlasten w\u00fcrden. Einzige Erkl\u00e4rung f\u00fcr diese unlogische Politik muss der Umstand gewesen sein, dass sie den armen Pharmafirmen gr\u00f6\u00dfere Gewinne sichern wollten.<br \/>\n12.10.2022, Mir<\/p>\n<p>Nun ist bekannt, was Kritiker seit Jahren prognostizierten. Hallo, wann endlich ermittelt die Staatsanwaltschaft gegen Swissmedic. das BAG und unser Parlament, denen die Gesundheit ihrer W\u00e4hler bildlich gesprochen am Arsch vorbei geht. Keiner der Impfstoffe hat eine Zulassung. Nur eine Notfallzulassung, &#8211; ja klar keine juristischen Probleme.<br \/>\n12.10.2022, Alt<\/p>\n<p><strong>&#8230; die Wahrheit kommt immer mehr ans Licht.<\/strong><br \/>\nStrafanklage gegen Pfizer, Lauterbach, Engelberger, Drosten etc. T\u00e4glich verbreiteten sie Angst u. Schrecken bez. Corona\/Covid, dr\u00e4ngten Menschen zu ungetesteten genmanipulierten Gift-Spritzen. Auch Mainstreammedien wie SRF, Tagi, BaZ, Blick, Bund, WOZ, 20 Min. tragen mit ihrer Panikmache zu Impftoten bei, da nebst wurden Impfskeptiker\/-kritiker von diesen Bl\u00e4ttern massiv beleidigt und verunglimpft. Heute haben diese Manipulatoren das Zwei auf dem R\u00fccken, die Wahrheit kommt immer mehr ans Licht.<br \/>\n12.102022, Nes<\/p>\n<p><strong>Viele Impfkritiker vermuteten dies bereits vor einem Jahr.<\/strong><br \/>\nSie wurden als Covidioten, Schwurbler, Verschw\u00f6rungstheoretiker und Asoziale verunglimpft.<br \/>\n12.10.2022, Ben<\/p>\n<p>13\u2019900 Mitglieder der Kl\u00e4gergemeinschaft WirMenschen haben am 28.9.2022 bei der Staatsanwaltschaft Bern eine Strafanzeige gegen die Direktorin des Schweizer Bundesamtes f\u00fcr Gesundheit (BAG) Anne L\u00e9vy und weitere Kadermitglieder eingereicht. Es bleibt spannend. Bricht das L\u00fcgenkonstrukt zusammen?<br \/>\n<a href=\"https:\/\/www.aletheia-scimed.ch\/de\/medienmitteilung-strafanzeige-gegen-direktionsmitglieder-des-bundesamtes-fuer-gesundheit-eingereicht\/\">https:\/\/www.aletheia-scimed.ch\/de\/medienmitteilung-strafanzeige-gegen-direktionsmitglieder-des-bundesamtes-fuer-gesundheit-eingereicht\/<\/a><br \/>\n12.10,.2022, mos<\/p>\n<p>Dann haben Politiker und Gesundheitsbeamte die Aussage, dass ein Geimpfter kaum Covid bekommen und kaum weitergeben kann, also einfach erfunden. Und sind damit auch verantwortlich f\u00fcr die Konsequenzen, die die Ungeimpften aufgrund dieser Falschinformation zu erleiden hatten: Ausschluss aus Teilen des \u00f6ffentlichen Lebens und Verunglimpfung als Asoziale, Virenschleudern, M\u00f6rder, usw. Und das Zertifikat begr\u00fcndet sich auch darauf.<br \/>\n12.10.2022, Mat<\/p>\n<p>Wenn Pfizer nicht getestet hat, ob die &#8222;Impfung&#8220; die \u00dcbertragbarkeit des Virus hindert, warum wurden dann Ungeimpfte dermassen diskriminiert? Stichwort Restuarantverbot. Wieso haben sich alle westlichen Gesundheitsministerien auf die Ungeimpften eingeschossen, wenn es keine Datengrundlage dafuer gab? War es einfach die Rechtfertigung dafuer, eine Ueberwachungsapp, das Covid-Zertifikat, einfuehren zu koennen? Und wer hat das koordiniert? Die WHO, oder GAVI oder gar das WEF? Es stinkt zum Himmel.<br \/>\n12.10.2022, Alp<\/p>\n<p>Ein ungepr\u00fcftes Medikament bringt zuvor gesunde Leute um!<br \/>\nDas Gest\u00e4ndnis ist das juristische Todesurteil f\u00fcr Pfizer. Wenn alles mit rechten Dingen zugeht. Die Schadensersatzforderungen bringen die um, denn unter diesen Umst\u00e4nden werden auch die Versicherungen nicht bereit sein, Milliarden auf den Tisch zu legen.<br \/>\n12.10.2022, Pas<br \/>\nEnde Kommentare<br \/>\n.<\/p>\n<p><strong>(2) Stefan Homburg: Impfpflicht und Impfp\u00e4sse fu\u00dfen alle auf falscher Behauptung<\/strong><br \/>\nStefan Homburg @SHomburg<br \/>\nPfizer-Anh\u00f6rung im EU-Parlament<br \/>\nAbgeordneter : Haben Sie vor Markteinf\u00fchrung untersucht, ob Ihr Impfstoff die Virusverbreitung stoppt?<br \/>\nPfizer-Direktorin (lacht): Nein!<br \/>\nSp\u00e4testens jetzt sollten Wiederaufnahmeverfahren zur Impfpflicht beim @BVerfG<br \/>\nund @BVerwG_de beginnen.<br \/>\nEinrichtungsbezogene und Soldatenimpfpflicht sowie Impfp\u00e4sse fu\u00dfen alle auf der Behauptung von @Karl_Lauterbach und @rki_de, , dass der Impfstoff vor Ansteckung und \u00dcbertragung sch\u00fctze.<br \/>\nIch hatte stets gesagt, dass davon in den Zulassungsstudien nichts stand.<br \/>\nJetzt h\u00f6ren Sie es.<br \/>\n11.10.2022, 5:04 nachm<br \/>\n<a href=\"https:\/\/twitter.com\/SHomburg\/status\/1579850312650985480\">https:\/\/twitter.com\/SHomburg\/status\/1579850312650985480<\/a><br \/>\n.<\/p>\n<p><strong>(3) Pfizer vor der EU: Best\u00e4tigung einer \u201ebilligen L\u00fcge\u201c?<\/strong><br \/>\nDer Sachverhalt ist im Grunde nicht neu: Wissenschaftliche Evidenz f\u00fcr die Behauptung, dass die Corona-Impfstoffe Ansteckungen verhindern und somit auch andere sch\u00fctzen w\u00fcrden, gab es seitens der Hersteller nie. Vor dem EU-Parlament hat Pfizer nun best\u00e4tigt, dass f\u00fcr diese Behauptung nie Daten erhoben wurden.<br \/>\nDer niederl\u00e4ndische Politiker Rob Roos, Mitglied der liberal-konservativen Partei JA21, hat die Pfizer-Pr\u00e4sidentin f\u00fcr internationale Entwicklungsm\u00e4rkte, Janine Small, danach gefragt, ob das Pfizer-Vakzin darauf getestet wurde, ob es die \u00dcbertragung des Virus stoppe, bevor es auf den Markt kam. Sie antwortet mit einem Kichern: \u201eNein, wir mussten wirklich mit der Geschwindigkeit der Wissenschaft mithalten, um wirklich zu verstehen, was auf dem Markt vor sich geht.\u201c (Siehe hier ab Min. 58:42 <a href=\"https:\/\/youtu.be\/qvAkQrhyIck\">https:\/\/youtu.be\/qvAkQrhyIck<\/a> ).<br \/>\nRoos nennt das skandal\u00f6s und kriminell, denn er schlussfolgert: \u201eMillionen von Menschen weltweit f\u00fchlten sich aufgrund des Mythos \u201aMan tut es f\u00fcr andere\u2018 dazu gezwungen, sich impfen zu lassen. Nun stellt sich das als eine billige L\u00fcge heraus.\u201c Auf Twitter ging seine Video-Ansprache viral. <a href=\"https:\/\/twitter.com\/Rob_Roos\/status\/1579759795225198593\">https:\/\/twitter.com\/Rob_Roos\/status\/1579759795225198593<\/a><br \/>\n&#8230;<br \/>\nJuristisch relevant d\u00fcrfte die ganze Angelegenheit in vielfacher Hinsicht sein. Die Impfkampagne der Bundesregierung beruht ganz wesentlich auf der Behauptung des Fremdschutzes: <a href=\"https:\/\/www.zusammengegencorona.de\/impfen\/10-gruende-sich-jetzt-gegen-das-coronavirus-impfen-zu-lassen\/\">https:\/\/www.zusammengegencorona.de\/impfen\/10-gruende-sich-jetzt-gegen-das-coronavirus-impfen-zu-lassen\/<\/a><br \/>\n&#8230;<br \/>\nWarum sollte eine Impfung, die im K\u00f6rper wirkt, denn auch verhindern, dass jemandem Viren auf die Nasenschleimhaut gelangen \u2013 und von dort weiterhuschen?<br \/>\n&#8230; Alles vom 12.10.2022 bitte lesen auf<br \/>\n<a href=\"https:\/\/www.achgut.com\/artikel\/pfizer_vor_der_eu_bestaetigung_einer_billigen_luege\">https:\/\/www.achgut.com\/artikel\/pfizer_vor_der_eu_bestaetigung_einer_billigen_luege<\/a><br \/>\n.<br \/>\nEinige Kommentare:<br \/>\n<strong>BVerfG hat dies in seine Corona-Entscheidung \u00fcbernommen<\/strong><br \/>\nDas ist, wie richtig angemerkt, juristisch sehr relevant, denn nicht zuletzt das \u201cBVerfG\u201d hat diese Begruendung in seiner Corona &#8211; Entscheidung \u00fcbernommen. Allerspaetestens jetzt waere die Stunde des Anfangsverdachts gekommen, denn der Fremdschutz war und ist eine tragende Rechtfertigung der sogen Impfopfer. Man nimmt schwere Sch\u00e4den einiger billigend in Kauf, um angeblich viele zu \u201cretten\u201d. Erstaunlich genug, dass selbst vermeintlich kritische Virologen am Impfmythos festhalten. Auch und vor allem an diesem Beispiel ist der Zustand dieses \u201cRechtsstaates\u201d in voelliger Aufl\u00f6sung und Transformation in einen reinen, bestenfalls willkuerlichen, eher totalitaeren Machtstaat festzumachen. Wobei die permanente Rechtswidrigkeit des Regimehandelns auch nur noch eine kleine Minderheit st\u00f6rt.<br \/>\n12.10.2022, R.N.<\/p>\n<p>Und nun? Wird das Spritzen und die Propagande gestoppt? Kommen die Verantwortlichen vor Gericht? Gibt es massenweise R\u00fccktritte? Nein, Bill Gates vergibt noch flei\u00dfig Preise an Personen, die Spritzsch\u00e4den und -tote zu verantworten haben. Aber die Strafe wird hoffentlich kommen.<br \/>\n12.10.2022, T.H.<\/p>\n<p>Nun werden auch die Gefolgschaft zu, von erster Hand best\u00e4tigten, L\u00fcgnern und Betr\u00fcgern! Am schlimmsten wird das f\u00fcr die medizinische Gemeinde, welche sich selbst einem \u201cinstitutionellen Selbstbetrug\u201d an sich und ihren Mitgliedern schuldig gemacht haben! Die Impfpflicht f\u00fcr Mediziner ist wohl ein, wenn nicht DER Tiefpunkt der deutschen Medizingeschichte! Interessant wird es sein, die gro\u00dfspurigen Aussagen der diversen Vorst\u00e4nde, Chef\u00e4rzte, Pr\u00e4sidenten etc. zu erinnern und diesen vorzuhalten! Von RKI usw. ganz zu schweigen! Das Vertrauen in ihre Profession wird wohl schwer ersch\u00fcttert werden! Man hofft auf eine rechtliche Aufarbeitung!<br \/>\n12.10.2022, P.M.<\/p>\n<p>Jemand hier, dem beim Anschauen des Roos Videos nicht kotz\u00fcbel wurde? Ob sich mittels dieses Videos Spahn und Lauterbach und m\u00f6glicherweise die halbe Regierung hinter Gitter bringen lie\u00dfe? Warum lese ich in den MSM nichts von dieser Nummer? # Womit haben wir es zu tun? Mit einer Regierung, deren Angeh\u00f6rige einen Eid geschworen haben zum Nutzen des deutschen Volkes t\u00e4tig zu werden und Schaden von ihm zu wenden?<br \/>\n12.10.2022, B.F.<\/p>\n<p>Sogenannte \u201eImpfstoffe\u201c, die unter Nutzung unserer Steuergelder entwickelt wurden, die Infektion nicht verhindern, die die Weitergabe des Virus nicht unterbinden, und jede Menge Nebenwirkungen bis hin zum Tod haben. Und dann der Schrieb vom sogenannten \u201eGesundheitsminister\u201c \u00fcber die Krankenkasse mit dem Satz \u201eMit einer erneuten Impfung\u2026.tragen sie dazu bei, Infektionsketten zu durchbrechen\u2026\u201c. Das ist angesichts der Aussage der Pfizer-Vertreterin eine glatte L\u00fcge. Aber naja &#8211; die L\u00fcgen sind wir ja schon seit Jahren gewohnt.<br \/>\n12.10.2022, A.H.<\/p>\n<p>Ich h\u00f6rte gerade auf youtube eine Befragung des Herrn Lauterbach durch die AFD, 6 Std alt. Ein sehr bemerkenswerter Satz kam von ihm auf die Frage, ob das Statement &#8222;&#8230;. oder im M\u00e4rz sind alle tot\u2026 &#8222;eine glatte L\u00fcge sei. \u201cFalsche Einsch\u00e4tzungen sind keine L\u00fcge\u201d . Nun wissen wir es. Der Mann ist einer Selbstreflexion unf\u00e4hig.<br \/>\n12.10.2022, U.Sch.<\/p>\n<p>Wird Herr Harbarth, oberster Gerichtspr\u00e4sident (des BVerfG) von Merkels Gnaden, sein Urteil kassieren?<br \/>\n12.10.2022, B..M.<\/p>\n<p>Im Grund ist es ein Skandal, dass die EU so lange braucht, um sich best\u00e4tigen zu lassen, was abseits der Mainstreampresse seit Einf\u00fchrung der Impfstoffe mindestens diskutiert und vermutet wurde.<br \/>\n12.10.2022, J.H.<br \/>\nEnde Kommentare<br \/>\n.<br \/>\n.<\/p>\n<p><strong>(4) Impfstoff wurde vorab gar nicht auf Verhinderung von Ansteckungen getestet<\/strong><br \/>\n&#8230; Im Dezember 2020 schrieb die US-Gesundheitsbeh\u00f6rde in einem Text unter dem Titel \u201eFDA-Bewertung der verf\u00fcgbaren Wirksamkeitsdaten\u201c: \u201eDerzeit gibt es keine Daten, die eine Aussage dar\u00fcber erm\u00f6glichen, f\u00fcr wie lange der Impfstoff sch\u00fctzt, und es liegen auch keine Hinweise vor, dass der Impfstoff die \u00dcbertragung von SARS-CoV-2 von Mensch zu Mensch verhindert.\u201c<br \/>\nInsofern ist auch die Aussage der Pfizer-Managerin alles andere als bahnbrechend \u2013 aber eben doch interessant. Ebenso wie jetzt die Reaktionen.<br \/>\nDenn erst sp\u00e4ter traten Spahn, Wieler und Co. mit ihren Beteuerungen an die \u00d6ffentlichkeit, neue Erkenntnisse w\u00fcrden einen Schutz vor \u00dcbertragung durch die Impfung belegen. Erst sp\u00e4ter wurde damit dann die Terrorisierungen des ungeimpften Teils der Bev\u00f6lkerung gerechtfertigt.<br \/>\nInzwischen sind selbst die vern\u00fcnftigeren Anh\u00e4nger einer strengen Corona-Politik \u2013 zu denen ich Lauterbach nicht z\u00e4hle \u2013 sehr kleinlaut geworden, was diesen angeblichen Schutz vor Ansteckung angeht. Es gilt als Konsens, dass ein solcher im besten Falle eher gering ist; Kritiker halten ihn f\u00fcr nicht nennenswert und verweisen auf die auffallend vielen Mehrfach-Infektionen von mehrfach Geimpften.<br \/>\nWenn dereinst \u2013 hoffentlich \u2013 eine \u00f6ffentliche und juristische Aufarbeitung der Corona-Politik stattfindet, wird sich diese also in erster Linie damit besch\u00e4ftigen m\u00fcssen, welche wissenschaftlichen Grundlagen unsere Politiker und Beamte wie Wieler f\u00fcr die massive Diskriminierung Ungeimpfter zu dem Zeitpunkt hatten, als sie 2G einf\u00fchrten und Hetze gegen Menschen ohne \u201ePiks\u201c zum gesellschaftlichen Konsens machten. Handfestes haben sie zumindest in meinen Augen bis heute nicht geliefert.<br \/>\n&#8230; Alles vom 14.10.2022 bitte lesen auf<br \/>\n<a href=\"https:\/\/reitschuster.de\/post\/impfstoff-wurde-vorab-gar-nicht-auf-verhinderung-von-ansteckungen-getestet\/\">https:\/\/reitschuster.de\/post\/impfstoff-wurde-vorab-gar-nicht-auf-verhinderung-von-ansteckungen-getestet\/<\/a><br \/>\n.<br \/>\n.<\/p>\n<p><strong>(5) Pfizer-Vertreterin: Es gab keinen Nachweis \u00fcber Fremdschutz durch Biontech-Impfstoff<\/strong><br \/>\nPfizer-Managerin Janine Small stellte sich den Fragen der EU-Parlamentarier \u2013 und schwieg zu den meisten beharrlich. Ein Detail aber gab sie preis: Einen Nachweis, dass der Impfstoff die \u00dcbertragung verhindere, gab es nicht. Eilig m\u00fchten sich Faktenpr\u00fcfer: das habe das Unternehmen aber auch nie behauptet.<br \/>\n&#8230; Alles vom 15.10.2022 bitte lesen auf<br \/>\n<a href=\"https:\/\/www.tichyseinblick.de\/kolumnen\/aus-aller-welt\/pfizer-janine-small-fremdschutz-impfstoff\/\">https:\/\/www.tichyseinblick.de\/kolumnen\/aus-aller-welt\/pfizer-janine-small-fremdschutz-impfstoff\/<\/a><\/p>\n<p>.<\/p>\n<p><strong>Pfizer-Direktorin mit unfassbarem Gest\u00e4ndnis: Vakzine nicht auf Fremdschutz getestet<\/strong><br \/>\nIm Sonderausschuss zur Corona-Pandemie hat eine Pfizer-Direktorin gestanden, dass sie die Covid-Impfung vor der Markteinf\u00fchrung nicht darauf getestet haben, ob sie die Transmission des Virus verhindert! Die Folgen aus diesem Gest\u00e4ndnis k\u00f6nnten dramatischer kaum sein.<br \/>\n11.10.2022<br \/>\n<a href=\"https:\/\/www.bitchute.com\/video\/ajYXJgES8nwn\/\">https:\/\/www.bitchute.com\/video\/ajYXJgES8nwn\/<\/a><\/p>\n","protected":false},"excerpt":{"rendered":"<p>Im EU-Parlament fragt der niederl\u00e4ndische Abgeordnete Rob Roos &#8222;Haben Sie vor Markteinf\u00fchrung untersucht, ob Ihr Impfstoff die Virusverbreitung stoppt?&#8220; Die Pfizer-Direktorin Janin Small antwortet lachend und ehrlich: &#8222;Nein, haha, diese, \u00e4m, wissen Sie, &#8230;&#8220; Es lohnt, sich diesen Dialog vom &hellip; <a href=\"https:\/\/www.freiburg-schwarzwald.de\/blog\/pfizer-luege-zu-corona-impfung\/\">Weiterlesen <span class=\"meta-nav\">&rarr;<\/span><\/a><\/p>\n","protected":false},"author":2,"featured_media":0,"comment_status":"open","ping_status":"closed","sticky":false,"template":"","format":"standard","meta":{"footnotes":""},"categories":[433,18,195,158],"tags":[766,700,549],"class_list":["post-105253","post","type-post","status-publish","format-standard","hentry","category-arzt","category-bildung","category-eu","category-gesund","tag-buerger","tag-corona","tag-gesetz"],"_links":{"self":[{"href":"https:\/\/www.freiburg-schwarzwald.de\/blog\/wp-json\/wp\/v2\/posts\/105253","targetHints":{"allow":["GET"]}}],"collection":[{"href":"https:\/\/www.freiburg-schwarzwald.de\/blog\/wp-json\/wp\/v2\/posts"}],"about":[{"href":"https:\/\/www.freiburg-schwarzwald.de\/blog\/wp-json\/wp\/v2\/types\/post"}],"author":[{"embeddable":true,"href":"https:\/\/www.freiburg-schwarzwald.de\/blog\/wp-json\/wp\/v2\/users\/2"}],"replies":[{"embeddable":true,"href":"https:\/\/www.freiburg-schwarzwald.de\/blog\/wp-json\/wp\/v2\/comments?post=105253"}],"version-history":[{"count":5,"href":"https:\/\/www.freiburg-schwarzwald.de\/blog\/wp-json\/wp\/v2\/posts\/105253\/revisions"}],"predecessor-version":[{"id":105593,"href":"https:\/\/www.freiburg-schwarzwald.de\/blog\/wp-json\/wp\/v2\/posts\/105253\/revisions\/105593"}],"wp:attachment":[{"href":"https:\/\/www.freiburg-schwarzwald.de\/blog\/wp-json\/wp\/v2\/media?parent=105253"}],"wp:term":[{"taxonomy":"category","embeddable":true,"href":"https:\/\/www.freiburg-schwarzwald.de\/blog\/wp-json\/wp\/v2\/categories?post=105253"},{"taxonomy":"post_tag","embeddable":true,"href":"https:\/\/www.freiburg-schwarzwald.de\/blog\/wp-json\/wp\/v2\/tags?post=105253"}],"curies":[{"name":"wp","href":"https:\/\/api.w.org\/{rel}","templated":true}]}}