{"id":105227,"date":"2022-10-12T08:21:20","date_gmt":"2022-10-12T06:21:20","guid":{"rendered":"https:\/\/www.freiburg-schwarzwald.de\/blog\/?p=105227"},"modified":"2022-10-12T08:30:52","modified_gmt":"2022-10-12T06:30:52","slug":"keine-masken-in-altenheimen","status":"publish","type":"post","link":"https:\/\/www.freiburg-schwarzwald.de\/blog\/keine-masken-in-altenheimen\/","title":{"rendered":"Keine Masken in Altenheimen"},"content":{"rendered":"<p>Wer sein Zimmer verl\u00e4\u00dft, mu\u00df eine <a href=\"https:\/\/www.freiburg-schwarzwald.de\/blog\/business\/gesund\/corona-virus\/maske\/\">FFP2-Maske<\/a> tragen: Dies fordert das novellierte <a href=\"https:\/\/www.freiburg-schwarzwald.de\/blog\/business\/gesund\/corona-virus\/corona-regiment\/\">Infektionsschutzgesetz<\/a> ab 1.10.2022 f\u00fcr die <a href=\"https:\/\/www.freiburg-schwarzwald.de\/blog\/selbsthilfe\/senioren\/\">Bewohner<\/a> von <a href=\"https:\/\/www.freiburg-schwarzwald.de\/blog\/selbsthilfe\/senioren\/\">Altenheimen<\/a>. <a href=\"https:\/\/www.freiburg-schwarzwald.de\/blog\/masken-runter-kinder-befreien\/\">Maske<\/a> im Wohnzimmer alias Aufenthaltsraum, <a href=\"https:\/\/www.freiburg-schwarzwald.de\/blog\/ab-herbst-geimpft-oder-maske\/\">Maske<\/a> auf dem WC, Maske w\u00e4hrend der Therapie, Maske in der Werkstatt. Maske den ganzen Tag.\u00a0 <!--more-->Eine schlimme <a href=\"https:\/\/www.freiburg-schwarzwald.de\/blog\/kultur\/medien\/diskriminierung\/\">Diskriminierung<\/a> von alten Menschen gegen\u00fcber der nicht so alten Bev\u00f6lkerung.<\/p>\n<p>Man stelle sich vor, die <a href=\"https:\/\/www.freiburg-schwarzwald.de\/blog\/engagement\/zukunft\/demokratie\/ampel\/\">Regierung<\/a> erl\u00e4\u00dft folgende f\u00fcr <a href=\"https:\/\/www.freiburg-schwarzwald.de\/blog\/global\/deutschland\/gesellschaft\/zivilgesellschaft\/\">alle B\u00fcrger<\/a> geltende Verordnung: <em>&#8222;Nach Verlassen des Schlafzimmers mu\u00df innerhalb der Wohnung den ganzen Tag \u00fcber eine FFP2-Maske getragen werden.&#8220;<\/em> Gleiches Recht f\u00fcr alle. Was f\u00fcr ein Aufschrei w\u00fcrde da zu Recht durchs Land brausen. Einen solchen Aufschrei mu\u00df der Gesundheitsminister bei den Alten und Senioren nicht bef\u00fcrchten &#8211; sie sind zu schwach und haben nicht die Lobby.<\/p>\n<p>Alte Menschen haben das <a href=\"https:\/\/www.freiburg-schwarzwald.de\/blog\/engagement\/zukunft\/demokratie\/grundgesetz\/grundrechte\/\">Recht<\/a>, ihr <a href=\"https:\/\/www.freiburg-schwarzwald.de\/blog\/selbsthilfe\/senioren\/seniorengenossenschaft\/\">Altenheim<\/a> nicht als Krankenhaus (Alter ist keine Krankheit), sondern als ihre <a href=\"https:\/\/www.freiburg-schwarzwald.de\/blog\/business\/dienste\/immobilien\/wohnen\/\">Wohnung<\/a> zu betrachten, in dessen privaten R\u00e4umen sie ihren Lebensabend verbringen. Und die Privatwohnung ist gesch\u00fctzter Raum, in der man frei und unmaskiert leben kann. Die Privatsph\u00e4re ist f\u00fcr alle zu respektieren, f\u00fcr jung wie alt. In der <a href=\"https:\/\/www.freiburg-schwarzwald.de\/blog\/bildung\/schulen\/\">Schule<\/a> wie im Altenheim. Zudem l\u00e4\u00dft sich mit der modernen <a href=\"https:\/\/www.freiburg-schwarzwald.de\/blog\/business\/gesund\/corona-virus\/corona-wissenschaft\/\">Corona-Forschung<\/a> die Maskenpflicht f\u00fcr <a href=\"https:\/\/www.freiburg-schwarzwald.de\/blog\/business\/gesund\/corona-virus\/corona-kinder\/\">Kinder<\/a> wie Alte <em><strong>nicht<\/strong><\/em> mehr begr\u00fcnden.<br \/>\n12.10.2022<br \/>\n.<\/p>\n<p><strong>Maskenpflicht im Wohnzimmer &#8211; Altenheime kritisieren neue Corona-Regeln<\/strong><br \/>\nMit einer Maskenpflicht setze der Gesetzgeber den Alltag in der Alten- und Tagespflege mit einem Krankenhausaufenthalt gleich, moniert etwa Walter Berle, Sprecher des Parit\u00e4tischen Hessen. &#8222;Die Altenpflegeeinrichtungen sind das Zuhause der Menschen, die uns anvertraut worden sind&#8220;, sagte er dem hr.<br \/>\n.. Alles vom 16.9.2022 bitte lesen auf<br \/>\n<a href=\"https:\/\/www.hessenschau.de\/gesellschaft\/maskenpflicht-im-wohnzimmer---altenheime-kritisieren-neue-corona-regeln,infektionsschutzgesetz-maskenpflicht-pflege-100.html\">https:\/\/www.hessenschau.de\/gesellschaft\/maskenpflicht-im-wohnzimmer&#8212;altenheime-kritisieren-neue-corona-regeln,infektionsschutzgesetz-maskenpflicht-pflege-100.html<\/a><br \/>\n.<br \/>\n.<br \/>\n<strong>Diese Maskenpflicht verletzt die W\u00fcrde der Heimbewohner<\/strong><br \/>\nWir sind der Auffassung, dass die undifferenzierte Maskenpflicht in Akuteinrichtungen (wie Krankenh\u00e4usern) und Langzeitpflegeeinrichtungen (wie Pflegeheimen) zu schweren, ethisch und rechtlich inakzeptablen Grundrechtseinschr\u00e4nkungen f\u00fcr Bewohnerinnen und Bewohner von Langzeitpflegeeinrichtungen f\u00fchren wird, die so nicht Gesetz werden d\u00fcrfen.<br \/>\nGegen\u00fcber dieser Personengruppe ist die jetzige Gesetzesvorlage paternalistisch, unfair, unverh\u00e4ltnism\u00e4\u00dfig scharf und missachtet elementare menschliche Bed\u00fcrfnisse. Deren Situation ist eine ganz andere als die von Patientinnen und Patienten in Krankenh\u00e4usern, die in der Regel in einem geschw\u00e4chten Zustand f\u00fcr eine begrenzte Zeit dort verweilen, wo es zudem eine hohe Fluktuation von vielen Menschen gibt. Hier liegt ja der sehr effektive Schutz durch die Maske besonders nahe. Pflegeheime sind f\u00fcr ihre Bewohnerinnen und Bewohner dagegen ihr ganzer Lebensraum, den sie zudem nur mit M\u00fche \u2013 wenn \u00fcberhaupt \u2013 verlassen k\u00f6nnen.<br \/>\nHochbetagte Menschen werden zum Objekt paternalistischer, \u00fcbersorgender F\u00fcrsorge degradiert.<br \/>\n&#8230;.<br \/>\nAus der Perspektive von Ethik wie Alternswissenschaft gilt: Menschen darf nicht nahezu dauerhaft die M\u00f6glichkeit genommen werden, sich in der \u00bbEinzigartigkeit\u00ab (Hannah Arendt, \u00bbVita activa oder vom t\u00e4tigen Leben\u00ab) ihres Seins, also \u00bbvon Angesicht zu Angesicht\u00ab wechselseitig zeigen zu k\u00f6nnen. Im \u00bbAntlitz des Anderen\u00ab (Emmanuel Levinas) ber\u00fchrt mich die andere Person in der ganzen Tiefe menschlicher Begegnung. Ohne die M\u00f6glichkeit des \u00bbHier, sieh mich!\u00ab verlieren Menschen, gerade mit kognitiven Einschr\u00e4nkungen, einen wichtigen Anker f\u00fcr Begegnung und somit ihre eigene Existenz. Das mag bei blinden Menschen anders sein.<br \/>\nDieser Verlust wirkt in der Heimwelt, in der oft die sozialen Beziehungen quantitativ erheblich geschrumpft sind und die emotionale Bedeutung der wenigen Beziehungen au\u00dferordentlich hoch ist, besonders verletzend. Hier darf sich nicht durch dauerhafte Maskenpflicht eine Situation der st\u00e4ndigen Anonymit\u00e4t ausbilden. Die Erschwernis, andere Menschen zu erkennen (was vor allem vom Gesichtsprofil und der Mimik seinen Ausgang nimmt), trifft vor allem Menschen mit einer Demenzerkrankung. Diese machen unter der Bewohnerschaft station\u00e4rer Einrichtungen einen hohen Anteil aus, in vielen Einrichtungen deutlich \u00fcber 60 oder 70 Prozent, in einzelnen Einrichtungen sogar \u00fcber 80 Prozent.<br \/>\n&#8230; Alles vom 5.9.2022 bitte lesen auf<br \/>\n<a href=\"https:\/\/www.spiegel.de\/politik\/deutschland\/infektionsschutz-diese-maskenpflicht-verletzt-die-wuerde-der-heimbewohner-gastbeitrag-a-8b63220d-1580-47b0-8276-19954017084c\">https:\/\/www.spiegel.de\/politik\/deutschland\/infektionsschutz-diese-maskenpflicht-verletzt-die-wuerde-der-heimbewohner-gastbeitrag-a-8b63220d-1580-47b0-8276-19954017084c<\/a><br \/>\n.<\/p>\n<p><strong>Ulmer Pflegeheim wehrt sich gegen Maskenpflicht<\/strong><br \/>\n&#8222;Viele Bewohner haben Angst, wenn wir Maske tragen, weil sie uns nicht erkennen, sie sehen unsere Mimik nicht. Ein dementer Mensch hat Angst, weil er nicht deuten kann, was wir jetzt wollen&#8220;. (&#8230;)krank<br \/>\n&#8222;\u00dcberall laufen die Menschen ohne Maske rum und nur hier, wo es eigentlich wichtig ist, dass man Kontakt hat, da m\u00fcssen wir die Maske tragen.&#8220;<br \/>\nSimone Malz, Pflegerin St. Anna Pflegeheim Ulm<br \/>\n&#8222;Weil ich H\u00f6rger\u00e4t hab, versteh ich Vieles nicht, unter der Maske.&#8220;<br \/>\nHelene Krem, Heimbewohnerin<br \/>\n&#8230; Alles vom 6.10.2022 bitte lesen auf<br \/>\n<a href=\"https:\/\/www.swr.de\/swraktuell\/baden-wuerttemberg\/ulm\/st-anna-pflegeheim-ulm-leidet-unter-maskenpflicht-100.html\">https:\/\/www.swr.de\/swraktuell\/baden-wuerttemberg\/ulm\/st-anna-pflegeheim-ulm-leidet-unter-maskenpflicht-100.html<\/a><br \/>\n.<br \/>\n<a href=\"https:\/\/www.saarbruecker-zeitung.de\/saarland\/corona-maskenpflicht-im-altersheim-lauterbach-beschuetzt-alte-zu-tode_aid-77511363\">https:\/\/www.saarbruecker-zeitung.de\/saarland\/corona-maskenpflicht-im-altersheim-lauterbach-beschuetzt-alte-zu-tode_aid-77511363<\/a><\/p>\n","protected":false},"excerpt":{"rendered":"<p>Wer sein Zimmer verl\u00e4\u00dft, mu\u00df eine FFP2-Maske tragen: Dies fordert das novellierte Infektionsschutzgesetz ab 1.10.2022 f\u00fcr die Bewohner von Altenheimen. Maske im Wohnzimmer alias Aufenthaltsraum, Maske auf dem WC, Maske w\u00e4hrend der Therapie, Maske in der Werkstatt. Maske den ganzen &hellip; <a href=\"https:\/\/www.freiburg-schwarzwald.de\/blog\/keine-masken-in-altenheimen\/\">Weiterlesen <span class=\"meta-nav\">&rarr;<\/span><\/a><\/p>\n","protected":false},"author":2,"featured_media":0,"comment_status":"open","ping_status":"closed","sticky":false,"template":"","format":"standard","meta":{"footnotes":""},"categories":[181,183,400,158,39,102,9],"tags":[190,766,700,644],"class_list":["post-105227","post","type-post","status-publish","format-standard","hentry","category-buergerbeteiligung","category-demenz","category-freiwillig","category-gesund","category-pflege","category-senioren","category-soziales","tag-alter","tag-buerger","tag-corona","tag-krankheit"],"_links":{"self":[{"href":"https:\/\/www.freiburg-schwarzwald.de\/blog\/wp-json\/wp\/v2\/posts\/105227","targetHints":{"allow":["GET"]}}],"collection":[{"href":"https:\/\/www.freiburg-schwarzwald.de\/blog\/wp-json\/wp\/v2\/posts"}],"about":[{"href":"https:\/\/www.freiburg-schwarzwald.de\/blog\/wp-json\/wp\/v2\/types\/post"}],"author":[{"embeddable":true,"href":"https:\/\/www.freiburg-schwarzwald.de\/blog\/wp-json\/wp\/v2\/users\/2"}],"replies":[{"embeddable":true,"href":"https:\/\/www.freiburg-schwarzwald.de\/blog\/wp-json\/wp\/v2\/comments?post=105227"}],"version-history":[{"count":3,"href":"https:\/\/www.freiburg-schwarzwald.de\/blog\/wp-json\/wp\/v2\/posts\/105227\/revisions"}],"predecessor-version":[{"id":105230,"href":"https:\/\/www.freiburg-schwarzwald.de\/blog\/wp-json\/wp\/v2\/posts\/105227\/revisions\/105230"}],"wp:attachment":[{"href":"https:\/\/www.freiburg-schwarzwald.de\/blog\/wp-json\/wp\/v2\/media?parent=105227"}],"wp:term":[{"taxonomy":"category","embeddable":true,"href":"https:\/\/www.freiburg-schwarzwald.de\/blog\/wp-json\/wp\/v2\/categories?post=105227"},{"taxonomy":"post_tag","embeddable":true,"href":"https:\/\/www.freiburg-schwarzwald.de\/blog\/wp-json\/wp\/v2\/tags?post=105227"}],"curies":[{"name":"wp","href":"https:\/\/api.w.org\/{rel}","templated":true}]}}